
{"id":10337,"date":"2018-07-28T07:00:00","date_gmt":"2018-07-28T10:00:00","guid":{"rendered":"http:\/\/www.oarcanjo.net\/site\/?p=10337"},"modified":"2018-06-20T18:16:41","modified_gmt":"2018-06-20T21:16:41","slug":"sao-nazario-e-sao-celso","status":"publish","type":"post","link":"https:\/\/www.oarcanjo.net\/site\/sao-nazario-e-sao-celso\/","title":{"rendered":"S\u00e3o Naz\u00e1rio e s\u00e3o Celso"},"content":{"rendered":"<p><img decoding=\"async\" src=\"http:\/\/www.derradeirasgracas.com\/images\/1.%20O%20Santo%20do%20Dia%20-%20Fotos\/Santos%20de%20Julho%20-%20Fotos\/S%C3%A3o%20Naz%C3%A1rio%20e%20s%C3%A3o%20Celso%20.gif\" alt=\"\" \/><\/p>\n<p>28 de Julho<\/p>\n<p>Naz\u00e1rio nasceu em Roma, ainda no primeiro s\u00e9culo da era crist\u00e3. O pai era um pag\u00e3o e chamava-se Africano. A m\u00e3e, de nome Perp\u00e9tua, era uma cat\u00f3lica fervorosa. Enquanto ele desejava tornar o filho um sacerdote a servi\u00e7o de um dos muitos deuses pag\u00e3os, ela o queria temente a Deus, no seguimento de Cristo, por isso o educou dentro da religi\u00e3o cat\u00f3lica. Assim, com apenas nove anos de idade, o menino pediu para ser batizado, definindo a quest\u00e3o e sendo atendido pelo pai, que algum tempo depois tamb\u00e9m se converteu.<\/p>\n<p>Naz\u00e1rio foi batizado pelas m\u00e3os do pr\u00f3prio papa s\u00e3o Lino, o primeiro sucessor de s\u00e3o Pedro, que fez dele um dos seus auxiliares diretos. Ingressou no ex\u00e9rcito romano e com ele percorreu toda a It\u00e1lia, onde tamb\u00e9m pregava o Evangelho. Mas, ao ser descoberto, foi levado \u00e0 presen\u00e7a do imperador, que o mandou prender. Conseguindo fugir, abandonou Roma e tornou-se um pregador itinerante, at\u00e9 que, durante um sonho, Deus lhe disse para sair da It\u00e1lia.<\/p>\n<p>Assim, foi para a G\u00e1lia, hoje Fran\u00e7a, sempre pregando a palavra de Cristo. Em Cimiez, pr\u00f3ximo de Nice, depois de converter uma nobre e rica senhora e seu filho, um adolescente de nome Celso, ela confiou o jovem a Naz\u00e1rio, que o fez seu disc\u00edpulo insepar\u00e1vel. Juntos, percorreram os caminhos da G\u00e1lia, deixando para tr\u00e1s cidades inteiras convertidas, pois, durante as suas prega\u00e7\u00f5es, aconteciam muitos milagres na frente de todos os presentes.<\/p>\n<p>Depois, foram para Treves, atualmente Trier, na Alemanha, onde fundaram uma comunidade crist\u00e3 que se tornou t\u00e3o famosa que os dois acabaram sendo denunciados e presos. Condenados \u00e0 morte, foram jogados na conflu\u00eancia dos rios Sarre e Mosel. E novo milagre ocorreu: em vez de afundar, os dois flutuaram e andaram sobre as \u00e1guas. Assustados, os pag\u00e3os n\u00e3o tentaram mais mat\u00e1-los, apenas os expulsaram do pa\u00eds.<\/p>\n<p>Naz\u00e1rio e Celso foram, ent\u00e3o, para Mil\u00e3o, onde mais uma vez viram-se v\u00edtimas da persegui\u00e7\u00e3o pag\u00e3, imposta pelo imperador Nero. Presos e condenados, desta vez foram decapitados em pra\u00e7a p\u00fablica.<\/p>\n<p>Passados mais de dois s\u00e9culos, em 396, os corpos dos dois m\u00e1rtires foram encontrados pelo pr\u00f3prio bispo de Mil\u00e3o, Ambr\u00f3sio, tamb\u00e9m venerado pela Igreja. Durante suas ora\u00e7\u00f5es, teve uma vis\u00e3o, que lhe indicou o local da sepultura de Naz\u00e1rio. Mas, para surpresa geral, a cabe\u00e7a do m\u00e1rtir estava intacta, com os cabelos e a barba preservados, e ainda dela escorria sangue, como se fora decapitado naquele instante. A revela\u00e7\u00e3o foi mais impressionante porque, durante as escava\u00e7\u00f5es, tamb\u00e9m encontraram o t\u00famulo do jovem disc\u00edpulo Celso, martirizado junto com ele.<\/p>\n<p>Tamb\u00e9m foi por inspira\u00e7\u00e3o de santo Ambr\u00f3sio que esta tradi\u00e7\u00e3o chegou at\u00e9 n\u00f3s, pois ele a contou a s\u00e3o Paolino de Nola, seu disc\u00edpulo e bi\u00f3grafo. As rel\u00edquias de s\u00e3o Naz\u00e1rio e s\u00e3o Celso foram distribu\u00eddas \u00e0s igrejas de v\u00e1rias cidades da It\u00e1lia, Fran\u00e7a, Espanha, Alemanha, \u00c1frica e Constantinopla. Dessa maneira, a festa dos dois santos difundiu-se por todo o mundo cat\u00f3lico, sendo celebrados no dia em que santo Ambr\u00f3sio teve a revela\u00e7\u00e3o: 28 de julho.<\/p>\n<div id=\"themify_builder_content-10337\" data-postid=\"10337\" class=\"themify_builder_content themify_builder_content-10337 themify_builder themify_builder_front\">\n\t<\/div>\n<!-- \/themify_builder_content -->","protected":false},"excerpt":{"rendered":"<p>28 de Julho Naz\u00e1rio nasceu em Roma, ainda no primeiro s\u00e9culo da era crist\u00e3. O pai era um pag\u00e3o e chamava-se Africano. A m\u00e3e, de nome Perp\u00e9tua, era uma cat\u00f3lica fervorosa. Enquanto ele desejava tornar o filho um sacerdote a servi\u00e7o de um dos muitos deuses pag\u00e3os, ela o queria temente a Deus, no seguimento [&hellip;]<\/p>\n","protected":false},"author":14,"featured_media":0,"comment_status":"open","ping_status":"open","sticky":false,"template":"","format":"standard","meta":{"ngg_post_thumbnail":0,"footnotes":""},"categories":[186],"tags":[],"yoast_head":"<!-- This site is optimized with the Yoast SEO plugin v23.5 - https:\/\/yoast.com\/wordpress\/plugins\/seo\/ -->\n<title>S\u00e3o Naz\u00e1rio e s\u00e3o Celso - O Arcanjo no ar<\/title>\n<meta name=\"robots\" content=\"index, follow, max-snippet:-1, max-image-preview:large, max-video-preview:-1\" \/>\n<link rel=\"canonical\" href=\"https:\/\/www.oarcanjo.net\/site\/sao-nazario-e-sao-celso\/\" \/>\n<meta property=\"og:locale\" content=\"pt_BR\" \/>\n<meta property=\"og:type\" content=\"article\" \/>\n<meta property=\"og:title\" content=\"S\u00e3o Naz\u00e1rio e s\u00e3o Celso - O Arcanjo no ar\" \/>\n<meta property=\"og:description\" content=\"28 de Julho Naz\u00e1rio nasceu em Roma, ainda no primeiro s\u00e9culo da era crist\u00e3. O pai era um pag\u00e3o e chamava-se Africano. A m\u00e3e, de nome Perp\u00e9tua, era uma cat\u00f3lica fervorosa. Enquanto ele desejava tornar o filho um sacerdote a servi\u00e7o de um dos muitos deuses pag\u00e3os, ela o queria temente a Deus, no seguimento [&hellip;]\" \/>\n<meta property=\"og:url\" content=\"https:\/\/www.oarcanjo.net\/site\/sao-nazario-e-sao-celso\/\" \/>\n<meta property=\"og:site_name\" content=\"O Arcanjo no ar\" \/>\n<meta property=\"article:publisher\" content=\"https:\/\/www.facebook.com\/OArcanjoNoAr\/\" \/>\n<meta property=\"article:published_time\" content=\"2018-07-28T10:00:00+00:00\" \/>\n<meta property=\"article:modified_time\" content=\"2018-06-20T21:16:41+00:00\" \/>\n<meta property=\"og:image\" content=\"http:\/\/www.derradeirasgracas.com\/images\/1.%20O%20Santo%20do%20Dia%20-%20Fotos\/Santos%20de%20Julho%20-%20Fotos\/S%C3%A3o%20Naz%C3%A1rio%20e%20s%C3%A3o%20Celso%20.gif\" \/>\n<meta name=\"author\" content=\"danilo\" \/>\n<meta name=\"twitter:card\" content=\"summary_large_image\" \/>\n<meta name=\"twitter:label1\" content=\"Escrito por\" \/>\n\t<meta name=\"twitter:data1\" content=\"danilo\" \/>\n\t<meta name=\"twitter:label2\" content=\"Est. tempo de leitura\" \/>\n\t<meta name=\"twitter:data2\" content=\"3 minutos\" \/>\n<script type=\"application\/ld+json\" class=\"yoast-schema-graph\">{\"@context\":\"https:\/\/schema.org\",\"@graph\":[{\"@type\":\"Article\",\"@id\":\"https:\/\/www.oarcanjo.net\/site\/sao-nazario-e-sao-celso\/#article\",\"isPartOf\":{\"@id\":\"https:\/\/www.oarcanjo.net\/site\/sao-nazario-e-sao-celso\/\"},\"author\":{\"name\":\"danilo\",\"@id\":\"https:\/\/www.oarcanjo.net\/site\/#\/schema\/person\/5eb9480bedd2f3c97e430ce128c29c6c\"},\"headline\":\"S\u00e3o Naz\u00e1rio e s\u00e3o Celso\",\"datePublished\":\"2018-07-28T10:00:00+00:00\",\"dateModified\":\"2018-06-20T21:16:41+00:00\",\"mainEntityOfPage\":{\"@id\":\"https:\/\/www.oarcanjo.net\/site\/sao-nazario-e-sao-celso\/\"},\"wordCount\":582,\"commentCount\":0,\"publisher\":{\"@id\":\"https:\/\/www.oarcanjo.net\/site\/#organization\"},\"image\":{\"@id\":\"https:\/\/www.oarcanjo.net\/site\/sao-nazario-e-sao-celso\/#primaryimage\"},\"thumbnailUrl\":\"http:\/\/www.derradeirasgracas.com\/images\/1.%20O%20Santo%20do%20Dia%20-%20Fotos\/Santos%20de%20Julho%20-%20Fotos\/S%C3%A3o%20Naz%C3%A1rio%20e%20s%C3%A3o%20Celso%20.gif\",\"articleSection\":[\"Testemunhos\"],\"inLanguage\":\"pt-BR\",\"potentialAction\":[{\"@type\":\"CommentAction\",\"name\":\"Comment\",\"target\":[\"https:\/\/www.oarcanjo.net\/site\/sao-nazario-e-sao-celso\/#respond\"]}]},{\"@type\":\"WebPage\",\"@id\":\"https:\/\/www.oarcanjo.net\/site\/sao-nazario-e-sao-celso\/\",\"url\":\"https:\/\/www.oarcanjo.net\/site\/sao-nazario-e-sao-celso\/\",\"name\":\"S\u00e3o Naz\u00e1rio e s\u00e3o Celso - O Arcanjo no ar\",\"isPartOf\":{\"@id\":\"https:\/\/www.oarcanjo.net\/site\/#website\"},\"primaryImageOfPage\":{\"@id\":\"https:\/\/www.oarcanjo.net\/site\/sao-nazario-e-sao-celso\/#primaryimage\"},\"image\":{\"@id\":\"https:\/\/www.oarcanjo.net\/site\/sao-nazario-e-sao-celso\/#primaryimage\"},\"thumbnailUrl\":\"http:\/\/www.derradeirasgracas.com\/images\/1.%20O%20Santo%20do%20Dia%20-%20Fotos\/Santos%20de%20Julho%20-%20Fotos\/S%C3%A3o%20Naz%C3%A1rio%20e%20s%C3%A3o%20Celso%20.gif\",\"datePublished\":\"2018-07-28T10:00:00+00:00\",\"dateModified\":\"2018-06-20T21:16:41+00:00\",\"breadcrumb\":{\"@id\":\"https:\/\/www.oarcanjo.net\/site\/sao-nazario-e-sao-celso\/#breadcrumb\"},\"inLanguage\":\"pt-BR\",\"potentialAction\":[{\"@type\":\"ReadAction\",\"target\":[\"https:\/\/www.oarcanjo.net\/site\/sao-nazario-e-sao-celso\/\"]}]},{\"@type\":\"ImageObject\",\"inLanguage\":\"pt-BR\",\"@id\":\"https:\/\/www.oarcanjo.net\/site\/sao-nazario-e-sao-celso\/#primaryimage\",\"url\":\"http:\/\/www.derradeirasgracas.com\/images\/1.%20O%20Santo%20do%20Dia%20-%20Fotos\/Santos%20de%20Julho%20-%20Fotos\/S%C3%A3o%20Naz%C3%A1rio%20e%20s%C3%A3o%20Celso%20.gif\",\"contentUrl\":\"http:\/\/www.derradeirasgracas.com\/images\/1.%20O%20Santo%20do%20Dia%20-%20Fotos\/Santos%20de%20Julho%20-%20Fotos\/S%C3%A3o%20Naz%C3%A1rio%20e%20s%C3%A3o%20Celso%20.gif\"},{\"@type\":\"BreadcrumbList\",\"@id\":\"https:\/\/www.oarcanjo.net\/site\/sao-nazario-e-sao-celso\/#breadcrumb\",\"itemListElement\":[{\"@type\":\"ListItem\",\"position\":1,\"name\":\"In\u00edcio\",\"item\":\"https:\/\/www.oarcanjo.net\/site\/\"},{\"@type\":\"ListItem\",\"position\":2,\"name\":\"S\u00e3o Naz\u00e1rio e s\u00e3o Celso\"}]},{\"@type\":\"WebSite\",\"@id\":\"https:\/\/www.oarcanjo.net\/site\/#website\",\"url\":\"https:\/\/www.oarcanjo.net\/site\/\",\"name\":\"O Arcanjo no ar\",\"description\":\"Site da Par\u00f3quia S\u00e3o Miguel Arcanjo (Arquidiocese de SP)\",\"publisher\":{\"@id\":\"https:\/\/www.oarcanjo.net\/site\/#organization\"},\"potentialAction\":[{\"@type\":\"SearchAction\",\"target\":{\"@type\":\"EntryPoint\",\"urlTemplate\":\"https:\/\/www.oarcanjo.net\/site\/?s={search_term_string}\"},\"query-input\":{\"@type\":\"PropertyValueSpecification\",\"valueRequired\":true,\"valueName\":\"search_term_string\"}}],\"inLanguage\":\"pt-BR\"},{\"@type\":\"Organization\",\"@id\":\"https:\/\/www.oarcanjo.net\/site\/#organization\",\"name\":\"Par\u00f3quia S\u00e3o Miguel Arcanjo\",\"url\":\"https:\/\/www.oarcanjo.net\/site\/\",\"logo\":{\"@type\":\"ImageObject\",\"inLanguage\":\"pt-BR\",\"@id\":\"https:\/\/www.oarcanjo.net\/site\/#\/schema\/logo\/image\/\",\"url\":\"https:\/\/www.oarcanjo.net\/site\/wp-content\/uploads\/LogoOArcanjo.png\",\"contentUrl\":\"https:\/\/www.oarcanjo.net\/site\/wp-content\/uploads\/LogoOArcanjo.png\",\"width\":319,\"height\":99,\"caption\":\"Par\u00f3quia S\u00e3o Miguel Arcanjo\"},\"image\":{\"@id\":\"https:\/\/www.oarcanjo.net\/site\/#\/schema\/logo\/image\/\"},\"sameAs\":[\"https:\/\/www.facebook.com\/OArcanjoNoAr\/\"]},{\"@type\":\"Person\",\"@id\":\"https:\/\/www.oarcanjo.net\/site\/#\/schema\/person\/5eb9480bedd2f3c97e430ce128c29c6c\",\"name\":\"danilo\"}]}<\/script>\n<!-- \/ Yoast SEO plugin. -->","yoast_head_json":{"title":"S\u00e3o Naz\u00e1rio e s\u00e3o Celso - O Arcanjo no ar","robots":{"index":"index","follow":"follow","max-snippet":"max-snippet:-1","max-image-preview":"max-image-preview:large","max-video-preview":"max-video-preview:-1"},"canonical":"https:\/\/www.oarcanjo.net\/site\/sao-nazario-e-sao-celso\/","og_locale":"pt_BR","og_type":"article","og_title":"S\u00e3o Naz\u00e1rio e s\u00e3o Celso - O Arcanjo no ar","og_description":"28 de Julho Naz\u00e1rio nasceu em Roma, ainda no primeiro s\u00e9culo da era crist\u00e3. O pai era um pag\u00e3o e chamava-se Africano. A m\u00e3e, de nome Perp\u00e9tua, era uma cat\u00f3lica fervorosa. Enquanto ele desejava tornar o filho um sacerdote a servi\u00e7o de um dos muitos deuses pag\u00e3os, ela o queria temente a Deus, no seguimento [&hellip;]","og_url":"https:\/\/www.oarcanjo.net\/site\/sao-nazario-e-sao-celso\/","og_site_name":"O Arcanjo no ar","article_publisher":"https:\/\/www.facebook.com\/OArcanjoNoAr\/","article_published_time":"2018-07-28T10:00:00+00:00","article_modified_time":"2018-06-20T21:16:41+00:00","og_image":[{"url":"http:\/\/www.derradeirasgracas.com\/images\/1.%20O%20Santo%20do%20Dia%20-%20Fotos\/Santos%20de%20Julho%20-%20Fotos\/S%C3%A3o%20Naz%C3%A1rio%20e%20s%C3%A3o%20Celso%20.gif"}],"author":"danilo","twitter_card":"summary_large_image","twitter_misc":{"Escrito por":"danilo","Est. tempo de leitura":"3 minutos"},"schema":{"@context":"https:\/\/schema.org","@graph":[{"@type":"Article","@id":"https:\/\/www.oarcanjo.net\/site\/sao-nazario-e-sao-celso\/#article","isPartOf":{"@id":"https:\/\/www.oarcanjo.net\/site\/sao-nazario-e-sao-celso\/"},"author":{"name":"danilo","@id":"https:\/\/www.oarcanjo.net\/site\/#\/schema\/person\/5eb9480bedd2f3c97e430ce128c29c6c"},"headline":"S\u00e3o Naz\u00e1rio e s\u00e3o Celso","datePublished":"2018-07-28T10:00:00+00:00","dateModified":"2018-06-20T21:16:41+00:00","mainEntityOfPage":{"@id":"https:\/\/www.oarcanjo.net\/site\/sao-nazario-e-sao-celso\/"},"wordCount":582,"commentCount":0,"publisher":{"@id":"https:\/\/www.oarcanjo.net\/site\/#organization"},"image":{"@id":"https:\/\/www.oarcanjo.net\/site\/sao-nazario-e-sao-celso\/#primaryimage"},"thumbnailUrl":"http:\/\/www.derradeirasgracas.com\/images\/1.%20O%20Santo%20do%20Dia%20-%20Fotos\/Santos%20de%20Julho%20-%20Fotos\/S%C3%A3o%20Naz%C3%A1rio%20e%20s%C3%A3o%20Celso%20.gif","articleSection":["Testemunhos"],"inLanguage":"pt-BR","potentialAction":[{"@type":"CommentAction","name":"Comment","target":["https:\/\/www.oarcanjo.net\/site\/sao-nazario-e-sao-celso\/#respond"]}]},{"@type":"WebPage","@id":"https:\/\/www.oarcanjo.net\/site\/sao-nazario-e-sao-celso\/","url":"https:\/\/www.oarcanjo.net\/site\/sao-nazario-e-sao-celso\/","name":"S\u00e3o Naz\u00e1rio e s\u00e3o Celso - O Arcanjo no ar","isPartOf":{"@id":"https:\/\/www.oarcanjo.net\/site\/#website"},"primaryImageOfPage":{"@id":"https:\/\/www.oarcanjo.net\/site\/sao-nazario-e-sao-celso\/#primaryimage"},"image":{"@id":"https:\/\/www.oarcanjo.net\/site\/sao-nazario-e-sao-celso\/#primaryimage"},"thumbnailUrl":"http:\/\/www.derradeirasgracas.com\/images\/1.%20O%20Santo%20do%20Dia%20-%20Fotos\/Santos%20de%20Julho%20-%20Fotos\/S%C3%A3o%20Naz%C3%A1rio%20e%20s%C3%A3o%20Celso%20.gif","datePublished":"2018-07-28T10:00:00+00:00","dateModified":"2018-06-20T21:16:41+00:00","breadcrumb":{"@id":"https:\/\/www.oarcanjo.net\/site\/sao-nazario-e-sao-celso\/#breadcrumb"},"inLanguage":"pt-BR","potentialAction":[{"@type":"ReadAction","target":["https:\/\/www.oarcanjo.net\/site\/sao-nazario-e-sao-celso\/"]}]},{"@type":"ImageObject","inLanguage":"pt-BR","@id":"https:\/\/www.oarcanjo.net\/site\/sao-nazario-e-sao-celso\/#primaryimage","url":"http:\/\/www.derradeirasgracas.com\/images\/1.%20O%20Santo%20do%20Dia%20-%20Fotos\/Santos%20de%20Julho%20-%20Fotos\/S%C3%A3o%20Naz%C3%A1rio%20e%20s%C3%A3o%20Celso%20.gif","contentUrl":"http:\/\/www.derradeirasgracas.com\/images\/1.%20O%20Santo%20do%20Dia%20-%20Fotos\/Santos%20de%20Julho%20-%20Fotos\/S%C3%A3o%20Naz%C3%A1rio%20e%20s%C3%A3o%20Celso%20.gif"},{"@type":"BreadcrumbList","@id":"https:\/\/www.oarcanjo.net\/site\/sao-nazario-e-sao-celso\/#breadcrumb","itemListElement":[{"@type":"ListItem","position":1,"name":"In\u00edcio","item":"https:\/\/www.oarcanjo.net\/site\/"},{"@type":"ListItem","position":2,"name":"S\u00e3o Naz\u00e1rio e s\u00e3o Celso"}]},{"@type":"WebSite","@id":"https:\/\/www.oarcanjo.net\/site\/#website","url":"https:\/\/www.oarcanjo.net\/site\/","name":"O Arcanjo no ar","description":"Site da Par\u00f3quia S\u00e3o Miguel Arcanjo (Arquidiocese de SP)","publisher":{"@id":"https:\/\/www.oarcanjo.net\/site\/#organization"},"potentialAction":[{"@type":"SearchAction","target":{"@type":"EntryPoint","urlTemplate":"https:\/\/www.oarcanjo.net\/site\/?s={search_term_string}"},"query-input":{"@type":"PropertyValueSpecification","valueRequired":true,"valueName":"search_term_string"}}],"inLanguage":"pt-BR"},{"@type":"Organization","@id":"https:\/\/www.oarcanjo.net\/site\/#organization","name":"Par\u00f3quia S\u00e3o Miguel Arcanjo","url":"https:\/\/www.oarcanjo.net\/site\/","logo":{"@type":"ImageObject","inLanguage":"pt-BR","@id":"https:\/\/www.oarcanjo.net\/site\/#\/schema\/logo\/image\/","url":"https:\/\/www.oarcanjo.net\/site\/wp-content\/uploads\/LogoOArcanjo.png","contentUrl":"https:\/\/www.oarcanjo.net\/site\/wp-content\/uploads\/LogoOArcanjo.png","width":319,"height":99,"caption":"Par\u00f3quia S\u00e3o Miguel Arcanjo"},"image":{"@id":"https:\/\/www.oarcanjo.net\/site\/#\/schema\/logo\/image\/"},"sameAs":["https:\/\/www.facebook.com\/OArcanjoNoAr\/"]},{"@type":"Person","@id":"https:\/\/www.oarcanjo.net\/site\/#\/schema\/person\/5eb9480bedd2f3c97e430ce128c29c6c","name":"danilo"}]}},"publishpress_future_action":{"enabled":false,"date":"2026-05-08 08:50:38","action":"category","newStatus":"draft","terms":[],"taxonomy":"category"},"publishpress_future_workflow_manual_trigger":{"enabledWorkflows":[]},"_links":{"self":[{"href":"https:\/\/www.oarcanjo.net\/site\/wp-json\/wp\/v2\/posts\/10337"}],"collection":[{"href":"https:\/\/www.oarcanjo.net\/site\/wp-json\/wp\/v2\/posts"}],"about":[{"href":"https:\/\/www.oarcanjo.net\/site\/wp-json\/wp\/v2\/types\/post"}],"author":[{"embeddable":true,"href":"https:\/\/www.oarcanjo.net\/site\/wp-json\/wp\/v2\/users\/14"}],"replies":[{"embeddable":true,"href":"https:\/\/www.oarcanjo.net\/site\/wp-json\/wp\/v2\/comments?post=10337"}],"version-history":[{"count":1,"href":"https:\/\/www.oarcanjo.net\/site\/wp-json\/wp\/v2\/posts\/10337\/revisions"}],"predecessor-version":[{"id":88580,"href":"https:\/\/www.oarcanjo.net\/site\/wp-json\/wp\/v2\/posts\/10337\/revisions\/88580"}],"wp:attachment":[{"href":"https:\/\/www.oarcanjo.net\/site\/wp-json\/wp\/v2\/media?parent=10337"}],"wp:term":[{"taxonomy":"category","embeddable":true,"href":"https:\/\/www.oarcanjo.net\/site\/wp-json\/wp\/v2\/categories?post=10337"},{"taxonomy":"post_tag","embeddable":true,"href":"https:\/\/www.oarcanjo.net\/site\/wp-json\/wp\/v2\/tags?post=10337"}],"curies":[{"name":"wp","href":"https:\/\/api.w.org\/{rel}","templated":true}]}}