
{"id":10339,"date":"2018-07-28T00:16:26","date_gmt":"2018-07-28T03:16:26","guid":{"rendered":"http:\/\/www.oarcanjo.net\/site\/?p=10339"},"modified":"2018-06-20T18:16:49","modified_gmt":"2018-06-20T21:16:49","slug":"santo-inocencio-i","status":"publish","type":"post","link":"https:\/\/www.oarcanjo.net\/site\/santo-inocencio-i\/","title":{"rendered":"Santo Inoc\u00eancio I"},"content":{"rendered":"<p><img decoding=\"async\" src=\"http:\/\/www.cleofas.com.br\/virtual\/santodia\/scd0209_inocencio.jpg\" alt=\"\" \/><\/p>\n<p>28 de Julho<\/p>\n<p>Inoc\u00eancio I era italiano, nasceu em Albano, uma prov\u00edncia romana do Lazio. Ele foi eleito no ano 401 e governou a Igreja por dezesseis anos, num per\u00edodo dos mais dif\u00edceis para o cristianismo.<\/p>\n<p>A sua primeira atividade pastoral foi uma interven\u00e7\u00e3o direta no Oriente, exortando a popula\u00e7\u00e3o de Constantinopla a seguir as orienta\u00e7\u00f5es do seu bispo, s\u00e3o Jo\u00e3o Cris\u00f3stomo, e assim viver em paz.<\/p>\n<p>Mas um dos maiores traumas de seu pontificado foi a invas\u00e3o e o saque de Roma, cometidos pelos b\u00e1rbaros godos, liderados por Alarico. Roma estava cercada por eles desde o ano 408 e s\u00f3 n\u00e3o tinha sido invadida gra\u00e7as \u00e0s interven\u00e7\u00f5es do papa junto a Alarico. Pressionado pelo invasor, e tentando salvar a vida dos cidad\u00e3os romanos, Inoc\u00eancio viajou at\u00e9 a diocese de Ravena, onde se escondia o medroso imperador Hon\u00f3rio.<\/p>\n<p>O papa tentava, h\u00e1 muito tempo, convenc\u00ea-lo a negociar e conceder alguns poderes especiais a Alarico, para evitar o pior, que ele saqueasse a cidade e matasse a popula\u00e7\u00e3o. N\u00e3o conseguiu e o saque teve in\u00edcio.<\/p>\n<p>Foram tr\u00eas dias de roubo, devasta\u00e7\u00e3o e destrui\u00e7\u00e3o. Os b\u00e1rbaros respeitaram apenas as igrejas, por causa dos anos de contato e media\u00e7\u00e3o com o papa Inoc\u00eancio I. Mesmo assim, a invas\u00e3o foi t\u00e3o terr\u00edvel que seria comentada e lamentada depois, por santo Agostinho e s\u00e3o Jer\u00f4nimo.<\/p>\n<p>Apesar de enfrentar in\u00fameras dificuldades, conseguiu manter a disciplina e tomou decis\u00f5es lit\u00fargicas que perduram at\u00e9 hoje. Elas se encontram na in\u00famera correspond\u00eancia deixada pelo papa Inoc\u00eancio I. Ali\u00e1s, com essas cartas se formou o primeiro n\u00facleo das cole\u00e7\u00f5es can\u00f4nicas, que faz parte do magist\u00e9rio ordin\u00e1rio dos pont\u00edfices, alvo de estudos ainda nos nossos dias.<\/p>\n<p>Tamb\u00e9m foi ele que estabeleceu a uniformidade que as v\u00e1rias Igrejas devem ter com a doutrina apost\u00f3lica romana. Al\u00e9m disso, estratificou em forma e conte\u00fado a doutrina dos sacramentos da penit\u00eancia, da un\u00e7\u00e3o dos enfermos, do batismo e do casamento.<\/p>\n<p>Durante o seu pontificado difundia-se a heresia pelagiana, condenada no ano 416 pelos conc\u00edlios regionais de Melevi e de Cartago, convocados por iniciativa de santo Agostinho e com aprova\u00e7\u00e3o do papa Inoc\u00eancio I, que formalmente sentenciou Pel\u00e1gio e seu disc\u00edpulo Celestio.<\/p>\n<p>O papa Inoc\u00eancio I morreu no dia 28 de julho de 417, sendo sepultado no cemit\u00e9rio de Ponciano, na Via Portuense, em Roma.<\/p>\n<div id=\"themify_builder_content-10339\" data-postid=\"10339\" class=\"themify_builder_content themify_builder_content-10339 themify_builder themify_builder_front\">\n\t<\/div>\n<!-- \/themify_builder_content -->","protected":false},"excerpt":{"rendered":"<p>28 de Julho Inoc\u00eancio I era italiano, nasceu em Albano, uma prov\u00edncia romana do Lazio. Ele foi eleito no ano 401 e governou a Igreja por dezesseis anos, num per\u00edodo dos mais dif\u00edceis para o cristianismo. A sua primeira atividade pastoral foi uma interven\u00e7\u00e3o direta no Oriente, exortando a popula\u00e7\u00e3o de Constantinopla a seguir as [&hellip;]<\/p>\n","protected":false},"author":14,"featured_media":0,"comment_status":"open","ping_status":"open","sticky":false,"template":"","format":"standard","meta":{"ngg_post_thumbnail":0,"footnotes":""},"categories":[186],"tags":[],"yoast_head":"<!-- This site is optimized with the Yoast SEO plugin v23.5 - https:\/\/yoast.com\/wordpress\/plugins\/seo\/ -->\n<title>Santo Inoc\u00eancio I - O Arcanjo no ar<\/title>\n<meta name=\"robots\" content=\"index, follow, max-snippet:-1, max-image-preview:large, max-video-preview:-1\" \/>\n<link rel=\"canonical\" href=\"https:\/\/www.oarcanjo.net\/site\/santo-inocencio-i\/\" \/>\n<meta property=\"og:locale\" content=\"pt_BR\" \/>\n<meta property=\"og:type\" content=\"article\" \/>\n<meta property=\"og:title\" content=\"Santo Inoc\u00eancio I - O Arcanjo no ar\" \/>\n<meta property=\"og:description\" content=\"28 de Julho Inoc\u00eancio I era italiano, nasceu em Albano, uma prov\u00edncia romana do Lazio. Ele foi eleito no ano 401 e governou a Igreja por dezesseis anos, num per\u00edodo dos mais dif\u00edceis para o cristianismo. A sua primeira atividade pastoral foi uma interven\u00e7\u00e3o direta no Oriente, exortando a popula\u00e7\u00e3o de Constantinopla a seguir as [&hellip;]\" \/>\n<meta property=\"og:url\" content=\"https:\/\/www.oarcanjo.net\/site\/santo-inocencio-i\/\" \/>\n<meta property=\"og:site_name\" content=\"O Arcanjo no ar\" \/>\n<meta property=\"article:publisher\" content=\"https:\/\/www.facebook.com\/OArcanjoNoAr\/\" \/>\n<meta property=\"article:published_time\" content=\"2018-07-28T03:16:26+00:00\" \/>\n<meta property=\"article:modified_time\" content=\"2018-06-20T21:16:49+00:00\" \/>\n<meta property=\"og:image\" content=\"http:\/\/www.cleofas.com.br\/virtual\/santodia\/scd0209_inocencio.jpg\" \/>\n<meta name=\"author\" content=\"danilo\" \/>\n<meta name=\"twitter:card\" content=\"summary_large_image\" \/>\n<meta name=\"twitter:label1\" content=\"Escrito por\" \/>\n\t<meta name=\"twitter:data1\" content=\"danilo\" \/>\n\t<meta name=\"twitter:label2\" content=\"Est. tempo de leitura\" \/>\n\t<meta name=\"twitter:data2\" content=\"2 minutos\" \/>\n<script type=\"application\/ld+json\" class=\"yoast-schema-graph\">{\"@context\":\"https:\/\/schema.org\",\"@graph\":[{\"@type\":\"Article\",\"@id\":\"https:\/\/www.oarcanjo.net\/site\/santo-inocencio-i\/#article\",\"isPartOf\":{\"@id\":\"https:\/\/www.oarcanjo.net\/site\/santo-inocencio-i\/\"},\"author\":{\"name\":\"danilo\",\"@id\":\"https:\/\/www.oarcanjo.net\/site\/#\/schema\/person\/5eb9480bedd2f3c97e430ce128c29c6c\"},\"headline\":\"Santo Inoc\u00eancio I\",\"datePublished\":\"2018-07-28T03:16:26+00:00\",\"dateModified\":\"2018-06-20T21:16:49+00:00\",\"mainEntityOfPage\":{\"@id\":\"https:\/\/www.oarcanjo.net\/site\/santo-inocencio-i\/\"},\"wordCount\":437,\"commentCount\":0,\"publisher\":{\"@id\":\"https:\/\/www.oarcanjo.net\/site\/#organization\"},\"image\":{\"@id\":\"https:\/\/www.oarcanjo.net\/site\/santo-inocencio-i\/#primaryimage\"},\"thumbnailUrl\":\"http:\/\/www.cleofas.com.br\/virtual\/santodia\/scd0209_inocencio.jpg\",\"articleSection\":[\"Testemunhos\"],\"inLanguage\":\"pt-BR\",\"potentialAction\":[{\"@type\":\"CommentAction\",\"name\":\"Comment\",\"target\":[\"https:\/\/www.oarcanjo.net\/site\/santo-inocencio-i\/#respond\"]}]},{\"@type\":\"WebPage\",\"@id\":\"https:\/\/www.oarcanjo.net\/site\/santo-inocencio-i\/\",\"url\":\"https:\/\/www.oarcanjo.net\/site\/santo-inocencio-i\/\",\"name\":\"Santo Inoc\u00eancio I - O Arcanjo no ar\",\"isPartOf\":{\"@id\":\"https:\/\/www.oarcanjo.net\/site\/#website\"},\"primaryImageOfPage\":{\"@id\":\"https:\/\/www.oarcanjo.net\/site\/santo-inocencio-i\/#primaryimage\"},\"image\":{\"@id\":\"https:\/\/www.oarcanjo.net\/site\/santo-inocencio-i\/#primaryimage\"},\"thumbnailUrl\":\"http:\/\/www.cleofas.com.br\/virtual\/santodia\/scd0209_inocencio.jpg\",\"datePublished\":\"2018-07-28T03:16:26+00:00\",\"dateModified\":\"2018-06-20T21:16:49+00:00\",\"breadcrumb\":{\"@id\":\"https:\/\/www.oarcanjo.net\/site\/santo-inocencio-i\/#breadcrumb\"},\"inLanguage\":\"pt-BR\",\"potentialAction\":[{\"@type\":\"ReadAction\",\"target\":[\"https:\/\/www.oarcanjo.net\/site\/santo-inocencio-i\/\"]}]},{\"@type\":\"ImageObject\",\"inLanguage\":\"pt-BR\",\"@id\":\"https:\/\/www.oarcanjo.net\/site\/santo-inocencio-i\/#primaryimage\",\"url\":\"http:\/\/www.cleofas.com.br\/virtual\/santodia\/scd0209_inocencio.jpg\",\"contentUrl\":\"http:\/\/www.cleofas.com.br\/virtual\/santodia\/scd0209_inocencio.jpg\"},{\"@type\":\"BreadcrumbList\",\"@id\":\"https:\/\/www.oarcanjo.net\/site\/santo-inocencio-i\/#breadcrumb\",\"itemListElement\":[{\"@type\":\"ListItem\",\"position\":1,\"name\":\"In\u00edcio\",\"item\":\"https:\/\/www.oarcanjo.net\/site\/\"},{\"@type\":\"ListItem\",\"position\":2,\"name\":\"Santo Inoc\u00eancio I\"}]},{\"@type\":\"WebSite\",\"@id\":\"https:\/\/www.oarcanjo.net\/site\/#website\",\"url\":\"https:\/\/www.oarcanjo.net\/site\/\",\"name\":\"O Arcanjo no ar\",\"description\":\"Site da Par\u00f3quia S\u00e3o Miguel Arcanjo (Arquidiocese de SP)\",\"publisher\":{\"@id\":\"https:\/\/www.oarcanjo.net\/site\/#organization\"},\"potentialAction\":[{\"@type\":\"SearchAction\",\"target\":{\"@type\":\"EntryPoint\",\"urlTemplate\":\"https:\/\/www.oarcanjo.net\/site\/?s={search_term_string}\"},\"query-input\":{\"@type\":\"PropertyValueSpecification\",\"valueRequired\":true,\"valueName\":\"search_term_string\"}}],\"inLanguage\":\"pt-BR\"},{\"@type\":\"Organization\",\"@id\":\"https:\/\/www.oarcanjo.net\/site\/#organization\",\"name\":\"Par\u00f3quia S\u00e3o Miguel Arcanjo\",\"url\":\"https:\/\/www.oarcanjo.net\/site\/\",\"logo\":{\"@type\":\"ImageObject\",\"inLanguage\":\"pt-BR\",\"@id\":\"https:\/\/www.oarcanjo.net\/site\/#\/schema\/logo\/image\/\",\"url\":\"https:\/\/www.oarcanjo.net\/site\/wp-content\/uploads\/LogoOArcanjo.png\",\"contentUrl\":\"https:\/\/www.oarcanjo.net\/site\/wp-content\/uploads\/LogoOArcanjo.png\",\"width\":319,\"height\":99,\"caption\":\"Par\u00f3quia S\u00e3o Miguel Arcanjo\"},\"image\":{\"@id\":\"https:\/\/www.oarcanjo.net\/site\/#\/schema\/logo\/image\/\"},\"sameAs\":[\"https:\/\/www.facebook.com\/OArcanjoNoAr\/\"]},{\"@type\":\"Person\",\"@id\":\"https:\/\/www.oarcanjo.net\/site\/#\/schema\/person\/5eb9480bedd2f3c97e430ce128c29c6c\",\"name\":\"danilo\"}]}<\/script>\n<!-- \/ Yoast SEO plugin. -->","yoast_head_json":{"title":"Santo Inoc\u00eancio I - O Arcanjo no ar","robots":{"index":"index","follow":"follow","max-snippet":"max-snippet:-1","max-image-preview":"max-image-preview:large","max-video-preview":"max-video-preview:-1"},"canonical":"https:\/\/www.oarcanjo.net\/site\/santo-inocencio-i\/","og_locale":"pt_BR","og_type":"article","og_title":"Santo Inoc\u00eancio I - O Arcanjo no ar","og_description":"28 de Julho Inoc\u00eancio I era italiano, nasceu em Albano, uma prov\u00edncia romana do Lazio. Ele foi eleito no ano 401 e governou a Igreja por dezesseis anos, num per\u00edodo dos mais dif\u00edceis para o cristianismo. A sua primeira atividade pastoral foi uma interven\u00e7\u00e3o direta no Oriente, exortando a popula\u00e7\u00e3o de Constantinopla a seguir as [&hellip;]","og_url":"https:\/\/www.oarcanjo.net\/site\/santo-inocencio-i\/","og_site_name":"O Arcanjo no ar","article_publisher":"https:\/\/www.facebook.com\/OArcanjoNoAr\/","article_published_time":"2018-07-28T03:16:26+00:00","article_modified_time":"2018-06-20T21:16:49+00:00","og_image":[{"url":"http:\/\/www.cleofas.com.br\/virtual\/santodia\/scd0209_inocencio.jpg"}],"author":"danilo","twitter_card":"summary_large_image","twitter_misc":{"Escrito por":"danilo","Est. tempo de leitura":"2 minutos"},"schema":{"@context":"https:\/\/schema.org","@graph":[{"@type":"Article","@id":"https:\/\/www.oarcanjo.net\/site\/santo-inocencio-i\/#article","isPartOf":{"@id":"https:\/\/www.oarcanjo.net\/site\/santo-inocencio-i\/"},"author":{"name":"danilo","@id":"https:\/\/www.oarcanjo.net\/site\/#\/schema\/person\/5eb9480bedd2f3c97e430ce128c29c6c"},"headline":"Santo Inoc\u00eancio I","datePublished":"2018-07-28T03:16:26+00:00","dateModified":"2018-06-20T21:16:49+00:00","mainEntityOfPage":{"@id":"https:\/\/www.oarcanjo.net\/site\/santo-inocencio-i\/"},"wordCount":437,"commentCount":0,"publisher":{"@id":"https:\/\/www.oarcanjo.net\/site\/#organization"},"image":{"@id":"https:\/\/www.oarcanjo.net\/site\/santo-inocencio-i\/#primaryimage"},"thumbnailUrl":"http:\/\/www.cleofas.com.br\/virtual\/santodia\/scd0209_inocencio.jpg","articleSection":["Testemunhos"],"inLanguage":"pt-BR","potentialAction":[{"@type":"CommentAction","name":"Comment","target":["https:\/\/www.oarcanjo.net\/site\/santo-inocencio-i\/#respond"]}]},{"@type":"WebPage","@id":"https:\/\/www.oarcanjo.net\/site\/santo-inocencio-i\/","url":"https:\/\/www.oarcanjo.net\/site\/santo-inocencio-i\/","name":"Santo Inoc\u00eancio I - O Arcanjo no ar","isPartOf":{"@id":"https:\/\/www.oarcanjo.net\/site\/#website"},"primaryImageOfPage":{"@id":"https:\/\/www.oarcanjo.net\/site\/santo-inocencio-i\/#primaryimage"},"image":{"@id":"https:\/\/www.oarcanjo.net\/site\/santo-inocencio-i\/#primaryimage"},"thumbnailUrl":"http:\/\/www.cleofas.com.br\/virtual\/santodia\/scd0209_inocencio.jpg","datePublished":"2018-07-28T03:16:26+00:00","dateModified":"2018-06-20T21:16:49+00:00","breadcrumb":{"@id":"https:\/\/www.oarcanjo.net\/site\/santo-inocencio-i\/#breadcrumb"},"inLanguage":"pt-BR","potentialAction":[{"@type":"ReadAction","target":["https:\/\/www.oarcanjo.net\/site\/santo-inocencio-i\/"]}]},{"@type":"ImageObject","inLanguage":"pt-BR","@id":"https:\/\/www.oarcanjo.net\/site\/santo-inocencio-i\/#primaryimage","url":"http:\/\/www.cleofas.com.br\/virtual\/santodia\/scd0209_inocencio.jpg","contentUrl":"http:\/\/www.cleofas.com.br\/virtual\/santodia\/scd0209_inocencio.jpg"},{"@type":"BreadcrumbList","@id":"https:\/\/www.oarcanjo.net\/site\/santo-inocencio-i\/#breadcrumb","itemListElement":[{"@type":"ListItem","position":1,"name":"In\u00edcio","item":"https:\/\/www.oarcanjo.net\/site\/"},{"@type":"ListItem","position":2,"name":"Santo Inoc\u00eancio I"}]},{"@type":"WebSite","@id":"https:\/\/www.oarcanjo.net\/site\/#website","url":"https:\/\/www.oarcanjo.net\/site\/","name":"O Arcanjo no ar","description":"Site da Par\u00f3quia S\u00e3o Miguel Arcanjo (Arquidiocese de SP)","publisher":{"@id":"https:\/\/www.oarcanjo.net\/site\/#organization"},"potentialAction":[{"@type":"SearchAction","target":{"@type":"EntryPoint","urlTemplate":"https:\/\/www.oarcanjo.net\/site\/?s={search_term_string}"},"query-input":{"@type":"PropertyValueSpecification","valueRequired":true,"valueName":"search_term_string"}}],"inLanguage":"pt-BR"},{"@type":"Organization","@id":"https:\/\/www.oarcanjo.net\/site\/#organization","name":"Par\u00f3quia S\u00e3o Miguel Arcanjo","url":"https:\/\/www.oarcanjo.net\/site\/","logo":{"@type":"ImageObject","inLanguage":"pt-BR","@id":"https:\/\/www.oarcanjo.net\/site\/#\/schema\/logo\/image\/","url":"https:\/\/www.oarcanjo.net\/site\/wp-content\/uploads\/LogoOArcanjo.png","contentUrl":"https:\/\/www.oarcanjo.net\/site\/wp-content\/uploads\/LogoOArcanjo.png","width":319,"height":99,"caption":"Par\u00f3quia S\u00e3o Miguel Arcanjo"},"image":{"@id":"https:\/\/www.oarcanjo.net\/site\/#\/schema\/logo\/image\/"},"sameAs":["https:\/\/www.facebook.com\/OArcanjoNoAr\/"]},{"@type":"Person","@id":"https:\/\/www.oarcanjo.net\/site\/#\/schema\/person\/5eb9480bedd2f3c97e430ce128c29c6c","name":"danilo"}]}},"publishpress_future_action":{"enabled":false,"date":"2026-05-08 10:24:40","action":"category","newStatus":"draft","terms":[],"taxonomy":"category"},"publishpress_future_workflow_manual_trigger":{"enabledWorkflows":[]},"_links":{"self":[{"href":"https:\/\/www.oarcanjo.net\/site\/wp-json\/wp\/v2\/posts\/10339"}],"collection":[{"href":"https:\/\/www.oarcanjo.net\/site\/wp-json\/wp\/v2\/posts"}],"about":[{"href":"https:\/\/www.oarcanjo.net\/site\/wp-json\/wp\/v2\/types\/post"}],"author":[{"embeddable":true,"href":"https:\/\/www.oarcanjo.net\/site\/wp-json\/wp\/v2\/users\/14"}],"replies":[{"embeddable":true,"href":"https:\/\/www.oarcanjo.net\/site\/wp-json\/wp\/v2\/comments?post=10339"}],"version-history":[{"count":1,"href":"https:\/\/www.oarcanjo.net\/site\/wp-json\/wp\/v2\/posts\/10339\/revisions"}],"predecessor-version":[{"id":88581,"href":"https:\/\/www.oarcanjo.net\/site\/wp-json\/wp\/v2\/posts\/10339\/revisions\/88581"}],"wp:attachment":[{"href":"https:\/\/www.oarcanjo.net\/site\/wp-json\/wp\/v2\/media?parent=10339"}],"wp:term":[{"taxonomy":"category","embeddable":true,"href":"https:\/\/www.oarcanjo.net\/site\/wp-json\/wp\/v2\/categories?post=10339"},{"taxonomy":"post_tag","embeddable":true,"href":"https:\/\/www.oarcanjo.net\/site\/wp-json\/wp\/v2\/tags?post=10339"}],"curies":[{"name":"wp","href":"https:\/\/api.w.org\/{rel}","templated":true}]}}