
{"id":10342,"date":"2018-07-29T00:19:49","date_gmt":"2018-07-29T03:19:49","guid":{"rendered":"http:\/\/www.oarcanjo.net\/site\/?p=10342"},"modified":"2018-06-20T18:16:27","modified_gmt":"2018-06-20T21:16:27","slug":"santa-marta","status":"publish","type":"post","link":"https:\/\/www.oarcanjo.net\/site\/santa-marta\/","title":{"rendered":"Santa Marta"},"content":{"rendered":"<p><img loading=\"lazy\" decoding=\"async\" src=\"http:\/\/www.sintoniasaintgermain.com.br\/Marta.jpg\" alt=\"\" width=\"340\" height=\"564\" \/><\/p>\n<p>29 de Julho<\/p>\n<p>As Escrituras contam que, em seus poucos momentos de descanso ou lazer, Jesus procurava a casa de amigos em Bet\u00e2nia, local muito agrad\u00e1vel h\u00e1 apenas tr\u00eas quil\u00f4metros de Jerusal\u00e9m. L\u00e1 moravam Marta, L\u00e1zaro e Maria, tr\u00eas irm\u00e3os provavelmente filhos de Sim\u00e3o, o leproso. H\u00e1 poucas mas important\u00edssimas cita\u00e7\u00f5es de Marta nas Sagradas Escrituras.<\/p>\n<p>\u00c9 narrado, por exemplo, o primeiro momento em que Jesus pisou em sua casa. Por isso existe a d\u00favida de que Sim\u00e3o fosse mesmo o pai deles, pois a casa \u00e9 citada como se fosse de Marta, a mais velha dos irm\u00e3os. Mas ali chegando, Jesus conversava com eles e Maria estava aos p\u00e9s do Senhor, ouvindo sua prega\u00e7\u00e3o. Marta, trabalhadora e respons\u00e1vel, reclamou da posi\u00e7\u00e3o da irm\u00e3, que nada fazia, apenas ouvindo o Mestre. Jesus aproveita, ent\u00e3o, para ensinar que os valores espirituais s\u00e3o mais importantes do que os materiais, apoiando Maria em sua ocupa\u00e7\u00e3o de ouvir e aprender.<\/p>\n<p>Fala-se dela tamb\u00e9m quando da ressurrei\u00e7\u00e3o de L\u00e1zaro. \u00c9 ela quem mais fala com Jesus nesse acontecimento. Marta disse a Jesus: &#8220;Senhor, se tivesses estado aqui, o meu irm\u00e3o n\u00e3o teria morrido. Mas mesmo agora, eu sei que tudo o que pedires a Deus, Deus dar\u00e1&#8221;.<\/p>\n<p>Trata-se de mais uma passagem importante da B\u00edblia, pois do evento tira-se um momento em que Jesus chora: &#8220;O pranto de Maria provoca o choro de Jesus&#8221;. E o milagre de reviver L\u00e1zaro, j\u00e1 morto e sepultado, solicitado com tamanha simplicidade por Marta, que exemplifica a plena f\u00e9 na onipot\u00eancia do Senhor.<\/p>\n<p>Outra passagem \u00e9 a ceia de Bet\u00e2nia, com a presen\u00e7a de L\u00e1zaro ressuscitado, uma pr\u00e9via da \u00faltima ceia, pois ali Marta serve a mesa e Maria lava os p\u00e9s de Jesus, gesto que ele imitaria em seu \u00faltimo encontro coletivo com os doze ap\u00f3stolos.<\/p>\n<p>Os primeiros a dedicarem uma festa lit\u00fargica a santa Marta foram os frades franciscanos, em 1262, e o dia escolhido foi 29 de julho. Ela se difundiu e o povo crist\u00e3o passou a celebrar santa Marta como a Padroeira dos Anfitri\u00f5es, dos Hospedeiros, dos Cozinheiros, dos Nutricionistas e Dietistas.<\/p>\n<li><strong>Ora\u00e7\u00e3o \u00e0 Santa Marta<span style=\"font-family: Times New Roman, Times, serif;font-size: small\"> &#8211; <\/span><\/strong>\u00d3 gloriosa Santa Marta, entrego-me confiante em vossas m\u00e3os, esperando o vosso amparo. Acolhei-me sob a vossa prote\u00e7\u00e3o, consolai-me nos meus sofrimentos. Em prova do meu afeto e devo\u00e7\u00e3o, ofere\u00e7o-vos esta luz (acende-se uma vela), a acenderei todas as ter\u00e7as-feiras desta novena.<br \/>\nPela felicidade que tivestes em hospedar em vossa casa o Divino Salvador do mundo, consolai-me em minhas penas. Intercedei hoje e sempre por mim e por minha fam\u00edlia, para que tenhamos o aux\u00edlio de Deus Todo-Poderoso nas dificuldades da nossa vida.<br \/>\nSuplico-vos, gloriosa santa, que em vossa grande bondade, me consigais especialmente a gra\u00e7a que ardentemente vos pe\u00e7o e que tanto preciso (<em>pedido<\/em>).<br \/>\nRogo-vos que me ajudeis a vencer todos os obst\u00e1culos que se apresentarem em meu caminho, com a mesma sinceridade e fortaleza que v\u00f3s tivestes ao transpassar o drag\u00e3o que tendes em vossos p\u00e9s.<br \/>\nAm\u00e9m, Jesus.<\/li>\n<div id=\"themify_builder_content-10342\" data-postid=\"10342\" class=\"themify_builder_content themify_builder_content-10342 themify_builder themify_builder_front\">\n\t<\/div>\n<!-- \/themify_builder_content -->","protected":false},"excerpt":{"rendered":"<p>29 de Julho As Escrituras contam que, em seus poucos momentos de descanso ou lazer, Jesus procurava a casa de amigos em Bet\u00e2nia, local muito agrad\u00e1vel h\u00e1 apenas tr\u00eas quil\u00f4metros de Jerusal\u00e9m. L\u00e1 moravam Marta, L\u00e1zaro e Maria, tr\u00eas irm\u00e3os provavelmente filhos de Sim\u00e3o, o leproso. H\u00e1 poucas mas important\u00edssimas cita\u00e7\u00f5es de Marta nas Sagradas [&hellip;]<\/p>\n","protected":false},"author":14,"featured_media":0,"comment_status":"open","ping_status":"open","sticky":false,"template":"","format":"standard","meta":{"ngg_post_thumbnail":0,"footnotes":""},"categories":[186],"tags":[],"yoast_head":"<!-- This site is optimized with the Yoast SEO plugin v23.5 - https:\/\/yoast.com\/wordpress\/plugins\/seo\/ -->\n<title>Santa Marta - O Arcanjo no ar<\/title>\n<meta name=\"robots\" content=\"index, follow, max-snippet:-1, max-image-preview:large, max-video-preview:-1\" \/>\n<link rel=\"canonical\" href=\"https:\/\/www.oarcanjo.net\/site\/santa-marta\/\" \/>\n<meta property=\"og:locale\" content=\"pt_BR\" \/>\n<meta property=\"og:type\" content=\"article\" \/>\n<meta property=\"og:title\" content=\"Santa Marta - O Arcanjo no ar\" \/>\n<meta property=\"og:description\" content=\"29 de Julho As Escrituras contam que, em seus poucos momentos de descanso ou lazer, Jesus procurava a casa de amigos em Bet\u00e2nia, local muito agrad\u00e1vel h\u00e1 apenas tr\u00eas quil\u00f4metros de Jerusal\u00e9m. L\u00e1 moravam Marta, L\u00e1zaro e Maria, tr\u00eas irm\u00e3os provavelmente filhos de Sim\u00e3o, o leproso. H\u00e1 poucas mas important\u00edssimas cita\u00e7\u00f5es de Marta nas Sagradas [&hellip;]\" \/>\n<meta property=\"og:url\" content=\"https:\/\/www.oarcanjo.net\/site\/santa-marta\/\" \/>\n<meta property=\"og:site_name\" content=\"O Arcanjo no ar\" \/>\n<meta property=\"article:publisher\" content=\"https:\/\/www.facebook.com\/OArcanjoNoAr\/\" \/>\n<meta property=\"article:published_time\" content=\"2018-07-29T03:19:49+00:00\" \/>\n<meta property=\"article:modified_time\" content=\"2018-06-20T21:16:27+00:00\" \/>\n<meta property=\"og:image\" content=\"http:\/\/www.sintoniasaintgermain.com.br\/Marta.jpg\" \/>\n<meta name=\"author\" content=\"danilo\" \/>\n<meta name=\"twitter:card\" content=\"summary_large_image\" \/>\n<meta name=\"twitter:label1\" content=\"Escrito por\" \/>\n\t<meta name=\"twitter:data1\" content=\"danilo\" \/>\n\t<meta name=\"twitter:label2\" content=\"Est. tempo de leitura\" \/>\n\t<meta name=\"twitter:data2\" content=\"3 minutos\" \/>\n<script type=\"application\/ld+json\" class=\"yoast-schema-graph\">{\"@context\":\"https:\/\/schema.org\",\"@graph\":[{\"@type\":\"Article\",\"@id\":\"https:\/\/www.oarcanjo.net\/site\/santa-marta\/#article\",\"isPartOf\":{\"@id\":\"https:\/\/www.oarcanjo.net\/site\/santa-marta\/\"},\"author\":{\"name\":\"danilo\",\"@id\":\"https:\/\/www.oarcanjo.net\/site\/#\/schema\/person\/5eb9480bedd2f3c97e430ce128c29c6c\"},\"headline\":\"Santa Marta\",\"datePublished\":\"2018-07-29T03:19:49+00:00\",\"dateModified\":\"2018-06-20T21:16:27+00:00\",\"mainEntityOfPage\":{\"@id\":\"https:\/\/www.oarcanjo.net\/site\/santa-marta\/\"},\"wordCount\":538,\"commentCount\":0,\"publisher\":{\"@id\":\"https:\/\/www.oarcanjo.net\/site\/#organization\"},\"image\":{\"@id\":\"https:\/\/www.oarcanjo.net\/site\/santa-marta\/#primaryimage\"},\"thumbnailUrl\":\"http:\/\/www.sintoniasaintgermain.com.br\/Marta.jpg\",\"articleSection\":[\"Testemunhos\"],\"inLanguage\":\"pt-BR\",\"potentialAction\":[{\"@type\":\"CommentAction\",\"name\":\"Comment\",\"target\":[\"https:\/\/www.oarcanjo.net\/site\/santa-marta\/#respond\"]}]},{\"@type\":\"WebPage\",\"@id\":\"https:\/\/www.oarcanjo.net\/site\/santa-marta\/\",\"url\":\"https:\/\/www.oarcanjo.net\/site\/santa-marta\/\",\"name\":\"Santa Marta - O Arcanjo no ar\",\"isPartOf\":{\"@id\":\"https:\/\/www.oarcanjo.net\/site\/#website\"},\"primaryImageOfPage\":{\"@id\":\"https:\/\/www.oarcanjo.net\/site\/santa-marta\/#primaryimage\"},\"image\":{\"@id\":\"https:\/\/www.oarcanjo.net\/site\/santa-marta\/#primaryimage\"},\"thumbnailUrl\":\"http:\/\/www.sintoniasaintgermain.com.br\/Marta.jpg\",\"datePublished\":\"2018-07-29T03:19:49+00:00\",\"dateModified\":\"2018-06-20T21:16:27+00:00\",\"breadcrumb\":{\"@id\":\"https:\/\/www.oarcanjo.net\/site\/santa-marta\/#breadcrumb\"},\"inLanguage\":\"pt-BR\",\"potentialAction\":[{\"@type\":\"ReadAction\",\"target\":[\"https:\/\/www.oarcanjo.net\/site\/santa-marta\/\"]}]},{\"@type\":\"ImageObject\",\"inLanguage\":\"pt-BR\",\"@id\":\"https:\/\/www.oarcanjo.net\/site\/santa-marta\/#primaryimage\",\"url\":\"http:\/\/www.sintoniasaintgermain.com.br\/Marta.jpg\",\"contentUrl\":\"http:\/\/www.sintoniasaintgermain.com.br\/Marta.jpg\"},{\"@type\":\"BreadcrumbList\",\"@id\":\"https:\/\/www.oarcanjo.net\/site\/santa-marta\/#breadcrumb\",\"itemListElement\":[{\"@type\":\"ListItem\",\"position\":1,\"name\":\"In\u00edcio\",\"item\":\"https:\/\/www.oarcanjo.net\/site\/\"},{\"@type\":\"ListItem\",\"position\":2,\"name\":\"Santa Marta\"}]},{\"@type\":\"WebSite\",\"@id\":\"https:\/\/www.oarcanjo.net\/site\/#website\",\"url\":\"https:\/\/www.oarcanjo.net\/site\/\",\"name\":\"O Arcanjo no ar\",\"description\":\"Site da Par\u00f3quia S\u00e3o Miguel Arcanjo (Arquidiocese de SP)\",\"publisher\":{\"@id\":\"https:\/\/www.oarcanjo.net\/site\/#organization\"},\"potentialAction\":[{\"@type\":\"SearchAction\",\"target\":{\"@type\":\"EntryPoint\",\"urlTemplate\":\"https:\/\/www.oarcanjo.net\/site\/?s={search_term_string}\"},\"query-input\":{\"@type\":\"PropertyValueSpecification\",\"valueRequired\":true,\"valueName\":\"search_term_string\"}}],\"inLanguage\":\"pt-BR\"},{\"@type\":\"Organization\",\"@id\":\"https:\/\/www.oarcanjo.net\/site\/#organization\",\"name\":\"Par\u00f3quia S\u00e3o Miguel Arcanjo\",\"url\":\"https:\/\/www.oarcanjo.net\/site\/\",\"logo\":{\"@type\":\"ImageObject\",\"inLanguage\":\"pt-BR\",\"@id\":\"https:\/\/www.oarcanjo.net\/site\/#\/schema\/logo\/image\/\",\"url\":\"https:\/\/www.oarcanjo.net\/site\/wp-content\/uploads\/LogoOArcanjo.png\",\"contentUrl\":\"https:\/\/www.oarcanjo.net\/site\/wp-content\/uploads\/LogoOArcanjo.png\",\"width\":319,\"height\":99,\"caption\":\"Par\u00f3quia S\u00e3o Miguel Arcanjo\"},\"image\":{\"@id\":\"https:\/\/www.oarcanjo.net\/site\/#\/schema\/logo\/image\/\"},\"sameAs\":[\"https:\/\/www.facebook.com\/OArcanjoNoAr\/\"]},{\"@type\":\"Person\",\"@id\":\"https:\/\/www.oarcanjo.net\/site\/#\/schema\/person\/5eb9480bedd2f3c97e430ce128c29c6c\",\"name\":\"danilo\"}]}<\/script>\n<!-- \/ Yoast SEO plugin. -->","yoast_head_json":{"title":"Santa Marta - O Arcanjo no ar","robots":{"index":"index","follow":"follow","max-snippet":"max-snippet:-1","max-image-preview":"max-image-preview:large","max-video-preview":"max-video-preview:-1"},"canonical":"https:\/\/www.oarcanjo.net\/site\/santa-marta\/","og_locale":"pt_BR","og_type":"article","og_title":"Santa Marta - O Arcanjo no ar","og_description":"29 de Julho As Escrituras contam que, em seus poucos momentos de descanso ou lazer, Jesus procurava a casa de amigos em Bet\u00e2nia, local muito agrad\u00e1vel h\u00e1 apenas tr\u00eas quil\u00f4metros de Jerusal\u00e9m. L\u00e1 moravam Marta, L\u00e1zaro e Maria, tr\u00eas irm\u00e3os provavelmente filhos de Sim\u00e3o, o leproso. H\u00e1 poucas mas important\u00edssimas cita\u00e7\u00f5es de Marta nas Sagradas [&hellip;]","og_url":"https:\/\/www.oarcanjo.net\/site\/santa-marta\/","og_site_name":"O Arcanjo no ar","article_publisher":"https:\/\/www.facebook.com\/OArcanjoNoAr\/","article_published_time":"2018-07-29T03:19:49+00:00","article_modified_time":"2018-06-20T21:16:27+00:00","og_image":[{"url":"http:\/\/www.sintoniasaintgermain.com.br\/Marta.jpg"}],"author":"danilo","twitter_card":"summary_large_image","twitter_misc":{"Escrito por":"danilo","Est. tempo de leitura":"3 minutos"},"schema":{"@context":"https:\/\/schema.org","@graph":[{"@type":"Article","@id":"https:\/\/www.oarcanjo.net\/site\/santa-marta\/#article","isPartOf":{"@id":"https:\/\/www.oarcanjo.net\/site\/santa-marta\/"},"author":{"name":"danilo","@id":"https:\/\/www.oarcanjo.net\/site\/#\/schema\/person\/5eb9480bedd2f3c97e430ce128c29c6c"},"headline":"Santa Marta","datePublished":"2018-07-29T03:19:49+00:00","dateModified":"2018-06-20T21:16:27+00:00","mainEntityOfPage":{"@id":"https:\/\/www.oarcanjo.net\/site\/santa-marta\/"},"wordCount":538,"commentCount":0,"publisher":{"@id":"https:\/\/www.oarcanjo.net\/site\/#organization"},"image":{"@id":"https:\/\/www.oarcanjo.net\/site\/santa-marta\/#primaryimage"},"thumbnailUrl":"http:\/\/www.sintoniasaintgermain.com.br\/Marta.jpg","articleSection":["Testemunhos"],"inLanguage":"pt-BR","potentialAction":[{"@type":"CommentAction","name":"Comment","target":["https:\/\/www.oarcanjo.net\/site\/santa-marta\/#respond"]}]},{"@type":"WebPage","@id":"https:\/\/www.oarcanjo.net\/site\/santa-marta\/","url":"https:\/\/www.oarcanjo.net\/site\/santa-marta\/","name":"Santa Marta - O Arcanjo no ar","isPartOf":{"@id":"https:\/\/www.oarcanjo.net\/site\/#website"},"primaryImageOfPage":{"@id":"https:\/\/www.oarcanjo.net\/site\/santa-marta\/#primaryimage"},"image":{"@id":"https:\/\/www.oarcanjo.net\/site\/santa-marta\/#primaryimage"},"thumbnailUrl":"http:\/\/www.sintoniasaintgermain.com.br\/Marta.jpg","datePublished":"2018-07-29T03:19:49+00:00","dateModified":"2018-06-20T21:16:27+00:00","breadcrumb":{"@id":"https:\/\/www.oarcanjo.net\/site\/santa-marta\/#breadcrumb"},"inLanguage":"pt-BR","potentialAction":[{"@type":"ReadAction","target":["https:\/\/www.oarcanjo.net\/site\/santa-marta\/"]}]},{"@type":"ImageObject","inLanguage":"pt-BR","@id":"https:\/\/www.oarcanjo.net\/site\/santa-marta\/#primaryimage","url":"http:\/\/www.sintoniasaintgermain.com.br\/Marta.jpg","contentUrl":"http:\/\/www.sintoniasaintgermain.com.br\/Marta.jpg"},{"@type":"BreadcrumbList","@id":"https:\/\/www.oarcanjo.net\/site\/santa-marta\/#breadcrumb","itemListElement":[{"@type":"ListItem","position":1,"name":"In\u00edcio","item":"https:\/\/www.oarcanjo.net\/site\/"},{"@type":"ListItem","position":2,"name":"Santa Marta"}]},{"@type":"WebSite","@id":"https:\/\/www.oarcanjo.net\/site\/#website","url":"https:\/\/www.oarcanjo.net\/site\/","name":"O Arcanjo no ar","description":"Site da Par\u00f3quia S\u00e3o Miguel Arcanjo (Arquidiocese de SP)","publisher":{"@id":"https:\/\/www.oarcanjo.net\/site\/#organization"},"potentialAction":[{"@type":"SearchAction","target":{"@type":"EntryPoint","urlTemplate":"https:\/\/www.oarcanjo.net\/site\/?s={search_term_string}"},"query-input":{"@type":"PropertyValueSpecification","valueRequired":true,"valueName":"search_term_string"}}],"inLanguage":"pt-BR"},{"@type":"Organization","@id":"https:\/\/www.oarcanjo.net\/site\/#organization","name":"Par\u00f3quia S\u00e3o Miguel Arcanjo","url":"https:\/\/www.oarcanjo.net\/site\/","logo":{"@type":"ImageObject","inLanguage":"pt-BR","@id":"https:\/\/www.oarcanjo.net\/site\/#\/schema\/logo\/image\/","url":"https:\/\/www.oarcanjo.net\/site\/wp-content\/uploads\/LogoOArcanjo.png","contentUrl":"https:\/\/www.oarcanjo.net\/site\/wp-content\/uploads\/LogoOArcanjo.png","width":319,"height":99,"caption":"Par\u00f3quia S\u00e3o Miguel Arcanjo"},"image":{"@id":"https:\/\/www.oarcanjo.net\/site\/#\/schema\/logo\/image\/"},"sameAs":["https:\/\/www.facebook.com\/OArcanjoNoAr\/"]},{"@type":"Person","@id":"https:\/\/www.oarcanjo.net\/site\/#\/schema\/person\/5eb9480bedd2f3c97e430ce128c29c6c","name":"danilo"}]}},"publishpress_future_action":{"enabled":false,"date":"2026-05-08 08:50:02","action":"category","newStatus":"draft","terms":[],"taxonomy":"category"},"publishpress_future_workflow_manual_trigger":{"enabledWorkflows":[]},"_links":{"self":[{"href":"https:\/\/www.oarcanjo.net\/site\/wp-json\/wp\/v2\/posts\/10342"}],"collection":[{"href":"https:\/\/www.oarcanjo.net\/site\/wp-json\/wp\/v2\/posts"}],"about":[{"href":"https:\/\/www.oarcanjo.net\/site\/wp-json\/wp\/v2\/types\/post"}],"author":[{"embeddable":true,"href":"https:\/\/www.oarcanjo.net\/site\/wp-json\/wp\/v2\/users\/14"}],"replies":[{"embeddable":true,"href":"https:\/\/www.oarcanjo.net\/site\/wp-json\/wp\/v2\/comments?post=10342"}],"version-history":[{"count":1,"href":"https:\/\/www.oarcanjo.net\/site\/wp-json\/wp\/v2\/posts\/10342\/revisions"}],"predecessor-version":[{"id":88578,"href":"https:\/\/www.oarcanjo.net\/site\/wp-json\/wp\/v2\/posts\/10342\/revisions\/88578"}],"wp:attachment":[{"href":"https:\/\/www.oarcanjo.net\/site\/wp-json\/wp\/v2\/media?parent=10342"}],"wp:term":[{"taxonomy":"category","embeddable":true,"href":"https:\/\/www.oarcanjo.net\/site\/wp-json\/wp\/v2\/categories?post=10342"},{"taxonomy":"post_tag","embeddable":true,"href":"https:\/\/www.oarcanjo.net\/site\/wp-json\/wp\/v2\/tags?post=10342"}],"curies":[{"name":"wp","href":"https:\/\/api.w.org\/{rel}","templated":true}]}}