
{"id":10345,"date":"2018-07-30T00:27:10","date_gmt":"2018-07-30T03:27:10","guid":{"rendered":"http:\/\/www.oarcanjo.net\/site\/?p=10345"},"modified":"2018-06-20T18:16:18","modified_gmt":"2018-06-20T21:16:18","slug":"sao-leopoldo-mandic","status":"publish","type":"post","link":"https:\/\/www.oarcanjo.net\/site\/sao-leopoldo-mandic\/","title":{"rendered":"S\u00e3o Leopoldo Mandic"},"content":{"rendered":"<p><img decoding=\"async\" src=\"http:\/\/www.ocapuchinho.com.br\/Imagens\/leopoldo_mandic_12maio.jpg\" alt=\"\" \/><\/p>\n<p>30 de Julho<\/p>\n<p>Leopoldo Mandic nasceu na Dalm\u00e1cia, atual Cro\u00e1cia, em 12 de maio de 1866. Os pais, cat\u00f3licos fervorosos, batizaram-no com o nome de Bogdan, que significa &#8220;dado por Deus&#8221;. Desde pequeno apresentou como caracter\u00edsticas a constitui\u00e7\u00e3o f\u00edsica d\u00e9bil e o car\u00e1ter forte e determinado. O mais novo de uma fam\u00edlia numerosa, completou seus estudos prim\u00e1rios na aldeia natal.<\/p>\n<p>Nessa \u00e9poca, a regi\u00e3o da Dalm\u00e1cia vivia um ambiente social e religioso marcado por profundas divis\u00f5es entre cat\u00f3licos e ortodoxos. Essa situa\u00e7\u00e3o incomodava o esp\u00edrito cat\u00f3lico do pequeno Bogdan, que decidiu dedicar sua vida \u00e0 reconcilia\u00e7\u00e3o dos crist\u00e3os Orientais com Roma.<\/p>\n<p>Aos dezesseis anos, ingressou na Ordem de S\u00e3o Francisco de Assis, em Udine, It\u00e1lia, adotando o nome de Leopoldo. Foi ordenado sacerdote em Veneza, onde concluiu todos os estudos em 1890. Sua determina\u00e7\u00e3o era ser um mission\u00e1rio no Oriente e promover a unifica\u00e7\u00e3o dos crist\u00e3os. Viajou duas vezes para l\u00e1, mas n\u00e3o em miss\u00e3o definitiva.<\/p>\n<p>Leopoldo foi destinado aos servi\u00e7os pastorais nos conventos capuchinhos por causa da sa\u00fade prec\u00e1ria. Ele era franzino, tinha apenas um metro e quarenta de altura e uma doen\u00e7a nos ossos. Com grande esp\u00edrito de f\u00e9, submeteu-se \u00e0 obedi\u00eancia de seus superiores. Iniciou, assim, o minist\u00e9rio do confession\u00e1rio, que exerceu at\u00e9 a sua morte. No in\u00edcio, em diversos conventos do norte da It\u00e1lia e, depois, em P\u00e1dua, onde se tornou &#8220;o gigante do confession\u00e1rio&#8221;.<\/p>\n<p>A cidade de P\u00e1dua \u00e9 famosa por ser um centro de numerosas peregrina\u00e7\u00f5es. \u00c9 em sua bas\u00edlica que repousam os restos mortais de santo Ant\u00f4nio. Leopoldo dedicava quase doze horas por dia ao minist\u00e9rio da confiss\u00e3o. Para os penitentes, suas palavras eram uma fonte de perd\u00e3o, luz e conforto, que os mantinham na fidelidade e amor a Cristo. Sua fama correu, e todos o solicitavam como confessor.<\/p>\n<p>Foi quando ele percebeu que o seu Oriente era em P\u00e1dua. E fez todo o seu apostolado ali, fechado num cub\u00edculo de madeira, durante trinta e tr\u00eas anos seguidos, sem tirar um s\u00f3 dia de f\u00e9rias ou de descanso. Pequenino e fr\u00e1gil, com artrite nas m\u00e3os e joelhos, e com c\u00e2ncer no es\u00f4fago, ofereceu toda a sua agonia alegremente a Deus.<\/p>\n<p>Frei Leopoldo Mandic morreu no dia 30 de julho de 1942, em P\u00e1dua. O seu funeral provocou um forte apelo popular e a fama de sua santidade espalhou-se, sendo beatificado em 1976. O papa Jo\u00e3o Paulo II incluiu-o no cat\u00e1logo dos santos em 1983, declarando-o her\u00f3i do confession\u00e1rio e &#8220;ap\u00f3stolo da uni\u00e3o dos crist\u00e3os&#8221;, um modelo para os que se dedicam ao minist\u00e9rio da reconcilia\u00e7\u00e3o.<\/p>\n<div id=\"themify_builder_content-10345\" data-postid=\"10345\" class=\"themify_builder_content themify_builder_content-10345 themify_builder themify_builder_front\">\n\t<\/div>\n<!-- \/themify_builder_content -->","protected":false},"excerpt":{"rendered":"<p>30 de Julho Leopoldo Mandic nasceu na Dalm\u00e1cia, atual Cro\u00e1cia, em 12 de maio de 1866. Os pais, cat\u00f3licos fervorosos, batizaram-no com o nome de Bogdan, que significa &#8220;dado por Deus&#8221;. Desde pequeno apresentou como caracter\u00edsticas a constitui\u00e7\u00e3o f\u00edsica d\u00e9bil e o car\u00e1ter forte e determinado. O mais novo de uma fam\u00edlia numerosa, completou seus [&hellip;]<\/p>\n","protected":false},"author":14,"featured_media":0,"comment_status":"open","ping_status":"open","sticky":false,"template":"","format":"standard","meta":{"ngg_post_thumbnail":0,"footnotes":""},"categories":[186],"tags":[],"yoast_head":"<!-- This site is optimized with the Yoast SEO plugin v23.5 - https:\/\/yoast.com\/wordpress\/plugins\/seo\/ -->\n<title>S\u00e3o Leopoldo Mandic - O Arcanjo no ar<\/title>\n<meta name=\"robots\" content=\"index, follow, max-snippet:-1, max-image-preview:large, max-video-preview:-1\" \/>\n<link rel=\"canonical\" href=\"https:\/\/www.oarcanjo.net\/site\/sao-leopoldo-mandic\/\" \/>\n<meta property=\"og:locale\" content=\"pt_BR\" \/>\n<meta property=\"og:type\" content=\"article\" \/>\n<meta property=\"og:title\" content=\"S\u00e3o Leopoldo Mandic - O Arcanjo no ar\" \/>\n<meta property=\"og:description\" content=\"30 de Julho Leopoldo Mandic nasceu na Dalm\u00e1cia, atual Cro\u00e1cia, em 12 de maio de 1866. Os pais, cat\u00f3licos fervorosos, batizaram-no com o nome de Bogdan, que significa &#8220;dado por Deus&#8221;. Desde pequeno apresentou como caracter\u00edsticas a constitui\u00e7\u00e3o f\u00edsica d\u00e9bil e o car\u00e1ter forte e determinado. O mais novo de uma fam\u00edlia numerosa, completou seus [&hellip;]\" \/>\n<meta property=\"og:url\" content=\"https:\/\/www.oarcanjo.net\/site\/sao-leopoldo-mandic\/\" \/>\n<meta property=\"og:site_name\" content=\"O Arcanjo no ar\" \/>\n<meta property=\"article:publisher\" content=\"https:\/\/www.facebook.com\/OArcanjoNoAr\/\" \/>\n<meta property=\"article:published_time\" content=\"2018-07-30T03:27:10+00:00\" \/>\n<meta property=\"article:modified_time\" content=\"2018-06-20T21:16:18+00:00\" \/>\n<meta property=\"og:image\" content=\"http:\/\/www.ocapuchinho.com.br\/Imagens\/leopoldo_mandic_12maio.jpg\" \/>\n<meta name=\"author\" content=\"danilo\" \/>\n<meta name=\"twitter:card\" content=\"summary_large_image\" \/>\n<meta name=\"twitter:label1\" content=\"Escrito por\" \/>\n\t<meta name=\"twitter:data1\" content=\"danilo\" \/>\n\t<meta name=\"twitter:label2\" content=\"Est. tempo de leitura\" \/>\n\t<meta name=\"twitter:data2\" content=\"2 minutos\" \/>\n<script type=\"application\/ld+json\" class=\"yoast-schema-graph\">{\"@context\":\"https:\/\/schema.org\",\"@graph\":[{\"@type\":\"Article\",\"@id\":\"https:\/\/www.oarcanjo.net\/site\/sao-leopoldo-mandic\/#article\",\"isPartOf\":{\"@id\":\"https:\/\/www.oarcanjo.net\/site\/sao-leopoldo-mandic\/\"},\"author\":{\"name\":\"danilo\",\"@id\":\"https:\/\/www.oarcanjo.net\/site\/#\/schema\/person\/5eb9480bedd2f3c97e430ce128c29c6c\"},\"headline\":\"S\u00e3o Leopoldo Mandic\",\"datePublished\":\"2018-07-30T03:27:10+00:00\",\"dateModified\":\"2018-06-20T21:16:18+00:00\",\"mainEntityOfPage\":{\"@id\":\"https:\/\/www.oarcanjo.net\/site\/sao-leopoldo-mandic\/\"},\"wordCount\":478,\"commentCount\":0,\"publisher\":{\"@id\":\"https:\/\/www.oarcanjo.net\/site\/#organization\"},\"image\":{\"@id\":\"https:\/\/www.oarcanjo.net\/site\/sao-leopoldo-mandic\/#primaryimage\"},\"thumbnailUrl\":\"http:\/\/www.ocapuchinho.com.br\/Imagens\/leopoldo_mandic_12maio.jpg\",\"articleSection\":[\"Testemunhos\"],\"inLanguage\":\"pt-BR\",\"potentialAction\":[{\"@type\":\"CommentAction\",\"name\":\"Comment\",\"target\":[\"https:\/\/www.oarcanjo.net\/site\/sao-leopoldo-mandic\/#respond\"]}]},{\"@type\":\"WebPage\",\"@id\":\"https:\/\/www.oarcanjo.net\/site\/sao-leopoldo-mandic\/\",\"url\":\"https:\/\/www.oarcanjo.net\/site\/sao-leopoldo-mandic\/\",\"name\":\"S\u00e3o Leopoldo Mandic - O Arcanjo no ar\",\"isPartOf\":{\"@id\":\"https:\/\/www.oarcanjo.net\/site\/#website\"},\"primaryImageOfPage\":{\"@id\":\"https:\/\/www.oarcanjo.net\/site\/sao-leopoldo-mandic\/#primaryimage\"},\"image\":{\"@id\":\"https:\/\/www.oarcanjo.net\/site\/sao-leopoldo-mandic\/#primaryimage\"},\"thumbnailUrl\":\"http:\/\/www.ocapuchinho.com.br\/Imagens\/leopoldo_mandic_12maio.jpg\",\"datePublished\":\"2018-07-30T03:27:10+00:00\",\"dateModified\":\"2018-06-20T21:16:18+00:00\",\"breadcrumb\":{\"@id\":\"https:\/\/www.oarcanjo.net\/site\/sao-leopoldo-mandic\/#breadcrumb\"},\"inLanguage\":\"pt-BR\",\"potentialAction\":[{\"@type\":\"ReadAction\",\"target\":[\"https:\/\/www.oarcanjo.net\/site\/sao-leopoldo-mandic\/\"]}]},{\"@type\":\"ImageObject\",\"inLanguage\":\"pt-BR\",\"@id\":\"https:\/\/www.oarcanjo.net\/site\/sao-leopoldo-mandic\/#primaryimage\",\"url\":\"http:\/\/www.ocapuchinho.com.br\/Imagens\/leopoldo_mandic_12maio.jpg\",\"contentUrl\":\"http:\/\/www.ocapuchinho.com.br\/Imagens\/leopoldo_mandic_12maio.jpg\"},{\"@type\":\"BreadcrumbList\",\"@id\":\"https:\/\/www.oarcanjo.net\/site\/sao-leopoldo-mandic\/#breadcrumb\",\"itemListElement\":[{\"@type\":\"ListItem\",\"position\":1,\"name\":\"In\u00edcio\",\"item\":\"https:\/\/www.oarcanjo.net\/site\/\"},{\"@type\":\"ListItem\",\"position\":2,\"name\":\"S\u00e3o Leopoldo Mandic\"}]},{\"@type\":\"WebSite\",\"@id\":\"https:\/\/www.oarcanjo.net\/site\/#website\",\"url\":\"https:\/\/www.oarcanjo.net\/site\/\",\"name\":\"O Arcanjo no ar\",\"description\":\"Site da Par\u00f3quia S\u00e3o Miguel Arcanjo (Arquidiocese de SP)\",\"publisher\":{\"@id\":\"https:\/\/www.oarcanjo.net\/site\/#organization\"},\"potentialAction\":[{\"@type\":\"SearchAction\",\"target\":{\"@type\":\"EntryPoint\",\"urlTemplate\":\"https:\/\/www.oarcanjo.net\/site\/?s={search_term_string}\"},\"query-input\":{\"@type\":\"PropertyValueSpecification\",\"valueRequired\":true,\"valueName\":\"search_term_string\"}}],\"inLanguage\":\"pt-BR\"},{\"@type\":\"Organization\",\"@id\":\"https:\/\/www.oarcanjo.net\/site\/#organization\",\"name\":\"Par\u00f3quia S\u00e3o Miguel Arcanjo\",\"url\":\"https:\/\/www.oarcanjo.net\/site\/\",\"logo\":{\"@type\":\"ImageObject\",\"inLanguage\":\"pt-BR\",\"@id\":\"https:\/\/www.oarcanjo.net\/site\/#\/schema\/logo\/image\/\",\"url\":\"https:\/\/www.oarcanjo.net\/site\/wp-content\/uploads\/LogoOArcanjo.png\",\"contentUrl\":\"https:\/\/www.oarcanjo.net\/site\/wp-content\/uploads\/LogoOArcanjo.png\",\"width\":319,\"height\":99,\"caption\":\"Par\u00f3quia S\u00e3o Miguel Arcanjo\"},\"image\":{\"@id\":\"https:\/\/www.oarcanjo.net\/site\/#\/schema\/logo\/image\/\"},\"sameAs\":[\"https:\/\/www.facebook.com\/OArcanjoNoAr\/\"]},{\"@type\":\"Person\",\"@id\":\"https:\/\/www.oarcanjo.net\/site\/#\/schema\/person\/5eb9480bedd2f3c97e430ce128c29c6c\",\"name\":\"danilo\"}]}<\/script>\n<!-- \/ Yoast SEO plugin. -->","yoast_head_json":{"title":"S\u00e3o Leopoldo Mandic - O Arcanjo no ar","robots":{"index":"index","follow":"follow","max-snippet":"max-snippet:-1","max-image-preview":"max-image-preview:large","max-video-preview":"max-video-preview:-1"},"canonical":"https:\/\/www.oarcanjo.net\/site\/sao-leopoldo-mandic\/","og_locale":"pt_BR","og_type":"article","og_title":"S\u00e3o Leopoldo Mandic - O Arcanjo no ar","og_description":"30 de Julho Leopoldo Mandic nasceu na Dalm\u00e1cia, atual Cro\u00e1cia, em 12 de maio de 1866. Os pais, cat\u00f3licos fervorosos, batizaram-no com o nome de Bogdan, que significa &#8220;dado por Deus&#8221;. Desde pequeno apresentou como caracter\u00edsticas a constitui\u00e7\u00e3o f\u00edsica d\u00e9bil e o car\u00e1ter forte e determinado. O mais novo de uma fam\u00edlia numerosa, completou seus [&hellip;]","og_url":"https:\/\/www.oarcanjo.net\/site\/sao-leopoldo-mandic\/","og_site_name":"O Arcanjo no ar","article_publisher":"https:\/\/www.facebook.com\/OArcanjoNoAr\/","article_published_time":"2018-07-30T03:27:10+00:00","article_modified_time":"2018-06-20T21:16:18+00:00","og_image":[{"url":"http:\/\/www.ocapuchinho.com.br\/Imagens\/leopoldo_mandic_12maio.jpg"}],"author":"danilo","twitter_card":"summary_large_image","twitter_misc":{"Escrito por":"danilo","Est. tempo de leitura":"2 minutos"},"schema":{"@context":"https:\/\/schema.org","@graph":[{"@type":"Article","@id":"https:\/\/www.oarcanjo.net\/site\/sao-leopoldo-mandic\/#article","isPartOf":{"@id":"https:\/\/www.oarcanjo.net\/site\/sao-leopoldo-mandic\/"},"author":{"name":"danilo","@id":"https:\/\/www.oarcanjo.net\/site\/#\/schema\/person\/5eb9480bedd2f3c97e430ce128c29c6c"},"headline":"S\u00e3o Leopoldo Mandic","datePublished":"2018-07-30T03:27:10+00:00","dateModified":"2018-06-20T21:16:18+00:00","mainEntityOfPage":{"@id":"https:\/\/www.oarcanjo.net\/site\/sao-leopoldo-mandic\/"},"wordCount":478,"commentCount":0,"publisher":{"@id":"https:\/\/www.oarcanjo.net\/site\/#organization"},"image":{"@id":"https:\/\/www.oarcanjo.net\/site\/sao-leopoldo-mandic\/#primaryimage"},"thumbnailUrl":"http:\/\/www.ocapuchinho.com.br\/Imagens\/leopoldo_mandic_12maio.jpg","articleSection":["Testemunhos"],"inLanguage":"pt-BR","potentialAction":[{"@type":"CommentAction","name":"Comment","target":["https:\/\/www.oarcanjo.net\/site\/sao-leopoldo-mandic\/#respond"]}]},{"@type":"WebPage","@id":"https:\/\/www.oarcanjo.net\/site\/sao-leopoldo-mandic\/","url":"https:\/\/www.oarcanjo.net\/site\/sao-leopoldo-mandic\/","name":"S\u00e3o Leopoldo Mandic - O Arcanjo no ar","isPartOf":{"@id":"https:\/\/www.oarcanjo.net\/site\/#website"},"primaryImageOfPage":{"@id":"https:\/\/www.oarcanjo.net\/site\/sao-leopoldo-mandic\/#primaryimage"},"image":{"@id":"https:\/\/www.oarcanjo.net\/site\/sao-leopoldo-mandic\/#primaryimage"},"thumbnailUrl":"http:\/\/www.ocapuchinho.com.br\/Imagens\/leopoldo_mandic_12maio.jpg","datePublished":"2018-07-30T03:27:10+00:00","dateModified":"2018-06-20T21:16:18+00:00","breadcrumb":{"@id":"https:\/\/www.oarcanjo.net\/site\/sao-leopoldo-mandic\/#breadcrumb"},"inLanguage":"pt-BR","potentialAction":[{"@type":"ReadAction","target":["https:\/\/www.oarcanjo.net\/site\/sao-leopoldo-mandic\/"]}]},{"@type":"ImageObject","inLanguage":"pt-BR","@id":"https:\/\/www.oarcanjo.net\/site\/sao-leopoldo-mandic\/#primaryimage","url":"http:\/\/www.ocapuchinho.com.br\/Imagens\/leopoldo_mandic_12maio.jpg","contentUrl":"http:\/\/www.ocapuchinho.com.br\/Imagens\/leopoldo_mandic_12maio.jpg"},{"@type":"BreadcrumbList","@id":"https:\/\/www.oarcanjo.net\/site\/sao-leopoldo-mandic\/#breadcrumb","itemListElement":[{"@type":"ListItem","position":1,"name":"In\u00edcio","item":"https:\/\/www.oarcanjo.net\/site\/"},{"@type":"ListItem","position":2,"name":"S\u00e3o Leopoldo Mandic"}]},{"@type":"WebSite","@id":"https:\/\/www.oarcanjo.net\/site\/#website","url":"https:\/\/www.oarcanjo.net\/site\/","name":"O Arcanjo no ar","description":"Site da Par\u00f3quia S\u00e3o Miguel Arcanjo (Arquidiocese de SP)","publisher":{"@id":"https:\/\/www.oarcanjo.net\/site\/#organization"},"potentialAction":[{"@type":"SearchAction","target":{"@type":"EntryPoint","urlTemplate":"https:\/\/www.oarcanjo.net\/site\/?s={search_term_string}"},"query-input":{"@type":"PropertyValueSpecification","valueRequired":true,"valueName":"search_term_string"}}],"inLanguage":"pt-BR"},{"@type":"Organization","@id":"https:\/\/www.oarcanjo.net\/site\/#organization","name":"Par\u00f3quia S\u00e3o Miguel Arcanjo","url":"https:\/\/www.oarcanjo.net\/site\/","logo":{"@type":"ImageObject","inLanguage":"pt-BR","@id":"https:\/\/www.oarcanjo.net\/site\/#\/schema\/logo\/image\/","url":"https:\/\/www.oarcanjo.net\/site\/wp-content\/uploads\/LogoOArcanjo.png","contentUrl":"https:\/\/www.oarcanjo.net\/site\/wp-content\/uploads\/LogoOArcanjo.png","width":319,"height":99,"caption":"Par\u00f3quia S\u00e3o Miguel Arcanjo"},"image":{"@id":"https:\/\/www.oarcanjo.net\/site\/#\/schema\/logo\/image\/"},"sameAs":["https:\/\/www.facebook.com\/OArcanjoNoAr\/"]},{"@type":"Person","@id":"https:\/\/www.oarcanjo.net\/site\/#\/schema\/person\/5eb9480bedd2f3c97e430ce128c29c6c","name":"danilo"}]}},"publishpress_future_action":{"enabled":false,"date":"2026-05-08 08:48:30","action":"category","newStatus":"draft","terms":[],"taxonomy":"category"},"publishpress_future_workflow_manual_trigger":{"enabledWorkflows":[]},"_links":{"self":[{"href":"https:\/\/www.oarcanjo.net\/site\/wp-json\/wp\/v2\/posts\/10345"}],"collection":[{"href":"https:\/\/www.oarcanjo.net\/site\/wp-json\/wp\/v2\/posts"}],"about":[{"href":"https:\/\/www.oarcanjo.net\/site\/wp-json\/wp\/v2\/types\/post"}],"author":[{"embeddable":true,"href":"https:\/\/www.oarcanjo.net\/site\/wp-json\/wp\/v2\/users\/14"}],"replies":[{"embeddable":true,"href":"https:\/\/www.oarcanjo.net\/site\/wp-json\/wp\/v2\/comments?post=10345"}],"version-history":[{"count":1,"href":"https:\/\/www.oarcanjo.net\/site\/wp-json\/wp\/v2\/posts\/10345\/revisions"}],"predecessor-version":[{"id":88576,"href":"https:\/\/www.oarcanjo.net\/site\/wp-json\/wp\/v2\/posts\/10345\/revisions\/88576"}],"wp:attachment":[{"href":"https:\/\/www.oarcanjo.net\/site\/wp-json\/wp\/v2\/media?parent=10345"}],"wp:term":[{"taxonomy":"category","embeddable":true,"href":"https:\/\/www.oarcanjo.net\/site\/wp-json\/wp\/v2\/categories?post=10345"},{"taxonomy":"post_tag","embeddable":true,"href":"https:\/\/www.oarcanjo.net\/site\/wp-json\/wp\/v2\/tags?post=10345"}],"curies":[{"name":"wp","href":"https:\/\/api.w.org\/{rel}","templated":true}]}}