
{"id":10349,"date":"2018-07-30T00:36:03","date_gmt":"2018-07-30T03:36:03","guid":{"rendered":"http:\/\/www.oarcanjo.net\/site\/?p=10349"},"modified":"2018-06-25T08:11:10","modified_gmt":"2018-06-25T11:11:10","slug":"sao-pedro-crisologo","status":"publish","type":"post","link":"https:\/\/www.oarcanjo.net\/site\/sao-pedro-crisologo\/","title":{"rendered":"S\u00e3o Pedro Cris\u00f3logo"},"content":{"rendered":"<p><img decoding=\"async\" src=\"http:\/\/1.bp.blogspot.com\/_KP1PZFVefrg\/SnFyYmxDqaI\/AAAAAAAAAO4\/BgwpoM-ck0Y\/s400\/S%C3%A3o+Pedro+cris%C3%B3logo.jpg\" alt=\"\" \/><\/p>\n<p>30 de Julho<\/p>\n<p>Pedro Cris\u00f3logo, Pedro &#8220;das palavras de ouro&#8221;, pois, \u00e9 exatamente este o significado do seu sobrenome, dado sabiamente pelo povo e pelo qual se tornou conhecido para sempre. Ele nasceu em \u00cdmola, uma prov\u00edncia de Ravena, n\u00e3o muito distante de Roma, no ano 380. E mereceu este t\u00edtulo, assim como os outros que a Igreja lhe concedeu.<\/p>\n<p>Filho de pais crist\u00e3os, foi educado na f\u00e9 e cedo ordenado di\u00e1cono. Considerado um dos maiores pregadores da hist\u00f3ria da Igreja, era assistido, freq\u00fcentemente, pela imperatriz romana Galla Pl\u00e1cida e seus filhos. Ela o fez seu conselheiro pessoal e, em 424, influenciou para que ele se tornasse o arcedi\u00e1cono de Ravena. Numa \u00e9poca em que a cidade era a capital do Imp\u00e9rio Romano no Ocidente e, tamb\u00e9m, a metr\u00f3pole eclesi\u00e1stica.<\/p>\n<p>Mais tarde, o pr\u00f3prio imperador romano, Valentiniano III, filho de Galla Pl\u00e1cida, indicou-o para ser o bispo de Ravena. Em 433, Pedro Cris\u00f3logo tornou-se o primeiro bispo ocidental a ocupar essa diocese, sendo consagrado pessoalmente pelo papa Xisto III.<\/p>\n<p>Pedro Cris\u00f3logo escreveu, no total, cento e setenta e seis homilias de cunho popular, pelas quais dogmas e liturgias foram explicados de forma simples, direta, objetiva e muito atrativa, proporcionando incont\u00e1veis convers\u00f5es.<\/p>\n<p>Em 448, recebeu a importante visita de um ilustre bispo do seu tempo, Germano de Auxerre, que fatidicamente adoeceu e, assistido por ele, morreu em Ravena. Tamb\u00e9m defendeu a autoridade do papa, ent\u00e3o Le\u00e3o I, o Grande, sobre a quest\u00e3o monofisita, que pregava Cristo em uma s\u00f3 natureza. Essa heresia, vinda do Oriente, propagava-se perigosamente, mas foi resolvida nos conc\u00edlios de \u00c9feso e Calced\u00f4nia.<\/p>\n<p>Pedro Cris\u00f3logo morreu na sua cidade natal, numa data incerta. Alguns historiadores dizem que foi em 31 de julho de 451, mas ele \u00e9 venerado pela Igreja no dia 30 de julho de 450, data mais prov\u00e1vel do seu falecimento.<\/p>\n<p>A autoria dos seus c\u00e9lebres serm\u00f5es, ricos em doutrina, conferiu-lhe outro t\u00edtulo, o de doutor da Igreja, concedido em 1729 pelo papa Bento XIII. S\u00e3o Pedro Cris\u00f3logo, ainda hoje, \u00e9 considerado um modelo de contato com o povo e um exemplo de amor \u00e0 prega\u00e7\u00e3o do Evangelho, o ideal de pastor para a Igreja.<\/p>\n<div id=\"themify_builder_content-10349\" data-postid=\"10349\" class=\"themify_builder_content themify_builder_content-10349 themify_builder themify_builder_front\">\n\t<\/div>\n<!-- \/themify_builder_content -->","protected":false},"excerpt":{"rendered":"<p>30 de Julho Pedro Cris\u00f3logo, Pedro &#8220;das palavras de ouro&#8221;, pois, \u00e9 exatamente este o significado do seu sobrenome, dado sabiamente pelo povo e pelo qual se tornou conhecido para sempre. Ele nasceu em \u00cdmola, uma prov\u00edncia de Ravena, n\u00e3o muito distante de Roma, no ano 380. E mereceu este t\u00edtulo, assim como os outros [&hellip;]<\/p>\n","protected":false},"author":14,"featured_media":0,"comment_status":"open","ping_status":"open","sticky":false,"template":"","format":"standard","meta":{"ngg_post_thumbnail":0,"footnotes":""},"categories":[186],"tags":[],"yoast_head":"<!-- This site is optimized with the Yoast SEO plugin v23.5 - https:\/\/yoast.com\/wordpress\/plugins\/seo\/ -->\n<title>S\u00e3o Pedro Cris\u00f3logo - O Arcanjo no ar<\/title>\n<meta name=\"robots\" content=\"index, follow, max-snippet:-1, max-image-preview:large, max-video-preview:-1\" \/>\n<link rel=\"canonical\" href=\"https:\/\/www.oarcanjo.net\/site\/sao-pedro-crisologo\/\" \/>\n<meta property=\"og:locale\" content=\"pt_BR\" \/>\n<meta property=\"og:type\" content=\"article\" \/>\n<meta property=\"og:title\" content=\"S\u00e3o Pedro Cris\u00f3logo - O Arcanjo no ar\" \/>\n<meta property=\"og:description\" content=\"30 de Julho Pedro Cris\u00f3logo, Pedro &#8220;das palavras de ouro&#8221;, pois, \u00e9 exatamente este o significado do seu sobrenome, dado sabiamente pelo povo e pelo qual se tornou conhecido para sempre. Ele nasceu em \u00cdmola, uma prov\u00edncia de Ravena, n\u00e3o muito distante de Roma, no ano 380. E mereceu este t\u00edtulo, assim como os outros [&hellip;]\" \/>\n<meta property=\"og:url\" content=\"https:\/\/www.oarcanjo.net\/site\/sao-pedro-crisologo\/\" \/>\n<meta property=\"og:site_name\" content=\"O Arcanjo no ar\" \/>\n<meta property=\"article:publisher\" content=\"https:\/\/www.facebook.com\/OArcanjoNoAr\/\" \/>\n<meta property=\"article:published_time\" content=\"2018-07-30T03:36:03+00:00\" \/>\n<meta property=\"article:modified_time\" content=\"2018-06-25T11:11:10+00:00\" \/>\n<meta property=\"og:image\" content=\"http:\/\/1.bp.blogspot.com\/_KP1PZFVefrg\/SnFyYmxDqaI\/AAAAAAAAAO4\/BgwpoM-ck0Y\/s400\/S%C3%A3o+Pedro+cris%C3%B3logo.jpg\" \/>\n<meta name=\"author\" content=\"danilo\" \/>\n<meta name=\"twitter:card\" content=\"summary_large_image\" \/>\n<meta name=\"twitter:label1\" content=\"Escrito por\" \/>\n\t<meta name=\"twitter:data1\" content=\"danilo\" \/>\n\t<meta name=\"twitter:label2\" content=\"Est. tempo de leitura\" \/>\n\t<meta name=\"twitter:data2\" content=\"2 minutos\" \/>\n<script type=\"application\/ld+json\" class=\"yoast-schema-graph\">{\"@context\":\"https:\/\/schema.org\",\"@graph\":[{\"@type\":\"Article\",\"@id\":\"https:\/\/www.oarcanjo.net\/site\/sao-pedro-crisologo\/#article\",\"isPartOf\":{\"@id\":\"https:\/\/www.oarcanjo.net\/site\/sao-pedro-crisologo\/\"},\"author\":{\"name\":\"danilo\",\"@id\":\"https:\/\/www.oarcanjo.net\/site\/#\/schema\/person\/5eb9480bedd2f3c97e430ce128c29c6c\"},\"headline\":\"S\u00e3o Pedro Cris\u00f3logo\",\"datePublished\":\"2018-07-30T03:36:03+00:00\",\"dateModified\":\"2018-06-25T11:11:10+00:00\",\"mainEntityOfPage\":{\"@id\":\"https:\/\/www.oarcanjo.net\/site\/sao-pedro-crisologo\/\"},\"wordCount\":384,\"commentCount\":0,\"publisher\":{\"@id\":\"https:\/\/www.oarcanjo.net\/site\/#organization\"},\"image\":{\"@id\":\"https:\/\/www.oarcanjo.net\/site\/sao-pedro-crisologo\/#primaryimage\"},\"thumbnailUrl\":\"http:\/\/1.bp.blogspot.com\/_KP1PZFVefrg\/SnFyYmxDqaI\/AAAAAAAAAO4\/BgwpoM-ck0Y\/s400\/S%C3%A3o+Pedro+cris%C3%B3logo.jpg\",\"articleSection\":[\"Testemunhos\"],\"inLanguage\":\"pt-BR\",\"potentialAction\":[{\"@type\":\"CommentAction\",\"name\":\"Comment\",\"target\":[\"https:\/\/www.oarcanjo.net\/site\/sao-pedro-crisologo\/#respond\"]}]},{\"@type\":\"WebPage\",\"@id\":\"https:\/\/www.oarcanjo.net\/site\/sao-pedro-crisologo\/\",\"url\":\"https:\/\/www.oarcanjo.net\/site\/sao-pedro-crisologo\/\",\"name\":\"S\u00e3o Pedro Cris\u00f3logo - O Arcanjo no ar\",\"isPartOf\":{\"@id\":\"https:\/\/www.oarcanjo.net\/site\/#website\"},\"primaryImageOfPage\":{\"@id\":\"https:\/\/www.oarcanjo.net\/site\/sao-pedro-crisologo\/#primaryimage\"},\"image\":{\"@id\":\"https:\/\/www.oarcanjo.net\/site\/sao-pedro-crisologo\/#primaryimage\"},\"thumbnailUrl\":\"http:\/\/1.bp.blogspot.com\/_KP1PZFVefrg\/SnFyYmxDqaI\/AAAAAAAAAO4\/BgwpoM-ck0Y\/s400\/S%C3%A3o+Pedro+cris%C3%B3logo.jpg\",\"datePublished\":\"2018-07-30T03:36:03+00:00\",\"dateModified\":\"2018-06-25T11:11:10+00:00\",\"breadcrumb\":{\"@id\":\"https:\/\/www.oarcanjo.net\/site\/sao-pedro-crisologo\/#breadcrumb\"},\"inLanguage\":\"pt-BR\",\"potentialAction\":[{\"@type\":\"ReadAction\",\"target\":[\"https:\/\/www.oarcanjo.net\/site\/sao-pedro-crisologo\/\"]}]},{\"@type\":\"ImageObject\",\"inLanguage\":\"pt-BR\",\"@id\":\"https:\/\/www.oarcanjo.net\/site\/sao-pedro-crisologo\/#primaryimage\",\"url\":\"http:\/\/1.bp.blogspot.com\/_KP1PZFVefrg\/SnFyYmxDqaI\/AAAAAAAAAO4\/BgwpoM-ck0Y\/s400\/S%C3%A3o+Pedro+cris%C3%B3logo.jpg\",\"contentUrl\":\"http:\/\/1.bp.blogspot.com\/_KP1PZFVefrg\/SnFyYmxDqaI\/AAAAAAAAAO4\/BgwpoM-ck0Y\/s400\/S%C3%A3o+Pedro+cris%C3%B3logo.jpg\"},{\"@type\":\"BreadcrumbList\",\"@id\":\"https:\/\/www.oarcanjo.net\/site\/sao-pedro-crisologo\/#breadcrumb\",\"itemListElement\":[{\"@type\":\"ListItem\",\"position\":1,\"name\":\"In\u00edcio\",\"item\":\"https:\/\/www.oarcanjo.net\/site\/\"},{\"@type\":\"ListItem\",\"position\":2,\"name\":\"S\u00e3o Pedro Cris\u00f3logo\"}]},{\"@type\":\"WebSite\",\"@id\":\"https:\/\/www.oarcanjo.net\/site\/#website\",\"url\":\"https:\/\/www.oarcanjo.net\/site\/\",\"name\":\"O Arcanjo no ar\",\"description\":\"Site da Par\u00f3quia S\u00e3o Miguel Arcanjo (Arquidiocese de SP)\",\"publisher\":{\"@id\":\"https:\/\/www.oarcanjo.net\/site\/#organization\"},\"potentialAction\":[{\"@type\":\"SearchAction\",\"target\":{\"@type\":\"EntryPoint\",\"urlTemplate\":\"https:\/\/www.oarcanjo.net\/site\/?s={search_term_string}\"},\"query-input\":{\"@type\":\"PropertyValueSpecification\",\"valueRequired\":true,\"valueName\":\"search_term_string\"}}],\"inLanguage\":\"pt-BR\"},{\"@type\":\"Organization\",\"@id\":\"https:\/\/www.oarcanjo.net\/site\/#organization\",\"name\":\"Par\u00f3quia S\u00e3o Miguel Arcanjo\",\"url\":\"https:\/\/www.oarcanjo.net\/site\/\",\"logo\":{\"@type\":\"ImageObject\",\"inLanguage\":\"pt-BR\",\"@id\":\"https:\/\/www.oarcanjo.net\/site\/#\/schema\/logo\/image\/\",\"url\":\"https:\/\/www.oarcanjo.net\/site\/wp-content\/uploads\/LogoOArcanjo.png\",\"contentUrl\":\"https:\/\/www.oarcanjo.net\/site\/wp-content\/uploads\/LogoOArcanjo.png\",\"width\":319,\"height\":99,\"caption\":\"Par\u00f3quia S\u00e3o Miguel Arcanjo\"},\"image\":{\"@id\":\"https:\/\/www.oarcanjo.net\/site\/#\/schema\/logo\/image\/\"},\"sameAs\":[\"https:\/\/www.facebook.com\/OArcanjoNoAr\/\"]},{\"@type\":\"Person\",\"@id\":\"https:\/\/www.oarcanjo.net\/site\/#\/schema\/person\/5eb9480bedd2f3c97e430ce128c29c6c\",\"name\":\"danilo\"}]}<\/script>\n<!-- \/ Yoast SEO plugin. -->","yoast_head_json":{"title":"S\u00e3o Pedro Cris\u00f3logo - O Arcanjo no ar","robots":{"index":"index","follow":"follow","max-snippet":"max-snippet:-1","max-image-preview":"max-image-preview:large","max-video-preview":"max-video-preview:-1"},"canonical":"https:\/\/www.oarcanjo.net\/site\/sao-pedro-crisologo\/","og_locale":"pt_BR","og_type":"article","og_title":"S\u00e3o Pedro Cris\u00f3logo - O Arcanjo no ar","og_description":"30 de Julho Pedro Cris\u00f3logo, Pedro &#8220;das palavras de ouro&#8221;, pois, \u00e9 exatamente este o significado do seu sobrenome, dado sabiamente pelo povo e pelo qual se tornou conhecido para sempre. Ele nasceu em \u00cdmola, uma prov\u00edncia de Ravena, n\u00e3o muito distante de Roma, no ano 380. E mereceu este t\u00edtulo, assim como os outros [&hellip;]","og_url":"https:\/\/www.oarcanjo.net\/site\/sao-pedro-crisologo\/","og_site_name":"O Arcanjo no ar","article_publisher":"https:\/\/www.facebook.com\/OArcanjoNoAr\/","article_published_time":"2018-07-30T03:36:03+00:00","article_modified_time":"2018-06-25T11:11:10+00:00","og_image":[{"url":"http:\/\/1.bp.blogspot.com\/_KP1PZFVefrg\/SnFyYmxDqaI\/AAAAAAAAAO4\/BgwpoM-ck0Y\/s400\/S%C3%A3o+Pedro+cris%C3%B3logo.jpg"}],"author":"danilo","twitter_card":"summary_large_image","twitter_misc":{"Escrito por":"danilo","Est. tempo de leitura":"2 minutos"},"schema":{"@context":"https:\/\/schema.org","@graph":[{"@type":"Article","@id":"https:\/\/www.oarcanjo.net\/site\/sao-pedro-crisologo\/#article","isPartOf":{"@id":"https:\/\/www.oarcanjo.net\/site\/sao-pedro-crisologo\/"},"author":{"name":"danilo","@id":"https:\/\/www.oarcanjo.net\/site\/#\/schema\/person\/5eb9480bedd2f3c97e430ce128c29c6c"},"headline":"S\u00e3o Pedro Cris\u00f3logo","datePublished":"2018-07-30T03:36:03+00:00","dateModified":"2018-06-25T11:11:10+00:00","mainEntityOfPage":{"@id":"https:\/\/www.oarcanjo.net\/site\/sao-pedro-crisologo\/"},"wordCount":384,"commentCount":0,"publisher":{"@id":"https:\/\/www.oarcanjo.net\/site\/#organization"},"image":{"@id":"https:\/\/www.oarcanjo.net\/site\/sao-pedro-crisologo\/#primaryimage"},"thumbnailUrl":"http:\/\/1.bp.blogspot.com\/_KP1PZFVefrg\/SnFyYmxDqaI\/AAAAAAAAAO4\/BgwpoM-ck0Y\/s400\/S%C3%A3o+Pedro+cris%C3%B3logo.jpg","articleSection":["Testemunhos"],"inLanguage":"pt-BR","potentialAction":[{"@type":"CommentAction","name":"Comment","target":["https:\/\/www.oarcanjo.net\/site\/sao-pedro-crisologo\/#respond"]}]},{"@type":"WebPage","@id":"https:\/\/www.oarcanjo.net\/site\/sao-pedro-crisologo\/","url":"https:\/\/www.oarcanjo.net\/site\/sao-pedro-crisologo\/","name":"S\u00e3o Pedro Cris\u00f3logo - O Arcanjo no ar","isPartOf":{"@id":"https:\/\/www.oarcanjo.net\/site\/#website"},"primaryImageOfPage":{"@id":"https:\/\/www.oarcanjo.net\/site\/sao-pedro-crisologo\/#primaryimage"},"image":{"@id":"https:\/\/www.oarcanjo.net\/site\/sao-pedro-crisologo\/#primaryimage"},"thumbnailUrl":"http:\/\/1.bp.blogspot.com\/_KP1PZFVefrg\/SnFyYmxDqaI\/AAAAAAAAAO4\/BgwpoM-ck0Y\/s400\/S%C3%A3o+Pedro+cris%C3%B3logo.jpg","datePublished":"2018-07-30T03:36:03+00:00","dateModified":"2018-06-25T11:11:10+00:00","breadcrumb":{"@id":"https:\/\/www.oarcanjo.net\/site\/sao-pedro-crisologo\/#breadcrumb"},"inLanguage":"pt-BR","potentialAction":[{"@type":"ReadAction","target":["https:\/\/www.oarcanjo.net\/site\/sao-pedro-crisologo\/"]}]},{"@type":"ImageObject","inLanguage":"pt-BR","@id":"https:\/\/www.oarcanjo.net\/site\/sao-pedro-crisologo\/#primaryimage","url":"http:\/\/1.bp.blogspot.com\/_KP1PZFVefrg\/SnFyYmxDqaI\/AAAAAAAAAO4\/BgwpoM-ck0Y\/s400\/S%C3%A3o+Pedro+cris%C3%B3logo.jpg","contentUrl":"http:\/\/1.bp.blogspot.com\/_KP1PZFVefrg\/SnFyYmxDqaI\/AAAAAAAAAO4\/BgwpoM-ck0Y\/s400\/S%C3%A3o+Pedro+cris%C3%B3logo.jpg"},{"@type":"BreadcrumbList","@id":"https:\/\/www.oarcanjo.net\/site\/sao-pedro-crisologo\/#breadcrumb","itemListElement":[{"@type":"ListItem","position":1,"name":"In\u00edcio","item":"https:\/\/www.oarcanjo.net\/site\/"},{"@type":"ListItem","position":2,"name":"S\u00e3o Pedro Cris\u00f3logo"}]},{"@type":"WebSite","@id":"https:\/\/www.oarcanjo.net\/site\/#website","url":"https:\/\/www.oarcanjo.net\/site\/","name":"O Arcanjo no ar","description":"Site da Par\u00f3quia S\u00e3o Miguel Arcanjo (Arquidiocese de SP)","publisher":{"@id":"https:\/\/www.oarcanjo.net\/site\/#organization"},"potentialAction":[{"@type":"SearchAction","target":{"@type":"EntryPoint","urlTemplate":"https:\/\/www.oarcanjo.net\/site\/?s={search_term_string}"},"query-input":{"@type":"PropertyValueSpecification","valueRequired":true,"valueName":"search_term_string"}}],"inLanguage":"pt-BR"},{"@type":"Organization","@id":"https:\/\/www.oarcanjo.net\/site\/#organization","name":"Par\u00f3quia S\u00e3o Miguel Arcanjo","url":"https:\/\/www.oarcanjo.net\/site\/","logo":{"@type":"ImageObject","inLanguage":"pt-BR","@id":"https:\/\/www.oarcanjo.net\/site\/#\/schema\/logo\/image\/","url":"https:\/\/www.oarcanjo.net\/site\/wp-content\/uploads\/LogoOArcanjo.png","contentUrl":"https:\/\/www.oarcanjo.net\/site\/wp-content\/uploads\/LogoOArcanjo.png","width":319,"height":99,"caption":"Par\u00f3quia S\u00e3o Miguel Arcanjo"},"image":{"@id":"https:\/\/www.oarcanjo.net\/site\/#\/schema\/logo\/image\/"},"sameAs":["https:\/\/www.facebook.com\/OArcanjoNoAr\/"]},{"@type":"Person","@id":"https:\/\/www.oarcanjo.net\/site\/#\/schema\/person\/5eb9480bedd2f3c97e430ce128c29c6c","name":"danilo"}]}},"publishpress_future_action":{"enabled":false,"date":"2026-05-08 10:24:40","action":"category","newStatus":"draft","terms":[],"taxonomy":"category"},"publishpress_future_workflow_manual_trigger":{"enabledWorkflows":[]},"_links":{"self":[{"href":"https:\/\/www.oarcanjo.net\/site\/wp-json\/wp\/v2\/posts\/10349"}],"collection":[{"href":"https:\/\/www.oarcanjo.net\/site\/wp-json\/wp\/v2\/posts"}],"about":[{"href":"https:\/\/www.oarcanjo.net\/site\/wp-json\/wp\/v2\/types\/post"}],"author":[{"embeddable":true,"href":"https:\/\/www.oarcanjo.net\/site\/wp-json\/wp\/v2\/users\/14"}],"replies":[{"embeddable":true,"href":"https:\/\/www.oarcanjo.net\/site\/wp-json\/wp\/v2\/comments?post=10349"}],"version-history":[{"count":1,"href":"https:\/\/www.oarcanjo.net\/site\/wp-json\/wp\/v2\/posts\/10349\/revisions"}],"predecessor-version":[{"id":88822,"href":"https:\/\/www.oarcanjo.net\/site\/wp-json\/wp\/v2\/posts\/10349\/revisions\/88822"}],"wp:attachment":[{"href":"https:\/\/www.oarcanjo.net\/site\/wp-json\/wp\/v2\/media?parent=10349"}],"wp:term":[{"taxonomy":"category","embeddable":true,"href":"https:\/\/www.oarcanjo.net\/site\/wp-json\/wp\/v2\/categories?post=10349"},{"taxonomy":"post_tag","embeddable":true,"href":"https:\/\/www.oarcanjo.net\/site\/wp-json\/wp\/v2\/tags?post=10349"}],"curies":[{"name":"wp","href":"https:\/\/api.w.org\/{rel}","templated":true}]}}