
{"id":10351,"date":"2018-07-31T00:38:02","date_gmt":"2018-07-31T03:38:02","guid":{"rendered":"http:\/\/www.oarcanjo.net\/site\/?p=10351"},"modified":"2018-06-20T18:16:12","modified_gmt":"2018-06-20T21:16:12","slug":"santo-inacio-de-loyola","status":"publish","type":"post","link":"https:\/\/www.oarcanjo.net\/site\/santo-inacio-de-loyola\/","title":{"rendered":"Santo In\u00e1cio de Loyola"},"content":{"rendered":"<p><img decoding=\"async\" src=\"http:\/\/4.bp.blogspot.com\/_Kc4xsAIIGQM\/SndLNwcHtBI\/AAAAAAAAAD0\/aQ3B1zIHupw\/s320\/stoinacioloyola.jpg\" alt=\"\" \/><\/p>\n<p>31 de Julho<\/p>\n<p>Fundou a ordem da Companhia de Jesus &#8220;Padres Jesu\u00edtas&#8221;<\/p>\n<p>I\u00f1igo Lopez de Loyola, este era o seu nome de batismo, nasceu numa fam\u00edlia crist\u00e3, nobre e muito rica, na cidade de Azpeitia, da prov\u00edncia basca de Guipuzcoa, na Espanha, no ano de 1491. O mais novo de treze filhos, foi educado, com todo cuidado, para tornar-se um perfeito fidalgo. Cresceu apreciando os luxos da corte, praticando esportes, principalmente os eq\u00fcestres, seus preferidos.<\/p>\n<p>Em 1506, a fam\u00edlia Lopez de Loyola estava a servi\u00e7o de Jo\u00e3o Vel\u00e1squez de Cuellar, tesoureiro do reino de Castela, do qual era aparentada. No ano seguinte, I\u00f1igo tornou-se pagem e cortes\u00e3o no castelo desse senhor. L\u00e1, aprimorou sua cultura, fez-se um ex\u00edmio cavaleiro e tomou gosto pelas aventuras militares. Era um homem que valorizava mais o orgulho do que a lux\u00faria.<\/p>\n<p>Dez anos depois, em 1517, optou pela carreira militar. Por isso foi prestar servi\u00e7os a um outro parente, n\u00e3o menos importante, o duque de Najera e vice-rei de Navarra, o qual defendeu em v\u00e1rias batalhas, militares e diplom\u00e1ticas.<\/p>\n<p>Mas, em 20 de maio de 1521, uma bala de canh\u00e3o mudou sua vida. Ferido por ela na t\u00edbia da perna esquerda, durante a defesa da cidade de Pamplona, ficou um longo tempo em convalescen\u00e7a. Nesse meio tempo, meio por acaso, trocou a leitura dos romances de infantaria e guerra, por livros sobre a vida dos santos e a Paix\u00e3o de Cristo. E assim foi tocado pela gra\u00e7a. Incentivado por uma de suas irm\u00e3s, que cuidava dele, n\u00e3o voltou mais aos livros que antes adorava, passando a ler somente livros religiosos. J\u00e1 curado, trocou a vida de militar por uma vida de dedica\u00e7\u00e3o a Deus. Foi, ent\u00e3o, \u00e0 capela do santu\u00e1rio de Nossa Senhora de Montserrat, pendurou sua espada no altar e deu as costas ao mundo da corte e das pompas.<\/p>\n<p>Durante um ano, de 1522 a 1523, viveu retirado numa caverna em Manresa, como eremita e mendigo, o tempo todo em penit\u00eancia, na solid\u00e3o e passando as mais duras necessidades. L\u00e1, durante esse per\u00edodo, preparou a base do seu livro mais importante: &#8220;Exerc\u00edcios espirituais&#8221;. E sua vida mudou tanto que do campo de batalhas passou a transitar no campo das id\u00e9ias, indo estudar filosofia e teologia em Paris e Veneza.<\/p>\n<p>Em Paris, em 15 de agosto de 1534, juntaram-se a ele mais seis companheiros, e fundaram a Companhia de Jesus. Entre eles estava Francisco Xavier, que se tornou um dos maiores mission\u00e1rios da Ordem e tamb\u00e9m santo da Igreja. Mas todos s\u00f3 se ordenaram sacerdotes em 1537, quando conclu\u00edram os estudos, ocasi\u00e3o em que I\u00f1igo tomou o nome de In\u00e1cio. Tr\u00eas anos depois, o papa Paulo III aprovou a nova Ordem e In\u00e1cio de Loyola foi escolhido para o cargo de superior-geral.<\/p>\n<p>Ele preparou e enviou os mission\u00e1rios jesu\u00edtas ao mundo todo, para fixarem o cristianismo, especialmente aos nativos pag\u00e3os das terras do novo continente. Entretanto, desde que esteve no cargo de geral da Ordem, In\u00e1cio nunca gozou de boa sa\u00fade. Muito debilitado, morreu no dia 31 de julho de 1556, em Roma, na It\u00e1lia.<\/p>\n<p>A sua contribui\u00e7\u00e3o para a Igreja e para a humanidade foi a sua vis\u00e3o do catolicismo, que veio de sua incessante busca interior e que resultou em defini\u00e7\u00f5es e obras cada vez mais atuais e presentes nos nossos dias. Foi canonizado pelo papa Greg\u00f3rio XV em 1622. A sua festa \u00e9 celebrada, na data de sua morte, nos quatro cantos do planeta onde os jesu\u00edtas atuam. Santo In\u00e1cio de Loyola foi declarado Padroeiro de Todos os Retiros Espirituais pelo papa Pio XI em 1922.<\/p>\n<div id=\"themify_builder_content-10351\" data-postid=\"10351\" class=\"themify_builder_content themify_builder_content-10351 themify_builder themify_builder_front\">\n\t<\/div>\n<!-- \/themify_builder_content -->","protected":false},"excerpt":{"rendered":"<p>31 de Julho Fundou a ordem da Companhia de Jesus &#8220;Padres Jesu\u00edtas&#8221; I\u00f1igo Lopez de Loyola, este era o seu nome de batismo, nasceu numa fam\u00edlia crist\u00e3, nobre e muito rica, na cidade de Azpeitia, da prov\u00edncia basca de Guipuzcoa, na Espanha, no ano de 1491. O mais novo de treze filhos, foi educado, com [&hellip;]<\/p>\n","protected":false},"author":14,"featured_media":0,"comment_status":"open","ping_status":"open","sticky":false,"template":"","format":"standard","meta":{"ngg_post_thumbnail":0,"footnotes":""},"categories":[186],"tags":[],"yoast_head":"<!-- This site is optimized with the Yoast SEO plugin v23.5 - https:\/\/yoast.com\/wordpress\/plugins\/seo\/ -->\n<title>Santo In\u00e1cio de Loyola - O Arcanjo no ar<\/title>\n<meta name=\"robots\" content=\"index, follow, max-snippet:-1, max-image-preview:large, max-video-preview:-1\" \/>\n<link rel=\"canonical\" href=\"https:\/\/www.oarcanjo.net\/site\/santo-inacio-de-loyola\/\" \/>\n<meta property=\"og:locale\" content=\"pt_BR\" \/>\n<meta property=\"og:type\" content=\"article\" \/>\n<meta property=\"og:title\" content=\"Santo In\u00e1cio de Loyola - O Arcanjo no ar\" \/>\n<meta property=\"og:description\" content=\"31 de Julho Fundou a ordem da Companhia de Jesus &#8220;Padres Jesu\u00edtas&#8221; I\u00f1igo Lopez de Loyola, este era o seu nome de batismo, nasceu numa fam\u00edlia crist\u00e3, nobre e muito rica, na cidade de Azpeitia, da prov\u00edncia basca de Guipuzcoa, na Espanha, no ano de 1491. O mais novo de treze filhos, foi educado, com [&hellip;]\" \/>\n<meta property=\"og:url\" content=\"https:\/\/www.oarcanjo.net\/site\/santo-inacio-de-loyola\/\" \/>\n<meta property=\"og:site_name\" content=\"O Arcanjo no ar\" \/>\n<meta property=\"article:publisher\" content=\"https:\/\/www.facebook.com\/OArcanjoNoAr\/\" \/>\n<meta property=\"article:published_time\" content=\"2018-07-31T03:38:02+00:00\" \/>\n<meta property=\"article:modified_time\" content=\"2018-06-20T21:16:12+00:00\" \/>\n<meta property=\"og:image\" content=\"http:\/\/4.bp.blogspot.com\/_Kc4xsAIIGQM\/SndLNwcHtBI\/AAAAAAAAAD0\/aQ3B1zIHupw\/s320\/stoinacioloyola.jpg\" \/>\n<meta name=\"author\" content=\"danilo\" \/>\n<meta name=\"twitter:card\" content=\"summary_large_image\" \/>\n<meta name=\"twitter:label1\" content=\"Escrito por\" \/>\n\t<meta name=\"twitter:data1\" content=\"danilo\" \/>\n\t<meta name=\"twitter:label2\" content=\"Est. tempo de leitura\" \/>\n\t<meta name=\"twitter:data2\" content=\"3 minutos\" \/>\n<script type=\"application\/ld+json\" class=\"yoast-schema-graph\">{\"@context\":\"https:\/\/schema.org\",\"@graph\":[{\"@type\":\"Article\",\"@id\":\"https:\/\/www.oarcanjo.net\/site\/santo-inacio-de-loyola\/#article\",\"isPartOf\":{\"@id\":\"https:\/\/www.oarcanjo.net\/site\/santo-inacio-de-loyola\/\"},\"author\":{\"name\":\"danilo\",\"@id\":\"https:\/\/www.oarcanjo.net\/site\/#\/schema\/person\/5eb9480bedd2f3c97e430ce128c29c6c\"},\"headline\":\"Santo In\u00e1cio de Loyola\",\"datePublished\":\"2018-07-31T03:38:02+00:00\",\"dateModified\":\"2018-06-20T21:16:12+00:00\",\"mainEntityOfPage\":{\"@id\":\"https:\/\/www.oarcanjo.net\/site\/santo-inacio-de-loyola\/\"},\"wordCount\":636,\"commentCount\":0,\"publisher\":{\"@id\":\"https:\/\/www.oarcanjo.net\/site\/#organization\"},\"image\":{\"@id\":\"https:\/\/www.oarcanjo.net\/site\/santo-inacio-de-loyola\/#primaryimage\"},\"thumbnailUrl\":\"http:\/\/4.bp.blogspot.com\/_Kc4xsAIIGQM\/SndLNwcHtBI\/AAAAAAAAAD0\/aQ3B1zIHupw\/s320\/stoinacioloyola.jpg\",\"articleSection\":[\"Testemunhos\"],\"inLanguage\":\"pt-BR\",\"potentialAction\":[{\"@type\":\"CommentAction\",\"name\":\"Comment\",\"target\":[\"https:\/\/www.oarcanjo.net\/site\/santo-inacio-de-loyola\/#respond\"]}]},{\"@type\":\"WebPage\",\"@id\":\"https:\/\/www.oarcanjo.net\/site\/santo-inacio-de-loyola\/\",\"url\":\"https:\/\/www.oarcanjo.net\/site\/santo-inacio-de-loyola\/\",\"name\":\"Santo In\u00e1cio de Loyola - O Arcanjo no ar\",\"isPartOf\":{\"@id\":\"https:\/\/www.oarcanjo.net\/site\/#website\"},\"primaryImageOfPage\":{\"@id\":\"https:\/\/www.oarcanjo.net\/site\/santo-inacio-de-loyola\/#primaryimage\"},\"image\":{\"@id\":\"https:\/\/www.oarcanjo.net\/site\/santo-inacio-de-loyola\/#primaryimage\"},\"thumbnailUrl\":\"http:\/\/4.bp.blogspot.com\/_Kc4xsAIIGQM\/SndLNwcHtBI\/AAAAAAAAAD0\/aQ3B1zIHupw\/s320\/stoinacioloyola.jpg\",\"datePublished\":\"2018-07-31T03:38:02+00:00\",\"dateModified\":\"2018-06-20T21:16:12+00:00\",\"breadcrumb\":{\"@id\":\"https:\/\/www.oarcanjo.net\/site\/santo-inacio-de-loyola\/#breadcrumb\"},\"inLanguage\":\"pt-BR\",\"potentialAction\":[{\"@type\":\"ReadAction\",\"target\":[\"https:\/\/www.oarcanjo.net\/site\/santo-inacio-de-loyola\/\"]}]},{\"@type\":\"ImageObject\",\"inLanguage\":\"pt-BR\",\"@id\":\"https:\/\/www.oarcanjo.net\/site\/santo-inacio-de-loyola\/#primaryimage\",\"url\":\"http:\/\/4.bp.blogspot.com\/_Kc4xsAIIGQM\/SndLNwcHtBI\/AAAAAAAAAD0\/aQ3B1zIHupw\/s320\/stoinacioloyola.jpg\",\"contentUrl\":\"http:\/\/4.bp.blogspot.com\/_Kc4xsAIIGQM\/SndLNwcHtBI\/AAAAAAAAAD0\/aQ3B1zIHupw\/s320\/stoinacioloyola.jpg\"},{\"@type\":\"BreadcrumbList\",\"@id\":\"https:\/\/www.oarcanjo.net\/site\/santo-inacio-de-loyola\/#breadcrumb\",\"itemListElement\":[{\"@type\":\"ListItem\",\"position\":1,\"name\":\"In\u00edcio\",\"item\":\"https:\/\/www.oarcanjo.net\/site\/\"},{\"@type\":\"ListItem\",\"position\":2,\"name\":\"Santo In\u00e1cio de Loyola\"}]},{\"@type\":\"WebSite\",\"@id\":\"https:\/\/www.oarcanjo.net\/site\/#website\",\"url\":\"https:\/\/www.oarcanjo.net\/site\/\",\"name\":\"O Arcanjo no ar\",\"description\":\"Site da Par\u00f3quia S\u00e3o Miguel Arcanjo (Arquidiocese de SP)\",\"publisher\":{\"@id\":\"https:\/\/www.oarcanjo.net\/site\/#organization\"},\"potentialAction\":[{\"@type\":\"SearchAction\",\"target\":{\"@type\":\"EntryPoint\",\"urlTemplate\":\"https:\/\/www.oarcanjo.net\/site\/?s={search_term_string}\"},\"query-input\":{\"@type\":\"PropertyValueSpecification\",\"valueRequired\":true,\"valueName\":\"search_term_string\"}}],\"inLanguage\":\"pt-BR\"},{\"@type\":\"Organization\",\"@id\":\"https:\/\/www.oarcanjo.net\/site\/#organization\",\"name\":\"Par\u00f3quia S\u00e3o Miguel Arcanjo\",\"url\":\"https:\/\/www.oarcanjo.net\/site\/\",\"logo\":{\"@type\":\"ImageObject\",\"inLanguage\":\"pt-BR\",\"@id\":\"https:\/\/www.oarcanjo.net\/site\/#\/schema\/logo\/image\/\",\"url\":\"https:\/\/www.oarcanjo.net\/site\/wp-content\/uploads\/LogoOArcanjo.png\",\"contentUrl\":\"https:\/\/www.oarcanjo.net\/site\/wp-content\/uploads\/LogoOArcanjo.png\",\"width\":319,\"height\":99,\"caption\":\"Par\u00f3quia S\u00e3o Miguel Arcanjo\"},\"image\":{\"@id\":\"https:\/\/www.oarcanjo.net\/site\/#\/schema\/logo\/image\/\"},\"sameAs\":[\"https:\/\/www.facebook.com\/OArcanjoNoAr\/\"]},{\"@type\":\"Person\",\"@id\":\"https:\/\/www.oarcanjo.net\/site\/#\/schema\/person\/5eb9480bedd2f3c97e430ce128c29c6c\",\"name\":\"danilo\"}]}<\/script>\n<!-- \/ Yoast SEO plugin. -->","yoast_head_json":{"title":"Santo In\u00e1cio de Loyola - O Arcanjo no ar","robots":{"index":"index","follow":"follow","max-snippet":"max-snippet:-1","max-image-preview":"max-image-preview:large","max-video-preview":"max-video-preview:-1"},"canonical":"https:\/\/www.oarcanjo.net\/site\/santo-inacio-de-loyola\/","og_locale":"pt_BR","og_type":"article","og_title":"Santo In\u00e1cio de Loyola - O Arcanjo no ar","og_description":"31 de Julho Fundou a ordem da Companhia de Jesus &#8220;Padres Jesu\u00edtas&#8221; I\u00f1igo Lopez de Loyola, este era o seu nome de batismo, nasceu numa fam\u00edlia crist\u00e3, nobre e muito rica, na cidade de Azpeitia, da prov\u00edncia basca de Guipuzcoa, na Espanha, no ano de 1491. O mais novo de treze filhos, foi educado, com [&hellip;]","og_url":"https:\/\/www.oarcanjo.net\/site\/santo-inacio-de-loyola\/","og_site_name":"O Arcanjo no ar","article_publisher":"https:\/\/www.facebook.com\/OArcanjoNoAr\/","article_published_time":"2018-07-31T03:38:02+00:00","article_modified_time":"2018-06-20T21:16:12+00:00","og_image":[{"url":"http:\/\/4.bp.blogspot.com\/_Kc4xsAIIGQM\/SndLNwcHtBI\/AAAAAAAAAD0\/aQ3B1zIHupw\/s320\/stoinacioloyola.jpg"}],"author":"danilo","twitter_card":"summary_large_image","twitter_misc":{"Escrito por":"danilo","Est. tempo de leitura":"3 minutos"},"schema":{"@context":"https:\/\/schema.org","@graph":[{"@type":"Article","@id":"https:\/\/www.oarcanjo.net\/site\/santo-inacio-de-loyola\/#article","isPartOf":{"@id":"https:\/\/www.oarcanjo.net\/site\/santo-inacio-de-loyola\/"},"author":{"name":"danilo","@id":"https:\/\/www.oarcanjo.net\/site\/#\/schema\/person\/5eb9480bedd2f3c97e430ce128c29c6c"},"headline":"Santo In\u00e1cio de Loyola","datePublished":"2018-07-31T03:38:02+00:00","dateModified":"2018-06-20T21:16:12+00:00","mainEntityOfPage":{"@id":"https:\/\/www.oarcanjo.net\/site\/santo-inacio-de-loyola\/"},"wordCount":636,"commentCount":0,"publisher":{"@id":"https:\/\/www.oarcanjo.net\/site\/#organization"},"image":{"@id":"https:\/\/www.oarcanjo.net\/site\/santo-inacio-de-loyola\/#primaryimage"},"thumbnailUrl":"http:\/\/4.bp.blogspot.com\/_Kc4xsAIIGQM\/SndLNwcHtBI\/AAAAAAAAAD0\/aQ3B1zIHupw\/s320\/stoinacioloyola.jpg","articleSection":["Testemunhos"],"inLanguage":"pt-BR","potentialAction":[{"@type":"CommentAction","name":"Comment","target":["https:\/\/www.oarcanjo.net\/site\/santo-inacio-de-loyola\/#respond"]}]},{"@type":"WebPage","@id":"https:\/\/www.oarcanjo.net\/site\/santo-inacio-de-loyola\/","url":"https:\/\/www.oarcanjo.net\/site\/santo-inacio-de-loyola\/","name":"Santo In\u00e1cio de Loyola - O Arcanjo no ar","isPartOf":{"@id":"https:\/\/www.oarcanjo.net\/site\/#website"},"primaryImageOfPage":{"@id":"https:\/\/www.oarcanjo.net\/site\/santo-inacio-de-loyola\/#primaryimage"},"image":{"@id":"https:\/\/www.oarcanjo.net\/site\/santo-inacio-de-loyola\/#primaryimage"},"thumbnailUrl":"http:\/\/4.bp.blogspot.com\/_Kc4xsAIIGQM\/SndLNwcHtBI\/AAAAAAAAAD0\/aQ3B1zIHupw\/s320\/stoinacioloyola.jpg","datePublished":"2018-07-31T03:38:02+00:00","dateModified":"2018-06-20T21:16:12+00:00","breadcrumb":{"@id":"https:\/\/www.oarcanjo.net\/site\/santo-inacio-de-loyola\/#breadcrumb"},"inLanguage":"pt-BR","potentialAction":[{"@type":"ReadAction","target":["https:\/\/www.oarcanjo.net\/site\/santo-inacio-de-loyola\/"]}]},{"@type":"ImageObject","inLanguage":"pt-BR","@id":"https:\/\/www.oarcanjo.net\/site\/santo-inacio-de-loyola\/#primaryimage","url":"http:\/\/4.bp.blogspot.com\/_Kc4xsAIIGQM\/SndLNwcHtBI\/AAAAAAAAAD0\/aQ3B1zIHupw\/s320\/stoinacioloyola.jpg","contentUrl":"http:\/\/4.bp.blogspot.com\/_Kc4xsAIIGQM\/SndLNwcHtBI\/AAAAAAAAAD0\/aQ3B1zIHupw\/s320\/stoinacioloyola.jpg"},{"@type":"BreadcrumbList","@id":"https:\/\/www.oarcanjo.net\/site\/santo-inacio-de-loyola\/#breadcrumb","itemListElement":[{"@type":"ListItem","position":1,"name":"In\u00edcio","item":"https:\/\/www.oarcanjo.net\/site\/"},{"@type":"ListItem","position":2,"name":"Santo In\u00e1cio de Loyola"}]},{"@type":"WebSite","@id":"https:\/\/www.oarcanjo.net\/site\/#website","url":"https:\/\/www.oarcanjo.net\/site\/","name":"O Arcanjo no ar","description":"Site da Par\u00f3quia S\u00e3o Miguel Arcanjo (Arquidiocese de SP)","publisher":{"@id":"https:\/\/www.oarcanjo.net\/site\/#organization"},"potentialAction":[{"@type":"SearchAction","target":{"@type":"EntryPoint","urlTemplate":"https:\/\/www.oarcanjo.net\/site\/?s={search_term_string}"},"query-input":{"@type":"PropertyValueSpecification","valueRequired":true,"valueName":"search_term_string"}}],"inLanguage":"pt-BR"},{"@type":"Organization","@id":"https:\/\/www.oarcanjo.net\/site\/#organization","name":"Par\u00f3quia S\u00e3o Miguel Arcanjo","url":"https:\/\/www.oarcanjo.net\/site\/","logo":{"@type":"ImageObject","inLanguage":"pt-BR","@id":"https:\/\/www.oarcanjo.net\/site\/#\/schema\/logo\/image\/","url":"https:\/\/www.oarcanjo.net\/site\/wp-content\/uploads\/LogoOArcanjo.png","contentUrl":"https:\/\/www.oarcanjo.net\/site\/wp-content\/uploads\/LogoOArcanjo.png","width":319,"height":99,"caption":"Par\u00f3quia S\u00e3o Miguel Arcanjo"},"image":{"@id":"https:\/\/www.oarcanjo.net\/site\/#\/schema\/logo\/image\/"},"sameAs":["https:\/\/www.facebook.com\/OArcanjoNoAr\/"]},{"@type":"Person","@id":"https:\/\/www.oarcanjo.net\/site\/#\/schema\/person\/5eb9480bedd2f3c97e430ce128c29c6c","name":"danilo"}]}},"publishpress_future_action":{"enabled":false,"date":"2026-05-08 08:49:20","action":"category","newStatus":"draft","terms":[],"taxonomy":"category"},"publishpress_future_workflow_manual_trigger":{"enabledWorkflows":[]},"_links":{"self":[{"href":"https:\/\/www.oarcanjo.net\/site\/wp-json\/wp\/v2\/posts\/10351"}],"collection":[{"href":"https:\/\/www.oarcanjo.net\/site\/wp-json\/wp\/v2\/posts"}],"about":[{"href":"https:\/\/www.oarcanjo.net\/site\/wp-json\/wp\/v2\/types\/post"}],"author":[{"embeddable":true,"href":"https:\/\/www.oarcanjo.net\/site\/wp-json\/wp\/v2\/users\/14"}],"replies":[{"embeddable":true,"href":"https:\/\/www.oarcanjo.net\/site\/wp-json\/wp\/v2\/comments?post=10351"}],"version-history":[{"count":1,"href":"https:\/\/www.oarcanjo.net\/site\/wp-json\/wp\/v2\/posts\/10351\/revisions"}],"predecessor-version":[{"id":88575,"href":"https:\/\/www.oarcanjo.net\/site\/wp-json\/wp\/v2\/posts\/10351\/revisions\/88575"}],"wp:attachment":[{"href":"https:\/\/www.oarcanjo.net\/site\/wp-json\/wp\/v2\/media?parent=10351"}],"wp:term":[{"taxonomy":"category","embeddable":true,"href":"https:\/\/www.oarcanjo.net\/site\/wp-json\/wp\/v2\/categories?post=10351"},{"taxonomy":"post_tag","embeddable":true,"href":"https:\/\/www.oarcanjo.net\/site\/wp-json\/wp\/v2\/tags?post=10351"}],"curies":[{"name":"wp","href":"https:\/\/api.w.org\/{rel}","templated":true}]}}