
{"id":10354,"date":"2018-08-01T00:52:12","date_gmt":"2018-08-01T03:52:12","guid":{"rendered":"http:\/\/www.oarcanjo.net\/site\/?p=10354"},"modified":"2018-06-20T18:25:30","modified_gmt":"2018-06-20T21:25:30","slug":"santo-afonso-maria-de-ligorio","status":"publish","type":"post","link":"https:\/\/www.oarcanjo.net\/site\/santo-afonso-maria-de-ligorio\/","title":{"rendered":"Santo Afonso Maria de Lig\u00f3rio"},"content":{"rendered":"<p><img decoding=\"async\" src=\"http:\/\/3.bp.blogspot.com\/_KP1PZFVefrg\/SnRvQ4dJrNI\/AAAAAAAAAP4\/1uHrJHuLkco\/s400\/Santo+Afonso+Maria+de+Lig%C3%B3rio.jpg\" alt=\"\" \/><\/p>\n<p>01 de Agosto<\/p>\n<p>Fundou a Congrega\u00e7\u00e3o do Sant\u00edssimo Redentor &#8220;Padres Redentoristas&#8221;<\/p>\n<p>Afonso de Lig\u00f3rio nasceu no dia 27 de setembro de 1696, no povoado de Marianela, em N\u00e1poles, na It\u00e1lia, filho de pais crist\u00e3os, ricos e nobres, que, ao se depararem com sua intelig\u00eancia privilegiada, deram-lhe todas as condi\u00e7\u00f5es e todo o suporte para tornar-se uma pessoa brilhante. Enquanto seu pai o preparava nos estudos acad\u00eamicos e cient\u00edficos, sua m\u00e3e preocupava-se em educ\u00e1-lo nos caminhos da f\u00e9 e do cristianismo. Ele cresceu um crist\u00e3o fervoroso, m\u00fasico, poeta, escritor e, com apenas dezesseis anos de idade, doutorou-se em direito civil e eclesi\u00e1stico.<\/p>\n<p>Passou a advogar e atender no f\u00f3rum de N\u00e1poles, por\u00e9m jamais abandonou sua vida espiritual, que era muito intensa. Sempre foi muito prudente, nunca advogou para a Corte, atendia a todos, ricos ou pobres, com igual empenho. Por\u00e9m atendia, em primeiro lugar, os pobres, que n\u00e3o tinham como pagar um advogado, n\u00e3o por uma quest\u00e3o moral, mas porque era crist\u00e3o.<\/p>\n<p>Depois de dez anos, tornara-se um memor\u00e1vel e bem sucedido advogado, cuja fama chegara aos f\u00f3runs jur\u00eddicos de toda a It\u00e1lia. Entretanto, por exclusiva interfer\u00eancia pol\u00edtica, perdeu uma causa de grande repercuss\u00e3o social, ocasionando-lhe uma violenta desilus\u00e3o moral. A experi\u00eancia do mundo e a forte corrup\u00e7\u00e3o moral j\u00e1 eram objeto de suas reflex\u00f5es, ap\u00f3s esse acontecimento decidiu abandonar tudo e seguir a vida religiosa.<\/p>\n<p>O pai, a princ\u00edpio, n\u00e3o concordou, mas, vendo o filho renunciar \u00e0 heran\u00e7a e aos t\u00edtulos de nobreza, com alegria no cora\u00e7\u00e3o, aceitou sua decis\u00e3o. Afonso concluiu os estudos de teologia, sendo ordenado sacerdote aos trinta anos, em 1726. Escolheu o nome de Maria para homenagear o Nosso Redentor por meio da Sant\u00edssima M\u00e3e, aos quais dedicava toda a sua devo\u00e7\u00e3o, e agora tamb\u00e9m a vida.<\/p>\n<p>Desde ent\u00e3o, colocou seus muitos talentos a servi\u00e7o do Povo de Deus, evidenciando ainda mais os da bondade, da caridade, da f\u00e9 em Cristo e do conforto espiritual que passava a seus semelhantes. Em suas prega\u00e7\u00f5es, Afonso Maria usava as qualidades da orat\u00f3ria e colocava sua ci\u00eancia a servi\u00e7o do Redentor. As suas palavras eram um b\u00e1lsamo aos que procuravam reconcilia\u00e7\u00e3o e orienta\u00e7\u00e3o, por meio do confession\u00e1rio, minist\u00e9rio ao qual se dedicou durante todo o seu apostolado. Aos que lhe perguntavam qual era o seu lema, dizia: &#8220;Deus me enviou para evangelizar os pobres&#8221;.<\/p>\n<p>Para viver plenamente o seu lema, em 1732, fundou a Congrega\u00e7\u00e3o do Sant\u00edssimo Redentor, ou dos Padres Redentoristas, destinada, exclusivamente, \u00e0 prega\u00e7\u00e3o aos pobres, \u00e0s regi\u00f5es de popula\u00e7\u00e3o abandonada, sob a forma de miss\u00f5es e retiros. Ele mesmo viajou por quase todo o sul da It\u00e1lia pregando a Palavra de Deus e a devo\u00e7\u00e3o a Maria, entremeando sua atividade pastoral com a de escritor de livros asc\u00e9ticos e teol\u00f3gicos. Com tudo isso, conseguiu a convers\u00e3o de muitas pessoas.<\/p>\n<p>Em 1762, obedecendo \u00e0 indica\u00e7\u00e3o do papa, aceitou ser o bispo da diocese de Santa \u00c1gueda dos Godos, diante da qual permaneceu durante treze anos. Portador de artrite degenerativa deformante, j\u00e1 paral\u00edtico e quase cego, retirou-se ao seu convento, onde completou sua extensa e important\u00edssima obra liter\u00e1ria, composta de cento e vinte livros e tratados. Entre os mais c\u00e9lebres est\u00e3o: &#8220;Teologia moral&#8221;; &#8220;Gl\u00f3rias de Maria&#8221;, &#8220;Visitas ao SS. Sacramento&#8221;; al\u00e9m do &#8220;Tratado sobre a ora\u00e7\u00e3o&#8221;.<\/p>\n<p>Depois de doze anos de muito sofrimento f\u00edsico, Afonso Maria de Lig\u00f3rio morreu aos noventa e um anos, no dia 1\u00ba de agosto de 1787, em Nocera dei Pagani, Salerno, It\u00e1lia. Canonizado em 1839, foi declarado doutor da Igreja em 1871. O papa Pio XII proclamou santo Afonso Maria de Lig\u00f3rio Padroeiro dos Confessores e dos Te\u00f3logos de Teologia Moral em 1950.<\/p>\n<p><img decoding=\"async\" src=\"http:\/\/reporterdecristo.com\/wp-content\/uploads\/2010\/04\/afonso-de-ligorio.jpg\" alt=\"\" \/><\/p>\n<div>ORA\u00c7\u00c3O A SANTO AFONSO MARIA DE LIG\u00d3RIO<\/div>\n<p>\u00a0Senhor concedei-me pelos m\u00e9ritos de santo Afonso Maria de Lig\u00f3rio, o dom do verdadeiro amor fraternal.<\/p>\n<p>\u00a0Com vossa gra\u00e7a, ajudai-me, pois n\u00e3o quero mais julgar, condenar, desprezar, excluir.<\/p>\n<p>Contudo para isso torna-se necess\u00e1rio realizar uma reforma intima, para isto \u00e9 que venho at\u00e9 v\u00f3s, em nome de Santo Afonso Maria de Lig\u00f3rio, implorar-vos que me mantenha firme neste prop\u00f3sito. Que eu humildemente reconhe\u00e7a as doen\u00e7as de minha alma e com prop\u00f3sito firme as cure.<\/p>\n<p>\u00a0Que Assim Seja.<\/p>\n<div id=\"themify_builder_content-10354\" data-postid=\"10354\" class=\"themify_builder_content themify_builder_content-10354 themify_builder themify_builder_front\">\n\t<\/div>\n<!-- \/themify_builder_content -->","protected":false},"excerpt":{"rendered":"<p>01 de Agosto Fundou a Congrega\u00e7\u00e3o do Sant\u00edssimo Redentor &#8220;Padres Redentoristas&#8221; Afonso de Lig\u00f3rio nasceu no dia 27 de setembro de 1696, no povoado de Marianela, em N\u00e1poles, na It\u00e1lia, filho de pais crist\u00e3os, ricos e nobres, que, ao se depararem com sua intelig\u00eancia privilegiada, deram-lhe todas as condi\u00e7\u00f5es e todo o suporte para tornar-se [&hellip;]<\/p>\n","protected":false},"author":14,"featured_media":0,"comment_status":"open","ping_status":"open","sticky":false,"template":"","format":"standard","meta":{"ngg_post_thumbnail":0,"footnotes":""},"categories":[186],"tags":[],"yoast_head":"<!-- This site is optimized with the Yoast SEO plugin v23.5 - https:\/\/yoast.com\/wordpress\/plugins\/seo\/ -->\n<title>Santo Afonso Maria de Lig\u00f3rio - O Arcanjo no ar<\/title>\n<meta name=\"robots\" content=\"index, follow, max-snippet:-1, max-image-preview:large, max-video-preview:-1\" \/>\n<link rel=\"canonical\" href=\"https:\/\/www.oarcanjo.net\/site\/santo-afonso-maria-de-ligorio\/\" \/>\n<meta property=\"og:locale\" content=\"pt_BR\" \/>\n<meta property=\"og:type\" content=\"article\" \/>\n<meta property=\"og:title\" content=\"Santo Afonso Maria de Lig\u00f3rio - O Arcanjo no ar\" \/>\n<meta property=\"og:description\" content=\"01 de Agosto Fundou a Congrega\u00e7\u00e3o do Sant\u00edssimo Redentor &#8220;Padres Redentoristas&#8221; Afonso de Lig\u00f3rio nasceu no dia 27 de setembro de 1696, no povoado de Marianela, em N\u00e1poles, na It\u00e1lia, filho de pais crist\u00e3os, ricos e nobres, que, ao se depararem com sua intelig\u00eancia privilegiada, deram-lhe todas as condi\u00e7\u00f5es e todo o suporte para tornar-se [&hellip;]\" \/>\n<meta property=\"og:url\" content=\"https:\/\/www.oarcanjo.net\/site\/santo-afonso-maria-de-ligorio\/\" \/>\n<meta property=\"og:site_name\" content=\"O Arcanjo no ar\" \/>\n<meta property=\"article:publisher\" content=\"https:\/\/www.facebook.com\/OArcanjoNoAr\/\" \/>\n<meta property=\"article:published_time\" content=\"2018-08-01T03:52:12+00:00\" \/>\n<meta property=\"article:modified_time\" content=\"2018-06-20T21:25:30+00:00\" \/>\n<meta property=\"og:image\" content=\"http:\/\/3.bp.blogspot.com\/_KP1PZFVefrg\/SnRvQ4dJrNI\/AAAAAAAAAP4\/1uHrJHuLkco\/s400\/Santo+Afonso+Maria+de+Lig%C3%B3rio.jpg\" \/>\n<meta name=\"author\" content=\"danilo\" \/>\n<meta name=\"twitter:card\" content=\"summary_large_image\" \/>\n<meta name=\"twitter:label1\" content=\"Escrito por\" \/>\n\t<meta name=\"twitter:data1\" content=\"danilo\" \/>\n\t<meta name=\"twitter:label2\" content=\"Est. tempo de leitura\" \/>\n\t<meta name=\"twitter:data2\" content=\"4 minutos\" \/>\n<script type=\"application\/ld+json\" class=\"yoast-schema-graph\">{\"@context\":\"https:\/\/schema.org\",\"@graph\":[{\"@type\":\"Article\",\"@id\":\"https:\/\/www.oarcanjo.net\/site\/santo-afonso-maria-de-ligorio\/#article\",\"isPartOf\":{\"@id\":\"https:\/\/www.oarcanjo.net\/site\/santo-afonso-maria-de-ligorio\/\"},\"author\":{\"name\":\"danilo\",\"@id\":\"https:\/\/www.oarcanjo.net\/site\/#\/schema\/person\/5eb9480bedd2f3c97e430ce128c29c6c\"},\"headline\":\"Santo Afonso Maria de Lig\u00f3rio\",\"datePublished\":\"2018-08-01T03:52:12+00:00\",\"dateModified\":\"2018-06-20T21:25:30+00:00\",\"mainEntityOfPage\":{\"@id\":\"https:\/\/www.oarcanjo.net\/site\/santo-afonso-maria-de-ligorio\/\"},\"wordCount\":769,\"commentCount\":1,\"publisher\":{\"@id\":\"https:\/\/www.oarcanjo.net\/site\/#organization\"},\"image\":{\"@id\":\"https:\/\/www.oarcanjo.net\/site\/santo-afonso-maria-de-ligorio\/#primaryimage\"},\"thumbnailUrl\":\"http:\/\/3.bp.blogspot.com\/_KP1PZFVefrg\/SnRvQ4dJrNI\/AAAAAAAAAP4\/1uHrJHuLkco\/s400\/Santo+Afonso+Maria+de+Lig%C3%B3rio.jpg\",\"articleSection\":[\"Testemunhos\"],\"inLanguage\":\"pt-BR\",\"potentialAction\":[{\"@type\":\"CommentAction\",\"name\":\"Comment\",\"target\":[\"https:\/\/www.oarcanjo.net\/site\/santo-afonso-maria-de-ligorio\/#respond\"]}]},{\"@type\":\"WebPage\",\"@id\":\"https:\/\/www.oarcanjo.net\/site\/santo-afonso-maria-de-ligorio\/\",\"url\":\"https:\/\/www.oarcanjo.net\/site\/santo-afonso-maria-de-ligorio\/\",\"name\":\"Santo Afonso Maria de Lig\u00f3rio - O Arcanjo no ar\",\"isPartOf\":{\"@id\":\"https:\/\/www.oarcanjo.net\/site\/#website\"},\"primaryImageOfPage\":{\"@id\":\"https:\/\/www.oarcanjo.net\/site\/santo-afonso-maria-de-ligorio\/#primaryimage\"},\"image\":{\"@id\":\"https:\/\/www.oarcanjo.net\/site\/santo-afonso-maria-de-ligorio\/#primaryimage\"},\"thumbnailUrl\":\"http:\/\/3.bp.blogspot.com\/_KP1PZFVefrg\/SnRvQ4dJrNI\/AAAAAAAAAP4\/1uHrJHuLkco\/s400\/Santo+Afonso+Maria+de+Lig%C3%B3rio.jpg\",\"datePublished\":\"2018-08-01T03:52:12+00:00\",\"dateModified\":\"2018-06-20T21:25:30+00:00\",\"breadcrumb\":{\"@id\":\"https:\/\/www.oarcanjo.net\/site\/santo-afonso-maria-de-ligorio\/#breadcrumb\"},\"inLanguage\":\"pt-BR\",\"potentialAction\":[{\"@type\":\"ReadAction\",\"target\":[\"https:\/\/www.oarcanjo.net\/site\/santo-afonso-maria-de-ligorio\/\"]}]},{\"@type\":\"ImageObject\",\"inLanguage\":\"pt-BR\",\"@id\":\"https:\/\/www.oarcanjo.net\/site\/santo-afonso-maria-de-ligorio\/#primaryimage\",\"url\":\"http:\/\/3.bp.blogspot.com\/_KP1PZFVefrg\/SnRvQ4dJrNI\/AAAAAAAAAP4\/1uHrJHuLkco\/s400\/Santo+Afonso+Maria+de+Lig%C3%B3rio.jpg\",\"contentUrl\":\"http:\/\/3.bp.blogspot.com\/_KP1PZFVefrg\/SnRvQ4dJrNI\/AAAAAAAAAP4\/1uHrJHuLkco\/s400\/Santo+Afonso+Maria+de+Lig%C3%B3rio.jpg\"},{\"@type\":\"BreadcrumbList\",\"@id\":\"https:\/\/www.oarcanjo.net\/site\/santo-afonso-maria-de-ligorio\/#breadcrumb\",\"itemListElement\":[{\"@type\":\"ListItem\",\"position\":1,\"name\":\"In\u00edcio\",\"item\":\"https:\/\/www.oarcanjo.net\/site\/\"},{\"@type\":\"ListItem\",\"position\":2,\"name\":\"Santo Afonso Maria de Lig\u00f3rio\"}]},{\"@type\":\"WebSite\",\"@id\":\"https:\/\/www.oarcanjo.net\/site\/#website\",\"url\":\"https:\/\/www.oarcanjo.net\/site\/\",\"name\":\"O Arcanjo no ar\",\"description\":\"Site da Par\u00f3quia S\u00e3o Miguel Arcanjo (Arquidiocese de SP)\",\"publisher\":{\"@id\":\"https:\/\/www.oarcanjo.net\/site\/#organization\"},\"potentialAction\":[{\"@type\":\"SearchAction\",\"target\":{\"@type\":\"EntryPoint\",\"urlTemplate\":\"https:\/\/www.oarcanjo.net\/site\/?s={search_term_string}\"},\"query-input\":{\"@type\":\"PropertyValueSpecification\",\"valueRequired\":true,\"valueName\":\"search_term_string\"}}],\"inLanguage\":\"pt-BR\"},{\"@type\":\"Organization\",\"@id\":\"https:\/\/www.oarcanjo.net\/site\/#organization\",\"name\":\"Par\u00f3quia S\u00e3o Miguel Arcanjo\",\"url\":\"https:\/\/www.oarcanjo.net\/site\/\",\"logo\":{\"@type\":\"ImageObject\",\"inLanguage\":\"pt-BR\",\"@id\":\"https:\/\/www.oarcanjo.net\/site\/#\/schema\/logo\/image\/\",\"url\":\"https:\/\/www.oarcanjo.net\/site\/wp-content\/uploads\/LogoOArcanjo.png\",\"contentUrl\":\"https:\/\/www.oarcanjo.net\/site\/wp-content\/uploads\/LogoOArcanjo.png\",\"width\":319,\"height\":99,\"caption\":\"Par\u00f3quia S\u00e3o Miguel Arcanjo\"},\"image\":{\"@id\":\"https:\/\/www.oarcanjo.net\/site\/#\/schema\/logo\/image\/\"},\"sameAs\":[\"https:\/\/www.facebook.com\/OArcanjoNoAr\/\"]},{\"@type\":\"Person\",\"@id\":\"https:\/\/www.oarcanjo.net\/site\/#\/schema\/person\/5eb9480bedd2f3c97e430ce128c29c6c\",\"name\":\"danilo\"}]}<\/script>\n<!-- \/ Yoast SEO plugin. -->","yoast_head_json":{"title":"Santo Afonso Maria de Lig\u00f3rio - O Arcanjo no ar","robots":{"index":"index","follow":"follow","max-snippet":"max-snippet:-1","max-image-preview":"max-image-preview:large","max-video-preview":"max-video-preview:-1"},"canonical":"https:\/\/www.oarcanjo.net\/site\/santo-afonso-maria-de-ligorio\/","og_locale":"pt_BR","og_type":"article","og_title":"Santo Afonso Maria de Lig\u00f3rio - O Arcanjo no ar","og_description":"01 de Agosto Fundou a Congrega\u00e7\u00e3o do Sant\u00edssimo Redentor &#8220;Padres Redentoristas&#8221; Afonso de Lig\u00f3rio nasceu no dia 27 de setembro de 1696, no povoado de Marianela, em N\u00e1poles, na It\u00e1lia, filho de pais crist\u00e3os, ricos e nobres, que, ao se depararem com sua intelig\u00eancia privilegiada, deram-lhe todas as condi\u00e7\u00f5es e todo o suporte para tornar-se [&hellip;]","og_url":"https:\/\/www.oarcanjo.net\/site\/santo-afonso-maria-de-ligorio\/","og_site_name":"O Arcanjo no ar","article_publisher":"https:\/\/www.facebook.com\/OArcanjoNoAr\/","article_published_time":"2018-08-01T03:52:12+00:00","article_modified_time":"2018-06-20T21:25:30+00:00","og_image":[{"url":"http:\/\/3.bp.blogspot.com\/_KP1PZFVefrg\/SnRvQ4dJrNI\/AAAAAAAAAP4\/1uHrJHuLkco\/s400\/Santo+Afonso+Maria+de+Lig%C3%B3rio.jpg"}],"author":"danilo","twitter_card":"summary_large_image","twitter_misc":{"Escrito por":"danilo","Est. tempo de leitura":"4 minutos"},"schema":{"@context":"https:\/\/schema.org","@graph":[{"@type":"Article","@id":"https:\/\/www.oarcanjo.net\/site\/santo-afonso-maria-de-ligorio\/#article","isPartOf":{"@id":"https:\/\/www.oarcanjo.net\/site\/santo-afonso-maria-de-ligorio\/"},"author":{"name":"danilo","@id":"https:\/\/www.oarcanjo.net\/site\/#\/schema\/person\/5eb9480bedd2f3c97e430ce128c29c6c"},"headline":"Santo Afonso Maria de Lig\u00f3rio","datePublished":"2018-08-01T03:52:12+00:00","dateModified":"2018-06-20T21:25:30+00:00","mainEntityOfPage":{"@id":"https:\/\/www.oarcanjo.net\/site\/santo-afonso-maria-de-ligorio\/"},"wordCount":769,"commentCount":1,"publisher":{"@id":"https:\/\/www.oarcanjo.net\/site\/#organization"},"image":{"@id":"https:\/\/www.oarcanjo.net\/site\/santo-afonso-maria-de-ligorio\/#primaryimage"},"thumbnailUrl":"http:\/\/3.bp.blogspot.com\/_KP1PZFVefrg\/SnRvQ4dJrNI\/AAAAAAAAAP4\/1uHrJHuLkco\/s400\/Santo+Afonso+Maria+de+Lig%C3%B3rio.jpg","articleSection":["Testemunhos"],"inLanguage":"pt-BR","potentialAction":[{"@type":"CommentAction","name":"Comment","target":["https:\/\/www.oarcanjo.net\/site\/santo-afonso-maria-de-ligorio\/#respond"]}]},{"@type":"WebPage","@id":"https:\/\/www.oarcanjo.net\/site\/santo-afonso-maria-de-ligorio\/","url":"https:\/\/www.oarcanjo.net\/site\/santo-afonso-maria-de-ligorio\/","name":"Santo Afonso Maria de Lig\u00f3rio - O Arcanjo no ar","isPartOf":{"@id":"https:\/\/www.oarcanjo.net\/site\/#website"},"primaryImageOfPage":{"@id":"https:\/\/www.oarcanjo.net\/site\/santo-afonso-maria-de-ligorio\/#primaryimage"},"image":{"@id":"https:\/\/www.oarcanjo.net\/site\/santo-afonso-maria-de-ligorio\/#primaryimage"},"thumbnailUrl":"http:\/\/3.bp.blogspot.com\/_KP1PZFVefrg\/SnRvQ4dJrNI\/AAAAAAAAAP4\/1uHrJHuLkco\/s400\/Santo+Afonso+Maria+de+Lig%C3%B3rio.jpg","datePublished":"2018-08-01T03:52:12+00:00","dateModified":"2018-06-20T21:25:30+00:00","breadcrumb":{"@id":"https:\/\/www.oarcanjo.net\/site\/santo-afonso-maria-de-ligorio\/#breadcrumb"},"inLanguage":"pt-BR","potentialAction":[{"@type":"ReadAction","target":["https:\/\/www.oarcanjo.net\/site\/santo-afonso-maria-de-ligorio\/"]}]},{"@type":"ImageObject","inLanguage":"pt-BR","@id":"https:\/\/www.oarcanjo.net\/site\/santo-afonso-maria-de-ligorio\/#primaryimage","url":"http:\/\/3.bp.blogspot.com\/_KP1PZFVefrg\/SnRvQ4dJrNI\/AAAAAAAAAP4\/1uHrJHuLkco\/s400\/Santo+Afonso+Maria+de+Lig%C3%B3rio.jpg","contentUrl":"http:\/\/3.bp.blogspot.com\/_KP1PZFVefrg\/SnRvQ4dJrNI\/AAAAAAAAAP4\/1uHrJHuLkco\/s400\/Santo+Afonso+Maria+de+Lig%C3%B3rio.jpg"},{"@type":"BreadcrumbList","@id":"https:\/\/www.oarcanjo.net\/site\/santo-afonso-maria-de-ligorio\/#breadcrumb","itemListElement":[{"@type":"ListItem","position":1,"name":"In\u00edcio","item":"https:\/\/www.oarcanjo.net\/site\/"},{"@type":"ListItem","position":2,"name":"Santo Afonso Maria de Lig\u00f3rio"}]},{"@type":"WebSite","@id":"https:\/\/www.oarcanjo.net\/site\/#website","url":"https:\/\/www.oarcanjo.net\/site\/","name":"O Arcanjo no ar","description":"Site da Par\u00f3quia S\u00e3o Miguel Arcanjo (Arquidiocese de SP)","publisher":{"@id":"https:\/\/www.oarcanjo.net\/site\/#organization"},"potentialAction":[{"@type":"SearchAction","target":{"@type":"EntryPoint","urlTemplate":"https:\/\/www.oarcanjo.net\/site\/?s={search_term_string}"},"query-input":{"@type":"PropertyValueSpecification","valueRequired":true,"valueName":"search_term_string"}}],"inLanguage":"pt-BR"},{"@type":"Organization","@id":"https:\/\/www.oarcanjo.net\/site\/#organization","name":"Par\u00f3quia S\u00e3o Miguel Arcanjo","url":"https:\/\/www.oarcanjo.net\/site\/","logo":{"@type":"ImageObject","inLanguage":"pt-BR","@id":"https:\/\/www.oarcanjo.net\/site\/#\/schema\/logo\/image\/","url":"https:\/\/www.oarcanjo.net\/site\/wp-content\/uploads\/LogoOArcanjo.png","contentUrl":"https:\/\/www.oarcanjo.net\/site\/wp-content\/uploads\/LogoOArcanjo.png","width":319,"height":99,"caption":"Par\u00f3quia S\u00e3o Miguel Arcanjo"},"image":{"@id":"https:\/\/www.oarcanjo.net\/site\/#\/schema\/logo\/image\/"},"sameAs":["https:\/\/www.facebook.com\/OArcanjoNoAr\/"]},{"@type":"Person","@id":"https:\/\/www.oarcanjo.net\/site\/#\/schema\/person\/5eb9480bedd2f3c97e430ce128c29c6c","name":"danilo"}]}},"publishpress_future_action":{"enabled":false,"date":"2026-05-08 08:09:52","action":"category","newStatus":"draft","terms":[],"taxonomy":"category"},"publishpress_future_workflow_manual_trigger":{"enabledWorkflows":[]},"_links":{"self":[{"href":"https:\/\/www.oarcanjo.net\/site\/wp-json\/wp\/v2\/posts\/10354"}],"collection":[{"href":"https:\/\/www.oarcanjo.net\/site\/wp-json\/wp\/v2\/posts"}],"about":[{"href":"https:\/\/www.oarcanjo.net\/site\/wp-json\/wp\/v2\/types\/post"}],"author":[{"embeddable":true,"href":"https:\/\/www.oarcanjo.net\/site\/wp-json\/wp\/v2\/users\/14"}],"replies":[{"embeddable":true,"href":"https:\/\/www.oarcanjo.net\/site\/wp-json\/wp\/v2\/comments?post=10354"}],"version-history":[{"count":1,"href":"https:\/\/www.oarcanjo.net\/site\/wp-json\/wp\/v2\/posts\/10354\/revisions"}],"predecessor-version":[{"id":88634,"href":"https:\/\/www.oarcanjo.net\/site\/wp-json\/wp\/v2\/posts\/10354\/revisions\/88634"}],"wp:attachment":[{"href":"https:\/\/www.oarcanjo.net\/site\/wp-json\/wp\/v2\/media?parent=10354"}],"wp:term":[{"taxonomy":"category","embeddable":true,"href":"https:\/\/www.oarcanjo.net\/site\/wp-json\/wp\/v2\/categories?post=10354"},{"taxonomy":"post_tag","embeddable":true,"href":"https:\/\/www.oarcanjo.net\/site\/wp-json\/wp\/v2\/tags?post=10354"}],"curies":[{"name":"wp","href":"https:\/\/api.w.org\/{rel}","templated":true}]}}