
{"id":10356,"date":"2018-08-02T00:56:18","date_gmt":"2018-08-02T03:56:18","guid":{"rendered":"http:\/\/www.oarcanjo.net\/site\/?p=10356"},"modified":"2018-06-20T18:25:36","modified_gmt":"2018-06-20T21:25:36","slug":"santo-eusebio-de-vercelli","status":"publish","type":"post","link":"https:\/\/www.oarcanjo.net\/site\/santo-eusebio-de-vercelli\/","title":{"rendered":"Santo Eus\u00e9bio de Vercelli"},"content":{"rendered":"<p><img decoding=\"async\" src=\"http:\/\/www.cancaonova.com\/portal\/canais\/santodia\/santos\/bycod\/000209.jpg\" alt=\"\" \/><\/p>\n<p>2 de Agosto<\/p>\n<p>Eus\u00e9bio nasceu na ilha da Sardenha, no ano 283. Depois da morte do seu pai, em testemunho da f\u00e9 em Cristo, durante a persegui\u00e7\u00e3o do imperador Diocleciano, sua m\u00e3e levou-o para completar os estudos eclesi\u00e1sticos em Roma. Assim, muito jovem, Eus\u00e9bio entrou para o clero, sendo ordenado sacerdote. Aos poucos, foi ganhando a admira\u00e7\u00e3o do povo crist\u00e3o e do papa J\u00falio I, que o consagrou bispo da diocese de Vercelli em 345.<\/p>\n<p>Nessa condi\u00e7\u00e3o, participou do Conc\u00edlio de Mil\u00e3o em 355, no qual os bispos adeptos da doutrina ariana tentaram for\u00e7\u00e1-lo a votar pela condena\u00e7\u00e3o do bispo de Alexandria, santo Atan\u00e1sio. Eus\u00e9bio, al\u00e9m de discordar do arianismo considerou a vota\u00e7\u00e3o uma covardia, pois Atan\u00e1sio, sempre um fiel guardi\u00e3o da verdadeira doutrina cat\u00f3lica, estava ausente e n\u00e3o podia defender-se. Como ficou contra a condena\u00e7\u00e3o, ele e outros bispos foram condenados ao ex\u00edlio na Palestina.<\/p>\n<p>Por\u00e9m isso n\u00e3o o livrou da persegui\u00e7\u00e3o dos hereges arianos, que infestavam a cidade. Ao contr\u00e1rio, sofreu muito nas m\u00e3os deles. Como n\u00e3o mudava de posi\u00e7\u00e3o e enfrentava os desafetos com resigna\u00e7\u00e3o e humildade, acabou preso, tendo sido cortada qualquer forma de comunica\u00e7\u00e3o sua com os demais cat\u00f3licos. Na pris\u00e3o, sofreu ainda v\u00e1rios castigos f\u00edsicos. Contam os escritos que passou, tamb\u00e9m, por um terr\u00edvel supl\u00edcio psicol\u00f3gico.<\/p>\n<p>Quando o povo crist\u00e3o tomou conhecimento do fato, ergueu-se a seu favor. Foram tantos e t\u00e3o veementes os protestos que os hereges permitiram sua liberta\u00e7\u00e3o. Contudo o ex\u00edlio continuou e ele foi mandado para a Capad\u00f3cia, na Turquia e, de l\u00e1, para o deserto de Tebaida, no Egito, onde foi obrigado a permanecer at\u00e9 a morte do ent\u00e3o imperador Constantino, a quem sucedeu Juliano, o Ap\u00f3stata, que deu a liberdade a todos os bispos presos e permitiu que retomassem as suas dioceses.<\/p>\n<p>Depois do ex\u00edlio de seis anos, Eus\u00e9bio foi o primeiro a participar do Conc\u00edlio de Alexandria, organizado pelo amigo, santo Atan\u00e1sio. S\u00f3 ent\u00e3o passou a evangelizar, dirigindo-se, primeiro, a Antioquia e, depois, \u00e0 Il\u00edria, onde os arianos, com sua doutrina, continuavam confundindo o povo cat\u00f3lico. Batalhou muito combatendo todos eles.<\/p>\n<p>Mais tarde, foi para a It\u00e1lia, sendo recepcionado com verdadeira aclama\u00e7\u00e3o popular. Em seguida, na companhia de santo Hil\u00e1rio, bispo de Poitiers, iniciou um exaustivo trabalho pela unifica\u00e7\u00e3o da Igreja cat\u00f3lica na G\u00e1lia, atual Fran\u00e7a. Somente quando os objetivos estavam em vias de serem alcan\u00e7ados \u00e9 que ele voltou \u00e0 sua diocese em Vercelli, onde faleceu no dia 1o. de agosto de 371.<\/p>\n<p>Apesar de ser considerado m\u00e1rtir pela Igreja, na verdade santo Eus\u00e9bio de Vercelli n\u00e3o morreu em testemunho da f\u00e9, como havia ocorrido com seu pai. Mas foram tantos os seus sofrimentos no trabalho de difus\u00e3o e defesa do cristianismo, passando por ex\u00edlios e torturas, que recebeu esse t\u00edtulo da Igreja, cujo m\u00e9rito jamais foi contestado. Com a reforma do calend\u00e1rio lit\u00fargico de Roma, de 1969, sua festa foi marcada para o dia 2 de agosto. Nesta data, as suas rel\u00edquias s\u00e3o veneradas na catedral de Vercelli, onde foram sepultadas e permanecem at\u00e9 os nossos dias.<\/p>\n<div id=\"themify_builder_content-10356\" data-postid=\"10356\" class=\"themify_builder_content themify_builder_content-10356 themify_builder themify_builder_front\">\n\t<\/div>\n<!-- \/themify_builder_content -->","protected":false},"excerpt":{"rendered":"<p>2 de Agosto Eus\u00e9bio nasceu na ilha da Sardenha, no ano 283. Depois da morte do seu pai, em testemunho da f\u00e9 em Cristo, durante a persegui\u00e7\u00e3o do imperador Diocleciano, sua m\u00e3e levou-o para completar os estudos eclesi\u00e1sticos em Roma. Assim, muito jovem, Eus\u00e9bio entrou para o clero, sendo ordenado sacerdote. Aos poucos, foi ganhando [&hellip;]<\/p>\n","protected":false},"author":14,"featured_media":0,"comment_status":"open","ping_status":"open","sticky":false,"template":"","format":"standard","meta":{"ngg_post_thumbnail":0,"footnotes":""},"categories":[186],"tags":[],"yoast_head":"<!-- This site is optimized with the Yoast SEO plugin v23.5 - https:\/\/yoast.com\/wordpress\/plugins\/seo\/ -->\n<title>Santo Eus\u00e9bio de Vercelli - O Arcanjo no ar<\/title>\n<meta name=\"robots\" content=\"index, follow, max-snippet:-1, max-image-preview:large, max-video-preview:-1\" \/>\n<link rel=\"canonical\" href=\"https:\/\/www.oarcanjo.net\/site\/santo-eusebio-de-vercelli\/\" \/>\n<meta property=\"og:locale\" content=\"pt_BR\" \/>\n<meta property=\"og:type\" content=\"article\" \/>\n<meta property=\"og:title\" content=\"Santo Eus\u00e9bio de Vercelli - O Arcanjo no ar\" \/>\n<meta property=\"og:description\" content=\"2 de Agosto Eus\u00e9bio nasceu na ilha da Sardenha, no ano 283. Depois da morte do seu pai, em testemunho da f\u00e9 em Cristo, durante a persegui\u00e7\u00e3o do imperador Diocleciano, sua m\u00e3e levou-o para completar os estudos eclesi\u00e1sticos em Roma. Assim, muito jovem, Eus\u00e9bio entrou para o clero, sendo ordenado sacerdote. Aos poucos, foi ganhando [&hellip;]\" \/>\n<meta property=\"og:url\" content=\"https:\/\/www.oarcanjo.net\/site\/santo-eusebio-de-vercelli\/\" \/>\n<meta property=\"og:site_name\" content=\"O Arcanjo no ar\" \/>\n<meta property=\"article:publisher\" content=\"https:\/\/www.facebook.com\/OArcanjoNoAr\/\" \/>\n<meta property=\"article:published_time\" content=\"2018-08-02T03:56:18+00:00\" \/>\n<meta property=\"article:modified_time\" content=\"2018-06-20T21:25:36+00:00\" \/>\n<meta property=\"og:image\" content=\"http:\/\/www.cancaonova.com\/portal\/canais\/santodia\/santos\/bycod\/000209.jpg\" \/>\n<meta name=\"author\" content=\"danilo\" \/>\n<meta name=\"twitter:card\" content=\"summary_large_image\" \/>\n<meta name=\"twitter:label1\" content=\"Escrito por\" \/>\n\t<meta name=\"twitter:data1\" content=\"danilo\" \/>\n\t<meta name=\"twitter:label2\" content=\"Est. tempo de leitura\" \/>\n\t<meta name=\"twitter:data2\" content=\"3 minutos\" \/>\n<script type=\"application\/ld+json\" class=\"yoast-schema-graph\">{\"@context\":\"https:\/\/schema.org\",\"@graph\":[{\"@type\":\"Article\",\"@id\":\"https:\/\/www.oarcanjo.net\/site\/santo-eusebio-de-vercelli\/#article\",\"isPartOf\":{\"@id\":\"https:\/\/www.oarcanjo.net\/site\/santo-eusebio-de-vercelli\/\"},\"author\":{\"name\":\"danilo\",\"@id\":\"https:\/\/www.oarcanjo.net\/site\/#\/schema\/person\/5eb9480bedd2f3c97e430ce128c29c6c\"},\"headline\":\"Santo Eus\u00e9bio de Vercelli\",\"datePublished\":\"2018-08-02T03:56:18+00:00\",\"dateModified\":\"2018-06-20T21:25:36+00:00\",\"mainEntityOfPage\":{\"@id\":\"https:\/\/www.oarcanjo.net\/site\/santo-eusebio-de-vercelli\/\"},\"wordCount\":570,\"commentCount\":0,\"publisher\":{\"@id\":\"https:\/\/www.oarcanjo.net\/site\/#organization\"},\"image\":{\"@id\":\"https:\/\/www.oarcanjo.net\/site\/santo-eusebio-de-vercelli\/#primaryimage\"},\"thumbnailUrl\":\"http:\/\/www.cancaonova.com\/portal\/canais\/santodia\/santos\/bycod\/000209.jpg\",\"articleSection\":[\"Testemunhos\"],\"inLanguage\":\"pt-BR\",\"potentialAction\":[{\"@type\":\"CommentAction\",\"name\":\"Comment\",\"target\":[\"https:\/\/www.oarcanjo.net\/site\/santo-eusebio-de-vercelli\/#respond\"]}]},{\"@type\":\"WebPage\",\"@id\":\"https:\/\/www.oarcanjo.net\/site\/santo-eusebio-de-vercelli\/\",\"url\":\"https:\/\/www.oarcanjo.net\/site\/santo-eusebio-de-vercelli\/\",\"name\":\"Santo Eus\u00e9bio de Vercelli - O Arcanjo no ar\",\"isPartOf\":{\"@id\":\"https:\/\/www.oarcanjo.net\/site\/#website\"},\"primaryImageOfPage\":{\"@id\":\"https:\/\/www.oarcanjo.net\/site\/santo-eusebio-de-vercelli\/#primaryimage\"},\"image\":{\"@id\":\"https:\/\/www.oarcanjo.net\/site\/santo-eusebio-de-vercelli\/#primaryimage\"},\"thumbnailUrl\":\"http:\/\/www.cancaonova.com\/portal\/canais\/santodia\/santos\/bycod\/000209.jpg\",\"datePublished\":\"2018-08-02T03:56:18+00:00\",\"dateModified\":\"2018-06-20T21:25:36+00:00\",\"breadcrumb\":{\"@id\":\"https:\/\/www.oarcanjo.net\/site\/santo-eusebio-de-vercelli\/#breadcrumb\"},\"inLanguage\":\"pt-BR\",\"potentialAction\":[{\"@type\":\"ReadAction\",\"target\":[\"https:\/\/www.oarcanjo.net\/site\/santo-eusebio-de-vercelli\/\"]}]},{\"@type\":\"ImageObject\",\"inLanguage\":\"pt-BR\",\"@id\":\"https:\/\/www.oarcanjo.net\/site\/santo-eusebio-de-vercelli\/#primaryimage\",\"url\":\"http:\/\/www.cancaonova.com\/portal\/canais\/santodia\/santos\/bycod\/000209.jpg\",\"contentUrl\":\"http:\/\/www.cancaonova.com\/portal\/canais\/santodia\/santos\/bycod\/000209.jpg\"},{\"@type\":\"BreadcrumbList\",\"@id\":\"https:\/\/www.oarcanjo.net\/site\/santo-eusebio-de-vercelli\/#breadcrumb\",\"itemListElement\":[{\"@type\":\"ListItem\",\"position\":1,\"name\":\"In\u00edcio\",\"item\":\"https:\/\/www.oarcanjo.net\/site\/\"},{\"@type\":\"ListItem\",\"position\":2,\"name\":\"Santo Eus\u00e9bio de Vercelli\"}]},{\"@type\":\"WebSite\",\"@id\":\"https:\/\/www.oarcanjo.net\/site\/#website\",\"url\":\"https:\/\/www.oarcanjo.net\/site\/\",\"name\":\"O Arcanjo no ar\",\"description\":\"Site da Par\u00f3quia S\u00e3o Miguel Arcanjo (Arquidiocese de SP)\",\"publisher\":{\"@id\":\"https:\/\/www.oarcanjo.net\/site\/#organization\"},\"potentialAction\":[{\"@type\":\"SearchAction\",\"target\":{\"@type\":\"EntryPoint\",\"urlTemplate\":\"https:\/\/www.oarcanjo.net\/site\/?s={search_term_string}\"},\"query-input\":{\"@type\":\"PropertyValueSpecification\",\"valueRequired\":true,\"valueName\":\"search_term_string\"}}],\"inLanguage\":\"pt-BR\"},{\"@type\":\"Organization\",\"@id\":\"https:\/\/www.oarcanjo.net\/site\/#organization\",\"name\":\"Par\u00f3quia S\u00e3o Miguel Arcanjo\",\"url\":\"https:\/\/www.oarcanjo.net\/site\/\",\"logo\":{\"@type\":\"ImageObject\",\"inLanguage\":\"pt-BR\",\"@id\":\"https:\/\/www.oarcanjo.net\/site\/#\/schema\/logo\/image\/\",\"url\":\"https:\/\/www.oarcanjo.net\/site\/wp-content\/uploads\/LogoOArcanjo.png\",\"contentUrl\":\"https:\/\/www.oarcanjo.net\/site\/wp-content\/uploads\/LogoOArcanjo.png\",\"width\":319,\"height\":99,\"caption\":\"Par\u00f3quia S\u00e3o Miguel Arcanjo\"},\"image\":{\"@id\":\"https:\/\/www.oarcanjo.net\/site\/#\/schema\/logo\/image\/\"},\"sameAs\":[\"https:\/\/www.facebook.com\/OArcanjoNoAr\/\"]},{\"@type\":\"Person\",\"@id\":\"https:\/\/www.oarcanjo.net\/site\/#\/schema\/person\/5eb9480bedd2f3c97e430ce128c29c6c\",\"name\":\"danilo\"}]}<\/script>\n<!-- \/ Yoast SEO plugin. -->","yoast_head_json":{"title":"Santo Eus\u00e9bio de Vercelli - O Arcanjo no ar","robots":{"index":"index","follow":"follow","max-snippet":"max-snippet:-1","max-image-preview":"max-image-preview:large","max-video-preview":"max-video-preview:-1"},"canonical":"https:\/\/www.oarcanjo.net\/site\/santo-eusebio-de-vercelli\/","og_locale":"pt_BR","og_type":"article","og_title":"Santo Eus\u00e9bio de Vercelli - O Arcanjo no ar","og_description":"2 de Agosto Eus\u00e9bio nasceu na ilha da Sardenha, no ano 283. Depois da morte do seu pai, em testemunho da f\u00e9 em Cristo, durante a persegui\u00e7\u00e3o do imperador Diocleciano, sua m\u00e3e levou-o para completar os estudos eclesi\u00e1sticos em Roma. Assim, muito jovem, Eus\u00e9bio entrou para o clero, sendo ordenado sacerdote. Aos poucos, foi ganhando [&hellip;]","og_url":"https:\/\/www.oarcanjo.net\/site\/santo-eusebio-de-vercelli\/","og_site_name":"O Arcanjo no ar","article_publisher":"https:\/\/www.facebook.com\/OArcanjoNoAr\/","article_published_time":"2018-08-02T03:56:18+00:00","article_modified_time":"2018-06-20T21:25:36+00:00","og_image":[{"url":"http:\/\/www.cancaonova.com\/portal\/canais\/santodia\/santos\/bycod\/000209.jpg"}],"author":"danilo","twitter_card":"summary_large_image","twitter_misc":{"Escrito por":"danilo","Est. tempo de leitura":"3 minutos"},"schema":{"@context":"https:\/\/schema.org","@graph":[{"@type":"Article","@id":"https:\/\/www.oarcanjo.net\/site\/santo-eusebio-de-vercelli\/#article","isPartOf":{"@id":"https:\/\/www.oarcanjo.net\/site\/santo-eusebio-de-vercelli\/"},"author":{"name":"danilo","@id":"https:\/\/www.oarcanjo.net\/site\/#\/schema\/person\/5eb9480bedd2f3c97e430ce128c29c6c"},"headline":"Santo Eus\u00e9bio de Vercelli","datePublished":"2018-08-02T03:56:18+00:00","dateModified":"2018-06-20T21:25:36+00:00","mainEntityOfPage":{"@id":"https:\/\/www.oarcanjo.net\/site\/santo-eusebio-de-vercelli\/"},"wordCount":570,"commentCount":0,"publisher":{"@id":"https:\/\/www.oarcanjo.net\/site\/#organization"},"image":{"@id":"https:\/\/www.oarcanjo.net\/site\/santo-eusebio-de-vercelli\/#primaryimage"},"thumbnailUrl":"http:\/\/www.cancaonova.com\/portal\/canais\/santodia\/santos\/bycod\/000209.jpg","articleSection":["Testemunhos"],"inLanguage":"pt-BR","potentialAction":[{"@type":"CommentAction","name":"Comment","target":["https:\/\/www.oarcanjo.net\/site\/santo-eusebio-de-vercelli\/#respond"]}]},{"@type":"WebPage","@id":"https:\/\/www.oarcanjo.net\/site\/santo-eusebio-de-vercelli\/","url":"https:\/\/www.oarcanjo.net\/site\/santo-eusebio-de-vercelli\/","name":"Santo Eus\u00e9bio de Vercelli - O Arcanjo no ar","isPartOf":{"@id":"https:\/\/www.oarcanjo.net\/site\/#website"},"primaryImageOfPage":{"@id":"https:\/\/www.oarcanjo.net\/site\/santo-eusebio-de-vercelli\/#primaryimage"},"image":{"@id":"https:\/\/www.oarcanjo.net\/site\/santo-eusebio-de-vercelli\/#primaryimage"},"thumbnailUrl":"http:\/\/www.cancaonova.com\/portal\/canais\/santodia\/santos\/bycod\/000209.jpg","datePublished":"2018-08-02T03:56:18+00:00","dateModified":"2018-06-20T21:25:36+00:00","breadcrumb":{"@id":"https:\/\/www.oarcanjo.net\/site\/santo-eusebio-de-vercelli\/#breadcrumb"},"inLanguage":"pt-BR","potentialAction":[{"@type":"ReadAction","target":["https:\/\/www.oarcanjo.net\/site\/santo-eusebio-de-vercelli\/"]}]},{"@type":"ImageObject","inLanguage":"pt-BR","@id":"https:\/\/www.oarcanjo.net\/site\/santo-eusebio-de-vercelli\/#primaryimage","url":"http:\/\/www.cancaonova.com\/portal\/canais\/santodia\/santos\/bycod\/000209.jpg","contentUrl":"http:\/\/www.cancaonova.com\/portal\/canais\/santodia\/santos\/bycod\/000209.jpg"},{"@type":"BreadcrumbList","@id":"https:\/\/www.oarcanjo.net\/site\/santo-eusebio-de-vercelli\/#breadcrumb","itemListElement":[{"@type":"ListItem","position":1,"name":"In\u00edcio","item":"https:\/\/www.oarcanjo.net\/site\/"},{"@type":"ListItem","position":2,"name":"Santo Eus\u00e9bio de Vercelli"}]},{"@type":"WebSite","@id":"https:\/\/www.oarcanjo.net\/site\/#website","url":"https:\/\/www.oarcanjo.net\/site\/","name":"O Arcanjo no ar","description":"Site da Par\u00f3quia S\u00e3o Miguel Arcanjo (Arquidiocese de SP)","publisher":{"@id":"https:\/\/www.oarcanjo.net\/site\/#organization"},"potentialAction":[{"@type":"SearchAction","target":{"@type":"EntryPoint","urlTemplate":"https:\/\/www.oarcanjo.net\/site\/?s={search_term_string}"},"query-input":{"@type":"PropertyValueSpecification","valueRequired":true,"valueName":"search_term_string"}}],"inLanguage":"pt-BR"},{"@type":"Organization","@id":"https:\/\/www.oarcanjo.net\/site\/#organization","name":"Par\u00f3quia S\u00e3o Miguel Arcanjo","url":"https:\/\/www.oarcanjo.net\/site\/","logo":{"@type":"ImageObject","inLanguage":"pt-BR","@id":"https:\/\/www.oarcanjo.net\/site\/#\/schema\/logo\/image\/","url":"https:\/\/www.oarcanjo.net\/site\/wp-content\/uploads\/LogoOArcanjo.png","contentUrl":"https:\/\/www.oarcanjo.net\/site\/wp-content\/uploads\/LogoOArcanjo.png","width":319,"height":99,"caption":"Par\u00f3quia S\u00e3o Miguel Arcanjo"},"image":{"@id":"https:\/\/www.oarcanjo.net\/site\/#\/schema\/logo\/image\/"},"sameAs":["https:\/\/www.facebook.com\/OArcanjoNoAr\/"]},{"@type":"Person","@id":"https:\/\/www.oarcanjo.net\/site\/#\/schema\/person\/5eb9480bedd2f3c97e430ce128c29c6c","name":"danilo"}]}},"publishpress_future_action":{"enabled":false,"date":"2026-05-08 08:09:21","action":"category","newStatus":"draft","terms":[],"taxonomy":"category"},"publishpress_future_workflow_manual_trigger":{"enabledWorkflows":[]},"_links":{"self":[{"href":"https:\/\/www.oarcanjo.net\/site\/wp-json\/wp\/v2\/posts\/10356"}],"collection":[{"href":"https:\/\/www.oarcanjo.net\/site\/wp-json\/wp\/v2\/posts"}],"about":[{"href":"https:\/\/www.oarcanjo.net\/site\/wp-json\/wp\/v2\/types\/post"}],"author":[{"embeddable":true,"href":"https:\/\/www.oarcanjo.net\/site\/wp-json\/wp\/v2\/users\/14"}],"replies":[{"embeddable":true,"href":"https:\/\/www.oarcanjo.net\/site\/wp-json\/wp\/v2\/comments?post=10356"}],"version-history":[{"count":1,"href":"https:\/\/www.oarcanjo.net\/site\/wp-json\/wp\/v2\/posts\/10356\/revisions"}],"predecessor-version":[{"id":88635,"href":"https:\/\/www.oarcanjo.net\/site\/wp-json\/wp\/v2\/posts\/10356\/revisions\/88635"}],"wp:attachment":[{"href":"https:\/\/www.oarcanjo.net\/site\/wp-json\/wp\/v2\/media?parent=10356"}],"wp:term":[{"taxonomy":"category","embeddable":true,"href":"https:\/\/www.oarcanjo.net\/site\/wp-json\/wp\/v2\/categories?post=10356"},{"taxonomy":"post_tag","embeddable":true,"href":"https:\/\/www.oarcanjo.net\/site\/wp-json\/wp\/v2\/tags?post=10356"}],"curies":[{"name":"wp","href":"https:\/\/api.w.org\/{rel}","templated":true}]}}