
{"id":10358,"date":"2018-08-02T00:57:47","date_gmt":"2018-08-02T03:57:47","guid":{"rendered":"http:\/\/www.oarcanjo.net\/site\/?p=10358"},"modified":"2018-06-20T18:25:46","modified_gmt":"2018-06-20T21:25:46","slug":"sao-pedro-juliao-eymard","status":"publish","type":"post","link":"https:\/\/www.oarcanjo.net\/site\/sao-pedro-juliao-eymard\/","title":{"rendered":"S\u00e3o Pedro Juli\u00e3o Eymard"},"content":{"rendered":"<p><img decoding=\"async\" src=\"http:\/\/1.bp.blogspot.com\/_K5-9KuKdEMg\/SnThGsAQT8I\/AAAAAAAABsI\/NDVtLThMoFo\/s400\/S%C3%A3o+Pedro+Juli%C3%A3o+Eymard.jpg\" alt=\"\" \/><\/p>\n<p>2 de Agosto<\/p>\n<p>Fundou a Congrega\u00e7\u00e3o dos Padres do Sant\u00edssimo Sacramento e a Congrega\u00e7\u00e3o das Irm\u00e3s de Nossa Senhora do Sant\u00edssimo Sacramento.<\/p>\n<p>Pedro Juli\u00e3o Eymard nasceu no norte da Fran\u00e7a, em Es\u00e8re, no dia 4 de fevereiro de 1811, primeiro filho de um casal de simples comerciantes, profundamente religioso. Todos os dias, sua m\u00e3e levava-o \u00e0 igreja, para receber a b\u00ean\u00e7\u00e3o eucar\u00edstica. Assim, aos cinco anos de idade, despontou sua voca\u00e7\u00e3o religiosa e sacerdotal.<\/p>\n<p>Mas encontrou a obje\u00e7\u00e3o do seu pai. Apesar de muito religioso, ele n\u00e3o concordou com a decis\u00e3o do filho, porque precisava da sua ajuda no trabalho, para sustentar a casa. Al\u00e9m disto, n\u00e3o tinha condi\u00e7\u00f5es de pagar as despesas dos estudos no semin\u00e1rio. Diante desses fatos, s\u00f3 lhe restava rezar muito enquanto trabalhava e, \u00e0s escondidas, estudar o latim. Em 1834, conseguiu realizar o seu sonho, recebendo a ordena\u00e7\u00e3o sacerdotal na sua pr\u00f3pria diocese de origem.<\/p>\n<p>Ap\u00f3s alguns anos no minist\u00e9rio pastoral, em 1839, padre Eymard entrou na rec\u00e9m-fundada Congrega\u00e7\u00e3o dos Padres Maristas, em Lyon. Nesta Ordem permaneceu durante dezessete anos, chegando a ocupar altos cargos. Foi quando recebeu de Maria Sant\u00edssima a miss\u00e3o de fundar uma obra dedicada \u00e0 adora\u00e7\u00e3o perp\u00e9tua da eucaristia.<\/p>\n<p>Ali\u00e1s, padre Eymard j\u00e1 notava que havia um certo distanciamento do povo da Igreja. Algo precisava ser feito. Rezou muito, pediu conselhos aos superiores e para o pr\u00f3prio papa Pio IX. Entretanto, percebeu que por meio do Instituto dos Maristas n\u00e3o poderia executar o que era preciso. Deixou o Instituto e foi para Paris.<\/p>\n<p>L\u00e1, em 1856, com a ajuda do arcebispo de Paris, fundou a Congrega\u00e7\u00e3o dos Padres do Sant\u00edssimo Sacramento. E, depois de tr\u00eas anos, a Congrega\u00e7\u00e3o das Irm\u00e3s de Nossa Senhora do Sant\u00edssimo Sacramento. Mais tarde, tamb\u00e9m fundou uma Ordem Terceira, em que leigos comprometem-se na adora\u00e7\u00e3o do Sant\u00edssimo Sacramento.<\/p>\n<p>Padre Pedro Juli\u00e3o Eymard foi incans\u00e1vel, viajando por toda a Fran\u00e7a, para levar sua mensagem eucar\u00edstica. Como seu legado, al\u00e9m da nova Ordem, deixou in\u00fameros escritos sobre a espiritualidade eucar\u00edstica.<\/p>\n<p>Muito doente, ele faleceu na sua cidade natal no dia 1o. de agosto de 1868, com apenas cinq\u00fcenta e sete anos de idade. Beatificado pelo papa Pio XI em 1925, foi canonizado pelo papa Jo\u00e3o XXIII em 1962. Na ocasi\u00e3o, foi designado que a mem\u00f3ria lit\u00fargica de s\u00e3o Pedro Juli\u00e3o Eymard deve ser celebrada em 2 de agosto, um dia ap\u00f3s o de sua morte.<\/p>\n<div id=\"themify_builder_content-10358\" data-postid=\"10358\" class=\"themify_builder_content themify_builder_content-10358 themify_builder themify_builder_front\">\n\t<\/div>\n<!-- \/themify_builder_content -->","protected":false},"excerpt":{"rendered":"<p>2 de Agosto Fundou a Congrega\u00e7\u00e3o dos Padres do Sant\u00edssimo Sacramento e a Congrega\u00e7\u00e3o das Irm\u00e3s de Nossa Senhora do Sant\u00edssimo Sacramento. Pedro Juli\u00e3o Eymard nasceu no norte da Fran\u00e7a, em Es\u00e8re, no dia 4 de fevereiro de 1811, primeiro filho de um casal de simples comerciantes, profundamente religioso. Todos os dias, sua m\u00e3e levava-o [&hellip;]<\/p>\n","protected":false},"author":14,"featured_media":0,"comment_status":"open","ping_status":"open","sticky":false,"template":"","format":"standard","meta":{"ngg_post_thumbnail":0,"footnotes":""},"categories":[186],"tags":[],"yoast_head":"<!-- This site is optimized with the Yoast SEO plugin v23.5 - https:\/\/yoast.com\/wordpress\/plugins\/seo\/ -->\n<title>S\u00e3o Pedro Juli\u00e3o Eymard - O Arcanjo no ar<\/title>\n<meta name=\"robots\" content=\"index, follow, max-snippet:-1, max-image-preview:large, max-video-preview:-1\" \/>\n<link rel=\"canonical\" href=\"https:\/\/www.oarcanjo.net\/site\/sao-pedro-juliao-eymard\/\" \/>\n<meta property=\"og:locale\" content=\"pt_BR\" \/>\n<meta property=\"og:type\" content=\"article\" \/>\n<meta property=\"og:title\" content=\"S\u00e3o Pedro Juli\u00e3o Eymard - O Arcanjo no ar\" \/>\n<meta property=\"og:description\" content=\"2 de Agosto Fundou a Congrega\u00e7\u00e3o dos Padres do Sant\u00edssimo Sacramento e a Congrega\u00e7\u00e3o das Irm\u00e3s de Nossa Senhora do Sant\u00edssimo Sacramento. Pedro Juli\u00e3o Eymard nasceu no norte da Fran\u00e7a, em Es\u00e8re, no dia 4 de fevereiro de 1811, primeiro filho de um casal de simples comerciantes, profundamente religioso. Todos os dias, sua m\u00e3e levava-o [&hellip;]\" \/>\n<meta property=\"og:url\" content=\"https:\/\/www.oarcanjo.net\/site\/sao-pedro-juliao-eymard\/\" \/>\n<meta property=\"og:site_name\" content=\"O Arcanjo no ar\" \/>\n<meta property=\"article:publisher\" content=\"https:\/\/www.facebook.com\/OArcanjoNoAr\/\" \/>\n<meta property=\"article:published_time\" content=\"2018-08-02T03:57:47+00:00\" \/>\n<meta property=\"article:modified_time\" content=\"2018-06-20T21:25:46+00:00\" \/>\n<meta property=\"og:image\" content=\"http:\/\/1.bp.blogspot.com\/_K5-9KuKdEMg\/SnThGsAQT8I\/AAAAAAAABsI\/NDVtLThMoFo\/s400\/S%C3%A3o+Pedro+Juli%C3%A3o+Eymard.jpg\" \/>\n<meta name=\"author\" content=\"danilo\" \/>\n<meta name=\"twitter:card\" content=\"summary_large_image\" \/>\n<meta name=\"twitter:label1\" content=\"Escrito por\" \/>\n\t<meta name=\"twitter:data1\" content=\"danilo\" \/>\n\t<meta name=\"twitter:label2\" content=\"Est. tempo de leitura\" \/>\n\t<meta name=\"twitter:data2\" content=\"2 minutos\" \/>\n<script type=\"application\/ld+json\" class=\"yoast-schema-graph\">{\"@context\":\"https:\/\/schema.org\",\"@graph\":[{\"@type\":\"Article\",\"@id\":\"https:\/\/www.oarcanjo.net\/site\/sao-pedro-juliao-eymard\/#article\",\"isPartOf\":{\"@id\":\"https:\/\/www.oarcanjo.net\/site\/sao-pedro-juliao-eymard\/\"},\"author\":{\"name\":\"danilo\",\"@id\":\"https:\/\/www.oarcanjo.net\/site\/#\/schema\/person\/5eb9480bedd2f3c97e430ce128c29c6c\"},\"headline\":\"S\u00e3o Pedro Juli\u00e3o Eymard\",\"datePublished\":\"2018-08-02T03:57:47+00:00\",\"dateModified\":\"2018-06-20T21:25:46+00:00\",\"mainEntityOfPage\":{\"@id\":\"https:\/\/www.oarcanjo.net\/site\/sao-pedro-juliao-eymard\/\"},\"wordCount\":447,\"commentCount\":0,\"publisher\":{\"@id\":\"https:\/\/www.oarcanjo.net\/site\/#organization\"},\"image\":{\"@id\":\"https:\/\/www.oarcanjo.net\/site\/sao-pedro-juliao-eymard\/#primaryimage\"},\"thumbnailUrl\":\"http:\/\/1.bp.blogspot.com\/_K5-9KuKdEMg\/SnThGsAQT8I\/AAAAAAAABsI\/NDVtLThMoFo\/s400\/S%C3%A3o+Pedro+Juli%C3%A3o+Eymard.jpg\",\"articleSection\":[\"Testemunhos\"],\"inLanguage\":\"pt-BR\",\"potentialAction\":[{\"@type\":\"CommentAction\",\"name\":\"Comment\",\"target\":[\"https:\/\/www.oarcanjo.net\/site\/sao-pedro-juliao-eymard\/#respond\"]}]},{\"@type\":\"WebPage\",\"@id\":\"https:\/\/www.oarcanjo.net\/site\/sao-pedro-juliao-eymard\/\",\"url\":\"https:\/\/www.oarcanjo.net\/site\/sao-pedro-juliao-eymard\/\",\"name\":\"S\u00e3o Pedro Juli\u00e3o Eymard - O Arcanjo no ar\",\"isPartOf\":{\"@id\":\"https:\/\/www.oarcanjo.net\/site\/#website\"},\"primaryImageOfPage\":{\"@id\":\"https:\/\/www.oarcanjo.net\/site\/sao-pedro-juliao-eymard\/#primaryimage\"},\"image\":{\"@id\":\"https:\/\/www.oarcanjo.net\/site\/sao-pedro-juliao-eymard\/#primaryimage\"},\"thumbnailUrl\":\"http:\/\/1.bp.blogspot.com\/_K5-9KuKdEMg\/SnThGsAQT8I\/AAAAAAAABsI\/NDVtLThMoFo\/s400\/S%C3%A3o+Pedro+Juli%C3%A3o+Eymard.jpg\",\"datePublished\":\"2018-08-02T03:57:47+00:00\",\"dateModified\":\"2018-06-20T21:25:46+00:00\",\"breadcrumb\":{\"@id\":\"https:\/\/www.oarcanjo.net\/site\/sao-pedro-juliao-eymard\/#breadcrumb\"},\"inLanguage\":\"pt-BR\",\"potentialAction\":[{\"@type\":\"ReadAction\",\"target\":[\"https:\/\/www.oarcanjo.net\/site\/sao-pedro-juliao-eymard\/\"]}]},{\"@type\":\"ImageObject\",\"inLanguage\":\"pt-BR\",\"@id\":\"https:\/\/www.oarcanjo.net\/site\/sao-pedro-juliao-eymard\/#primaryimage\",\"url\":\"http:\/\/1.bp.blogspot.com\/_K5-9KuKdEMg\/SnThGsAQT8I\/AAAAAAAABsI\/NDVtLThMoFo\/s400\/S%C3%A3o+Pedro+Juli%C3%A3o+Eymard.jpg\",\"contentUrl\":\"http:\/\/1.bp.blogspot.com\/_K5-9KuKdEMg\/SnThGsAQT8I\/AAAAAAAABsI\/NDVtLThMoFo\/s400\/S%C3%A3o+Pedro+Juli%C3%A3o+Eymard.jpg\"},{\"@type\":\"BreadcrumbList\",\"@id\":\"https:\/\/www.oarcanjo.net\/site\/sao-pedro-juliao-eymard\/#breadcrumb\",\"itemListElement\":[{\"@type\":\"ListItem\",\"position\":1,\"name\":\"In\u00edcio\",\"item\":\"https:\/\/www.oarcanjo.net\/site\/\"},{\"@type\":\"ListItem\",\"position\":2,\"name\":\"S\u00e3o Pedro Juli\u00e3o Eymard\"}]},{\"@type\":\"WebSite\",\"@id\":\"https:\/\/www.oarcanjo.net\/site\/#website\",\"url\":\"https:\/\/www.oarcanjo.net\/site\/\",\"name\":\"O Arcanjo no ar\",\"description\":\"Site da Par\u00f3quia S\u00e3o Miguel Arcanjo (Arquidiocese de SP)\",\"publisher\":{\"@id\":\"https:\/\/www.oarcanjo.net\/site\/#organization\"},\"potentialAction\":[{\"@type\":\"SearchAction\",\"target\":{\"@type\":\"EntryPoint\",\"urlTemplate\":\"https:\/\/www.oarcanjo.net\/site\/?s={search_term_string}\"},\"query-input\":{\"@type\":\"PropertyValueSpecification\",\"valueRequired\":true,\"valueName\":\"search_term_string\"}}],\"inLanguage\":\"pt-BR\"},{\"@type\":\"Organization\",\"@id\":\"https:\/\/www.oarcanjo.net\/site\/#organization\",\"name\":\"Par\u00f3quia S\u00e3o Miguel Arcanjo\",\"url\":\"https:\/\/www.oarcanjo.net\/site\/\",\"logo\":{\"@type\":\"ImageObject\",\"inLanguage\":\"pt-BR\",\"@id\":\"https:\/\/www.oarcanjo.net\/site\/#\/schema\/logo\/image\/\",\"url\":\"https:\/\/www.oarcanjo.net\/site\/wp-content\/uploads\/LogoOArcanjo.png\",\"contentUrl\":\"https:\/\/www.oarcanjo.net\/site\/wp-content\/uploads\/LogoOArcanjo.png\",\"width\":319,\"height\":99,\"caption\":\"Par\u00f3quia S\u00e3o Miguel Arcanjo\"},\"image\":{\"@id\":\"https:\/\/www.oarcanjo.net\/site\/#\/schema\/logo\/image\/\"},\"sameAs\":[\"https:\/\/www.facebook.com\/OArcanjoNoAr\/\"]},{\"@type\":\"Person\",\"@id\":\"https:\/\/www.oarcanjo.net\/site\/#\/schema\/person\/5eb9480bedd2f3c97e430ce128c29c6c\",\"name\":\"danilo\"}]}<\/script>\n<!-- \/ Yoast SEO plugin. -->","yoast_head_json":{"title":"S\u00e3o Pedro Juli\u00e3o Eymard - O Arcanjo no ar","robots":{"index":"index","follow":"follow","max-snippet":"max-snippet:-1","max-image-preview":"max-image-preview:large","max-video-preview":"max-video-preview:-1"},"canonical":"https:\/\/www.oarcanjo.net\/site\/sao-pedro-juliao-eymard\/","og_locale":"pt_BR","og_type":"article","og_title":"S\u00e3o Pedro Juli\u00e3o Eymard - O Arcanjo no ar","og_description":"2 de Agosto Fundou a Congrega\u00e7\u00e3o dos Padres do Sant\u00edssimo Sacramento e a Congrega\u00e7\u00e3o das Irm\u00e3s de Nossa Senhora do Sant\u00edssimo Sacramento. Pedro Juli\u00e3o Eymard nasceu no norte da Fran\u00e7a, em Es\u00e8re, no dia 4 de fevereiro de 1811, primeiro filho de um casal de simples comerciantes, profundamente religioso. Todos os dias, sua m\u00e3e levava-o [&hellip;]","og_url":"https:\/\/www.oarcanjo.net\/site\/sao-pedro-juliao-eymard\/","og_site_name":"O Arcanjo no ar","article_publisher":"https:\/\/www.facebook.com\/OArcanjoNoAr\/","article_published_time":"2018-08-02T03:57:47+00:00","article_modified_time":"2018-06-20T21:25:46+00:00","og_image":[{"url":"http:\/\/1.bp.blogspot.com\/_K5-9KuKdEMg\/SnThGsAQT8I\/AAAAAAAABsI\/NDVtLThMoFo\/s400\/S%C3%A3o+Pedro+Juli%C3%A3o+Eymard.jpg"}],"author":"danilo","twitter_card":"summary_large_image","twitter_misc":{"Escrito por":"danilo","Est. tempo de leitura":"2 minutos"},"schema":{"@context":"https:\/\/schema.org","@graph":[{"@type":"Article","@id":"https:\/\/www.oarcanjo.net\/site\/sao-pedro-juliao-eymard\/#article","isPartOf":{"@id":"https:\/\/www.oarcanjo.net\/site\/sao-pedro-juliao-eymard\/"},"author":{"name":"danilo","@id":"https:\/\/www.oarcanjo.net\/site\/#\/schema\/person\/5eb9480bedd2f3c97e430ce128c29c6c"},"headline":"S\u00e3o Pedro Juli\u00e3o Eymard","datePublished":"2018-08-02T03:57:47+00:00","dateModified":"2018-06-20T21:25:46+00:00","mainEntityOfPage":{"@id":"https:\/\/www.oarcanjo.net\/site\/sao-pedro-juliao-eymard\/"},"wordCount":447,"commentCount":0,"publisher":{"@id":"https:\/\/www.oarcanjo.net\/site\/#organization"},"image":{"@id":"https:\/\/www.oarcanjo.net\/site\/sao-pedro-juliao-eymard\/#primaryimage"},"thumbnailUrl":"http:\/\/1.bp.blogspot.com\/_K5-9KuKdEMg\/SnThGsAQT8I\/AAAAAAAABsI\/NDVtLThMoFo\/s400\/S%C3%A3o+Pedro+Juli%C3%A3o+Eymard.jpg","articleSection":["Testemunhos"],"inLanguage":"pt-BR","potentialAction":[{"@type":"CommentAction","name":"Comment","target":["https:\/\/www.oarcanjo.net\/site\/sao-pedro-juliao-eymard\/#respond"]}]},{"@type":"WebPage","@id":"https:\/\/www.oarcanjo.net\/site\/sao-pedro-juliao-eymard\/","url":"https:\/\/www.oarcanjo.net\/site\/sao-pedro-juliao-eymard\/","name":"S\u00e3o Pedro Juli\u00e3o Eymard - O Arcanjo no ar","isPartOf":{"@id":"https:\/\/www.oarcanjo.net\/site\/#website"},"primaryImageOfPage":{"@id":"https:\/\/www.oarcanjo.net\/site\/sao-pedro-juliao-eymard\/#primaryimage"},"image":{"@id":"https:\/\/www.oarcanjo.net\/site\/sao-pedro-juliao-eymard\/#primaryimage"},"thumbnailUrl":"http:\/\/1.bp.blogspot.com\/_K5-9KuKdEMg\/SnThGsAQT8I\/AAAAAAAABsI\/NDVtLThMoFo\/s400\/S%C3%A3o+Pedro+Juli%C3%A3o+Eymard.jpg","datePublished":"2018-08-02T03:57:47+00:00","dateModified":"2018-06-20T21:25:46+00:00","breadcrumb":{"@id":"https:\/\/www.oarcanjo.net\/site\/sao-pedro-juliao-eymard\/#breadcrumb"},"inLanguage":"pt-BR","potentialAction":[{"@type":"ReadAction","target":["https:\/\/www.oarcanjo.net\/site\/sao-pedro-juliao-eymard\/"]}]},{"@type":"ImageObject","inLanguage":"pt-BR","@id":"https:\/\/www.oarcanjo.net\/site\/sao-pedro-juliao-eymard\/#primaryimage","url":"http:\/\/1.bp.blogspot.com\/_K5-9KuKdEMg\/SnThGsAQT8I\/AAAAAAAABsI\/NDVtLThMoFo\/s400\/S%C3%A3o+Pedro+Juli%C3%A3o+Eymard.jpg","contentUrl":"http:\/\/1.bp.blogspot.com\/_K5-9KuKdEMg\/SnThGsAQT8I\/AAAAAAAABsI\/NDVtLThMoFo\/s400\/S%C3%A3o+Pedro+Juli%C3%A3o+Eymard.jpg"},{"@type":"BreadcrumbList","@id":"https:\/\/www.oarcanjo.net\/site\/sao-pedro-juliao-eymard\/#breadcrumb","itemListElement":[{"@type":"ListItem","position":1,"name":"In\u00edcio","item":"https:\/\/www.oarcanjo.net\/site\/"},{"@type":"ListItem","position":2,"name":"S\u00e3o Pedro Juli\u00e3o Eymard"}]},{"@type":"WebSite","@id":"https:\/\/www.oarcanjo.net\/site\/#website","url":"https:\/\/www.oarcanjo.net\/site\/","name":"O Arcanjo no ar","description":"Site da Par\u00f3quia S\u00e3o Miguel Arcanjo (Arquidiocese de SP)","publisher":{"@id":"https:\/\/www.oarcanjo.net\/site\/#organization"},"potentialAction":[{"@type":"SearchAction","target":{"@type":"EntryPoint","urlTemplate":"https:\/\/www.oarcanjo.net\/site\/?s={search_term_string}"},"query-input":{"@type":"PropertyValueSpecification","valueRequired":true,"valueName":"search_term_string"}}],"inLanguage":"pt-BR"},{"@type":"Organization","@id":"https:\/\/www.oarcanjo.net\/site\/#organization","name":"Par\u00f3quia S\u00e3o Miguel Arcanjo","url":"https:\/\/www.oarcanjo.net\/site\/","logo":{"@type":"ImageObject","inLanguage":"pt-BR","@id":"https:\/\/www.oarcanjo.net\/site\/#\/schema\/logo\/image\/","url":"https:\/\/www.oarcanjo.net\/site\/wp-content\/uploads\/LogoOArcanjo.png","contentUrl":"https:\/\/www.oarcanjo.net\/site\/wp-content\/uploads\/LogoOArcanjo.png","width":319,"height":99,"caption":"Par\u00f3quia S\u00e3o Miguel Arcanjo"},"image":{"@id":"https:\/\/www.oarcanjo.net\/site\/#\/schema\/logo\/image\/"},"sameAs":["https:\/\/www.facebook.com\/OArcanjoNoAr\/"]},{"@type":"Person","@id":"https:\/\/www.oarcanjo.net\/site\/#\/schema\/person\/5eb9480bedd2f3c97e430ce128c29c6c","name":"danilo"}]}},"publishpress_future_action":{"enabled":false,"date":"2026-05-08 08:08:43","action":"category","newStatus":"draft","terms":[],"taxonomy":"category"},"publishpress_future_workflow_manual_trigger":{"enabledWorkflows":[]},"_links":{"self":[{"href":"https:\/\/www.oarcanjo.net\/site\/wp-json\/wp\/v2\/posts\/10358"}],"collection":[{"href":"https:\/\/www.oarcanjo.net\/site\/wp-json\/wp\/v2\/posts"}],"about":[{"href":"https:\/\/www.oarcanjo.net\/site\/wp-json\/wp\/v2\/types\/post"}],"author":[{"embeddable":true,"href":"https:\/\/www.oarcanjo.net\/site\/wp-json\/wp\/v2\/users\/14"}],"replies":[{"embeddable":true,"href":"https:\/\/www.oarcanjo.net\/site\/wp-json\/wp\/v2\/comments?post=10358"}],"version-history":[{"count":1,"href":"https:\/\/www.oarcanjo.net\/site\/wp-json\/wp\/v2\/posts\/10358\/revisions"}],"predecessor-version":[{"id":88636,"href":"https:\/\/www.oarcanjo.net\/site\/wp-json\/wp\/v2\/posts\/10358\/revisions\/88636"}],"wp:attachment":[{"href":"https:\/\/www.oarcanjo.net\/site\/wp-json\/wp\/v2\/media?parent=10358"}],"wp:term":[{"taxonomy":"category","embeddable":true,"href":"https:\/\/www.oarcanjo.net\/site\/wp-json\/wp\/v2\/categories?post=10358"},{"taxonomy":"post_tag","embeddable":true,"href":"https:\/\/www.oarcanjo.net\/site\/wp-json\/wp\/v2\/tags?post=10358"}],"curies":[{"name":"wp","href":"https:\/\/api.w.org\/{rel}","templated":true}]}}