
{"id":10360,"date":"2018-08-02T00:59:19","date_gmt":"2018-08-02T03:59:19","guid":{"rendered":"http:\/\/www.oarcanjo.net\/site\/?p=10360"},"modified":"2018-06-20T18:25:50","modified_gmt":"2018-06-20T21:25:50","slug":"bem-aventurado-zeferino-gimenez-malla","status":"publish","type":"post","link":"https:\/\/www.oarcanjo.net\/site\/bem-aventurado-zeferino-gimenez-malla\/","title":{"rendered":"Bem Aventurado Zeferino Gimenez Malla"},"content":{"rendered":"<p><img decoding=\"async\" src=\"http:\/\/4.bp.blogspot.com\/_YLgK2LOqYLE\/ShlUO5OByII\/AAAAAAAAAWo\/ysPtlmHquxE\/s320\/Zeferino_Gimenez_Malla.jpg\" alt=\"\" \/><\/p>\n<p>2 de Agosto<\/p>\n<p>Zeferino Gimenez Malla nasceu na Catalunha, Espanha, em 26 de agosto de 1861. Descendia do povo cigano daquela localidade, que chamava o menino de &#8220;El Pel\u00e9&#8221;. A fam\u00edlia vivia na pobreza, que se intensificou quando o pai a abandonou para ficar com outra mulher. Por isso Zeferino n\u00e3o p\u00f4de ir \u00e0 escola, precisou ajudar no sustento da casa, confeccionando e vendendo cestas de vime.<\/p>\n<p>Quando completou vinte anos, transferiu-se para Barbastro e ali se casou com Teresa Gimenez Castro, ao modo cigano, sem rito religioso. O casal n\u00e3o p\u00f4de ter filhos, ent\u00e3o resolveram adotar Pepita, uma sobrinha de Teresa.<\/p>\n<p>Zeferino n\u00e3o tinha uma profiss\u00e3o fixa, era habilidoso com cavalos e mulas, mas tornou-se um comerciante aut\u00f4nomo depois de um epis\u00f3dio que encantou toda Barbastro. Um homem tuberculoso, vertendo sangue contaminado pela boca, estava agonizando na estrada. Todos tinham receio de ajud\u00e1-lo, afinal a tuberculose era extremamente contagiosa. Por\u00e9m isso n\u00e3o intimidou Zeferino, que o ajudou prontamente, abrigando-o em sua casa e tratando de sua doen\u00e7a. Quis o destino que a fam\u00edlia daquele homem fosse uma das mais poderosas do local, e Zeferino foi muito bem gratificado pela sua boa a\u00e7\u00e3o. Com o dinheiro, ele iniciou um pequeno neg\u00f3cio, que rapidamente prosperou.<\/p>\n<p>Ele acabou enriquecendo, mas, mesmo assim, continuou praticando sua caridade. Com o sangue n\u00f4made nas veias, passou a pregar pelas estradas, munido do ros\u00e1rio. Socorria aos mais pobres, especialmente os ciganos, seus irm\u00e3os de sangue. Por\u00e9m para ele todos eram o &#8220;pr\u00f3ximo&#8221;, tornando-se a raz\u00e3o de sua exist\u00eancia e de seu trabalho caridoso.<\/p>\n<p>Crist\u00e3o, devoto da Virgem Maria e da eucaristia, freq\u00fcentava a santa missa todos os dias, na qual fazia quest\u00e3o de receber a comunh\u00e3o. Zeferino oficializou seu casamento pelo rito cat\u00f3lico em 1912. Na ocasi\u00e3o, passou a freq\u00fcentar a &#8220;Quarta-feira eucar\u00edstica&#8221;, da Ordem Terceira de S\u00e3o Francisco, quando, ent\u00e3o, todos os religiosos reconheceram naquele comunicativo cigano um grande modelo de virtude e santidade. Empenhou-se com grande generosidade nas Confer\u00eancias de S\u00e3o Vicente de Paulo, porque desejava tornar sua caridade mais eficiente. Mesmo sendo analfabeto, tamb\u00e9m se dedicava \u00e0 catequese das crian\u00e7as, ciganas ou n\u00e3o. Era muito querido por elas, pois, conhecendo muitas passagens da B\u00edblia, ele as contava com especial inspira\u00e7\u00e3o.<\/p>\n<p>Em 1936, explodiu a guerra civil espanhola. No dia 2 de agosto daquele ano, Zeferino foi preso ao tentar libertar um padre que era prisioneiro de um grupo anarquista. Tinha, ent\u00e3o, setenta e cinco anos de idade. Mesmo sob a mira das armas, Zeferino protestou de cabe\u00e7a erguida. Todos puderam ouvir seu \u00faltimo grito, brandindo o ros\u00e1rio, seu companheiro, antes do fuzilamento: &#8220;Viva Cristo Rei!&#8221;<\/p>\n<p>Por ordem dos rebeldes, todos os fuzilados foram enterrados numa cova coletiva. Entre eles estava Zeferino, cujo corpo nunca p\u00f4de ser encontrado. Em 1997, numa bela cerim\u00f4nia solene celebrada pelo papa Jo\u00e3o Paulo II, em Roma, na presen\u00e7a de milhares de ciganos crist\u00e3os do mundo todo, Zeferino Gimenez Malla foi declarado bem-aventurado. Assim, ele se tornou o primeiro cigano a ser elevado aos altares pela Igreja, cuja festa foi marcada para o dia de sua morte.<\/p>\n<div id=\"themify_builder_content-10360\" data-postid=\"10360\" class=\"themify_builder_content themify_builder_content-10360 themify_builder themify_builder_front\">\n\t<\/div>\n<!-- \/themify_builder_content -->","protected":false},"excerpt":{"rendered":"<p>2 de Agosto Zeferino Gimenez Malla nasceu na Catalunha, Espanha, em 26 de agosto de 1861. Descendia do povo cigano daquela localidade, que chamava o menino de &#8220;El Pel\u00e9&#8221;. A fam\u00edlia vivia na pobreza, que se intensificou quando o pai a abandonou para ficar com outra mulher. Por isso Zeferino n\u00e3o p\u00f4de ir \u00e0 escola, [&hellip;]<\/p>\n","protected":false},"author":14,"featured_media":0,"comment_status":"open","ping_status":"open","sticky":false,"template":"","format":"standard","meta":{"ngg_post_thumbnail":0,"footnotes":""},"categories":[186],"tags":[],"yoast_head":"<!-- This site is optimized with the Yoast SEO plugin v23.5 - https:\/\/yoast.com\/wordpress\/plugins\/seo\/ -->\n<title>Bem Aventurado Zeferino Gimenez Malla - O Arcanjo no ar<\/title>\n<meta name=\"robots\" content=\"index, follow, max-snippet:-1, max-image-preview:large, max-video-preview:-1\" \/>\n<link rel=\"canonical\" href=\"https:\/\/www.oarcanjo.net\/site\/bem-aventurado-zeferino-gimenez-malla\/\" \/>\n<meta property=\"og:locale\" content=\"pt_BR\" \/>\n<meta property=\"og:type\" content=\"article\" \/>\n<meta property=\"og:title\" content=\"Bem Aventurado Zeferino Gimenez Malla - O Arcanjo no ar\" \/>\n<meta property=\"og:description\" content=\"2 de Agosto Zeferino Gimenez Malla nasceu na Catalunha, Espanha, em 26 de agosto de 1861. Descendia do povo cigano daquela localidade, que chamava o menino de &#8220;El Pel\u00e9&#8221;. A fam\u00edlia vivia na pobreza, que se intensificou quando o pai a abandonou para ficar com outra mulher. Por isso Zeferino n\u00e3o p\u00f4de ir \u00e0 escola, [&hellip;]\" \/>\n<meta property=\"og:url\" content=\"https:\/\/www.oarcanjo.net\/site\/bem-aventurado-zeferino-gimenez-malla\/\" \/>\n<meta property=\"og:site_name\" content=\"O Arcanjo no ar\" \/>\n<meta property=\"article:publisher\" content=\"https:\/\/www.facebook.com\/OArcanjoNoAr\/\" \/>\n<meta property=\"article:published_time\" content=\"2018-08-02T03:59:19+00:00\" \/>\n<meta property=\"article:modified_time\" content=\"2018-06-20T21:25:50+00:00\" \/>\n<meta property=\"og:image\" content=\"http:\/\/4.bp.blogspot.com\/_YLgK2LOqYLE\/ShlUO5OByII\/AAAAAAAAAWo\/ysPtlmHquxE\/s320\/Zeferino_Gimenez_Malla.jpg\" \/>\n<meta name=\"author\" content=\"danilo\" \/>\n<meta name=\"twitter:card\" content=\"summary_large_image\" \/>\n<meta name=\"twitter:label1\" content=\"Escrito por\" \/>\n\t<meta name=\"twitter:data1\" content=\"danilo\" \/>\n\t<meta name=\"twitter:label2\" content=\"Est. tempo de leitura\" \/>\n\t<meta name=\"twitter:data2\" content=\"3 minutos\" \/>\n<script type=\"application\/ld+json\" class=\"yoast-schema-graph\">{\"@context\":\"https:\/\/schema.org\",\"@graph\":[{\"@type\":\"Article\",\"@id\":\"https:\/\/www.oarcanjo.net\/site\/bem-aventurado-zeferino-gimenez-malla\/#article\",\"isPartOf\":{\"@id\":\"https:\/\/www.oarcanjo.net\/site\/bem-aventurado-zeferino-gimenez-malla\/\"},\"author\":{\"name\":\"danilo\",\"@id\":\"https:\/\/www.oarcanjo.net\/site\/#\/schema\/person\/5eb9480bedd2f3c97e430ce128c29c6c\"},\"headline\":\"Bem Aventurado Zeferino Gimenez Malla\",\"datePublished\":\"2018-08-02T03:59:19+00:00\",\"dateModified\":\"2018-06-20T21:25:50+00:00\",\"mainEntityOfPage\":{\"@id\":\"https:\/\/www.oarcanjo.net\/site\/bem-aventurado-zeferino-gimenez-malla\/\"},\"wordCount\":553,\"commentCount\":0,\"publisher\":{\"@id\":\"https:\/\/www.oarcanjo.net\/site\/#organization\"},\"image\":{\"@id\":\"https:\/\/www.oarcanjo.net\/site\/bem-aventurado-zeferino-gimenez-malla\/#primaryimage\"},\"thumbnailUrl\":\"http:\/\/4.bp.blogspot.com\/_YLgK2LOqYLE\/ShlUO5OByII\/AAAAAAAAAWo\/ysPtlmHquxE\/s320\/Zeferino_Gimenez_Malla.jpg\",\"articleSection\":[\"Testemunhos\"],\"inLanguage\":\"pt-BR\",\"potentialAction\":[{\"@type\":\"CommentAction\",\"name\":\"Comment\",\"target\":[\"https:\/\/www.oarcanjo.net\/site\/bem-aventurado-zeferino-gimenez-malla\/#respond\"]}]},{\"@type\":\"WebPage\",\"@id\":\"https:\/\/www.oarcanjo.net\/site\/bem-aventurado-zeferino-gimenez-malla\/\",\"url\":\"https:\/\/www.oarcanjo.net\/site\/bem-aventurado-zeferino-gimenez-malla\/\",\"name\":\"Bem Aventurado Zeferino Gimenez Malla - O Arcanjo no ar\",\"isPartOf\":{\"@id\":\"https:\/\/www.oarcanjo.net\/site\/#website\"},\"primaryImageOfPage\":{\"@id\":\"https:\/\/www.oarcanjo.net\/site\/bem-aventurado-zeferino-gimenez-malla\/#primaryimage\"},\"image\":{\"@id\":\"https:\/\/www.oarcanjo.net\/site\/bem-aventurado-zeferino-gimenez-malla\/#primaryimage\"},\"thumbnailUrl\":\"http:\/\/4.bp.blogspot.com\/_YLgK2LOqYLE\/ShlUO5OByII\/AAAAAAAAAWo\/ysPtlmHquxE\/s320\/Zeferino_Gimenez_Malla.jpg\",\"datePublished\":\"2018-08-02T03:59:19+00:00\",\"dateModified\":\"2018-06-20T21:25:50+00:00\",\"breadcrumb\":{\"@id\":\"https:\/\/www.oarcanjo.net\/site\/bem-aventurado-zeferino-gimenez-malla\/#breadcrumb\"},\"inLanguage\":\"pt-BR\",\"potentialAction\":[{\"@type\":\"ReadAction\",\"target\":[\"https:\/\/www.oarcanjo.net\/site\/bem-aventurado-zeferino-gimenez-malla\/\"]}]},{\"@type\":\"ImageObject\",\"inLanguage\":\"pt-BR\",\"@id\":\"https:\/\/www.oarcanjo.net\/site\/bem-aventurado-zeferino-gimenez-malla\/#primaryimage\",\"url\":\"http:\/\/4.bp.blogspot.com\/_YLgK2LOqYLE\/ShlUO5OByII\/AAAAAAAAAWo\/ysPtlmHquxE\/s320\/Zeferino_Gimenez_Malla.jpg\",\"contentUrl\":\"http:\/\/4.bp.blogspot.com\/_YLgK2LOqYLE\/ShlUO5OByII\/AAAAAAAAAWo\/ysPtlmHquxE\/s320\/Zeferino_Gimenez_Malla.jpg\"},{\"@type\":\"BreadcrumbList\",\"@id\":\"https:\/\/www.oarcanjo.net\/site\/bem-aventurado-zeferino-gimenez-malla\/#breadcrumb\",\"itemListElement\":[{\"@type\":\"ListItem\",\"position\":1,\"name\":\"In\u00edcio\",\"item\":\"https:\/\/www.oarcanjo.net\/site\/\"},{\"@type\":\"ListItem\",\"position\":2,\"name\":\"Bem Aventurado Zeferino Gimenez Malla\"}]},{\"@type\":\"WebSite\",\"@id\":\"https:\/\/www.oarcanjo.net\/site\/#website\",\"url\":\"https:\/\/www.oarcanjo.net\/site\/\",\"name\":\"O Arcanjo no ar\",\"description\":\"Site da Par\u00f3quia S\u00e3o Miguel Arcanjo (Arquidiocese de SP)\",\"publisher\":{\"@id\":\"https:\/\/www.oarcanjo.net\/site\/#organization\"},\"potentialAction\":[{\"@type\":\"SearchAction\",\"target\":{\"@type\":\"EntryPoint\",\"urlTemplate\":\"https:\/\/www.oarcanjo.net\/site\/?s={search_term_string}\"},\"query-input\":{\"@type\":\"PropertyValueSpecification\",\"valueRequired\":true,\"valueName\":\"search_term_string\"}}],\"inLanguage\":\"pt-BR\"},{\"@type\":\"Organization\",\"@id\":\"https:\/\/www.oarcanjo.net\/site\/#organization\",\"name\":\"Par\u00f3quia S\u00e3o Miguel Arcanjo\",\"url\":\"https:\/\/www.oarcanjo.net\/site\/\",\"logo\":{\"@type\":\"ImageObject\",\"inLanguage\":\"pt-BR\",\"@id\":\"https:\/\/www.oarcanjo.net\/site\/#\/schema\/logo\/image\/\",\"url\":\"https:\/\/www.oarcanjo.net\/site\/wp-content\/uploads\/LogoOArcanjo.png\",\"contentUrl\":\"https:\/\/www.oarcanjo.net\/site\/wp-content\/uploads\/LogoOArcanjo.png\",\"width\":319,\"height\":99,\"caption\":\"Par\u00f3quia S\u00e3o Miguel Arcanjo\"},\"image\":{\"@id\":\"https:\/\/www.oarcanjo.net\/site\/#\/schema\/logo\/image\/\"},\"sameAs\":[\"https:\/\/www.facebook.com\/OArcanjoNoAr\/\"]},{\"@type\":\"Person\",\"@id\":\"https:\/\/www.oarcanjo.net\/site\/#\/schema\/person\/5eb9480bedd2f3c97e430ce128c29c6c\",\"name\":\"danilo\"}]}<\/script>\n<!-- \/ Yoast SEO plugin. -->","yoast_head_json":{"title":"Bem Aventurado Zeferino Gimenez Malla - O Arcanjo no ar","robots":{"index":"index","follow":"follow","max-snippet":"max-snippet:-1","max-image-preview":"max-image-preview:large","max-video-preview":"max-video-preview:-1"},"canonical":"https:\/\/www.oarcanjo.net\/site\/bem-aventurado-zeferino-gimenez-malla\/","og_locale":"pt_BR","og_type":"article","og_title":"Bem Aventurado Zeferino Gimenez Malla - O Arcanjo no ar","og_description":"2 de Agosto Zeferino Gimenez Malla nasceu na Catalunha, Espanha, em 26 de agosto de 1861. Descendia do povo cigano daquela localidade, que chamava o menino de &#8220;El Pel\u00e9&#8221;. A fam\u00edlia vivia na pobreza, que se intensificou quando o pai a abandonou para ficar com outra mulher. Por isso Zeferino n\u00e3o p\u00f4de ir \u00e0 escola, [&hellip;]","og_url":"https:\/\/www.oarcanjo.net\/site\/bem-aventurado-zeferino-gimenez-malla\/","og_site_name":"O Arcanjo no ar","article_publisher":"https:\/\/www.facebook.com\/OArcanjoNoAr\/","article_published_time":"2018-08-02T03:59:19+00:00","article_modified_time":"2018-06-20T21:25:50+00:00","og_image":[{"url":"http:\/\/4.bp.blogspot.com\/_YLgK2LOqYLE\/ShlUO5OByII\/AAAAAAAAAWo\/ysPtlmHquxE\/s320\/Zeferino_Gimenez_Malla.jpg"}],"author":"danilo","twitter_card":"summary_large_image","twitter_misc":{"Escrito por":"danilo","Est. tempo de leitura":"3 minutos"},"schema":{"@context":"https:\/\/schema.org","@graph":[{"@type":"Article","@id":"https:\/\/www.oarcanjo.net\/site\/bem-aventurado-zeferino-gimenez-malla\/#article","isPartOf":{"@id":"https:\/\/www.oarcanjo.net\/site\/bem-aventurado-zeferino-gimenez-malla\/"},"author":{"name":"danilo","@id":"https:\/\/www.oarcanjo.net\/site\/#\/schema\/person\/5eb9480bedd2f3c97e430ce128c29c6c"},"headline":"Bem Aventurado Zeferino Gimenez Malla","datePublished":"2018-08-02T03:59:19+00:00","dateModified":"2018-06-20T21:25:50+00:00","mainEntityOfPage":{"@id":"https:\/\/www.oarcanjo.net\/site\/bem-aventurado-zeferino-gimenez-malla\/"},"wordCount":553,"commentCount":0,"publisher":{"@id":"https:\/\/www.oarcanjo.net\/site\/#organization"},"image":{"@id":"https:\/\/www.oarcanjo.net\/site\/bem-aventurado-zeferino-gimenez-malla\/#primaryimage"},"thumbnailUrl":"http:\/\/4.bp.blogspot.com\/_YLgK2LOqYLE\/ShlUO5OByII\/AAAAAAAAAWo\/ysPtlmHquxE\/s320\/Zeferino_Gimenez_Malla.jpg","articleSection":["Testemunhos"],"inLanguage":"pt-BR","potentialAction":[{"@type":"CommentAction","name":"Comment","target":["https:\/\/www.oarcanjo.net\/site\/bem-aventurado-zeferino-gimenez-malla\/#respond"]}]},{"@type":"WebPage","@id":"https:\/\/www.oarcanjo.net\/site\/bem-aventurado-zeferino-gimenez-malla\/","url":"https:\/\/www.oarcanjo.net\/site\/bem-aventurado-zeferino-gimenez-malla\/","name":"Bem Aventurado Zeferino Gimenez Malla - O Arcanjo no ar","isPartOf":{"@id":"https:\/\/www.oarcanjo.net\/site\/#website"},"primaryImageOfPage":{"@id":"https:\/\/www.oarcanjo.net\/site\/bem-aventurado-zeferino-gimenez-malla\/#primaryimage"},"image":{"@id":"https:\/\/www.oarcanjo.net\/site\/bem-aventurado-zeferino-gimenez-malla\/#primaryimage"},"thumbnailUrl":"http:\/\/4.bp.blogspot.com\/_YLgK2LOqYLE\/ShlUO5OByII\/AAAAAAAAAWo\/ysPtlmHquxE\/s320\/Zeferino_Gimenez_Malla.jpg","datePublished":"2018-08-02T03:59:19+00:00","dateModified":"2018-06-20T21:25:50+00:00","breadcrumb":{"@id":"https:\/\/www.oarcanjo.net\/site\/bem-aventurado-zeferino-gimenez-malla\/#breadcrumb"},"inLanguage":"pt-BR","potentialAction":[{"@type":"ReadAction","target":["https:\/\/www.oarcanjo.net\/site\/bem-aventurado-zeferino-gimenez-malla\/"]}]},{"@type":"ImageObject","inLanguage":"pt-BR","@id":"https:\/\/www.oarcanjo.net\/site\/bem-aventurado-zeferino-gimenez-malla\/#primaryimage","url":"http:\/\/4.bp.blogspot.com\/_YLgK2LOqYLE\/ShlUO5OByII\/AAAAAAAAAWo\/ysPtlmHquxE\/s320\/Zeferino_Gimenez_Malla.jpg","contentUrl":"http:\/\/4.bp.blogspot.com\/_YLgK2LOqYLE\/ShlUO5OByII\/AAAAAAAAAWo\/ysPtlmHquxE\/s320\/Zeferino_Gimenez_Malla.jpg"},{"@type":"BreadcrumbList","@id":"https:\/\/www.oarcanjo.net\/site\/bem-aventurado-zeferino-gimenez-malla\/#breadcrumb","itemListElement":[{"@type":"ListItem","position":1,"name":"In\u00edcio","item":"https:\/\/www.oarcanjo.net\/site\/"},{"@type":"ListItem","position":2,"name":"Bem Aventurado Zeferino Gimenez Malla"}]},{"@type":"WebSite","@id":"https:\/\/www.oarcanjo.net\/site\/#website","url":"https:\/\/www.oarcanjo.net\/site\/","name":"O Arcanjo no ar","description":"Site da Par\u00f3quia S\u00e3o Miguel Arcanjo (Arquidiocese de SP)","publisher":{"@id":"https:\/\/www.oarcanjo.net\/site\/#organization"},"potentialAction":[{"@type":"SearchAction","target":{"@type":"EntryPoint","urlTemplate":"https:\/\/www.oarcanjo.net\/site\/?s={search_term_string}"},"query-input":{"@type":"PropertyValueSpecification","valueRequired":true,"valueName":"search_term_string"}}],"inLanguage":"pt-BR"},{"@type":"Organization","@id":"https:\/\/www.oarcanjo.net\/site\/#organization","name":"Par\u00f3quia S\u00e3o Miguel Arcanjo","url":"https:\/\/www.oarcanjo.net\/site\/","logo":{"@type":"ImageObject","inLanguage":"pt-BR","@id":"https:\/\/www.oarcanjo.net\/site\/#\/schema\/logo\/image\/","url":"https:\/\/www.oarcanjo.net\/site\/wp-content\/uploads\/LogoOArcanjo.png","contentUrl":"https:\/\/www.oarcanjo.net\/site\/wp-content\/uploads\/LogoOArcanjo.png","width":319,"height":99,"caption":"Par\u00f3quia S\u00e3o Miguel Arcanjo"},"image":{"@id":"https:\/\/www.oarcanjo.net\/site\/#\/schema\/logo\/image\/"},"sameAs":["https:\/\/www.facebook.com\/OArcanjoNoAr\/"]},{"@type":"Person","@id":"https:\/\/www.oarcanjo.net\/site\/#\/schema\/person\/5eb9480bedd2f3c97e430ce128c29c6c","name":"danilo"}]}},"publishpress_future_action":{"enabled":false,"date":"2026-05-08 08:07:50","action":"category","newStatus":"draft","terms":[],"taxonomy":"category"},"publishpress_future_workflow_manual_trigger":{"enabledWorkflows":[]},"_links":{"self":[{"href":"https:\/\/www.oarcanjo.net\/site\/wp-json\/wp\/v2\/posts\/10360"}],"collection":[{"href":"https:\/\/www.oarcanjo.net\/site\/wp-json\/wp\/v2\/posts"}],"about":[{"href":"https:\/\/www.oarcanjo.net\/site\/wp-json\/wp\/v2\/types\/post"}],"author":[{"embeddable":true,"href":"https:\/\/www.oarcanjo.net\/site\/wp-json\/wp\/v2\/users\/14"}],"replies":[{"embeddable":true,"href":"https:\/\/www.oarcanjo.net\/site\/wp-json\/wp\/v2\/comments?post=10360"}],"version-history":[{"count":1,"href":"https:\/\/www.oarcanjo.net\/site\/wp-json\/wp\/v2\/posts\/10360\/revisions"}],"predecessor-version":[{"id":88637,"href":"https:\/\/www.oarcanjo.net\/site\/wp-json\/wp\/v2\/posts\/10360\/revisions\/88637"}],"wp:attachment":[{"href":"https:\/\/www.oarcanjo.net\/site\/wp-json\/wp\/v2\/media?parent=10360"}],"wp:term":[{"taxonomy":"category","embeddable":true,"href":"https:\/\/www.oarcanjo.net\/site\/wp-json\/wp\/v2\/categories?post=10360"},{"taxonomy":"post_tag","embeddable":true,"href":"https:\/\/www.oarcanjo.net\/site\/wp-json\/wp\/v2\/tags?post=10360"}],"curies":[{"name":"wp","href":"https:\/\/api.w.org\/{rel}","templated":true}]}}