
{"id":10364,"date":"2010-07-23T10:21:37","date_gmt":"2010-07-23T13:21:37","guid":{"rendered":"http:\/\/www.oarcanjo.net\/site\/?p=10364"},"modified":"2010-07-24T20:24:12","modified_gmt":"2010-07-24T23:24:12","slug":"amanha-acontece-a-celebracao-ante-despejo-na-juta","status":"publish","type":"post","link":"https:\/\/www.oarcanjo.net\/site\/amanha-acontece-a-celebracao-ante-despejo-na-juta\/","title":{"rendered":"Celebra\u00e7\u00e3o ante despejo acontece domingo na Juta"},"content":{"rendered":"<p>A celebra\u00e7\u00e3o contra o despejo de quatro comunidades na Juta acontece no domingo, dia 25 de julho, \u00e0s 9h, na Pra\u00e7a Mascarenhas de Moraes, altura do n\u00famero 11592 da Av. Sapopemba.<\/p>\n<p>Se chover, ser\u00e1 na Par\u00f3quia S\u00e3o Sebasti\u00e3o, na Rua Tenente Godofredo Cerqueira Leite, 300 (a 100 m da pra\u00e7a).<\/p>\n<p>Telefone para contato: 2013-9874, com Pe. Pedro ou Lucimara.<\/p>\n<div id=\"themify_builder_content-10364\" data-postid=\"10364\" class=\"themify_builder_content themify_builder_content-10364 themify_builder themify_builder_front\">\n\t<\/div>\n<!-- \/themify_builder_content -->","protected":false},"excerpt":{"rendered":"<p>A celebra\u00e7\u00e3o contra o despejo de quatro comunidades na Juta acontece no domingo, dia 25 de julho, \u00e0s 9h, na Pra\u00e7a Mascarenhas de Moraes, altura do n\u00famero 11592 da Av. Sapopemba. Se chover, ser\u00e1 na Par\u00f3quia S\u00e3o Sebasti\u00e3o, na Rua Tenente Godofredo Cerqueira Leite, 300 (a 100 m da pra\u00e7a). Telefone para contato: 2013-9874, com [&hellip;]<\/p>\n","protected":false},"author":5,"featured_media":0,"comment_status":"open","ping_status":"open","sticky":false,"template":"","format":"standard","meta":{"ngg_post_thumbnail":0,"footnotes":""},"categories":[8],"tags":[58,317,1679],"yoast_head":"<!-- This site is optimized with the Yoast SEO plugin v23.5 - https:\/\/yoast.com\/wordpress\/plugins\/seo\/ -->\n<title>Celebra\u00e7\u00e3o ante despejo acontece domingo na Juta - O Arcanjo no ar<\/title>\n<meta name=\"robots\" content=\"index, follow, max-snippet:-1, max-image-preview:large, max-video-preview:-1\" \/>\n<link rel=\"canonical\" href=\"https:\/\/www.oarcanjo.net\/site\/amanha-acontece-a-celebracao-ante-despejo-na-juta\/\" \/>\n<meta property=\"og:locale\" content=\"pt_BR\" \/>\n<meta property=\"og:type\" content=\"article\" \/>\n<meta property=\"og:title\" content=\"Celebra\u00e7\u00e3o ante despejo acontece domingo na Juta - O Arcanjo no ar\" \/>\n<meta property=\"og:description\" content=\"A celebra\u00e7\u00e3o contra o despejo de quatro comunidades na Juta acontece no domingo, dia 25 de julho, \u00e0s 9h, na Pra\u00e7a Mascarenhas de Moraes, altura do n\u00famero 11592 da Av. Sapopemba. Se chover, ser\u00e1 na Par\u00f3quia S\u00e3o Sebasti\u00e3o, na Rua Tenente Godofredo Cerqueira Leite, 300 (a 100 m da pra\u00e7a). Telefone para contato: 2013-9874, com [&hellip;]\" \/>\n<meta property=\"og:url\" content=\"https:\/\/www.oarcanjo.net\/site\/amanha-acontece-a-celebracao-ante-despejo-na-juta\/\" \/>\n<meta property=\"og:site_name\" content=\"O Arcanjo no ar\" \/>\n<meta property=\"article:publisher\" content=\"https:\/\/www.facebook.com\/OArcanjoNoAr\/\" \/>\n<meta property=\"article:published_time\" content=\"2010-07-23T13:21:37+00:00\" \/>\n<meta property=\"article:modified_time\" content=\"2010-07-24T23:24:12+00:00\" \/>\n<meta property=\"og:image\" content=\"https:\/\/www.oarcanjo.net\/site\/wp-content\/uploads\/logo-o-arcanjo-no-ar-facebook.png\" \/>\n\t<meta property=\"og:image:width\" content=\"300\" \/>\n\t<meta property=\"og:image:height\" content=\"300\" \/>\n\t<meta property=\"og:image:type\" content=\"image\/png\" \/>\n<meta name=\"author\" content=\"editor\" \/>\n<meta name=\"twitter:card\" content=\"summary_large_image\" \/>\n<meta name=\"twitter:label1\" content=\"Escrito por\" \/>\n\t<meta name=\"twitter:data1\" content=\"editor\" \/>\n<script type=\"application\/ld+json\" class=\"yoast-schema-graph\">{\"@context\":\"https:\/\/schema.org\",\"@graph\":[{\"@type\":\"Article\",\"@id\":\"https:\/\/www.oarcanjo.net\/site\/amanha-acontece-a-celebracao-ante-despejo-na-juta\/#article\",\"isPartOf\":{\"@id\":\"https:\/\/www.oarcanjo.net\/site\/amanha-acontece-a-celebracao-ante-despejo-na-juta\/\"},\"author\":{\"name\":\"editor\",\"@id\":\"https:\/\/www.oarcanjo.net\/site\/#\/schema\/person\/f7024d007863202483a31326673a0838\"},\"headline\":\"Celebra\u00e7\u00e3o ante despejo acontece domingo na Juta\",\"datePublished\":\"2010-07-23T13:21:37+00:00\",\"dateModified\":\"2010-07-24T23:24:12+00:00\",\"mainEntityOfPage\":{\"@id\":\"https:\/\/www.oarcanjo.net\/site\/amanha-acontece-a-celebracao-ante-despejo-na-juta\/\"},\"wordCount\":70,\"commentCount\":1,\"publisher\":{\"@id\":\"https:\/\/www.oarcanjo.net\/site\/#organization\"},\"keywords\":[\"celebra\u00e7\u00e3o\",\"comunidades\",\"Juta\"],\"articleSection\":[\"Not\u00edcias\"],\"inLanguage\":\"pt-BR\",\"potentialAction\":[{\"@type\":\"CommentAction\",\"name\":\"Comment\",\"target\":[\"https:\/\/www.oarcanjo.net\/site\/amanha-acontece-a-celebracao-ante-despejo-na-juta\/#respond\"]}]},{\"@type\":\"WebPage\",\"@id\":\"https:\/\/www.oarcanjo.net\/site\/amanha-acontece-a-celebracao-ante-despejo-na-juta\/\",\"url\":\"https:\/\/www.oarcanjo.net\/site\/amanha-acontece-a-celebracao-ante-despejo-na-juta\/\",\"name\":\"Celebra\u00e7\u00e3o ante despejo acontece domingo na Juta - O Arcanjo no ar\",\"isPartOf\":{\"@id\":\"https:\/\/www.oarcanjo.net\/site\/#website\"},\"datePublished\":\"2010-07-23T13:21:37+00:00\",\"dateModified\":\"2010-07-24T23:24:12+00:00\",\"breadcrumb\":{\"@id\":\"https:\/\/www.oarcanjo.net\/site\/amanha-acontece-a-celebracao-ante-despejo-na-juta\/#breadcrumb\"},\"inLanguage\":\"pt-BR\",\"potentialAction\":[{\"@type\":\"ReadAction\",\"target\":[\"https:\/\/www.oarcanjo.net\/site\/amanha-acontece-a-celebracao-ante-despejo-na-juta\/\"]}]},{\"@type\":\"BreadcrumbList\",\"@id\":\"https:\/\/www.oarcanjo.net\/site\/amanha-acontece-a-celebracao-ante-despejo-na-juta\/#breadcrumb\",\"itemListElement\":[{\"@type\":\"ListItem\",\"position\":1,\"name\":\"In\u00edcio\",\"item\":\"https:\/\/www.oarcanjo.net\/site\/\"},{\"@type\":\"ListItem\",\"position\":2,\"name\":\"Celebra\u00e7\u00e3o ante despejo acontece domingo na Juta\"}]},{\"@type\":\"WebSite\",\"@id\":\"https:\/\/www.oarcanjo.net\/site\/#website\",\"url\":\"https:\/\/www.oarcanjo.net\/site\/\",\"name\":\"O Arcanjo no ar\",\"description\":\"Site da Par\u00f3quia S\u00e3o Miguel Arcanjo (Arquidiocese de SP)\",\"publisher\":{\"@id\":\"https:\/\/www.oarcanjo.net\/site\/#organization\"},\"potentialAction\":[{\"@type\":\"SearchAction\",\"target\":{\"@type\":\"EntryPoint\",\"urlTemplate\":\"https:\/\/www.oarcanjo.net\/site\/?s={search_term_string}\"},\"query-input\":{\"@type\":\"PropertyValueSpecification\",\"valueRequired\":true,\"valueName\":\"search_term_string\"}}],\"inLanguage\":\"pt-BR\"},{\"@type\":\"Organization\",\"@id\":\"https:\/\/www.oarcanjo.net\/site\/#organization\",\"name\":\"Par\u00f3quia S\u00e3o Miguel Arcanjo\",\"url\":\"https:\/\/www.oarcanjo.net\/site\/\",\"logo\":{\"@type\":\"ImageObject\",\"inLanguage\":\"pt-BR\",\"@id\":\"https:\/\/www.oarcanjo.net\/site\/#\/schema\/logo\/image\/\",\"url\":\"https:\/\/www.oarcanjo.net\/site\/wp-content\/uploads\/LogoOArcanjo.png\",\"contentUrl\":\"https:\/\/www.oarcanjo.net\/site\/wp-content\/uploads\/LogoOArcanjo.png\",\"width\":319,\"height\":99,\"caption\":\"Par\u00f3quia S\u00e3o Miguel Arcanjo\"},\"image\":{\"@id\":\"https:\/\/www.oarcanjo.net\/site\/#\/schema\/logo\/image\/\"},\"sameAs\":[\"https:\/\/www.facebook.com\/OArcanjoNoAr\/\"]},{\"@type\":\"Person\",\"@id\":\"https:\/\/www.oarcanjo.net\/site\/#\/schema\/person\/f7024d007863202483a31326673a0838\",\"name\":\"editor\",\"sameAs\":[\"http:\/\/www.oarcanjo.net\"]}]}<\/script>\n<!-- \/ Yoast SEO plugin. -->","yoast_head_json":{"title":"Celebra\u00e7\u00e3o ante despejo acontece domingo na Juta - O Arcanjo no ar","robots":{"index":"index","follow":"follow","max-snippet":"max-snippet:-1","max-image-preview":"max-image-preview:large","max-video-preview":"max-video-preview:-1"},"canonical":"https:\/\/www.oarcanjo.net\/site\/amanha-acontece-a-celebracao-ante-despejo-na-juta\/","og_locale":"pt_BR","og_type":"article","og_title":"Celebra\u00e7\u00e3o ante despejo acontece domingo na Juta - O Arcanjo no ar","og_description":"A celebra\u00e7\u00e3o contra o despejo de quatro comunidades na Juta acontece no domingo, dia 25 de julho, \u00e0s 9h, na Pra\u00e7a Mascarenhas de Moraes, altura do n\u00famero 11592 da Av. Sapopemba. Se chover, ser\u00e1 na Par\u00f3quia S\u00e3o Sebasti\u00e3o, na Rua Tenente Godofredo Cerqueira Leite, 300 (a 100 m da pra\u00e7a). Telefone para contato: 2013-9874, com [&hellip;]","og_url":"https:\/\/www.oarcanjo.net\/site\/amanha-acontece-a-celebracao-ante-despejo-na-juta\/","og_site_name":"O Arcanjo no ar","article_publisher":"https:\/\/www.facebook.com\/OArcanjoNoAr\/","article_published_time":"2010-07-23T13:21:37+00:00","article_modified_time":"2010-07-24T23:24:12+00:00","og_image":[{"width":300,"height":300,"url":"https:\/\/www.oarcanjo.net\/site\/wp-content\/uploads\/logo-o-arcanjo-no-ar-facebook.png","type":"image\/png"}],"author":"editor","twitter_card":"summary_large_image","twitter_misc":{"Escrito por":"editor"},"schema":{"@context":"https:\/\/schema.org","@graph":[{"@type":"Article","@id":"https:\/\/www.oarcanjo.net\/site\/amanha-acontece-a-celebracao-ante-despejo-na-juta\/#article","isPartOf":{"@id":"https:\/\/www.oarcanjo.net\/site\/amanha-acontece-a-celebracao-ante-despejo-na-juta\/"},"author":{"name":"editor","@id":"https:\/\/www.oarcanjo.net\/site\/#\/schema\/person\/f7024d007863202483a31326673a0838"},"headline":"Celebra\u00e7\u00e3o ante despejo acontece domingo na Juta","datePublished":"2010-07-23T13:21:37+00:00","dateModified":"2010-07-24T23:24:12+00:00","mainEntityOfPage":{"@id":"https:\/\/www.oarcanjo.net\/site\/amanha-acontece-a-celebracao-ante-despejo-na-juta\/"},"wordCount":70,"commentCount":1,"publisher":{"@id":"https:\/\/www.oarcanjo.net\/site\/#organization"},"keywords":["celebra\u00e7\u00e3o","comunidades","Juta"],"articleSection":["Not\u00edcias"],"inLanguage":"pt-BR","potentialAction":[{"@type":"CommentAction","name":"Comment","target":["https:\/\/www.oarcanjo.net\/site\/amanha-acontece-a-celebracao-ante-despejo-na-juta\/#respond"]}]},{"@type":"WebPage","@id":"https:\/\/www.oarcanjo.net\/site\/amanha-acontece-a-celebracao-ante-despejo-na-juta\/","url":"https:\/\/www.oarcanjo.net\/site\/amanha-acontece-a-celebracao-ante-despejo-na-juta\/","name":"Celebra\u00e7\u00e3o ante despejo acontece domingo na Juta - O Arcanjo no ar","isPartOf":{"@id":"https:\/\/www.oarcanjo.net\/site\/#website"},"datePublished":"2010-07-23T13:21:37+00:00","dateModified":"2010-07-24T23:24:12+00:00","breadcrumb":{"@id":"https:\/\/www.oarcanjo.net\/site\/amanha-acontece-a-celebracao-ante-despejo-na-juta\/#breadcrumb"},"inLanguage":"pt-BR","potentialAction":[{"@type":"ReadAction","target":["https:\/\/www.oarcanjo.net\/site\/amanha-acontece-a-celebracao-ante-despejo-na-juta\/"]}]},{"@type":"BreadcrumbList","@id":"https:\/\/www.oarcanjo.net\/site\/amanha-acontece-a-celebracao-ante-despejo-na-juta\/#breadcrumb","itemListElement":[{"@type":"ListItem","position":1,"name":"In\u00edcio","item":"https:\/\/www.oarcanjo.net\/site\/"},{"@type":"ListItem","position":2,"name":"Celebra\u00e7\u00e3o ante despejo acontece domingo na Juta"}]},{"@type":"WebSite","@id":"https:\/\/www.oarcanjo.net\/site\/#website","url":"https:\/\/www.oarcanjo.net\/site\/","name":"O Arcanjo no ar","description":"Site da Par\u00f3quia S\u00e3o Miguel Arcanjo (Arquidiocese de SP)","publisher":{"@id":"https:\/\/www.oarcanjo.net\/site\/#organization"},"potentialAction":[{"@type":"SearchAction","target":{"@type":"EntryPoint","urlTemplate":"https:\/\/www.oarcanjo.net\/site\/?s={search_term_string}"},"query-input":{"@type":"PropertyValueSpecification","valueRequired":true,"valueName":"search_term_string"}}],"inLanguage":"pt-BR"},{"@type":"Organization","@id":"https:\/\/www.oarcanjo.net\/site\/#organization","name":"Par\u00f3quia S\u00e3o Miguel Arcanjo","url":"https:\/\/www.oarcanjo.net\/site\/","logo":{"@type":"ImageObject","inLanguage":"pt-BR","@id":"https:\/\/www.oarcanjo.net\/site\/#\/schema\/logo\/image\/","url":"https:\/\/www.oarcanjo.net\/site\/wp-content\/uploads\/LogoOArcanjo.png","contentUrl":"https:\/\/www.oarcanjo.net\/site\/wp-content\/uploads\/LogoOArcanjo.png","width":319,"height":99,"caption":"Par\u00f3quia S\u00e3o Miguel Arcanjo"},"image":{"@id":"https:\/\/www.oarcanjo.net\/site\/#\/schema\/logo\/image\/"},"sameAs":["https:\/\/www.facebook.com\/OArcanjoNoAr\/"]},{"@type":"Person","@id":"https:\/\/www.oarcanjo.net\/site\/#\/schema\/person\/f7024d007863202483a31326673a0838","name":"editor","sameAs":["http:\/\/www.oarcanjo.net"]}]}},"publishpress_future_action":{"enabled":false,"date":"2026-05-09 10:23:42","action":"category","newStatus":"draft","terms":[],"taxonomy":"category"},"publishpress_future_workflow_manual_trigger":{"enabledWorkflows":[]},"_links":{"self":[{"href":"https:\/\/www.oarcanjo.net\/site\/wp-json\/wp\/v2\/posts\/10364"}],"collection":[{"href":"https:\/\/www.oarcanjo.net\/site\/wp-json\/wp\/v2\/posts"}],"about":[{"href":"https:\/\/www.oarcanjo.net\/site\/wp-json\/wp\/v2\/types\/post"}],"author":[{"embeddable":true,"href":"https:\/\/www.oarcanjo.net\/site\/wp-json\/wp\/v2\/users\/5"}],"replies":[{"embeddable":true,"href":"https:\/\/www.oarcanjo.net\/site\/wp-json\/wp\/v2\/comments?post=10364"}],"version-history":[{"count":0,"href":"https:\/\/www.oarcanjo.net\/site\/wp-json\/wp\/v2\/posts\/10364\/revisions"}],"wp:attachment":[{"href":"https:\/\/www.oarcanjo.net\/site\/wp-json\/wp\/v2\/media?parent=10364"}],"wp:term":[{"taxonomy":"category","embeddable":true,"href":"https:\/\/www.oarcanjo.net\/site\/wp-json\/wp\/v2\/categories?post=10364"},{"taxonomy":"post_tag","embeddable":true,"href":"https:\/\/www.oarcanjo.net\/site\/wp-json\/wp\/v2\/tags?post=10364"}],"curies":[{"name":"wp","href":"https:\/\/api.w.org\/{rel}","templated":true}]}}