
{"id":10378,"date":"2010-07-29T23:39:20","date_gmt":"2010-07-30T02:39:20","guid":{"rendered":"http:\/\/www.oarcanjo.net\/site\/?p=10378"},"modified":"2010-07-29T23:39:20","modified_gmt":"2010-07-30T02:39:20","slug":"o-perigoso-lazer-da-juventude-urbana","status":"publish","type":"post","link":"https:\/\/www.oarcanjo.net\/site\/o-perigoso-lazer-da-juventude-urbana\/","title":{"rendered":"O perigoso lazer da juventude urbana"},"content":{"rendered":"<p>Maria Clara Lucchetti Bingemer<\/p>\n<p>H\u00e1 cerca de um ano, escrevi um artigo sobre o atropelamento de Pedro, filho de uma amiga. Falava da viol\u00eancia e da impunidade nas cidades grandes, onde um rapaz de 26 anos \u00e9 atropelado irresponsavelmente por algu\u00e9m que o deixa semimorto na rua e foge. Pedro, gra\u00e7as a Deus, vai se recuperando milagrosamente, surpreendendo medicos, familiares e amigos.<\/p>\n<p>N\u00e3o teve a mesma sorte Rafael Mascarenhas, mais jovem ainda, 18 anos, filho da atriz Cissa Guimar\u00e3es e do m\u00fasico Raul Mascarenhas, que andava de skate na pista interditada do t\u00fanel Zuzu Angel durante a madrugada e foi atropelado e morto por um carro turbinado que &#8220;botava um pega&#8221; com outro na contram\u00e3o. Rafael foi atingido em cheio pelo carro assassino e n\u00e3o conseguiu sobreviver, apesar da sa\u00fade e da juventude.<\/p>\n<p>O Rio acompanhou consternado a dor de Cissa, sua m\u00e3e, e Raul, o pai, amigos e familiares. Em seu vel\u00f3rio, os jovens, perplexos, defrontavam-se talvez pela primeira vez com a fatal inimiga, a morte, que chegou antes da hora e de maneira cruel, criminosa, infeccionando a noite com sua viol\u00eancia camuflada em jogo mortal.<\/p>\n<p>Impressiona-me neste fatal e terr\u00edvel acidente o fato de que se amontoam circunst\u00e2ncias erradas e desordenadas. O t\u00fanel teoricamente estava em manuten\u00e7\u00e3o. Mas de manuten\u00e7\u00e3o mesmo s\u00f3 havia os cavaletes e o aviso in\u00f3cuo. In\u00f3cuo porque naquela noite, como provavelmente em v\u00e1rias outras, n\u00e3o houve trabalho de manuten\u00e7\u00e3o no t\u00fanel. Ou seja, toda a parafern\u00e1lia montada para fazer de conta que a prefeitura cuidava da cidade, como era seu dever, e mantinha o t\u00fanel em bom estado de conserva\u00e7\u00e3o, era apenas uma camuflagem que o \u00fanico efeito que teve foi permitir que os assassinos levassem a cabo sua brincadeira impune e letal.<\/p>\n<p>V\u00e1rias vezes, ao voltar para casa em Laranjeiras, onde moro, encontrei o T\u00fanel Rebou\u00e7as interditado teoricamente para servi\u00e7os de manuten\u00e7\u00e3o. No dia seguinte, ao entrar nele novamente, sempre me impressionava a invisibilidade da dita manuten\u00e7\u00e3o, j\u00e1 que as pistas continuavam esburacadas, as po\u00e7as da chuva tamb\u00e9m, fazendo os carros desviarem sua rota e perigosamente mudar de pista em alta velocidade. O mesmo acontece nos t\u00faneis Santa B\u00e1rbara, no de S\u00e3o Conrado e no Zuzu Angel. Que manuten\u00e7\u00e3o fict\u00edcia \u00e9 essa ent\u00e3o?<\/p>\n<p>Mais errado ainda, se se pode ponderar e medir erros que resultam em morte, estavam certamente os dois garotos que na falta de coisa melhor que fazer desafiavam o perigo com seus carros turbinados fazendo perigosa &#8220;roleta&#8221; na pista do t\u00fanel. O resultado a\u00ed est\u00e1: no meio do caminho havia uma pessoa, um jovem m\u00fasico, que fazia seu esporte de skatista e cuja vida foi brutalmente interrompida pela velocidade irrespons\u00e1vel.<\/p>\n<p>Rafael andava de skate de madrugada. Estava errado? Devo dizer que n\u00e3o me agrada o skate. Acho perigoso, os meninos andam sem capacete, se arriscam. Meu filho nunca se interessou muito pelo skate. Quando pronunciou a palavra moto em casa, imediatamente foi ajudado a comprar um carro de segunda m\u00e3o em suaves presta\u00e7\u00f5es. Adiamos assim a ang\u00fastia, o perigo, que sempre existe, at\u00e9 em atravessar a rua. Ou andar de skate em uma pista interditada, que a rigor deveria estar vazia.<\/p>\n<p>Por mais imprudente que fosse o lazer de Rafael -que estava acompanhado de amigos- nada justifica o que aconteceu. Sendo filho de uma famosa atriz global, esperemos que ao menos seu caso sirva de alerta para todas as inst\u00e2ncias implicadas no acidente. Come\u00e7ando pela prefeitura, pela CET-Rio e todos os demais \u00f3rg\u00e3os p\u00fablicos encarregados de zelar pela seguran\u00e7a das ruas e que desempenham seu of\u00edcio de maneira no m\u00ednimo sofr\u00edvel.<\/p>\n<p>Talvez com a repercuss\u00e3o da morte de Rafael, a juventude carioca e todos os habitantes desta cidade e das outras capitais do pa\u00eds possam transitar um pouco mais seguros pelas ruas. Tomara! Mas &#8230;e o que acontece com Pedro e outros que continuam sofrendo as consequ\u00eancias de um acidente que segue encoberto pela impunidade criminosa? E outros, mais que Pedro, pior que ele, que sem condi\u00e7\u00f5es econ\u00f4micas para um tratamento morrem abandonados na rua depois de atropelados por falta de socorro ou nos corredores dos hospitais p\u00fablicos, sem atendimento diligente e competente?<\/p>\n<p>O rosto sorridente do jovem guitarrista e m\u00fasico Rafael nos sirva de alerta sobre o que estamos fazendo com nossas cidades, que em vez de espa\u00e7os urbanos para a vida est\u00e3o rapidamente transformando-se em cemit\u00e9rios e corredores da morte para tantos, sobretudo para jovens desavisados.<\/p>\n<div id=\"themify_builder_content-10378\" data-postid=\"10378\" class=\"themify_builder_content themify_builder_content-10378 themify_builder themify_builder_front\">\n\t<\/div>\n<!-- \/themify_builder_content -->","protected":false},"excerpt":{"rendered":"<p>Maria Clara Lucchetti Bingemer H\u00e1 cerca de um ano, escrevi um artigo sobre o atropelamento de Pedro, filho de uma amiga. Falava da viol\u00eancia e da impunidade nas cidades grandes, onde um rapaz de 26 anos \u00e9 atropelado irresponsavelmente por algu\u00e9m que o deixa semimorto na rua e foge. Pedro, gra\u00e7as a Deus, vai se [&hellip;]<\/p>\n","protected":false},"author":5,"featured_media":0,"comment_status":"open","ping_status":"open","sticky":false,"template":"","format":"standard","meta":{"ngg_post_thumbnail":0,"footnotes":""},"categories":[9],"tags":[1680,418,225,1684,1683,1681,1682],"yoast_head":"<!-- This site is optimized with the Yoast SEO plugin v23.5 - https:\/\/yoast.com\/wordpress\/plugins\/seo\/ -->\n<title>O perigoso lazer da juventude urbana - O Arcanjo no ar<\/title>\n<meta name=\"robots\" content=\"index, follow, max-snippet:-1, max-image-preview:large, max-video-preview:-1\" \/>\n<link rel=\"canonical\" href=\"https:\/\/www.oarcanjo.net\/site\/o-perigoso-lazer-da-juventude-urbana\/\" \/>\n<meta property=\"og:locale\" content=\"pt_BR\" \/>\n<meta property=\"og:type\" content=\"article\" \/>\n<meta property=\"og:title\" content=\"O perigoso lazer da juventude urbana - O Arcanjo no ar\" \/>\n<meta property=\"og:description\" content=\"Maria Clara Lucchetti Bingemer H\u00e1 cerca de um ano, escrevi um artigo sobre o atropelamento de Pedro, filho de uma amiga. Falava da viol\u00eancia e da impunidade nas cidades grandes, onde um rapaz de 26 anos \u00e9 atropelado irresponsavelmente por algu\u00e9m que o deixa semimorto na rua e foge. Pedro, gra\u00e7as a Deus, vai se [&hellip;]\" \/>\n<meta property=\"og:url\" content=\"https:\/\/www.oarcanjo.net\/site\/o-perigoso-lazer-da-juventude-urbana\/\" \/>\n<meta property=\"og:site_name\" content=\"O Arcanjo no ar\" \/>\n<meta property=\"article:publisher\" content=\"https:\/\/www.facebook.com\/OArcanjoNoAr\/\" \/>\n<meta property=\"article:published_time\" content=\"2010-07-30T02:39:20+00:00\" \/>\n<meta property=\"og:image\" content=\"https:\/\/www.oarcanjo.net\/site\/wp-content\/uploads\/logo-o-arcanjo-no-ar-facebook.png\" \/>\n\t<meta property=\"og:image:width\" content=\"300\" \/>\n\t<meta property=\"og:image:height\" content=\"300\" \/>\n\t<meta property=\"og:image:type\" content=\"image\/png\" \/>\n<meta name=\"author\" content=\"editor\" \/>\n<meta name=\"twitter:card\" content=\"summary_large_image\" \/>\n<meta name=\"twitter:label1\" content=\"Escrito por\" \/>\n\t<meta name=\"twitter:data1\" content=\"editor\" \/>\n\t<meta name=\"twitter:label2\" content=\"Est. tempo de leitura\" \/>\n\t<meta name=\"twitter:data2\" content=\"4 minutos\" \/>\n<script type=\"application\/ld+json\" class=\"yoast-schema-graph\">{\"@context\":\"https:\/\/schema.org\",\"@graph\":[{\"@type\":\"Article\",\"@id\":\"https:\/\/www.oarcanjo.net\/site\/o-perigoso-lazer-da-juventude-urbana\/#article\",\"isPartOf\":{\"@id\":\"https:\/\/www.oarcanjo.net\/site\/o-perigoso-lazer-da-juventude-urbana\/\"},\"author\":{\"name\":\"editor\",\"@id\":\"https:\/\/www.oarcanjo.net\/site\/#\/schema\/person\/f7024d007863202483a31326673a0838\"},\"headline\":\"O perigoso lazer da juventude urbana\",\"datePublished\":\"2010-07-30T02:39:20+00:00\",\"dateModified\":\"2010-07-30T02:39:20+00:00\",\"mainEntityOfPage\":{\"@id\":\"https:\/\/www.oarcanjo.net\/site\/o-perigoso-lazer-da-juventude-urbana\/\"},\"wordCount\":796,\"commentCount\":0,\"publisher\":{\"@id\":\"https:\/\/www.oarcanjo.net\/site\/#organization\"},\"keywords\":[\"Cissa Guimar\u00e3es\",\"jovem\",\"juventude\",\"pega\",\"racha\",\"Raul Mascarenhas\",\"skate\"],\"articleSection\":[\"Reflex\u00f5es\"],\"inLanguage\":\"pt-BR\",\"potentialAction\":[{\"@type\":\"CommentAction\",\"name\":\"Comment\",\"target\":[\"https:\/\/www.oarcanjo.net\/site\/o-perigoso-lazer-da-juventude-urbana\/#respond\"]}]},{\"@type\":\"WebPage\",\"@id\":\"https:\/\/www.oarcanjo.net\/site\/o-perigoso-lazer-da-juventude-urbana\/\",\"url\":\"https:\/\/www.oarcanjo.net\/site\/o-perigoso-lazer-da-juventude-urbana\/\",\"name\":\"O perigoso lazer da juventude urbana - O Arcanjo no ar\",\"isPartOf\":{\"@id\":\"https:\/\/www.oarcanjo.net\/site\/#website\"},\"datePublished\":\"2010-07-30T02:39:20+00:00\",\"dateModified\":\"2010-07-30T02:39:20+00:00\",\"breadcrumb\":{\"@id\":\"https:\/\/www.oarcanjo.net\/site\/o-perigoso-lazer-da-juventude-urbana\/#breadcrumb\"},\"inLanguage\":\"pt-BR\",\"potentialAction\":[{\"@type\":\"ReadAction\",\"target\":[\"https:\/\/www.oarcanjo.net\/site\/o-perigoso-lazer-da-juventude-urbana\/\"]}]},{\"@type\":\"BreadcrumbList\",\"@id\":\"https:\/\/www.oarcanjo.net\/site\/o-perigoso-lazer-da-juventude-urbana\/#breadcrumb\",\"itemListElement\":[{\"@type\":\"ListItem\",\"position\":1,\"name\":\"In\u00edcio\",\"item\":\"https:\/\/www.oarcanjo.net\/site\/\"},{\"@type\":\"ListItem\",\"position\":2,\"name\":\"O perigoso lazer da juventude urbana\"}]},{\"@type\":\"WebSite\",\"@id\":\"https:\/\/www.oarcanjo.net\/site\/#website\",\"url\":\"https:\/\/www.oarcanjo.net\/site\/\",\"name\":\"O Arcanjo no ar\",\"description\":\"Site da Par\u00f3quia S\u00e3o Miguel Arcanjo (Arquidiocese de SP)\",\"publisher\":{\"@id\":\"https:\/\/www.oarcanjo.net\/site\/#organization\"},\"potentialAction\":[{\"@type\":\"SearchAction\",\"target\":{\"@type\":\"EntryPoint\",\"urlTemplate\":\"https:\/\/www.oarcanjo.net\/site\/?s={search_term_string}\"},\"query-input\":{\"@type\":\"PropertyValueSpecification\",\"valueRequired\":true,\"valueName\":\"search_term_string\"}}],\"inLanguage\":\"pt-BR\"},{\"@type\":\"Organization\",\"@id\":\"https:\/\/www.oarcanjo.net\/site\/#organization\",\"name\":\"Par\u00f3quia S\u00e3o Miguel Arcanjo\",\"url\":\"https:\/\/www.oarcanjo.net\/site\/\",\"logo\":{\"@type\":\"ImageObject\",\"inLanguage\":\"pt-BR\",\"@id\":\"https:\/\/www.oarcanjo.net\/site\/#\/schema\/logo\/image\/\",\"url\":\"https:\/\/www.oarcanjo.net\/site\/wp-content\/uploads\/LogoOArcanjo.png\",\"contentUrl\":\"https:\/\/www.oarcanjo.net\/site\/wp-content\/uploads\/LogoOArcanjo.png\",\"width\":319,\"height\":99,\"caption\":\"Par\u00f3quia S\u00e3o Miguel Arcanjo\"},\"image\":{\"@id\":\"https:\/\/www.oarcanjo.net\/site\/#\/schema\/logo\/image\/\"},\"sameAs\":[\"https:\/\/www.facebook.com\/OArcanjoNoAr\/\"]},{\"@type\":\"Person\",\"@id\":\"https:\/\/www.oarcanjo.net\/site\/#\/schema\/person\/f7024d007863202483a31326673a0838\",\"name\":\"editor\",\"sameAs\":[\"http:\/\/www.oarcanjo.net\"]}]}<\/script>\n<!-- \/ Yoast SEO plugin. -->","yoast_head_json":{"title":"O perigoso lazer da juventude urbana - O Arcanjo no ar","robots":{"index":"index","follow":"follow","max-snippet":"max-snippet:-1","max-image-preview":"max-image-preview:large","max-video-preview":"max-video-preview:-1"},"canonical":"https:\/\/www.oarcanjo.net\/site\/o-perigoso-lazer-da-juventude-urbana\/","og_locale":"pt_BR","og_type":"article","og_title":"O perigoso lazer da juventude urbana - O Arcanjo no ar","og_description":"Maria Clara Lucchetti Bingemer H\u00e1 cerca de um ano, escrevi um artigo sobre o atropelamento de Pedro, filho de uma amiga. Falava da viol\u00eancia e da impunidade nas cidades grandes, onde um rapaz de 26 anos \u00e9 atropelado irresponsavelmente por algu\u00e9m que o deixa semimorto na rua e foge. Pedro, gra\u00e7as a Deus, vai se [&hellip;]","og_url":"https:\/\/www.oarcanjo.net\/site\/o-perigoso-lazer-da-juventude-urbana\/","og_site_name":"O Arcanjo no ar","article_publisher":"https:\/\/www.facebook.com\/OArcanjoNoAr\/","article_published_time":"2010-07-30T02:39:20+00:00","og_image":[{"width":300,"height":300,"url":"https:\/\/www.oarcanjo.net\/site\/wp-content\/uploads\/logo-o-arcanjo-no-ar-facebook.png","type":"image\/png"}],"author":"editor","twitter_card":"summary_large_image","twitter_misc":{"Escrito por":"editor","Est. tempo de leitura":"4 minutos"},"schema":{"@context":"https:\/\/schema.org","@graph":[{"@type":"Article","@id":"https:\/\/www.oarcanjo.net\/site\/o-perigoso-lazer-da-juventude-urbana\/#article","isPartOf":{"@id":"https:\/\/www.oarcanjo.net\/site\/o-perigoso-lazer-da-juventude-urbana\/"},"author":{"name":"editor","@id":"https:\/\/www.oarcanjo.net\/site\/#\/schema\/person\/f7024d007863202483a31326673a0838"},"headline":"O perigoso lazer da juventude urbana","datePublished":"2010-07-30T02:39:20+00:00","dateModified":"2010-07-30T02:39:20+00:00","mainEntityOfPage":{"@id":"https:\/\/www.oarcanjo.net\/site\/o-perigoso-lazer-da-juventude-urbana\/"},"wordCount":796,"commentCount":0,"publisher":{"@id":"https:\/\/www.oarcanjo.net\/site\/#organization"},"keywords":["Cissa Guimar\u00e3es","jovem","juventude","pega","racha","Raul Mascarenhas","skate"],"articleSection":["Reflex\u00f5es"],"inLanguage":"pt-BR","potentialAction":[{"@type":"CommentAction","name":"Comment","target":["https:\/\/www.oarcanjo.net\/site\/o-perigoso-lazer-da-juventude-urbana\/#respond"]}]},{"@type":"WebPage","@id":"https:\/\/www.oarcanjo.net\/site\/o-perigoso-lazer-da-juventude-urbana\/","url":"https:\/\/www.oarcanjo.net\/site\/o-perigoso-lazer-da-juventude-urbana\/","name":"O perigoso lazer da juventude urbana - O Arcanjo no ar","isPartOf":{"@id":"https:\/\/www.oarcanjo.net\/site\/#website"},"datePublished":"2010-07-30T02:39:20+00:00","dateModified":"2010-07-30T02:39:20+00:00","breadcrumb":{"@id":"https:\/\/www.oarcanjo.net\/site\/o-perigoso-lazer-da-juventude-urbana\/#breadcrumb"},"inLanguage":"pt-BR","potentialAction":[{"@type":"ReadAction","target":["https:\/\/www.oarcanjo.net\/site\/o-perigoso-lazer-da-juventude-urbana\/"]}]},{"@type":"BreadcrumbList","@id":"https:\/\/www.oarcanjo.net\/site\/o-perigoso-lazer-da-juventude-urbana\/#breadcrumb","itemListElement":[{"@type":"ListItem","position":1,"name":"In\u00edcio","item":"https:\/\/www.oarcanjo.net\/site\/"},{"@type":"ListItem","position":2,"name":"O perigoso lazer da juventude urbana"}]},{"@type":"WebSite","@id":"https:\/\/www.oarcanjo.net\/site\/#website","url":"https:\/\/www.oarcanjo.net\/site\/","name":"O Arcanjo no ar","description":"Site da Par\u00f3quia S\u00e3o Miguel Arcanjo (Arquidiocese de SP)","publisher":{"@id":"https:\/\/www.oarcanjo.net\/site\/#organization"},"potentialAction":[{"@type":"SearchAction","target":{"@type":"EntryPoint","urlTemplate":"https:\/\/www.oarcanjo.net\/site\/?s={search_term_string}"},"query-input":{"@type":"PropertyValueSpecification","valueRequired":true,"valueName":"search_term_string"}}],"inLanguage":"pt-BR"},{"@type":"Organization","@id":"https:\/\/www.oarcanjo.net\/site\/#organization","name":"Par\u00f3quia S\u00e3o Miguel Arcanjo","url":"https:\/\/www.oarcanjo.net\/site\/","logo":{"@type":"ImageObject","inLanguage":"pt-BR","@id":"https:\/\/www.oarcanjo.net\/site\/#\/schema\/logo\/image\/","url":"https:\/\/www.oarcanjo.net\/site\/wp-content\/uploads\/LogoOArcanjo.png","contentUrl":"https:\/\/www.oarcanjo.net\/site\/wp-content\/uploads\/LogoOArcanjo.png","width":319,"height":99,"caption":"Par\u00f3quia S\u00e3o Miguel Arcanjo"},"image":{"@id":"https:\/\/www.oarcanjo.net\/site\/#\/schema\/logo\/image\/"},"sameAs":["https:\/\/www.facebook.com\/OArcanjoNoAr\/"]},{"@type":"Person","@id":"https:\/\/www.oarcanjo.net\/site\/#\/schema\/person\/f7024d007863202483a31326673a0838","name":"editor","sameAs":["http:\/\/www.oarcanjo.net"]}]}},"publishpress_future_action":{"enabled":false,"date":"2026-05-10 05:39:28","action":"category","newStatus":"draft","terms":[],"taxonomy":"category"},"publishpress_future_workflow_manual_trigger":{"enabledWorkflows":[]},"_links":{"self":[{"href":"https:\/\/www.oarcanjo.net\/site\/wp-json\/wp\/v2\/posts\/10378"}],"collection":[{"href":"https:\/\/www.oarcanjo.net\/site\/wp-json\/wp\/v2\/posts"}],"about":[{"href":"https:\/\/www.oarcanjo.net\/site\/wp-json\/wp\/v2\/types\/post"}],"author":[{"embeddable":true,"href":"https:\/\/www.oarcanjo.net\/site\/wp-json\/wp\/v2\/users\/5"}],"replies":[{"embeddable":true,"href":"https:\/\/www.oarcanjo.net\/site\/wp-json\/wp\/v2\/comments?post=10378"}],"version-history":[{"count":0,"href":"https:\/\/www.oarcanjo.net\/site\/wp-json\/wp\/v2\/posts\/10378\/revisions"}],"wp:attachment":[{"href":"https:\/\/www.oarcanjo.net\/site\/wp-json\/wp\/v2\/media?parent=10378"}],"wp:term":[{"taxonomy":"category","embeddable":true,"href":"https:\/\/www.oarcanjo.net\/site\/wp-json\/wp\/v2\/categories?post=10378"},{"taxonomy":"post_tag","embeddable":true,"href":"https:\/\/www.oarcanjo.net\/site\/wp-json\/wp\/v2\/tags?post=10378"}],"curies":[{"name":"wp","href":"https:\/\/api.w.org\/{rel}","templated":true}]}}