
{"id":10381,"date":"2018-08-03T00:55:30","date_gmt":"2018-08-03T03:55:30","guid":{"rendered":"http:\/\/www.oarcanjo.net\/site\/?p=10381"},"modified":"2018-06-20T18:25:53","modified_gmt":"2018-06-20T21:25:53","slug":"santa-lidia","status":"publish","type":"post","link":"https:\/\/www.oarcanjo.net\/site\/santa-lidia\/","title":{"rendered":"Santa L\u00eddia"},"content":{"rendered":"<p><img loading=\"lazy\" decoding=\"async\" class=\"alignnone size-full wp-image-64429\" src=\"http:\/\/www.oarcanjo.net\/site\/wp-content\/uploads\/Santa-Lidia.jpg\" alt=\"Santa L\u00eddia\" width=\"306\" height=\"301\" srcset=\"https:\/\/www.oarcanjo.net\/site\/wp-content\/uploads\/Santa-Lidia.jpg 306w, https:\/\/www.oarcanjo.net\/site\/wp-content\/uploads\/Santa-Lidia-300x295.jpg 300w\" sizes=\"(max-width: 306px) 100vw, 306px\" \/><\/p>\n<p>3 de Agosto<\/p>\n<p>Os ap\u00f3stolos Silas, Tim\u00f3teo e Lucas acompanhavam Paulo em sua segunda miss\u00e3o na Europa, quando chegaram em Filipos, uma das principais cidades da Maced\u00f4nia, que desfrutava de direitos de col\u00f4nia romana. L\u00e1 encontraram uma mulher que lhes foi de grande valor.<\/p>\n<p>Eles j\u00e1 haviam passado alguns dias na cidade. Mas Paulo e seus companheiros pensavam em ficar at\u00e9 o s\u00e1bado, pelo menos, pois era o dia em que os correligion\u00e1rios judeus se reuniriam para as ora\u00e7\u00f5es. Como Filipos n\u00e3o tinha sinagoga, o local mais prov\u00e1vel para o encontro seria \u00e0s margens do pequeno rio Gangas, que passava fora da porta da cidade.<\/p>\n<p>Assim entendendo, ao procurarem o lugar ideal para suas preces, como nos narra s\u00e3o Lucas nos Atos dos Ap\u00f3stolos, eles foram para l\u00e1 e come\u00e7aram a falar com as mulheres que j\u00e1 estavam reunidas. Entre elas estava L\u00eddia, uma comerciante de p\u00farpura, nascida em Tiatira, na \u00c1sia.<\/p>\n<p>Ela escutava com muita aten\u00e7\u00e3o, pois n\u00e3o era pag\u00e3 id\u00f3latra, acreditava em Deus, o que quer dizer que tinha se convertido \u00e0 f\u00e9 dos judeus. E o Senhor abrira o seu cora\u00e7\u00e3o para que aderisse \u00e0s palavras de Paulo.<\/p>\n<p>L\u00eddia era uma propriet\u00e1ria de sucesso, rica, influente e popular, exercendo sua lideran\u00e7a entre os filipenses e, principalmente, dentro da pr\u00f3pria fam\u00edlia. Isso porque a p\u00farpura era um corante usado em tecidos finos, como a seda e a l\u00e3 de qualidade. Na \u00e9poca, o tecido j\u00e1 tingido era chamado de p\u00farpura, e o mais valioso existente. Usado como s\u00edmbolo de alta posi\u00e7\u00e3o social, era consumido apenas pela elite das cortes.<\/p>\n<p>Quando terminou a prega\u00e7\u00e3o, L\u00eddia tornou-se crist\u00e3. Com o seu testemunho, conseguiu converter e batizar toda a sua fam\u00edlia. Depois disto, ela os convidou: &#8220;Se voc\u00eas me consideram fiel ao Senhor, permane\u00e7am em minha casa&#8221;. E os for\u00e7ou a aceitar.<\/p>\n<p>Esta, com certeza, foi a primeira e maior conquista dos primeiros ap\u00f3stolos de Cristo. A casa de L\u00eddia tornou-se a primeira Igreja cat\u00f3lica no solo europeu.<\/p>\n<p>L\u00eddia usou todo o seu prest\u00edgio social, sucesso comercial e poder de sua lideran\u00e7a para, junto de outras mulheres, levar para dentro dos lares a palavra de Cristo, difundindo, assim, a Boa-Nova entre os filipenses. A import\u00e2ncia de L\u00eddia foi t\u00e3o grande na miss\u00e3o de levar o Evangelho para o Ocidente que cativou o ap\u00f3stolo Paulo, criando um forte e comovente la\u00e7o de amizade crist\u00e3 entre eles.<\/p>\n<p>O culto a santa L\u00eddia \u00e9 uma tradi\u00e7\u00e3o crist\u00e3 das mais antigas de que a Igreja Cat\u00f3lica tem not\u00edcia. A sua venera\u00e7\u00e3o \u00e9 respeitada, pois seus atos s\u00e3o sinais evidentes de sua santidade. Considerada a Padroeira dos Tintureiros, santa L\u00eddia \u00e9 festejada no dia 3 de agosto.<\/p>\n<div id=\"themify_builder_content-10381\" data-postid=\"10381\" class=\"themify_builder_content themify_builder_content-10381 themify_builder themify_builder_front\">\n\t<\/div>\n<!-- \/themify_builder_content -->","protected":false},"excerpt":{"rendered":"<p>3 de Agosto Os ap\u00f3stolos Silas, Tim\u00f3teo e Lucas acompanhavam Paulo em sua segunda miss\u00e3o na Europa, quando chegaram em Filipos, uma das principais cidades da Maced\u00f4nia, que desfrutava de direitos de col\u00f4nia romana. L\u00e1 encontraram uma mulher que lhes foi de grande valor. Eles j\u00e1 haviam passado alguns dias na cidade. Mas Paulo e [&hellip;]<\/p>\n","protected":false},"author":14,"featured_media":0,"comment_status":"open","ping_status":"open","sticky":false,"template":"","format":"standard","meta":{"ngg_post_thumbnail":0,"footnotes":""},"categories":[186],"tags":[],"yoast_head":"<!-- This site is optimized with the Yoast SEO plugin v23.5 - https:\/\/yoast.com\/wordpress\/plugins\/seo\/ -->\n<title>Santa L\u00eddia - O Arcanjo no ar<\/title>\n<meta name=\"robots\" content=\"index, follow, max-snippet:-1, max-image-preview:large, max-video-preview:-1\" \/>\n<link rel=\"canonical\" href=\"https:\/\/www.oarcanjo.net\/site\/santa-lidia\/\" \/>\n<meta property=\"og:locale\" content=\"pt_BR\" \/>\n<meta property=\"og:type\" content=\"article\" \/>\n<meta property=\"og:title\" content=\"Santa L\u00eddia - O Arcanjo no ar\" \/>\n<meta property=\"og:description\" content=\"3 de Agosto Os ap\u00f3stolos Silas, Tim\u00f3teo e Lucas acompanhavam Paulo em sua segunda miss\u00e3o na Europa, quando chegaram em Filipos, uma das principais cidades da Maced\u00f4nia, que desfrutava de direitos de col\u00f4nia romana. L\u00e1 encontraram uma mulher que lhes foi de grande valor. Eles j\u00e1 haviam passado alguns dias na cidade. Mas Paulo e [&hellip;]\" \/>\n<meta property=\"og:url\" content=\"https:\/\/www.oarcanjo.net\/site\/santa-lidia\/\" \/>\n<meta property=\"og:site_name\" content=\"O Arcanjo no ar\" \/>\n<meta property=\"article:publisher\" content=\"https:\/\/www.facebook.com\/OArcanjoNoAr\/\" \/>\n<meta property=\"article:published_time\" content=\"2018-08-03T03:55:30+00:00\" \/>\n<meta property=\"article:modified_time\" content=\"2018-06-20T21:25:53+00:00\" \/>\n<meta property=\"og:image\" content=\"http:\/\/www.oarcanjo.net\/site\/wp-content\/uploads\/Santa-Lidia.jpg\" \/>\n<meta name=\"author\" content=\"danilo\" \/>\n<meta name=\"twitter:card\" content=\"summary_large_image\" \/>\n<meta name=\"twitter:label1\" content=\"Escrito por\" \/>\n\t<meta name=\"twitter:data1\" content=\"danilo\" \/>\n\t<meta name=\"twitter:label2\" content=\"Est. tempo de leitura\" \/>\n\t<meta name=\"twitter:data2\" content=\"2 minutos\" \/>\n<script type=\"application\/ld+json\" class=\"yoast-schema-graph\">{\"@context\":\"https:\/\/schema.org\",\"@graph\":[{\"@type\":\"Article\",\"@id\":\"https:\/\/www.oarcanjo.net\/site\/santa-lidia\/#article\",\"isPartOf\":{\"@id\":\"https:\/\/www.oarcanjo.net\/site\/santa-lidia\/\"},\"author\":{\"name\":\"danilo\",\"@id\":\"https:\/\/www.oarcanjo.net\/site\/#\/schema\/person\/5eb9480bedd2f3c97e430ce128c29c6c\"},\"headline\":\"Santa L\u00eddia\",\"datePublished\":\"2018-08-03T03:55:30+00:00\",\"dateModified\":\"2018-06-20T21:25:53+00:00\",\"mainEntityOfPage\":{\"@id\":\"https:\/\/www.oarcanjo.net\/site\/santa-lidia\/\"},\"wordCount\":491,\"commentCount\":0,\"publisher\":{\"@id\":\"https:\/\/www.oarcanjo.net\/site\/#organization\"},\"image\":{\"@id\":\"https:\/\/www.oarcanjo.net\/site\/santa-lidia\/#primaryimage\"},\"thumbnailUrl\":\"http:\/\/www.oarcanjo.net\/site\/wp-content\/uploads\/Santa-Lidia.jpg\",\"articleSection\":[\"Testemunhos\"],\"inLanguage\":\"pt-BR\",\"potentialAction\":[{\"@type\":\"CommentAction\",\"name\":\"Comment\",\"target\":[\"https:\/\/www.oarcanjo.net\/site\/santa-lidia\/#respond\"]}]},{\"@type\":\"WebPage\",\"@id\":\"https:\/\/www.oarcanjo.net\/site\/santa-lidia\/\",\"url\":\"https:\/\/www.oarcanjo.net\/site\/santa-lidia\/\",\"name\":\"Santa L\u00eddia - O Arcanjo no ar\",\"isPartOf\":{\"@id\":\"https:\/\/www.oarcanjo.net\/site\/#website\"},\"primaryImageOfPage\":{\"@id\":\"https:\/\/www.oarcanjo.net\/site\/santa-lidia\/#primaryimage\"},\"image\":{\"@id\":\"https:\/\/www.oarcanjo.net\/site\/santa-lidia\/#primaryimage\"},\"thumbnailUrl\":\"http:\/\/www.oarcanjo.net\/site\/wp-content\/uploads\/Santa-Lidia.jpg\",\"datePublished\":\"2018-08-03T03:55:30+00:00\",\"dateModified\":\"2018-06-20T21:25:53+00:00\",\"breadcrumb\":{\"@id\":\"https:\/\/www.oarcanjo.net\/site\/santa-lidia\/#breadcrumb\"},\"inLanguage\":\"pt-BR\",\"potentialAction\":[{\"@type\":\"ReadAction\",\"target\":[\"https:\/\/www.oarcanjo.net\/site\/santa-lidia\/\"]}]},{\"@type\":\"ImageObject\",\"inLanguage\":\"pt-BR\",\"@id\":\"https:\/\/www.oarcanjo.net\/site\/santa-lidia\/#primaryimage\",\"url\":\"https:\/\/www.oarcanjo.net\/site\/wp-content\/uploads\/Santa-Lidia.jpg\",\"contentUrl\":\"https:\/\/www.oarcanjo.net\/site\/wp-content\/uploads\/Santa-Lidia.jpg\",\"width\":306,\"height\":301,\"caption\":\"Santa L\u00eddia\"},{\"@type\":\"BreadcrumbList\",\"@id\":\"https:\/\/www.oarcanjo.net\/site\/santa-lidia\/#breadcrumb\",\"itemListElement\":[{\"@type\":\"ListItem\",\"position\":1,\"name\":\"In\u00edcio\",\"item\":\"https:\/\/www.oarcanjo.net\/site\/\"},{\"@type\":\"ListItem\",\"position\":2,\"name\":\"Santa L\u00eddia\"}]},{\"@type\":\"WebSite\",\"@id\":\"https:\/\/www.oarcanjo.net\/site\/#website\",\"url\":\"https:\/\/www.oarcanjo.net\/site\/\",\"name\":\"O Arcanjo no ar\",\"description\":\"Site da Par\u00f3quia S\u00e3o Miguel Arcanjo (Arquidiocese de SP)\",\"publisher\":{\"@id\":\"https:\/\/www.oarcanjo.net\/site\/#organization\"},\"potentialAction\":[{\"@type\":\"SearchAction\",\"target\":{\"@type\":\"EntryPoint\",\"urlTemplate\":\"https:\/\/www.oarcanjo.net\/site\/?s={search_term_string}\"},\"query-input\":{\"@type\":\"PropertyValueSpecification\",\"valueRequired\":true,\"valueName\":\"search_term_string\"}}],\"inLanguage\":\"pt-BR\"},{\"@type\":\"Organization\",\"@id\":\"https:\/\/www.oarcanjo.net\/site\/#organization\",\"name\":\"Par\u00f3quia S\u00e3o Miguel Arcanjo\",\"url\":\"https:\/\/www.oarcanjo.net\/site\/\",\"logo\":{\"@type\":\"ImageObject\",\"inLanguage\":\"pt-BR\",\"@id\":\"https:\/\/www.oarcanjo.net\/site\/#\/schema\/logo\/image\/\",\"url\":\"https:\/\/www.oarcanjo.net\/site\/wp-content\/uploads\/LogoOArcanjo.png\",\"contentUrl\":\"https:\/\/www.oarcanjo.net\/site\/wp-content\/uploads\/LogoOArcanjo.png\",\"width\":319,\"height\":99,\"caption\":\"Par\u00f3quia S\u00e3o Miguel Arcanjo\"},\"image\":{\"@id\":\"https:\/\/www.oarcanjo.net\/site\/#\/schema\/logo\/image\/\"},\"sameAs\":[\"https:\/\/www.facebook.com\/OArcanjoNoAr\/\"]},{\"@type\":\"Person\",\"@id\":\"https:\/\/www.oarcanjo.net\/site\/#\/schema\/person\/5eb9480bedd2f3c97e430ce128c29c6c\",\"name\":\"danilo\"}]}<\/script>\n<!-- \/ Yoast SEO plugin. -->","yoast_head_json":{"title":"Santa L\u00eddia - O Arcanjo no ar","robots":{"index":"index","follow":"follow","max-snippet":"max-snippet:-1","max-image-preview":"max-image-preview:large","max-video-preview":"max-video-preview:-1"},"canonical":"https:\/\/www.oarcanjo.net\/site\/santa-lidia\/","og_locale":"pt_BR","og_type":"article","og_title":"Santa L\u00eddia - O Arcanjo no ar","og_description":"3 de Agosto Os ap\u00f3stolos Silas, Tim\u00f3teo e Lucas acompanhavam Paulo em sua segunda miss\u00e3o na Europa, quando chegaram em Filipos, uma das principais cidades da Maced\u00f4nia, que desfrutava de direitos de col\u00f4nia romana. L\u00e1 encontraram uma mulher que lhes foi de grande valor. Eles j\u00e1 haviam passado alguns dias na cidade. Mas Paulo e [&hellip;]","og_url":"https:\/\/www.oarcanjo.net\/site\/santa-lidia\/","og_site_name":"O Arcanjo no ar","article_publisher":"https:\/\/www.facebook.com\/OArcanjoNoAr\/","article_published_time":"2018-08-03T03:55:30+00:00","article_modified_time":"2018-06-20T21:25:53+00:00","og_image":[{"url":"http:\/\/www.oarcanjo.net\/site\/wp-content\/uploads\/Santa-Lidia.jpg"}],"author":"danilo","twitter_card":"summary_large_image","twitter_misc":{"Escrito por":"danilo","Est. tempo de leitura":"2 minutos"},"schema":{"@context":"https:\/\/schema.org","@graph":[{"@type":"Article","@id":"https:\/\/www.oarcanjo.net\/site\/santa-lidia\/#article","isPartOf":{"@id":"https:\/\/www.oarcanjo.net\/site\/santa-lidia\/"},"author":{"name":"danilo","@id":"https:\/\/www.oarcanjo.net\/site\/#\/schema\/person\/5eb9480bedd2f3c97e430ce128c29c6c"},"headline":"Santa L\u00eddia","datePublished":"2018-08-03T03:55:30+00:00","dateModified":"2018-06-20T21:25:53+00:00","mainEntityOfPage":{"@id":"https:\/\/www.oarcanjo.net\/site\/santa-lidia\/"},"wordCount":491,"commentCount":0,"publisher":{"@id":"https:\/\/www.oarcanjo.net\/site\/#organization"},"image":{"@id":"https:\/\/www.oarcanjo.net\/site\/santa-lidia\/#primaryimage"},"thumbnailUrl":"http:\/\/www.oarcanjo.net\/site\/wp-content\/uploads\/Santa-Lidia.jpg","articleSection":["Testemunhos"],"inLanguage":"pt-BR","potentialAction":[{"@type":"CommentAction","name":"Comment","target":["https:\/\/www.oarcanjo.net\/site\/santa-lidia\/#respond"]}]},{"@type":"WebPage","@id":"https:\/\/www.oarcanjo.net\/site\/santa-lidia\/","url":"https:\/\/www.oarcanjo.net\/site\/santa-lidia\/","name":"Santa L\u00eddia - O Arcanjo no ar","isPartOf":{"@id":"https:\/\/www.oarcanjo.net\/site\/#website"},"primaryImageOfPage":{"@id":"https:\/\/www.oarcanjo.net\/site\/santa-lidia\/#primaryimage"},"image":{"@id":"https:\/\/www.oarcanjo.net\/site\/santa-lidia\/#primaryimage"},"thumbnailUrl":"http:\/\/www.oarcanjo.net\/site\/wp-content\/uploads\/Santa-Lidia.jpg","datePublished":"2018-08-03T03:55:30+00:00","dateModified":"2018-06-20T21:25:53+00:00","breadcrumb":{"@id":"https:\/\/www.oarcanjo.net\/site\/santa-lidia\/#breadcrumb"},"inLanguage":"pt-BR","potentialAction":[{"@type":"ReadAction","target":["https:\/\/www.oarcanjo.net\/site\/santa-lidia\/"]}]},{"@type":"ImageObject","inLanguage":"pt-BR","@id":"https:\/\/www.oarcanjo.net\/site\/santa-lidia\/#primaryimage","url":"https:\/\/www.oarcanjo.net\/site\/wp-content\/uploads\/Santa-Lidia.jpg","contentUrl":"https:\/\/www.oarcanjo.net\/site\/wp-content\/uploads\/Santa-Lidia.jpg","width":306,"height":301,"caption":"Santa L\u00eddia"},{"@type":"BreadcrumbList","@id":"https:\/\/www.oarcanjo.net\/site\/santa-lidia\/#breadcrumb","itemListElement":[{"@type":"ListItem","position":1,"name":"In\u00edcio","item":"https:\/\/www.oarcanjo.net\/site\/"},{"@type":"ListItem","position":2,"name":"Santa L\u00eddia"}]},{"@type":"WebSite","@id":"https:\/\/www.oarcanjo.net\/site\/#website","url":"https:\/\/www.oarcanjo.net\/site\/","name":"O Arcanjo no ar","description":"Site da Par\u00f3quia S\u00e3o Miguel Arcanjo (Arquidiocese de SP)","publisher":{"@id":"https:\/\/www.oarcanjo.net\/site\/#organization"},"potentialAction":[{"@type":"SearchAction","target":{"@type":"EntryPoint","urlTemplate":"https:\/\/www.oarcanjo.net\/site\/?s={search_term_string}"},"query-input":{"@type":"PropertyValueSpecification","valueRequired":true,"valueName":"search_term_string"}}],"inLanguage":"pt-BR"},{"@type":"Organization","@id":"https:\/\/www.oarcanjo.net\/site\/#organization","name":"Par\u00f3quia S\u00e3o Miguel Arcanjo","url":"https:\/\/www.oarcanjo.net\/site\/","logo":{"@type":"ImageObject","inLanguage":"pt-BR","@id":"https:\/\/www.oarcanjo.net\/site\/#\/schema\/logo\/image\/","url":"https:\/\/www.oarcanjo.net\/site\/wp-content\/uploads\/LogoOArcanjo.png","contentUrl":"https:\/\/www.oarcanjo.net\/site\/wp-content\/uploads\/LogoOArcanjo.png","width":319,"height":99,"caption":"Par\u00f3quia S\u00e3o Miguel Arcanjo"},"image":{"@id":"https:\/\/www.oarcanjo.net\/site\/#\/schema\/logo\/image\/"},"sameAs":["https:\/\/www.facebook.com\/OArcanjoNoAr\/"]},{"@type":"Person","@id":"https:\/\/www.oarcanjo.net\/site\/#\/schema\/person\/5eb9480bedd2f3c97e430ce128c29c6c","name":"danilo"}]}},"publishpress_future_action":{"enabled":false,"date":"2026-05-08 08:08:43","action":"category","newStatus":"draft","terms":[],"taxonomy":"category"},"publishpress_future_workflow_manual_trigger":{"enabledWorkflows":[]},"_links":{"self":[{"href":"https:\/\/www.oarcanjo.net\/site\/wp-json\/wp\/v2\/posts\/10381"}],"collection":[{"href":"https:\/\/www.oarcanjo.net\/site\/wp-json\/wp\/v2\/posts"}],"about":[{"href":"https:\/\/www.oarcanjo.net\/site\/wp-json\/wp\/v2\/types\/post"}],"author":[{"embeddable":true,"href":"https:\/\/www.oarcanjo.net\/site\/wp-json\/wp\/v2\/users\/14"}],"replies":[{"embeddable":true,"href":"https:\/\/www.oarcanjo.net\/site\/wp-json\/wp\/v2\/comments?post=10381"}],"version-history":[{"count":1,"href":"https:\/\/www.oarcanjo.net\/site\/wp-json\/wp\/v2\/posts\/10381\/revisions"}],"predecessor-version":[{"id":88638,"href":"https:\/\/www.oarcanjo.net\/site\/wp-json\/wp\/v2\/posts\/10381\/revisions\/88638"}],"wp:attachment":[{"href":"https:\/\/www.oarcanjo.net\/site\/wp-json\/wp\/v2\/media?parent=10381"}],"wp:term":[{"taxonomy":"category","embeddable":true,"href":"https:\/\/www.oarcanjo.net\/site\/wp-json\/wp\/v2\/categories?post=10381"},{"taxonomy":"post_tag","embeddable":true,"href":"https:\/\/www.oarcanjo.net\/site\/wp-json\/wp\/v2\/tags?post=10381"}],"curies":[{"name":"wp","href":"https:\/\/api.w.org\/{rel}","templated":true}]}}