
{"id":10383,"date":"2018-08-04T00:18:54","date_gmt":"2018-08-04T03:18:54","guid":{"rendered":"http:\/\/www.oarcanjo.net\/site\/?p=10383"},"modified":"2018-06-20T18:25:58","modified_gmt":"2018-06-20T21:25:58","slug":"bem-aventurado-eustaquio-van-lieshout","status":"publish","type":"post","link":"https:\/\/www.oarcanjo.net\/site\/bem-aventurado-eustaquio-van-lieshout\/","title":{"rendered":"Bem Aventurado Eust\u00e1quio van Lieshout"},"content":{"rendered":"<p><img loading=\"lazy\" decoding=\"async\" class=\"alignnone size-full wp-image-64441\" src=\"http:\/\/www.oarcanjo.net\/site\/wp-content\/uploads\/Eustaquio-van-Lieshout.jpg\" alt=\"Bem Aventurado Eust\u00e1quio van Lieshout\" width=\"285\" height=\"420\" srcset=\"https:\/\/www.oarcanjo.net\/site\/wp-content\/uploads\/Eustaquio-van-Lieshout.jpg 285w, https:\/\/www.oarcanjo.net\/site\/wp-content\/uploads\/Eustaquio-van-Lieshout-204x300.jpg 204w\" sizes=\"(max-width: 285px) 100vw, 285px\" \/><\/p>\n<p>3 de Agosto<\/p>\n<p>Humberto van Lieshout, mais tarde conhecido como Padre Eust\u00e1quio, nasceu no dia 3 de novembro de 1890, em Aarle Rixtel, na Holanda. Em 1913, ingressou na Congrega\u00e7\u00e3o dos Sagrados Cora\u00e7\u00f5es e, no dia 10 de agosto de 1919, foi ordenado sacerdote. Foi Mestre de Novi\u00e7os, vig\u00e1rio paroquial, cuidando de fam\u00edlias belgas que, em l914, tiveram que deixar a P\u00e1tria por causa da invas\u00e3o alem\u00e3.<\/p>\n<p>Foi enviado como mission\u00e1rio,em 1924, na Espanha e, no ano seguinte, no Rio de Janeiro, Brasil. Em 1925, assumiu, com outros mission\u00e1rios, a pastoral do Santu\u00e1rio da Abadia de \u00c1gua Suja e outras par\u00f3quias de Diocese de Uberaba, e atendimento a outras comunidades. Em 26 de mar\u00e7o de 1926, foi nomeado Reitor do Santu\u00e1rio Nossa Senhora da Abadia e Conselheiro da Congrega\u00e7\u00e3o dos Sagrados Cora\u00e7\u00f5es no Brasil.<\/p>\n<p>Em suas orienta\u00e7\u00f5es e curas f\u00edsicas, Padre Eust\u00e1quio falava da disposi\u00e7\u00e3o de Deus de curar a pessoa integralmente. Indicava medicamentos. Servia-se de folhas e ra\u00edzes e muitos procuravam sua ajuda. De Romaria, foi transferido para Po\u00e1 &#8211; S\u00e3o Paulo. Por causa do aglomerado de pessoas que o procuravam e pelo transtorno, foi enviado \u00e0 cidade de Araguari, onde se comunicava quase s\u00f3 com seu amigo Padre Gil. Em 12 de fevereiro passou a coordenar a par\u00f3ruia de Ibi\u00e1. E, no dia 7 do mesmo ano, o encontramos na Capital mineira, na Par\u00f3quia de Cristo Rei.<\/p>\n<p>O povo aflu\u00eda pedidno b\u00ean\u00e7\u00e3os e curas. Em 9 de setembro de 1942, Juscelino Kubitscheck, ent\u00e3o Prefeito da Capital, beneficiado por milagre de Padre Eust\u00e1quio, doou um terreno, onde foi constru\u00edda a Igreja dos Sagrados Cora\u00e7\u00f5es, cuja pedra fundamental foi benzida por Dom Cabral. Padre Eust\u00e1quio assim se expressou: &#8220;N\u00e3o verei o fim da guerra. Comecei a igreja, mas n\u00e3o a terminarei&#8221;.<\/p>\n<p>Em 23 de agosto, ap\u00f3s celebrar a missa &#8211; durante o retiro que pregava \u00e0s alunas do Col\u00e9gio Sagrado Cora\u00e7\u00e3o de Jesus, em Belo Horizonte &#8211; sentiu-se desfalecer. O diagn\u00f3stico do m\u00e9dicos acusou um tipo de tifo causado por uma picada de carapato. Padre Eust\u00e1quio tinha certeza de que n\u00e3o iria sobreviver. Chamava pelo Padre Gil. Enquanto aguardava, renovou os votos religiosos. E, ante a emo\u00e7\u00e3o dos presentes, repetiu a f\u00f3rmula da profiss\u00e3o religiosa; e, renovou os votos de Pobreza, Castidade e Obediencia, como irm\u00e3o da Congrega\u00e7\u00e3o dos Sagrados Cora\u00e7\u00f5es de Jesus e de Maria. Depois disse aos irm\u00e3os: &#8220;Gra\u00e7as a Deus, estou pronto! Mas, como demora o Padre Gil!&#8221;. At\u00e9 que dia 30 de agosto, Padre Gil conseguiu chegar. Assim que o viu, Padre Eust\u00e1quio conseguiu erguer-se do leito com grande esfor\u00e7o, e disse: &#8220;Padre Gil, gra\u00e7as a Deus!&#8221; E desfaleceu para sempre.<\/p>\n<p>Belo Horizonte amanheceu de luto, e a Imprensa noticiava seu falecimento. Ap\u00f3s sua morte, constatou-se que um devoto foi curado de um c\u00e2ncer. O relato consta no processo de beatifica\u00e7\u00e3o, iniciado em 1997. E outros milagres se sucederam.<\/p>\n<p>Padre Eust\u00e1quio dizia que sua voca\u00e7\u00e3o era &#8220;amar e fazer amar a Deus&#8221;. Ap\u00f3s o reconhecimento de sua vida e de seus milagres, por parte da Santa S\u00e9, Padre Eust\u00e1quio foi beatificado em Belo Horizonte, Brasil, pelo Cardeal Jos\u00e9 Saraiva Martins, a 15 de junho do ano 2006.<\/p>\n<p><strong>Ora\u00e7\u00e3o <\/strong><\/p>\n<p>SENHOR JESUS, nosso Bom Pastor, v\u00f3s que um dia manifestastes imensa compaix\u00e3o pelo povo, vendo-o como um rebanho sem pastor, n\u00f3s vos agradecemos o bom pastor que nos destes na pessoa de vosso servo e amigo Pe. Eust\u00e1quio. Ele compreendeu vosso exemplo de total amor ao Pai e aos irm\u00e3os, ouviu vosso chamado e realizou-o com generosidade.<br \/>\nSenhor, v\u00f3s o fizestes um sacerdote e mission\u00e1rio, filho dos Sagrados Cora\u00e7\u00f5es, que se destacou pela dedica\u00e7\u00e3o em celebrar os sacramentos, pela paci\u00eancia no aconselhamento espiritual, pelo zelo no an\u00fancio do Evangelho e pela compaix\u00e3o com os sofredores e aflitos. Assim, ele viveu sua especial consagra\u00e7\u00e3o, tornando-se, por vossa gra\u00e7a e por seu esfor\u00e7o, um homem de Deus e do povo, honra para v\u00f3s e exemplo para todos que continuais a chamar para vossa pr\u00f3pria miss\u00e3o. Por isso, conforme vossa vontade, fazemos uma s\u00faplica pelos padres, religiosos, mission\u00e1rios e leigos atuantes em nossas comunidades. Que sejam santos, fi\u00e9is e numerosos.<br \/>\nMais ainda, Senhor: n\u00f3s vos pedimos com humildade e confian\u00e7a, que glorifiqueis vosso servo Pe. Eust\u00e1quio, dando \u00e0 vossa Igreja, e em especial \u00e0 Igreja do Brasil, a alegria de invoc\u00e1-lo oficialmente como santo. Para que a fama e a verdade de suas virtudes sempre mais se acentuem entre n\u00f3s, rogamos atrav\u00e9s dele, a gra\u00e7a que tanto desejamos&#8230;&#8230;&#8230;.<br \/>\n\u00d3 Bom Pastor, que a abund\u00e2ncia da vossa miseric\u00f3rdia n\u00e3o se detenha a\u00ed, mas concedei tamb\u00e9m que nossas vidas sejam animadas por um grande amor para convosco e para com os nossos irm\u00e3os, assim como foi a vida do Pe. Eust\u00e1quio, que afirmou: &#8220;Ganhar almas, aliviar dores e sofrimentos: eis meu grande ideal inspirado por Deus&#8221;. QUE ASSIM SEJA! AM\u00c9M.<\/p>\n<p><strong>Ora\u00e7\u00e3o para a canoniza\u00e7\u00e3o e para obter alguma gra\u00e7a:<br \/>\n<\/strong>Bondoso Padre Eust\u00e1quio, grande amigo e benfeitor<br \/>\ndas almas sofredoras, alcan\u00e7ai-me por vossa intercess\u00e3o<br \/>\njunto a Deus, a gra\u00e7a que tanto almejo&#8230;&#8230;.<br \/>\nPrometo rezar e ajudar muito para que em breve<br \/>\nsejais beatificado e elevado \u00e0 honra dos altares,<br \/>\npara maior honra e gl\u00f3ria dos Sagrados Cora\u00e7\u00f5es<br \/>\nde Jesus e de Maria e pela glorifica\u00e7\u00e3o<br \/>\nda Santa Madre Igreja. Am\u00e9m.<\/p>\n<p><img loading=\"lazy\" decoding=\"async\" src=\"http:\/\/www.santosdobrasil.org\/pub\/news\/0d72c329d1c18bf328cf00e4641a4be8.jpg\" alt=\"\" width=\"162\" height=\"273\" \/><\/p>\n<div id=\"themify_builder_content-10383\" data-postid=\"10383\" class=\"themify_builder_content themify_builder_content-10383 themify_builder themify_builder_front\">\n\t<\/div>\n<!-- \/themify_builder_content -->","protected":false},"excerpt":{"rendered":"<p>3 de Agosto Humberto van Lieshout, mais tarde conhecido como Padre Eust\u00e1quio, nasceu no dia 3 de novembro de 1890, em Aarle Rixtel, na Holanda. Em 1913, ingressou na Congrega\u00e7\u00e3o dos Sagrados Cora\u00e7\u00f5es e, no dia 10 de agosto de 1919, foi ordenado sacerdote. Foi Mestre de Novi\u00e7os, vig\u00e1rio paroquial, cuidando de fam\u00edlias belgas que, [&hellip;]<\/p>\n","protected":false},"author":14,"featured_media":0,"comment_status":"open","ping_status":"open","sticky":false,"template":"","format":"standard","meta":{"ngg_post_thumbnail":0,"footnotes":""},"categories":[186],"tags":[],"yoast_head":"<!-- This site is optimized with the Yoast SEO plugin v23.5 - https:\/\/yoast.com\/wordpress\/plugins\/seo\/ -->\n<title>Bem Aventurado Eust\u00e1quio van Lieshout - O Arcanjo no ar<\/title>\n<meta name=\"robots\" content=\"index, follow, max-snippet:-1, max-image-preview:large, max-video-preview:-1\" \/>\n<link rel=\"canonical\" href=\"https:\/\/www.oarcanjo.net\/site\/bem-aventurado-eustaquio-van-lieshout\/\" \/>\n<meta property=\"og:locale\" content=\"pt_BR\" \/>\n<meta property=\"og:type\" content=\"article\" \/>\n<meta property=\"og:title\" content=\"Bem Aventurado Eust\u00e1quio van Lieshout - O Arcanjo no ar\" \/>\n<meta property=\"og:description\" content=\"3 de Agosto Humberto van Lieshout, mais tarde conhecido como Padre Eust\u00e1quio, nasceu no dia 3 de novembro de 1890, em Aarle Rixtel, na Holanda. Em 1913, ingressou na Congrega\u00e7\u00e3o dos Sagrados Cora\u00e7\u00f5es e, no dia 10 de agosto de 1919, foi ordenado sacerdote. Foi Mestre de Novi\u00e7os, vig\u00e1rio paroquial, cuidando de fam\u00edlias belgas que, [&hellip;]\" \/>\n<meta property=\"og:url\" content=\"https:\/\/www.oarcanjo.net\/site\/bem-aventurado-eustaquio-van-lieshout\/\" \/>\n<meta property=\"og:site_name\" content=\"O Arcanjo no ar\" \/>\n<meta property=\"article:publisher\" content=\"https:\/\/www.facebook.com\/OArcanjoNoAr\/\" \/>\n<meta property=\"article:published_time\" content=\"2018-08-04T03:18:54+00:00\" \/>\n<meta property=\"article:modified_time\" content=\"2018-06-20T21:25:58+00:00\" \/>\n<meta property=\"og:image\" content=\"http:\/\/www.oarcanjo.net\/site\/wp-content\/uploads\/Eustaquio-van-Lieshout.jpg\" \/>\n<meta name=\"author\" content=\"danilo\" \/>\n<meta name=\"twitter:card\" content=\"summary_large_image\" \/>\n<meta name=\"twitter:label1\" content=\"Escrito por\" \/>\n\t<meta name=\"twitter:data1\" content=\"danilo\" \/>\n\t<meta name=\"twitter:label2\" content=\"Est. tempo de leitura\" \/>\n\t<meta name=\"twitter:data2\" content=\"5 minutos\" \/>\n<script type=\"application\/ld+json\" class=\"yoast-schema-graph\">{\"@context\":\"https:\/\/schema.org\",\"@graph\":[{\"@type\":\"Article\",\"@id\":\"https:\/\/www.oarcanjo.net\/site\/bem-aventurado-eustaquio-van-lieshout\/#article\",\"isPartOf\":{\"@id\":\"https:\/\/www.oarcanjo.net\/site\/bem-aventurado-eustaquio-van-lieshout\/\"},\"author\":{\"name\":\"danilo\",\"@id\":\"https:\/\/www.oarcanjo.net\/site\/#\/schema\/person\/5eb9480bedd2f3c97e430ce128c29c6c\"},\"headline\":\"Bem Aventurado Eust\u00e1quio van Lieshout\",\"datePublished\":\"2018-08-04T03:18:54+00:00\",\"dateModified\":\"2018-06-20T21:25:58+00:00\",\"mainEntityOfPage\":{\"@id\":\"https:\/\/www.oarcanjo.net\/site\/bem-aventurado-eustaquio-van-lieshout\/\"},\"wordCount\":955,\"commentCount\":1,\"publisher\":{\"@id\":\"https:\/\/www.oarcanjo.net\/site\/#organization\"},\"image\":{\"@id\":\"https:\/\/www.oarcanjo.net\/site\/bem-aventurado-eustaquio-van-lieshout\/#primaryimage\"},\"thumbnailUrl\":\"http:\/\/www.oarcanjo.net\/site\/wp-content\/uploads\/Eustaquio-van-Lieshout.jpg\",\"articleSection\":[\"Testemunhos\"],\"inLanguage\":\"pt-BR\",\"potentialAction\":[{\"@type\":\"CommentAction\",\"name\":\"Comment\",\"target\":[\"https:\/\/www.oarcanjo.net\/site\/bem-aventurado-eustaquio-van-lieshout\/#respond\"]}]},{\"@type\":\"WebPage\",\"@id\":\"https:\/\/www.oarcanjo.net\/site\/bem-aventurado-eustaquio-van-lieshout\/\",\"url\":\"https:\/\/www.oarcanjo.net\/site\/bem-aventurado-eustaquio-van-lieshout\/\",\"name\":\"Bem Aventurado Eust\u00e1quio van Lieshout - O Arcanjo no ar\",\"isPartOf\":{\"@id\":\"https:\/\/www.oarcanjo.net\/site\/#website\"},\"primaryImageOfPage\":{\"@id\":\"https:\/\/www.oarcanjo.net\/site\/bem-aventurado-eustaquio-van-lieshout\/#primaryimage\"},\"image\":{\"@id\":\"https:\/\/www.oarcanjo.net\/site\/bem-aventurado-eustaquio-van-lieshout\/#primaryimage\"},\"thumbnailUrl\":\"http:\/\/www.oarcanjo.net\/site\/wp-content\/uploads\/Eustaquio-van-Lieshout.jpg\",\"datePublished\":\"2018-08-04T03:18:54+00:00\",\"dateModified\":\"2018-06-20T21:25:58+00:00\",\"breadcrumb\":{\"@id\":\"https:\/\/www.oarcanjo.net\/site\/bem-aventurado-eustaquio-van-lieshout\/#breadcrumb\"},\"inLanguage\":\"pt-BR\",\"potentialAction\":[{\"@type\":\"ReadAction\",\"target\":[\"https:\/\/www.oarcanjo.net\/site\/bem-aventurado-eustaquio-van-lieshout\/\"]}]},{\"@type\":\"ImageObject\",\"inLanguage\":\"pt-BR\",\"@id\":\"https:\/\/www.oarcanjo.net\/site\/bem-aventurado-eustaquio-van-lieshout\/#primaryimage\",\"url\":\"https:\/\/www.oarcanjo.net\/site\/wp-content\/uploads\/Eustaquio-van-Lieshout.jpg\",\"contentUrl\":\"https:\/\/www.oarcanjo.net\/site\/wp-content\/uploads\/Eustaquio-van-Lieshout.jpg\",\"width\":285,\"height\":420,\"caption\":\"Bem Aventurado Eust\u00e1quio van Lieshout\"},{\"@type\":\"BreadcrumbList\",\"@id\":\"https:\/\/www.oarcanjo.net\/site\/bem-aventurado-eustaquio-van-lieshout\/#breadcrumb\",\"itemListElement\":[{\"@type\":\"ListItem\",\"position\":1,\"name\":\"In\u00edcio\",\"item\":\"https:\/\/www.oarcanjo.net\/site\/\"},{\"@type\":\"ListItem\",\"position\":2,\"name\":\"Bem Aventurado Eust\u00e1quio van Lieshout\"}]},{\"@type\":\"WebSite\",\"@id\":\"https:\/\/www.oarcanjo.net\/site\/#website\",\"url\":\"https:\/\/www.oarcanjo.net\/site\/\",\"name\":\"O Arcanjo no ar\",\"description\":\"Site da Par\u00f3quia S\u00e3o Miguel Arcanjo (Arquidiocese de SP)\",\"publisher\":{\"@id\":\"https:\/\/www.oarcanjo.net\/site\/#organization\"},\"potentialAction\":[{\"@type\":\"SearchAction\",\"target\":{\"@type\":\"EntryPoint\",\"urlTemplate\":\"https:\/\/www.oarcanjo.net\/site\/?s={search_term_string}\"},\"query-input\":{\"@type\":\"PropertyValueSpecification\",\"valueRequired\":true,\"valueName\":\"search_term_string\"}}],\"inLanguage\":\"pt-BR\"},{\"@type\":\"Organization\",\"@id\":\"https:\/\/www.oarcanjo.net\/site\/#organization\",\"name\":\"Par\u00f3quia S\u00e3o Miguel Arcanjo\",\"url\":\"https:\/\/www.oarcanjo.net\/site\/\",\"logo\":{\"@type\":\"ImageObject\",\"inLanguage\":\"pt-BR\",\"@id\":\"https:\/\/www.oarcanjo.net\/site\/#\/schema\/logo\/image\/\",\"url\":\"https:\/\/www.oarcanjo.net\/site\/wp-content\/uploads\/LogoOArcanjo.png\",\"contentUrl\":\"https:\/\/www.oarcanjo.net\/site\/wp-content\/uploads\/LogoOArcanjo.png\",\"width\":319,\"height\":99,\"caption\":\"Par\u00f3quia S\u00e3o Miguel Arcanjo\"},\"image\":{\"@id\":\"https:\/\/www.oarcanjo.net\/site\/#\/schema\/logo\/image\/\"},\"sameAs\":[\"https:\/\/www.facebook.com\/OArcanjoNoAr\/\"]},{\"@type\":\"Person\",\"@id\":\"https:\/\/www.oarcanjo.net\/site\/#\/schema\/person\/5eb9480bedd2f3c97e430ce128c29c6c\",\"name\":\"danilo\"}]}<\/script>\n<!-- \/ Yoast SEO plugin. -->","yoast_head_json":{"title":"Bem Aventurado Eust\u00e1quio van Lieshout - O Arcanjo no ar","robots":{"index":"index","follow":"follow","max-snippet":"max-snippet:-1","max-image-preview":"max-image-preview:large","max-video-preview":"max-video-preview:-1"},"canonical":"https:\/\/www.oarcanjo.net\/site\/bem-aventurado-eustaquio-van-lieshout\/","og_locale":"pt_BR","og_type":"article","og_title":"Bem Aventurado Eust\u00e1quio van Lieshout - O Arcanjo no ar","og_description":"3 de Agosto Humberto van Lieshout, mais tarde conhecido como Padre Eust\u00e1quio, nasceu no dia 3 de novembro de 1890, em Aarle Rixtel, na Holanda. Em 1913, ingressou na Congrega\u00e7\u00e3o dos Sagrados Cora\u00e7\u00f5es e, no dia 10 de agosto de 1919, foi ordenado sacerdote. Foi Mestre de Novi\u00e7os, vig\u00e1rio paroquial, cuidando de fam\u00edlias belgas que, [&hellip;]","og_url":"https:\/\/www.oarcanjo.net\/site\/bem-aventurado-eustaquio-van-lieshout\/","og_site_name":"O Arcanjo no ar","article_publisher":"https:\/\/www.facebook.com\/OArcanjoNoAr\/","article_published_time":"2018-08-04T03:18:54+00:00","article_modified_time":"2018-06-20T21:25:58+00:00","og_image":[{"url":"http:\/\/www.oarcanjo.net\/site\/wp-content\/uploads\/Eustaquio-van-Lieshout.jpg"}],"author":"danilo","twitter_card":"summary_large_image","twitter_misc":{"Escrito por":"danilo","Est. tempo de leitura":"5 minutos"},"schema":{"@context":"https:\/\/schema.org","@graph":[{"@type":"Article","@id":"https:\/\/www.oarcanjo.net\/site\/bem-aventurado-eustaquio-van-lieshout\/#article","isPartOf":{"@id":"https:\/\/www.oarcanjo.net\/site\/bem-aventurado-eustaquio-van-lieshout\/"},"author":{"name":"danilo","@id":"https:\/\/www.oarcanjo.net\/site\/#\/schema\/person\/5eb9480bedd2f3c97e430ce128c29c6c"},"headline":"Bem Aventurado Eust\u00e1quio van Lieshout","datePublished":"2018-08-04T03:18:54+00:00","dateModified":"2018-06-20T21:25:58+00:00","mainEntityOfPage":{"@id":"https:\/\/www.oarcanjo.net\/site\/bem-aventurado-eustaquio-van-lieshout\/"},"wordCount":955,"commentCount":1,"publisher":{"@id":"https:\/\/www.oarcanjo.net\/site\/#organization"},"image":{"@id":"https:\/\/www.oarcanjo.net\/site\/bem-aventurado-eustaquio-van-lieshout\/#primaryimage"},"thumbnailUrl":"http:\/\/www.oarcanjo.net\/site\/wp-content\/uploads\/Eustaquio-van-Lieshout.jpg","articleSection":["Testemunhos"],"inLanguage":"pt-BR","potentialAction":[{"@type":"CommentAction","name":"Comment","target":["https:\/\/www.oarcanjo.net\/site\/bem-aventurado-eustaquio-van-lieshout\/#respond"]}]},{"@type":"WebPage","@id":"https:\/\/www.oarcanjo.net\/site\/bem-aventurado-eustaquio-van-lieshout\/","url":"https:\/\/www.oarcanjo.net\/site\/bem-aventurado-eustaquio-van-lieshout\/","name":"Bem Aventurado Eust\u00e1quio van Lieshout - O Arcanjo no ar","isPartOf":{"@id":"https:\/\/www.oarcanjo.net\/site\/#website"},"primaryImageOfPage":{"@id":"https:\/\/www.oarcanjo.net\/site\/bem-aventurado-eustaquio-van-lieshout\/#primaryimage"},"image":{"@id":"https:\/\/www.oarcanjo.net\/site\/bem-aventurado-eustaquio-van-lieshout\/#primaryimage"},"thumbnailUrl":"http:\/\/www.oarcanjo.net\/site\/wp-content\/uploads\/Eustaquio-van-Lieshout.jpg","datePublished":"2018-08-04T03:18:54+00:00","dateModified":"2018-06-20T21:25:58+00:00","breadcrumb":{"@id":"https:\/\/www.oarcanjo.net\/site\/bem-aventurado-eustaquio-van-lieshout\/#breadcrumb"},"inLanguage":"pt-BR","potentialAction":[{"@type":"ReadAction","target":["https:\/\/www.oarcanjo.net\/site\/bem-aventurado-eustaquio-van-lieshout\/"]}]},{"@type":"ImageObject","inLanguage":"pt-BR","@id":"https:\/\/www.oarcanjo.net\/site\/bem-aventurado-eustaquio-van-lieshout\/#primaryimage","url":"https:\/\/www.oarcanjo.net\/site\/wp-content\/uploads\/Eustaquio-van-Lieshout.jpg","contentUrl":"https:\/\/www.oarcanjo.net\/site\/wp-content\/uploads\/Eustaquio-van-Lieshout.jpg","width":285,"height":420,"caption":"Bem Aventurado Eust\u00e1quio van Lieshout"},{"@type":"BreadcrumbList","@id":"https:\/\/www.oarcanjo.net\/site\/bem-aventurado-eustaquio-van-lieshout\/#breadcrumb","itemListElement":[{"@type":"ListItem","position":1,"name":"In\u00edcio","item":"https:\/\/www.oarcanjo.net\/site\/"},{"@type":"ListItem","position":2,"name":"Bem Aventurado Eust\u00e1quio van Lieshout"}]},{"@type":"WebSite","@id":"https:\/\/www.oarcanjo.net\/site\/#website","url":"https:\/\/www.oarcanjo.net\/site\/","name":"O Arcanjo no ar","description":"Site da Par\u00f3quia S\u00e3o Miguel Arcanjo (Arquidiocese de SP)","publisher":{"@id":"https:\/\/www.oarcanjo.net\/site\/#organization"},"potentialAction":[{"@type":"SearchAction","target":{"@type":"EntryPoint","urlTemplate":"https:\/\/www.oarcanjo.net\/site\/?s={search_term_string}"},"query-input":{"@type":"PropertyValueSpecification","valueRequired":true,"valueName":"search_term_string"}}],"inLanguage":"pt-BR"},{"@type":"Organization","@id":"https:\/\/www.oarcanjo.net\/site\/#organization","name":"Par\u00f3quia S\u00e3o Miguel Arcanjo","url":"https:\/\/www.oarcanjo.net\/site\/","logo":{"@type":"ImageObject","inLanguage":"pt-BR","@id":"https:\/\/www.oarcanjo.net\/site\/#\/schema\/logo\/image\/","url":"https:\/\/www.oarcanjo.net\/site\/wp-content\/uploads\/LogoOArcanjo.png","contentUrl":"https:\/\/www.oarcanjo.net\/site\/wp-content\/uploads\/LogoOArcanjo.png","width":319,"height":99,"caption":"Par\u00f3quia S\u00e3o Miguel Arcanjo"},"image":{"@id":"https:\/\/www.oarcanjo.net\/site\/#\/schema\/logo\/image\/"},"sameAs":["https:\/\/www.facebook.com\/OArcanjoNoAr\/"]},{"@type":"Person","@id":"https:\/\/www.oarcanjo.net\/site\/#\/schema\/person\/5eb9480bedd2f3c97e430ce128c29c6c","name":"danilo"}]}},"publishpress_future_action":{"enabled":false,"date":"2026-05-08 08:08:43","action":"category","newStatus":"draft","terms":[],"taxonomy":"category"},"publishpress_future_workflow_manual_trigger":{"enabledWorkflows":[]},"_links":{"self":[{"href":"https:\/\/www.oarcanjo.net\/site\/wp-json\/wp\/v2\/posts\/10383"}],"collection":[{"href":"https:\/\/www.oarcanjo.net\/site\/wp-json\/wp\/v2\/posts"}],"about":[{"href":"https:\/\/www.oarcanjo.net\/site\/wp-json\/wp\/v2\/types\/post"}],"author":[{"embeddable":true,"href":"https:\/\/www.oarcanjo.net\/site\/wp-json\/wp\/v2\/users\/14"}],"replies":[{"embeddable":true,"href":"https:\/\/www.oarcanjo.net\/site\/wp-json\/wp\/v2\/comments?post=10383"}],"version-history":[{"count":1,"href":"https:\/\/www.oarcanjo.net\/site\/wp-json\/wp\/v2\/posts\/10383\/revisions"}],"predecessor-version":[{"id":88639,"href":"https:\/\/www.oarcanjo.net\/site\/wp-json\/wp\/v2\/posts\/10383\/revisions\/88639"}],"wp:attachment":[{"href":"https:\/\/www.oarcanjo.net\/site\/wp-json\/wp\/v2\/media?parent=10383"}],"wp:term":[{"taxonomy":"category","embeddable":true,"href":"https:\/\/www.oarcanjo.net\/site\/wp-json\/wp\/v2\/categories?post=10383"},{"taxonomy":"post_tag","embeddable":true,"href":"https:\/\/www.oarcanjo.net\/site\/wp-json\/wp\/v2\/tags?post=10383"}],"curies":[{"name":"wp","href":"https:\/\/api.w.org\/{rel}","templated":true}]}}