
{"id":10385,"date":"2018-08-04T00:19:51","date_gmt":"2018-08-04T03:19:51","guid":{"rendered":"http:\/\/www.oarcanjo.net\/site\/?p=10385"},"modified":"2018-06-20T18:26:05","modified_gmt":"2018-06-20T21:26:05","slug":"sao-joao-maria-batista-vianney","status":"publish","type":"post","link":"https:\/\/www.oarcanjo.net\/site\/sao-joao-maria-batista-vianney\/","title":{"rendered":"S\u00e3o Jo\u00e3o Maria Batista Vianney &#8211; O Cura D&#8217;ars"},"content":{"rendered":"<p><img loading=\"lazy\" decoding=\"async\" src=\"http:\/\/4.bp.blogspot.com\/_K5WmpvOYNP4\/Sk-wM82TS0I\/AAAAAAAAAC4\/l03NXYimvuw\/s400\/saojoaomariavianney.jpg\" alt=\"\" width=\"371\" height=\"400\"><\/p>\n<p>4 de Agosto<\/p>\n<p>Jo\u00e3o Maria Batista Vianney sem d\u00favida alguma, se tornou o melhor exemplo das palavras profetizadas pelo ap\u00f3stolo Paulo: &#8220;Deus escolheu os insignificantes para confundir os grandes&#8221;. Ele nasceu em 8 de maio de 1786, no povoado de Dardilly, ao norte de Lyon, Fran\u00e7a. Seus pais, Mateus e Maria, tiveram sete filhos, ele foi o quarto. Gostava de freq\u00fcentar a igreja e desde a inf\u00e2ncia dizia que desejava ser um sacerdote.<\/p>\n<p>Vianney s\u00f3 foi para a escola na adolesc\u00eancia, quando abriram uma na sua aldeia, escola que freq\u00fcentou por dois anos apenas, porque tinha de trabalhar no campo. Foi quando se alfabetizou e aprendeu a ler e falar franc\u00eas, pois em sua casa se falava um dialeto regional.<\/p>\n<p>Para seguir a vida religiosa, teve de enfrentar muita oposi\u00e7\u00e3o de seu pai. Mas com a ajuda do p\u00e1roco, aos vinte anos de idade ele foi para o Semin\u00e1rio de \u00c9cully, onde os obst\u00e1culos existiam por causa de sua falta de instru\u00e7\u00e3o.<\/p>\n<p>Foram poucos os que vislumbraram a sua capacidade de racioc\u00ednio. Para os professores e superiores, era considerado um rude campon\u00eas, que n\u00e3o tinha intelig\u00eancia suficiente para acompanhar os companheiros nos estudos, especialmente de filosofia e teologia. Entretanto era um verdadeiro exemplo de obedi\u00eancia, caridade, piedade e perseveran\u00e7a na f\u00e9 em Cristo.<\/p>\n<p>Em 1815, Jo\u00e3o Maria Batista Vianney foi ordenado sacerdote. Mas com um impedimento: n\u00e3o poderia ser confessor. N\u00e3o era considerado capaz de guiar consci\u00eancias. Por\u00e9m para Deus ele era um homem extraordin\u00e1rio e foi por meio desse apostolado que o dom do Esp\u00edrito Santo manifestou-se sobre ele. Transformou-se num dos mais famosos e competentes confessores que a Igreja j\u00e1 teve.<\/p>\n<p>Durante o seu aprendizado em \u00c9cully, o abade Malley havia percebido que ele era um homem especial e dotado de carismas de santidade. Assim, tr\u00eas anos depois, conseguiu a libera\u00e7\u00e3o para que pudesse exercer o apostolado plenamente. Foi ent\u00e3o designado vig\u00e1rio geral na cidade de Ars-sur-Formans. Isso porque nenhum sacerdote aceitava aquela par\u00f3quia do norte de Lyon, que possu\u00eda apenas duzentos e trinta habitantes, todos n\u00e3o-praticantes e afamados pela viol\u00eancia. Por isso a igreja ficava vazia e as tabernas lotadas.<\/p>\n<p>Ele chegou em fevereiro de 1818, numa carro\u00e7a, transportando alguns pertences e o que mais precisava, seus livros. Conta a tradi\u00e7\u00e3o que na estrada ele se dirigiu a um menino pastor dizendo: &#8220;Tu me mostraste o caminho de Ars: eu te mostrarei o caminho do c\u00e9u&#8221;. Hoje, um monumento na entrada da cidade lembra esse encontro.<\/p>\n<p>Treze anos depois, com seu exemplo e postura caridosa, mas tamb\u00e9m severa, conseguiu mudar aquela triste realidade, invertendo a situa\u00e7\u00e3o. O povo n\u00e3o ia mais para as tabernas, em vez disso lotava a igreja. Todos agora queriam confessar-se, para obter a reconcilia\u00e7\u00e3o e os conselhos daquele homem que eles consideravam um santo.<\/p>\n<p>Na par\u00f3quia, fazia de tudo, inclusive os servi\u00e7os da casa e suas refei\u00e7\u00f5es. Sempre em ora\u00e7\u00e3o, comia muito pouco e dormia no m\u00e1ximo tr\u00eas horas por dia, fazendo tudo o que podia para os seus pobres. O dinheiro herdado com a morte do pai gastou com eles.<\/p>\n<p>A fama de seus dons e de sua santidade correu entre os fi\u00e9is de todas as partes da Europa. Muitos acorriam para par\u00f3quia de Ars com um s\u00f3 objetivo: ver o cura e, acima de tudo, confessar-se com ele. Mesmo que para isto tivessem de esperavam horas ou dias inteiros. Assim, o local tornou-se um centro de peregrina\u00e7\u00f5es.<\/p>\n<p>O Cura de Ars, como era chamado, nunca p\u00f4de parar para descansar. Morreu serenamente, consumido pela fadiga, na noite de 4 de agosto de 1859, aos setenta e tr\u00eas anos de idade. Muito antes de ser canonizado pelo papa Pio XI, em 1925, j\u00e1 era venerado como santo. O seu corpo, incorrupto, encontra-se na igreja da par\u00f3quia de Ars, que se tornou um grande santu\u00e1rio de peregrina\u00e7\u00e3o. S\u00e3o Jo\u00e3o Maria Batista Vianney foi proclamado pela Igreja Padroeiro dos Sacerdotes e o dia de sua festa, 4 de agosto, escolhido para celebrar o Dia do Padre.<\/p>\n<p><img loading=\"lazy\" decoding=\"async\" src=\"http:\/\/blogvisao.files.wordpress.com\/2007\/08\/curadars.jpg\" alt=\"\" width=\"389\" height=\"234\">]<\/p>\n<p><img loading=\"lazy\" decoding=\"async\" src=\"http:\/\/t3.gstatic.com\/images?q=tbn:LHWP1JrEOugCjM:http:\/\/www.catolicismo.com.br\/assets\/imagens\/Agosto2009\/ars2.jpg\" alt=\"\" width=\"163\" height=\"139\"><\/p>\n<p><em>Quarto de S\u00e3o Jo\u00e3o Maria Vianney<\/em><\/p>\n<p>De S\u00e3o Jo\u00e3o Batista Vianney s\u00e3o as seguintes considera\u00e7\u00f5es, apropriadas aos nossos tempos:<\/p>\n<p><strong>1.&nbsp;<\/strong>&nbsp;&nbsp;&nbsp;&nbsp; \u201cDevemos trabalhar para tornar-nos merecedores de receber a Sant\u00edssima Eucaristia todos os dias. Se n\u00e3o nos \u00e9 poss\u00edvel comungar diariamente substituamos a Comunh\u00e3o real pela espiritual, que pode ser feita a cada instante; e n\u00f3s devemos ter o desejo ardente de receber Deus Nosso Senhor.<\/p>\n<p>A Comunh\u00e3o \u00e9 para a alma o que o sopro \u00e9 para o fogo, que est\u00e1 para apagar-se. \u2013 Ide \u00e0 Comunh\u00e3o, ide a Jesus! Ide viver dele para viver com Ele. N\u00e3o digais que tendes muito que fazer. N\u00e3o disse Nosso Senhor: Vinde a mim: v\u00f3s que trabalhais e vos achais sobrecarregados? N\u00e3o digais que n\u00e3o sois dignos. Tendes raz\u00e3o, mas \u00e9 verdade tamb\u00e9m que d\u2019Ele precisais. Se Nosso Senhor tivesse tido em vista a vossa dignidade, jamais teria institu\u00eddo o belo sacramento do amor. N\u00e3o digais que sois t\u00e3o miser\u00e1veis. Gostaria mais de vos ouvir dizer que estais muito doentes e por isso deixais de chamar o m\u00e9dico. \u2013 Todos os seres necessitam do alimento para viver.<\/p>\n<p>O alimento da alma \u00e9 Deus. A alma s\u00f3 de Deus pode viver e nada mais a satisfaz, sen\u00e3o Deus\u201d.<\/p>\n<p><strong>2.&nbsp;<\/strong>&nbsp;&nbsp;&nbsp;&nbsp; Sobre as dan\u00e7as dizia Vianney: \u201cVede meus irm\u00e3os, as pessoas que v\u00e3o ao baile, deixam o Anjo da Guarda na porta e \u00e9 um dem\u00f4nio que lhe toma o lugar, de modo que h\u00e1 no sal\u00e3o tantos dem\u00f4nios, quantos s\u00e3o os dan\u00e7arinos\u201d.- Se no tempo de Vianney assim j\u00e1 era, o que diria ele, se visse determinadas dan\u00e7as de hoje, que s\u00e3o a vergonha do nosso s\u00e9culo?&nbsp; Especialmente em bailes onde a impureza jorra, a pancadaria impera, a viol\u00eancia produz desgra\u00e7a? Isto bem conhecemos pela&nbsp; imprensa que, diariamente noticia consumo de drogas,&nbsp; brigas intensas, assassinatos f\u00fateis em boates movidas por m\u00fasicas fren\u00e9ticas,&nbsp; embalos alucinantes e&nbsp; letras&nbsp; escandalosamente malignas.&nbsp;&nbsp;&nbsp;<\/p>\n<p><strong>3.<\/strong>&nbsp;&nbsp;&nbsp;&nbsp;&nbsp; A respeito da santidade do domingo, ouviu-se Vianney muitas vezes dizer: \u201cV\u00f3s trabalhais, mas o ganho arru\u00edna o vosso corpo e a vossa alma. Se perguntasse \u00e0queles que no domingo trabalham: Que estais&nbsp; a fazer? Eles poderiam responder: Estou vendendo a minha alma ao dem\u00f4nio; Estou crucificando Nosso Senhor; estou renegando o meu batismo!&#8230; Oh! Como se engana aquele que aproveita do domingo, pensando que ganha mais dinheiro! V\u00f3s tendes a convic\u00e7\u00e3o de que tudo depende do vosso trabalho; \u00e9 engano. Ora vem uma doen\u00e7a, um acidente&#8230; \u00e9 preciso t\u00e3o pouca coisa&#8230; uma tempestade, uma chuva&#8230; Deus tem tudo na m\u00e3o; ele pode vingar-se quando e como quer&#8230; Conhe\u00e7o dois meios para empobrecer: \u201cTrabalhar no domingo e roubar bens alheios\u201d.<\/p>\n<div><strong>FESTA DOS 150 Anos da MORTE DE S\u00c3O JO\u00c3O MARIA VIANNEY NO ANO DE 2009,&nbsp;em Ars, Cardeal Hummes diz que santifica\u00e7\u00e3o \u00e9 centro de Ano Sacerdotal<\/strong><\/div>\n<div>&nbsp;<\/div>\n<p>ROMA, <em>04 Ago. 09 \/<\/em> 01:31 pm (<a target=\"_self\">ACI<\/a>) &#8211; O Prefeito para a Congrega\u00e7\u00e3o para o Clero, Cardeal Claudio Hummes, ao presidir em Ars (Fran\u00e7a) a Missa solene na festa de S\u00e3o Jo\u00e3o Maria Vianney que hoje comemora o 150\u00ba anivers\u00e1rio de seu falecimento, assinalou que ao decretar o Ano Sacerdotal, o Papa Bento XVI espera que o esp\u00edrito no qual se deve viver este ano jubilar seja o da santifica\u00e7\u00e3o.<\/p>\n<p>No Santu\u00e1rio dedicado ao Santo Padre de Ars e ante o Bispo de Belley-Ars, Dom Guy Marie Bagnard, e numerosos sacerdotes e fi\u00e9is chegados de toda a Fran\u00e7a; o Cardeal Hummes destacou que a Igreja &#8220;quer dizer aos sacerdotes que d\u00e1 gra\u00e7as a Deus por eles, que os admira e os ama, que os sustenta com sua ora\u00e7\u00e3o, que os acompanha em seu caminho de fidelidade, lhes manifesta seu reconhecimento, quer ajud\u00e1-los concretamente e colaborar com eles em sua tarefa pastoral&#8221;.<\/p>\n<p>Depois de explicar que os sacerdotes do mundo t\u00eam um encontro com o Santo Padre marcado para os dias 9 a 11 de junho de 2010 no Congresso Internacional em Roma, o Cardeal Hummes ressaltou o exemplo do Santo Cura D\u2019Ars, cuja vida &#8220;\u00e9 rica de ensinamentos. Ele aparece como modelo sacerdotal por sua vida de f\u00e9 e ora\u00e7\u00e3o constante, por sua espiritualidade profunda e s\u00f3lida, sua penit\u00eancia, sua humildade e pobreza, seu modo de colocar a celebra\u00e7\u00e3o da Missa ao centro da vida paroquial, seu infatig\u00e1vel e maravilhoso minist\u00e9rio do sacramento da Confiss\u00e3o, seu minist\u00e9rio da Palavra de Deus para a predica\u00e7\u00e3o e a catequese, seu amor pelos pobres, sua caridade pastoral que o levava a encontrar a cada habitante de sua par\u00f3quia para convert\u00ea-lo e salv\u00e1-lo&#8221;.<\/p>\n<p>S\u00e3o Jo\u00e3o Maria Vianney, adicionou o Cardeal, &#8220;n\u00e3o queria perder a ningu\u00e9m e n\u00e3o queria descansar sem antes ter visto todos na igreja, ass\u00edduos e freq\u00fcentes na recep\u00e7\u00e3o dos sacramentos&#8221;.<\/p>\n<p>&#8220;Assim tamb\u00e9m n\u00f3s (os sacerdotes) \u2013continuou\u2013 pelo simples fato de nossa ordena\u00e7\u00e3o, estamos todos consagrados para participar da miss\u00e3o universal do Filho de Deus, Jesus Cristo. \u00c9 nosso ser sacerdotal e mission\u00e1rio. Com a exig\u00eancia de adaptar-nos \u00e0s necessidades espec\u00edficas de nossa \u00e9poca, somos &#8216;enviados&#8217; para anunciar a Boa Nova a todos os homens, em particular, como fez o Cura D\u2019Ars, a todos os batizados que se afastaram da luz da f\u00e9, come\u00e7ando pelos mais pobres&#8221;.<\/p>\n<p>Depois de assinalar que o sacerdote n\u00e3o pode limitar-se ao seu templo paroquial mas sim deve sair dele para procurar os fi\u00e9is, o Prefeito da Congrega\u00e7\u00e3o para o Clero sublinhou a import\u00e2ncia de atend\u00ea-los no sacramento da confiss\u00e3o porque &#8220;ainda hoje, certamente, nossos contempor\u00e2neos procuram o perd\u00e3o, a paz interior, a reconcilia\u00e7\u00e3o com Deus e o pr\u00f3ximo, mas com freq\u00fc\u00eancia n\u00e3o encontram \u00e0 pessoa que possa lhes indicar o caminho ou que os compreenda na confiss\u00e3o. \u00c9 verdadeiramente um minist\u00e9rio essencial de todo sacerdote&#8221;.<\/p>\n<p>Ao finalizar sua homilia, o Cardeal Hummes convidou os presentes &#8220;a fazerem de suas fam\u00edlias verdadeiras Igrejas dom\u00e9sticas, focos ardentes de f\u00e9 e amor, aonde se reze juntos. N\u00e3o tenham temor se o Senhor escolher a um de seus filhos para faz\u00ea-lo sacerdote. Ousem, por outra parte, pedir-lhe ao Senhor a gra\u00e7a de uma voca\u00e7\u00e3o sacerdotal em sua fam\u00edlia&#8221;.<\/p>\n<div id=\"themify_builder_content-10385\" data-postid=\"10385\" class=\"themify_builder_content themify_builder_content-10385 themify_builder themify_builder_front\">\n\t<\/div>\n<!-- \/themify_builder_content -->","protected":false},"excerpt":{"rendered":"<p>4 de Agosto Jo\u00e3o Maria Batista Vianney sem d\u00favida alguma, se tornou o melhor exemplo das palavras profetizadas pelo ap\u00f3stolo Paulo: &#8220;Deus escolheu os insignificantes para confundir os grandes&#8221;. Ele nasceu em 8 de maio de 1786, no povoado de Dardilly, ao norte de Lyon, Fran\u00e7a. Seus pais, Mateus e Maria, tiveram sete filhos, ele [&hellip;]<\/p>\n","protected":false},"author":14,"featured_media":0,"comment_status":"open","ping_status":"open","sticky":false,"template":"","format":"standard","meta":{"ngg_post_thumbnail":0,"footnotes":""},"categories":[186],"tags":[],"yoast_head":"<!-- This site is optimized with the Yoast SEO plugin v23.5 - https:\/\/yoast.com\/wordpress\/plugins\/seo\/ -->\n<title>S\u00e3o Jo\u00e3o Maria Batista Vianney - O Cura D&#039;ars - O Arcanjo no ar<\/title>\n<meta name=\"robots\" content=\"index, follow, max-snippet:-1, max-image-preview:large, max-video-preview:-1\" \/>\n<link rel=\"canonical\" href=\"https:\/\/www.oarcanjo.net\/site\/sao-joao-maria-batista-vianney\/\" \/>\n<meta property=\"og:locale\" content=\"pt_BR\" \/>\n<meta property=\"og:type\" content=\"article\" \/>\n<meta property=\"og:title\" content=\"S\u00e3o Jo\u00e3o Maria Batista Vianney - O Cura D&#039;ars - O Arcanjo no ar\" \/>\n<meta property=\"og:description\" content=\"4 de Agosto Jo\u00e3o Maria Batista Vianney sem d\u00favida alguma, se tornou o melhor exemplo das palavras profetizadas pelo ap\u00f3stolo Paulo: &#8220;Deus escolheu os insignificantes para confundir os grandes&#8221;. Ele nasceu em 8 de maio de 1786, no povoado de Dardilly, ao norte de Lyon, Fran\u00e7a. Seus pais, Mateus e Maria, tiveram sete filhos, ele [&hellip;]\" \/>\n<meta property=\"og:url\" content=\"https:\/\/www.oarcanjo.net\/site\/sao-joao-maria-batista-vianney\/\" \/>\n<meta property=\"og:site_name\" content=\"O Arcanjo no ar\" \/>\n<meta property=\"article:publisher\" content=\"https:\/\/www.facebook.com\/OArcanjoNoAr\/\" \/>\n<meta property=\"article:published_time\" content=\"2018-08-04T03:19:51+00:00\" \/>\n<meta property=\"article:modified_time\" content=\"2018-06-20T21:26:05+00:00\" \/>\n<meta property=\"og:image\" content=\"http:\/\/4.bp.blogspot.com\/_K5WmpvOYNP4\/Sk-wM82TS0I\/AAAAAAAAAC4\/l03NXYimvuw\/s400\/saojoaomariavianney.jpg\" \/>\n<meta name=\"author\" content=\"danilo\" \/>\n<meta name=\"twitter:card\" content=\"summary_large_image\" \/>\n<meta name=\"twitter:label1\" content=\"Escrito por\" \/>\n\t<meta name=\"twitter:data1\" content=\"danilo\" \/>\n\t<meta name=\"twitter:label2\" content=\"Est. tempo de leitura\" \/>\n\t<meta name=\"twitter:data2\" content=\"9 minutos\" \/>\n<script type=\"application\/ld+json\" class=\"yoast-schema-graph\">{\"@context\":\"https:\/\/schema.org\",\"@graph\":[{\"@type\":\"Article\",\"@id\":\"https:\/\/www.oarcanjo.net\/site\/sao-joao-maria-batista-vianney\/#article\",\"isPartOf\":{\"@id\":\"https:\/\/www.oarcanjo.net\/site\/sao-joao-maria-batista-vianney\/\"},\"author\":{\"name\":\"danilo\",\"@id\":\"https:\/\/www.oarcanjo.net\/site\/#\/schema\/person\/5eb9480bedd2f3c97e430ce128c29c6c\"},\"headline\":\"S\u00e3o Jo\u00e3o Maria Batista Vianney &#8211; O Cura D&#8217;ars\",\"datePublished\":\"2018-08-04T03:19:51+00:00\",\"dateModified\":\"2018-06-20T21:26:05+00:00\",\"mainEntityOfPage\":{\"@id\":\"https:\/\/www.oarcanjo.net\/site\/sao-joao-maria-batista-vianney\/\"},\"wordCount\":1830,\"commentCount\":12,\"publisher\":{\"@id\":\"https:\/\/www.oarcanjo.net\/site\/#organization\"},\"image\":{\"@id\":\"https:\/\/www.oarcanjo.net\/site\/sao-joao-maria-batista-vianney\/#primaryimage\"},\"thumbnailUrl\":\"http:\/\/4.bp.blogspot.com\/_K5WmpvOYNP4\/Sk-wM82TS0I\/AAAAAAAAAC4\/l03NXYimvuw\/s400\/saojoaomariavianney.jpg\",\"articleSection\":[\"Testemunhos\"],\"inLanguage\":\"pt-BR\",\"potentialAction\":[{\"@type\":\"CommentAction\",\"name\":\"Comment\",\"target\":[\"https:\/\/www.oarcanjo.net\/site\/sao-joao-maria-batista-vianney\/#respond\"]}]},{\"@type\":\"WebPage\",\"@id\":\"https:\/\/www.oarcanjo.net\/site\/sao-joao-maria-batista-vianney\/\",\"url\":\"https:\/\/www.oarcanjo.net\/site\/sao-joao-maria-batista-vianney\/\",\"name\":\"S\u00e3o Jo\u00e3o Maria Batista Vianney - O Cura D'ars - O Arcanjo no ar\",\"isPartOf\":{\"@id\":\"https:\/\/www.oarcanjo.net\/site\/#website\"},\"primaryImageOfPage\":{\"@id\":\"https:\/\/www.oarcanjo.net\/site\/sao-joao-maria-batista-vianney\/#primaryimage\"},\"image\":{\"@id\":\"https:\/\/www.oarcanjo.net\/site\/sao-joao-maria-batista-vianney\/#primaryimage\"},\"thumbnailUrl\":\"http:\/\/4.bp.blogspot.com\/_K5WmpvOYNP4\/Sk-wM82TS0I\/AAAAAAAAAC4\/l03NXYimvuw\/s400\/saojoaomariavianney.jpg\",\"datePublished\":\"2018-08-04T03:19:51+00:00\",\"dateModified\":\"2018-06-20T21:26:05+00:00\",\"breadcrumb\":{\"@id\":\"https:\/\/www.oarcanjo.net\/site\/sao-joao-maria-batista-vianney\/#breadcrumb\"},\"inLanguage\":\"pt-BR\",\"potentialAction\":[{\"@type\":\"ReadAction\",\"target\":[\"https:\/\/www.oarcanjo.net\/site\/sao-joao-maria-batista-vianney\/\"]}]},{\"@type\":\"ImageObject\",\"inLanguage\":\"pt-BR\",\"@id\":\"https:\/\/www.oarcanjo.net\/site\/sao-joao-maria-batista-vianney\/#primaryimage\",\"url\":\"http:\/\/4.bp.blogspot.com\/_K5WmpvOYNP4\/Sk-wM82TS0I\/AAAAAAAAAC4\/l03NXYimvuw\/s400\/saojoaomariavianney.jpg\",\"contentUrl\":\"http:\/\/4.bp.blogspot.com\/_K5WmpvOYNP4\/Sk-wM82TS0I\/AAAAAAAAAC4\/l03NXYimvuw\/s400\/saojoaomariavianney.jpg\"},{\"@type\":\"BreadcrumbList\",\"@id\":\"https:\/\/www.oarcanjo.net\/site\/sao-joao-maria-batista-vianney\/#breadcrumb\",\"itemListElement\":[{\"@type\":\"ListItem\",\"position\":1,\"name\":\"In\u00edcio\",\"item\":\"https:\/\/www.oarcanjo.net\/site\/\"},{\"@type\":\"ListItem\",\"position\":2,\"name\":\"S\u00e3o Jo\u00e3o Maria Batista Vianney &#8211; O Cura D&#8217;ars\"}]},{\"@type\":\"WebSite\",\"@id\":\"https:\/\/www.oarcanjo.net\/site\/#website\",\"url\":\"https:\/\/www.oarcanjo.net\/site\/\",\"name\":\"O Arcanjo no ar\",\"description\":\"Site da Par\u00f3quia S\u00e3o Miguel Arcanjo (Arquidiocese de SP)\",\"publisher\":{\"@id\":\"https:\/\/www.oarcanjo.net\/site\/#organization\"},\"potentialAction\":[{\"@type\":\"SearchAction\",\"target\":{\"@type\":\"EntryPoint\",\"urlTemplate\":\"https:\/\/www.oarcanjo.net\/site\/?s={search_term_string}\"},\"query-input\":{\"@type\":\"PropertyValueSpecification\",\"valueRequired\":true,\"valueName\":\"search_term_string\"}}],\"inLanguage\":\"pt-BR\"},{\"@type\":\"Organization\",\"@id\":\"https:\/\/www.oarcanjo.net\/site\/#organization\",\"name\":\"Par\u00f3quia S\u00e3o Miguel Arcanjo\",\"url\":\"https:\/\/www.oarcanjo.net\/site\/\",\"logo\":{\"@type\":\"ImageObject\",\"inLanguage\":\"pt-BR\",\"@id\":\"https:\/\/www.oarcanjo.net\/site\/#\/schema\/logo\/image\/\",\"url\":\"https:\/\/www.oarcanjo.net\/site\/wp-content\/uploads\/LogoOArcanjo.png\",\"contentUrl\":\"https:\/\/www.oarcanjo.net\/site\/wp-content\/uploads\/LogoOArcanjo.png\",\"width\":319,\"height\":99,\"caption\":\"Par\u00f3quia S\u00e3o Miguel Arcanjo\"},\"image\":{\"@id\":\"https:\/\/www.oarcanjo.net\/site\/#\/schema\/logo\/image\/\"},\"sameAs\":[\"https:\/\/www.facebook.com\/OArcanjoNoAr\/\"]},{\"@type\":\"Person\",\"@id\":\"https:\/\/www.oarcanjo.net\/site\/#\/schema\/person\/5eb9480bedd2f3c97e430ce128c29c6c\",\"name\":\"danilo\"}]}<\/script>\n<!-- \/ Yoast SEO plugin. -->","yoast_head_json":{"title":"S\u00e3o Jo\u00e3o Maria Batista Vianney - O Cura D'ars - O Arcanjo no ar","robots":{"index":"index","follow":"follow","max-snippet":"max-snippet:-1","max-image-preview":"max-image-preview:large","max-video-preview":"max-video-preview:-1"},"canonical":"https:\/\/www.oarcanjo.net\/site\/sao-joao-maria-batista-vianney\/","og_locale":"pt_BR","og_type":"article","og_title":"S\u00e3o Jo\u00e3o Maria Batista Vianney - O Cura D'ars - O Arcanjo no ar","og_description":"4 de Agosto Jo\u00e3o Maria Batista Vianney sem d\u00favida alguma, se tornou o melhor exemplo das palavras profetizadas pelo ap\u00f3stolo Paulo: &#8220;Deus escolheu os insignificantes para confundir os grandes&#8221;. Ele nasceu em 8 de maio de 1786, no povoado de Dardilly, ao norte de Lyon, Fran\u00e7a. Seus pais, Mateus e Maria, tiveram sete filhos, ele [&hellip;]","og_url":"https:\/\/www.oarcanjo.net\/site\/sao-joao-maria-batista-vianney\/","og_site_name":"O Arcanjo no ar","article_publisher":"https:\/\/www.facebook.com\/OArcanjoNoAr\/","article_published_time":"2018-08-04T03:19:51+00:00","article_modified_time":"2018-06-20T21:26:05+00:00","og_image":[{"url":"http:\/\/4.bp.blogspot.com\/_K5WmpvOYNP4\/Sk-wM82TS0I\/AAAAAAAAAC4\/l03NXYimvuw\/s400\/saojoaomariavianney.jpg"}],"author":"danilo","twitter_card":"summary_large_image","twitter_misc":{"Escrito por":"danilo","Est. tempo de leitura":"9 minutos"},"schema":{"@context":"https:\/\/schema.org","@graph":[{"@type":"Article","@id":"https:\/\/www.oarcanjo.net\/site\/sao-joao-maria-batista-vianney\/#article","isPartOf":{"@id":"https:\/\/www.oarcanjo.net\/site\/sao-joao-maria-batista-vianney\/"},"author":{"name":"danilo","@id":"https:\/\/www.oarcanjo.net\/site\/#\/schema\/person\/5eb9480bedd2f3c97e430ce128c29c6c"},"headline":"S\u00e3o Jo\u00e3o Maria Batista Vianney &#8211; O Cura D&#8217;ars","datePublished":"2018-08-04T03:19:51+00:00","dateModified":"2018-06-20T21:26:05+00:00","mainEntityOfPage":{"@id":"https:\/\/www.oarcanjo.net\/site\/sao-joao-maria-batista-vianney\/"},"wordCount":1830,"commentCount":12,"publisher":{"@id":"https:\/\/www.oarcanjo.net\/site\/#organization"},"image":{"@id":"https:\/\/www.oarcanjo.net\/site\/sao-joao-maria-batista-vianney\/#primaryimage"},"thumbnailUrl":"http:\/\/4.bp.blogspot.com\/_K5WmpvOYNP4\/Sk-wM82TS0I\/AAAAAAAAAC4\/l03NXYimvuw\/s400\/saojoaomariavianney.jpg","articleSection":["Testemunhos"],"inLanguage":"pt-BR","potentialAction":[{"@type":"CommentAction","name":"Comment","target":["https:\/\/www.oarcanjo.net\/site\/sao-joao-maria-batista-vianney\/#respond"]}]},{"@type":"WebPage","@id":"https:\/\/www.oarcanjo.net\/site\/sao-joao-maria-batista-vianney\/","url":"https:\/\/www.oarcanjo.net\/site\/sao-joao-maria-batista-vianney\/","name":"S\u00e3o Jo\u00e3o Maria Batista Vianney - O Cura D'ars - O Arcanjo no ar","isPartOf":{"@id":"https:\/\/www.oarcanjo.net\/site\/#website"},"primaryImageOfPage":{"@id":"https:\/\/www.oarcanjo.net\/site\/sao-joao-maria-batista-vianney\/#primaryimage"},"image":{"@id":"https:\/\/www.oarcanjo.net\/site\/sao-joao-maria-batista-vianney\/#primaryimage"},"thumbnailUrl":"http:\/\/4.bp.blogspot.com\/_K5WmpvOYNP4\/Sk-wM82TS0I\/AAAAAAAAAC4\/l03NXYimvuw\/s400\/saojoaomariavianney.jpg","datePublished":"2018-08-04T03:19:51+00:00","dateModified":"2018-06-20T21:26:05+00:00","breadcrumb":{"@id":"https:\/\/www.oarcanjo.net\/site\/sao-joao-maria-batista-vianney\/#breadcrumb"},"inLanguage":"pt-BR","potentialAction":[{"@type":"ReadAction","target":["https:\/\/www.oarcanjo.net\/site\/sao-joao-maria-batista-vianney\/"]}]},{"@type":"ImageObject","inLanguage":"pt-BR","@id":"https:\/\/www.oarcanjo.net\/site\/sao-joao-maria-batista-vianney\/#primaryimage","url":"http:\/\/4.bp.blogspot.com\/_K5WmpvOYNP4\/Sk-wM82TS0I\/AAAAAAAAAC4\/l03NXYimvuw\/s400\/saojoaomariavianney.jpg","contentUrl":"http:\/\/4.bp.blogspot.com\/_K5WmpvOYNP4\/Sk-wM82TS0I\/AAAAAAAAAC4\/l03NXYimvuw\/s400\/saojoaomariavianney.jpg"},{"@type":"BreadcrumbList","@id":"https:\/\/www.oarcanjo.net\/site\/sao-joao-maria-batista-vianney\/#breadcrumb","itemListElement":[{"@type":"ListItem","position":1,"name":"In\u00edcio","item":"https:\/\/www.oarcanjo.net\/site\/"},{"@type":"ListItem","position":2,"name":"S\u00e3o Jo\u00e3o Maria Batista Vianney &#8211; O Cura D&#8217;ars"}]},{"@type":"WebSite","@id":"https:\/\/www.oarcanjo.net\/site\/#website","url":"https:\/\/www.oarcanjo.net\/site\/","name":"O Arcanjo no ar","description":"Site da Par\u00f3quia S\u00e3o Miguel Arcanjo (Arquidiocese de SP)","publisher":{"@id":"https:\/\/www.oarcanjo.net\/site\/#organization"},"potentialAction":[{"@type":"SearchAction","target":{"@type":"EntryPoint","urlTemplate":"https:\/\/www.oarcanjo.net\/site\/?s={search_term_string}"},"query-input":{"@type":"PropertyValueSpecification","valueRequired":true,"valueName":"search_term_string"}}],"inLanguage":"pt-BR"},{"@type":"Organization","@id":"https:\/\/www.oarcanjo.net\/site\/#organization","name":"Par\u00f3quia S\u00e3o Miguel Arcanjo","url":"https:\/\/www.oarcanjo.net\/site\/","logo":{"@type":"ImageObject","inLanguage":"pt-BR","@id":"https:\/\/www.oarcanjo.net\/site\/#\/schema\/logo\/image\/","url":"https:\/\/www.oarcanjo.net\/site\/wp-content\/uploads\/LogoOArcanjo.png","contentUrl":"https:\/\/www.oarcanjo.net\/site\/wp-content\/uploads\/LogoOArcanjo.png","width":319,"height":99,"caption":"Par\u00f3quia S\u00e3o Miguel Arcanjo"},"image":{"@id":"https:\/\/www.oarcanjo.net\/site\/#\/schema\/logo\/image\/"},"sameAs":["https:\/\/www.facebook.com\/OArcanjoNoAr\/"]},{"@type":"Person","@id":"https:\/\/www.oarcanjo.net\/site\/#\/schema\/person\/5eb9480bedd2f3c97e430ce128c29c6c","name":"danilo"}]}},"publishpress_future_action":{"enabled":false,"date":"2026-05-08 08:08:32","action":"category","newStatus":"draft","terms":[],"taxonomy":"category"},"publishpress_future_workflow_manual_trigger":{"enabledWorkflows":[]},"_links":{"self":[{"href":"https:\/\/www.oarcanjo.net\/site\/wp-json\/wp\/v2\/posts\/10385"}],"collection":[{"href":"https:\/\/www.oarcanjo.net\/site\/wp-json\/wp\/v2\/posts"}],"about":[{"href":"https:\/\/www.oarcanjo.net\/site\/wp-json\/wp\/v2\/types\/post"}],"author":[{"embeddable":true,"href":"https:\/\/www.oarcanjo.net\/site\/wp-json\/wp\/v2\/users\/14"}],"replies":[{"embeddable":true,"href":"https:\/\/www.oarcanjo.net\/site\/wp-json\/wp\/v2\/comments?post=10385"}],"version-history":[{"count":1,"href":"https:\/\/www.oarcanjo.net\/site\/wp-json\/wp\/v2\/posts\/10385\/revisions"}],"predecessor-version":[{"id":88640,"href":"https:\/\/www.oarcanjo.net\/site\/wp-json\/wp\/v2\/posts\/10385\/revisions\/88640"}],"wp:attachment":[{"href":"https:\/\/www.oarcanjo.net\/site\/wp-json\/wp\/v2\/media?parent=10385"}],"wp:term":[{"taxonomy":"category","embeddable":true,"href":"https:\/\/www.oarcanjo.net\/site\/wp-json\/wp\/v2\/categories?post=10385"},{"taxonomy":"post_tag","embeddable":true,"href":"https:\/\/www.oarcanjo.net\/site\/wp-json\/wp\/v2\/tags?post=10385"}],"curies":[{"name":"wp","href":"https:\/\/api.w.org\/{rel}","templated":true}]}}