
{"id":10387,"date":"2018-08-05T00:26:34","date_gmt":"2018-08-05T03:26:34","guid":{"rendered":"http:\/\/www.oarcanjo.net\/site\/?p=10387"},"modified":"2018-06-25T08:12:47","modified_gmt":"2018-06-25T11:12:47","slug":"dedicacao-da-basilica-de-santa-maria-maior","status":"publish","type":"post","link":"https:\/\/www.oarcanjo.net\/site\/dedicacao-da-basilica-de-santa-maria-maior\/","title":{"rendered":"Dedica\u00e7\u00e3o da Bas\u00edlica de Santa Maria Maior"},"content":{"rendered":"<p><img loading=\"lazy\" decoding=\"async\" class=\"alignnone size-full wp-image-64435\" src=\"http:\/\/www.oarcanjo.net\/site\/wp-content\/uploads\/Basilica-de-Santa-Maria-Maior.jpg\" alt=\"Bas\u00edlica de Santa Maria Maior\" width=\"320\" height=\"311\" srcset=\"https:\/\/www.oarcanjo.net\/site\/wp-content\/uploads\/Basilica-de-Santa-Maria-Maior.jpg 320w, https:\/\/www.oarcanjo.net\/site\/wp-content\/uploads\/Basilica-de-Santa-Maria-Maior-300x292.jpg 300w\" sizes=\"(max-width: 320px) 100vw, 320px\" \/><\/p>\n<p>5 de Agosto<\/p>\n<p>Ao frade Bartolomeu de Trento, que viveu na metade do s\u00e9culo XIII, devemos a vers\u00e3o sobre a origem da bas\u00edlica de Santa Maria Maior. Segundo a tradi\u00e7\u00e3o, no ano 352, vivia em Roma, o representante do imperador que tinha se transferido para Constantinopla, um certo Jo\u00e3o, fidalgo riqu\u00edssimo que n\u00e3o sabia como gastar toda sua fortuna. N\u00e3o tinha filhos e queria construir obras pias para a Igreja, mas n\u00e3o sabia quais escolher.<\/p>\n<p>Na noite de 5 de agosto, lhe apareceu em sonho a Virgem Maria, que lhe ordenou construir uma igreja no lugar onde estivesse com neve pela manh\u00e3. O rico senhor acordou e se p\u00f4s a pensar que a neve em Roma era uma coisa estranha, pois agosto era a esta\u00e7\u00e3o de ver\u00e3o. Por\u00e9m o mais interessante foi que a Virgem, na mesma noite apareceu ao papa Lib\u00e9rio e lhe disse que, logo ao raiar do dia, subisse a colina do monte Esquilino, que encontraria o local cheio de neve e l\u00e1 deveria erguer uma igreja. Pela manh\u00e3 aquele fato in\u00e9dito, foi constatado e enquanto a not\u00edcia se espalhava por toda Roma, o papa e Jo\u00e3o, caminhando por estradas diferentes, seguidos por uma multid\u00e3o se encontraram: l\u00e1 em cima do monte Esquilino comprovaram que havia neve. Com um bast\u00e3o o papa tra\u00e7ou a \u00e1rea para erguer a igreja que o patr\u00edcio construiu apenas com o seu dinheiro. Nascia a bas\u00edlica de Santa Maria da Neve.<\/p>\n<p>Alguns pesquisadores dizem que Jo\u00e3o procurou o papa Lib\u00e9rio para lhe contar seu sonho e que teve uma surpresa ao saber que tamb\u00e9m o pont\u00edfice havia tido a mesma vis\u00e3o. Depois, juntos com a popula\u00e7\u00e3o foram ao alto ao monte Esquilino, e demarcaram sobre a neve o terreno onde a igreja foi constru\u00edda. Desta maneira, notou-se que as tradi\u00e7\u00f5es se mesclaram por obra da alma popular que sempre uniu poesia \u00e0 hist\u00f3ria.<\/p>\n<p>Aquelas colinas do monte Esquilino, durante a Antiguidade, tinham sido um lugar de despejo de lixo, cheio de imundices; posteriormente se tornou o lugar onde os escravos eram sepultados. Na \u00e9poca do Imp\u00e9rio, ao contr\u00e1rio, as colinas eram ocupadas por imensas vilas de nobres. Entretanto continuava sendo um lugar de estranhas lembran\u00e7as e que a comunidade evitava freq\u00fcentar. Com a constru\u00e7\u00e3o da igreja da Santa Maria da Neve, o local reconquistou a visita\u00e7\u00e3o popular.<\/p>\n<p>Tanto \u00e9 verdade que cerca de um s\u00e9culo depois, para celebrar os resultados do Conc\u00edlio de Efeso, que proclamou a &#8220;maternidade divina da Virgem Maria&#8221;, o Papa Xisto III em 440, mandou construir uma igreja. Mas queria que fosse grande, muito grande, da\u00ed o nome &#8220;Maior&#8221;, e escolheu o mesmo local onde fora constru\u00edda a igreja indicada pela Virgem em sonho ao papa Lib\u00e9rio. No dia 5 de agosto de 431, a nova igreja, que substituiu a anterior, foi consagrada, com o nome de bas\u00edlica de &#8220;Santa Maria Maior&#8221;.<\/p>\n<p>Nela foi realizado o primeiro pres\u00e9pio que se tem not\u00edcia na Igreja, por isto tamb\u00e9m ficou conhecida como bas\u00edlica de &#8220;Santa Maria do Pres\u00e9pio&#8221;. Na bas\u00edlica se encontram os primeiros e mais ricos mosaicos alusivos a Nossa Senhora e \u00e9, de fato, um dos maiores e mais belo santu\u00e1rio mariano de toda a cristandade. A festa lit\u00fargica da &#8220;Dedica\u00e7\u00e3o da Bas\u00edlica de Santa Maria Maior&#8221; que acontece em 5 de agosto entrou no calend\u00e1rio romano em 1568.<\/p>\n<div id=\"themify_builder_content-10387\" data-postid=\"10387\" class=\"themify_builder_content themify_builder_content-10387 themify_builder themify_builder_front\">\n\t<\/div>\n<!-- \/themify_builder_content -->","protected":false},"excerpt":{"rendered":"<p>5 de Agosto Ao frade Bartolomeu de Trento, que viveu na metade do s\u00e9culo XIII, devemos a vers\u00e3o sobre a origem da bas\u00edlica de Santa Maria Maior. Segundo a tradi\u00e7\u00e3o, no ano 352, vivia em Roma, o representante do imperador que tinha se transferido para Constantinopla, um certo Jo\u00e3o, fidalgo riqu\u00edssimo que n\u00e3o sabia como [&hellip;]<\/p>\n","protected":false},"author":14,"featured_media":0,"comment_status":"open","ping_status":"open","sticky":false,"template":"","format":"standard","meta":{"ngg_post_thumbnail":0,"footnotes":""},"categories":[186],"tags":[],"yoast_head":"<!-- This site is optimized with the Yoast SEO plugin v23.5 - https:\/\/yoast.com\/wordpress\/plugins\/seo\/ -->\n<title>Dedica\u00e7\u00e3o da Bas\u00edlica de Santa Maria Maior - O Arcanjo no ar<\/title>\n<meta name=\"robots\" content=\"index, follow, max-snippet:-1, max-image-preview:large, max-video-preview:-1\" \/>\n<link rel=\"canonical\" href=\"https:\/\/www.oarcanjo.net\/site\/dedicacao-da-basilica-de-santa-maria-maior\/\" \/>\n<meta property=\"og:locale\" content=\"pt_BR\" \/>\n<meta property=\"og:type\" content=\"article\" \/>\n<meta property=\"og:title\" content=\"Dedica\u00e7\u00e3o da Bas\u00edlica de Santa Maria Maior - O Arcanjo no ar\" \/>\n<meta property=\"og:description\" content=\"5 de Agosto Ao frade Bartolomeu de Trento, que viveu na metade do s\u00e9culo XIII, devemos a vers\u00e3o sobre a origem da bas\u00edlica de Santa Maria Maior. Segundo a tradi\u00e7\u00e3o, no ano 352, vivia em Roma, o representante do imperador que tinha se transferido para Constantinopla, um certo Jo\u00e3o, fidalgo riqu\u00edssimo que n\u00e3o sabia como [&hellip;]\" \/>\n<meta property=\"og:url\" content=\"https:\/\/www.oarcanjo.net\/site\/dedicacao-da-basilica-de-santa-maria-maior\/\" \/>\n<meta property=\"og:site_name\" content=\"O Arcanjo no ar\" \/>\n<meta property=\"article:publisher\" content=\"https:\/\/www.facebook.com\/OArcanjoNoAr\/\" \/>\n<meta property=\"article:published_time\" content=\"2018-08-05T03:26:34+00:00\" \/>\n<meta property=\"article:modified_time\" content=\"2018-06-25T11:12:47+00:00\" \/>\n<meta property=\"og:image\" content=\"http:\/\/www.oarcanjo.net\/site\/wp-content\/uploads\/Basilica-de-Santa-Maria-Maior.jpg\" \/>\n<meta name=\"author\" content=\"danilo\" \/>\n<meta name=\"twitter:card\" content=\"summary_large_image\" \/>\n<meta name=\"twitter:label1\" content=\"Escrito por\" \/>\n\t<meta name=\"twitter:data1\" content=\"danilo\" \/>\n\t<meta name=\"twitter:label2\" content=\"Est. tempo de leitura\" \/>\n\t<meta name=\"twitter:data2\" content=\"3 minutos\" \/>\n<script type=\"application\/ld+json\" class=\"yoast-schema-graph\">{\"@context\":\"https:\/\/schema.org\",\"@graph\":[{\"@type\":\"Article\",\"@id\":\"https:\/\/www.oarcanjo.net\/site\/dedicacao-da-basilica-de-santa-maria-maior\/#article\",\"isPartOf\":{\"@id\":\"https:\/\/www.oarcanjo.net\/site\/dedicacao-da-basilica-de-santa-maria-maior\/\"},\"author\":{\"name\":\"danilo\",\"@id\":\"https:\/\/www.oarcanjo.net\/site\/#\/schema\/person\/5eb9480bedd2f3c97e430ce128c29c6c\"},\"headline\":\"Dedica\u00e7\u00e3o da Bas\u00edlica de Santa Maria Maior\",\"datePublished\":\"2018-08-05T03:26:34+00:00\",\"dateModified\":\"2018-06-25T11:12:47+00:00\",\"mainEntityOfPage\":{\"@id\":\"https:\/\/www.oarcanjo.net\/site\/dedicacao-da-basilica-de-santa-maria-maior\/\"},\"wordCount\":602,\"commentCount\":0,\"publisher\":{\"@id\":\"https:\/\/www.oarcanjo.net\/site\/#organization\"},\"image\":{\"@id\":\"https:\/\/www.oarcanjo.net\/site\/dedicacao-da-basilica-de-santa-maria-maior\/#primaryimage\"},\"thumbnailUrl\":\"http:\/\/www.oarcanjo.net\/site\/wp-content\/uploads\/Basilica-de-Santa-Maria-Maior.jpg\",\"articleSection\":[\"Testemunhos\"],\"inLanguage\":\"pt-BR\",\"potentialAction\":[{\"@type\":\"CommentAction\",\"name\":\"Comment\",\"target\":[\"https:\/\/www.oarcanjo.net\/site\/dedicacao-da-basilica-de-santa-maria-maior\/#respond\"]}]},{\"@type\":\"WebPage\",\"@id\":\"https:\/\/www.oarcanjo.net\/site\/dedicacao-da-basilica-de-santa-maria-maior\/\",\"url\":\"https:\/\/www.oarcanjo.net\/site\/dedicacao-da-basilica-de-santa-maria-maior\/\",\"name\":\"Dedica\u00e7\u00e3o da Bas\u00edlica de Santa Maria Maior - O Arcanjo no ar\",\"isPartOf\":{\"@id\":\"https:\/\/www.oarcanjo.net\/site\/#website\"},\"primaryImageOfPage\":{\"@id\":\"https:\/\/www.oarcanjo.net\/site\/dedicacao-da-basilica-de-santa-maria-maior\/#primaryimage\"},\"image\":{\"@id\":\"https:\/\/www.oarcanjo.net\/site\/dedicacao-da-basilica-de-santa-maria-maior\/#primaryimage\"},\"thumbnailUrl\":\"http:\/\/www.oarcanjo.net\/site\/wp-content\/uploads\/Basilica-de-Santa-Maria-Maior.jpg\",\"datePublished\":\"2018-08-05T03:26:34+00:00\",\"dateModified\":\"2018-06-25T11:12:47+00:00\",\"breadcrumb\":{\"@id\":\"https:\/\/www.oarcanjo.net\/site\/dedicacao-da-basilica-de-santa-maria-maior\/#breadcrumb\"},\"inLanguage\":\"pt-BR\",\"potentialAction\":[{\"@type\":\"ReadAction\",\"target\":[\"https:\/\/www.oarcanjo.net\/site\/dedicacao-da-basilica-de-santa-maria-maior\/\"]}]},{\"@type\":\"ImageObject\",\"inLanguage\":\"pt-BR\",\"@id\":\"https:\/\/www.oarcanjo.net\/site\/dedicacao-da-basilica-de-santa-maria-maior\/#primaryimage\",\"url\":\"https:\/\/www.oarcanjo.net\/site\/wp-content\/uploads\/Basilica-de-Santa-Maria-Maior.jpg\",\"contentUrl\":\"https:\/\/www.oarcanjo.net\/site\/wp-content\/uploads\/Basilica-de-Santa-Maria-Maior.jpg\",\"width\":320,\"height\":311,\"caption\":\"Bas\u00edlica de Santa Maria Maior\"},{\"@type\":\"BreadcrumbList\",\"@id\":\"https:\/\/www.oarcanjo.net\/site\/dedicacao-da-basilica-de-santa-maria-maior\/#breadcrumb\",\"itemListElement\":[{\"@type\":\"ListItem\",\"position\":1,\"name\":\"In\u00edcio\",\"item\":\"https:\/\/www.oarcanjo.net\/site\/\"},{\"@type\":\"ListItem\",\"position\":2,\"name\":\"Dedica\u00e7\u00e3o da Bas\u00edlica de Santa Maria Maior\"}]},{\"@type\":\"WebSite\",\"@id\":\"https:\/\/www.oarcanjo.net\/site\/#website\",\"url\":\"https:\/\/www.oarcanjo.net\/site\/\",\"name\":\"O Arcanjo no ar\",\"description\":\"Site da Par\u00f3quia S\u00e3o Miguel Arcanjo (Arquidiocese de SP)\",\"publisher\":{\"@id\":\"https:\/\/www.oarcanjo.net\/site\/#organization\"},\"potentialAction\":[{\"@type\":\"SearchAction\",\"target\":{\"@type\":\"EntryPoint\",\"urlTemplate\":\"https:\/\/www.oarcanjo.net\/site\/?s={search_term_string}\"},\"query-input\":{\"@type\":\"PropertyValueSpecification\",\"valueRequired\":true,\"valueName\":\"search_term_string\"}}],\"inLanguage\":\"pt-BR\"},{\"@type\":\"Organization\",\"@id\":\"https:\/\/www.oarcanjo.net\/site\/#organization\",\"name\":\"Par\u00f3quia S\u00e3o Miguel Arcanjo\",\"url\":\"https:\/\/www.oarcanjo.net\/site\/\",\"logo\":{\"@type\":\"ImageObject\",\"inLanguage\":\"pt-BR\",\"@id\":\"https:\/\/www.oarcanjo.net\/site\/#\/schema\/logo\/image\/\",\"url\":\"https:\/\/www.oarcanjo.net\/site\/wp-content\/uploads\/LogoOArcanjo.png\",\"contentUrl\":\"https:\/\/www.oarcanjo.net\/site\/wp-content\/uploads\/LogoOArcanjo.png\",\"width\":319,\"height\":99,\"caption\":\"Par\u00f3quia S\u00e3o Miguel Arcanjo\"},\"image\":{\"@id\":\"https:\/\/www.oarcanjo.net\/site\/#\/schema\/logo\/image\/\"},\"sameAs\":[\"https:\/\/www.facebook.com\/OArcanjoNoAr\/\"]},{\"@type\":\"Person\",\"@id\":\"https:\/\/www.oarcanjo.net\/site\/#\/schema\/person\/5eb9480bedd2f3c97e430ce128c29c6c\",\"name\":\"danilo\"}]}<\/script>\n<!-- \/ Yoast SEO plugin. -->","yoast_head_json":{"title":"Dedica\u00e7\u00e3o da Bas\u00edlica de Santa Maria Maior - O Arcanjo no ar","robots":{"index":"index","follow":"follow","max-snippet":"max-snippet:-1","max-image-preview":"max-image-preview:large","max-video-preview":"max-video-preview:-1"},"canonical":"https:\/\/www.oarcanjo.net\/site\/dedicacao-da-basilica-de-santa-maria-maior\/","og_locale":"pt_BR","og_type":"article","og_title":"Dedica\u00e7\u00e3o da Bas\u00edlica de Santa Maria Maior - O Arcanjo no ar","og_description":"5 de Agosto Ao frade Bartolomeu de Trento, que viveu na metade do s\u00e9culo XIII, devemos a vers\u00e3o sobre a origem da bas\u00edlica de Santa Maria Maior. Segundo a tradi\u00e7\u00e3o, no ano 352, vivia em Roma, o representante do imperador que tinha se transferido para Constantinopla, um certo Jo\u00e3o, fidalgo riqu\u00edssimo que n\u00e3o sabia como [&hellip;]","og_url":"https:\/\/www.oarcanjo.net\/site\/dedicacao-da-basilica-de-santa-maria-maior\/","og_site_name":"O Arcanjo no ar","article_publisher":"https:\/\/www.facebook.com\/OArcanjoNoAr\/","article_published_time":"2018-08-05T03:26:34+00:00","article_modified_time":"2018-06-25T11:12:47+00:00","og_image":[{"url":"http:\/\/www.oarcanjo.net\/site\/wp-content\/uploads\/Basilica-de-Santa-Maria-Maior.jpg"}],"author":"danilo","twitter_card":"summary_large_image","twitter_misc":{"Escrito por":"danilo","Est. tempo de leitura":"3 minutos"},"schema":{"@context":"https:\/\/schema.org","@graph":[{"@type":"Article","@id":"https:\/\/www.oarcanjo.net\/site\/dedicacao-da-basilica-de-santa-maria-maior\/#article","isPartOf":{"@id":"https:\/\/www.oarcanjo.net\/site\/dedicacao-da-basilica-de-santa-maria-maior\/"},"author":{"name":"danilo","@id":"https:\/\/www.oarcanjo.net\/site\/#\/schema\/person\/5eb9480bedd2f3c97e430ce128c29c6c"},"headline":"Dedica\u00e7\u00e3o da Bas\u00edlica de Santa Maria Maior","datePublished":"2018-08-05T03:26:34+00:00","dateModified":"2018-06-25T11:12:47+00:00","mainEntityOfPage":{"@id":"https:\/\/www.oarcanjo.net\/site\/dedicacao-da-basilica-de-santa-maria-maior\/"},"wordCount":602,"commentCount":0,"publisher":{"@id":"https:\/\/www.oarcanjo.net\/site\/#organization"},"image":{"@id":"https:\/\/www.oarcanjo.net\/site\/dedicacao-da-basilica-de-santa-maria-maior\/#primaryimage"},"thumbnailUrl":"http:\/\/www.oarcanjo.net\/site\/wp-content\/uploads\/Basilica-de-Santa-Maria-Maior.jpg","articleSection":["Testemunhos"],"inLanguage":"pt-BR","potentialAction":[{"@type":"CommentAction","name":"Comment","target":["https:\/\/www.oarcanjo.net\/site\/dedicacao-da-basilica-de-santa-maria-maior\/#respond"]}]},{"@type":"WebPage","@id":"https:\/\/www.oarcanjo.net\/site\/dedicacao-da-basilica-de-santa-maria-maior\/","url":"https:\/\/www.oarcanjo.net\/site\/dedicacao-da-basilica-de-santa-maria-maior\/","name":"Dedica\u00e7\u00e3o da Bas\u00edlica de Santa Maria Maior - O Arcanjo no ar","isPartOf":{"@id":"https:\/\/www.oarcanjo.net\/site\/#website"},"primaryImageOfPage":{"@id":"https:\/\/www.oarcanjo.net\/site\/dedicacao-da-basilica-de-santa-maria-maior\/#primaryimage"},"image":{"@id":"https:\/\/www.oarcanjo.net\/site\/dedicacao-da-basilica-de-santa-maria-maior\/#primaryimage"},"thumbnailUrl":"http:\/\/www.oarcanjo.net\/site\/wp-content\/uploads\/Basilica-de-Santa-Maria-Maior.jpg","datePublished":"2018-08-05T03:26:34+00:00","dateModified":"2018-06-25T11:12:47+00:00","breadcrumb":{"@id":"https:\/\/www.oarcanjo.net\/site\/dedicacao-da-basilica-de-santa-maria-maior\/#breadcrumb"},"inLanguage":"pt-BR","potentialAction":[{"@type":"ReadAction","target":["https:\/\/www.oarcanjo.net\/site\/dedicacao-da-basilica-de-santa-maria-maior\/"]}]},{"@type":"ImageObject","inLanguage":"pt-BR","@id":"https:\/\/www.oarcanjo.net\/site\/dedicacao-da-basilica-de-santa-maria-maior\/#primaryimage","url":"https:\/\/www.oarcanjo.net\/site\/wp-content\/uploads\/Basilica-de-Santa-Maria-Maior.jpg","contentUrl":"https:\/\/www.oarcanjo.net\/site\/wp-content\/uploads\/Basilica-de-Santa-Maria-Maior.jpg","width":320,"height":311,"caption":"Bas\u00edlica de Santa Maria Maior"},{"@type":"BreadcrumbList","@id":"https:\/\/www.oarcanjo.net\/site\/dedicacao-da-basilica-de-santa-maria-maior\/#breadcrumb","itemListElement":[{"@type":"ListItem","position":1,"name":"In\u00edcio","item":"https:\/\/www.oarcanjo.net\/site\/"},{"@type":"ListItem","position":2,"name":"Dedica\u00e7\u00e3o da Bas\u00edlica de Santa Maria Maior"}]},{"@type":"WebSite","@id":"https:\/\/www.oarcanjo.net\/site\/#website","url":"https:\/\/www.oarcanjo.net\/site\/","name":"O Arcanjo no ar","description":"Site da Par\u00f3quia S\u00e3o Miguel Arcanjo (Arquidiocese de SP)","publisher":{"@id":"https:\/\/www.oarcanjo.net\/site\/#organization"},"potentialAction":[{"@type":"SearchAction","target":{"@type":"EntryPoint","urlTemplate":"https:\/\/www.oarcanjo.net\/site\/?s={search_term_string}"},"query-input":{"@type":"PropertyValueSpecification","valueRequired":true,"valueName":"search_term_string"}}],"inLanguage":"pt-BR"},{"@type":"Organization","@id":"https:\/\/www.oarcanjo.net\/site\/#organization","name":"Par\u00f3quia S\u00e3o Miguel Arcanjo","url":"https:\/\/www.oarcanjo.net\/site\/","logo":{"@type":"ImageObject","inLanguage":"pt-BR","@id":"https:\/\/www.oarcanjo.net\/site\/#\/schema\/logo\/image\/","url":"https:\/\/www.oarcanjo.net\/site\/wp-content\/uploads\/LogoOArcanjo.png","contentUrl":"https:\/\/www.oarcanjo.net\/site\/wp-content\/uploads\/LogoOArcanjo.png","width":319,"height":99,"caption":"Par\u00f3quia S\u00e3o Miguel Arcanjo"},"image":{"@id":"https:\/\/www.oarcanjo.net\/site\/#\/schema\/logo\/image\/"},"sameAs":["https:\/\/www.facebook.com\/OArcanjoNoAr\/"]},{"@type":"Person","@id":"https:\/\/www.oarcanjo.net\/site\/#\/schema\/person\/5eb9480bedd2f3c97e430ce128c29c6c","name":"danilo"}]}},"publishpress_future_action":{"enabled":false,"date":"2026-05-08 08:09:53","action":"category","newStatus":"draft","terms":[],"taxonomy":"category"},"publishpress_future_workflow_manual_trigger":{"enabledWorkflows":[]},"_links":{"self":[{"href":"https:\/\/www.oarcanjo.net\/site\/wp-json\/wp\/v2\/posts\/10387"}],"collection":[{"href":"https:\/\/www.oarcanjo.net\/site\/wp-json\/wp\/v2\/posts"}],"about":[{"href":"https:\/\/www.oarcanjo.net\/site\/wp-json\/wp\/v2\/types\/post"}],"author":[{"embeddable":true,"href":"https:\/\/www.oarcanjo.net\/site\/wp-json\/wp\/v2\/users\/14"}],"replies":[{"embeddable":true,"href":"https:\/\/www.oarcanjo.net\/site\/wp-json\/wp\/v2\/comments?post=10387"}],"version-history":[{"count":1,"href":"https:\/\/www.oarcanjo.net\/site\/wp-json\/wp\/v2\/posts\/10387\/revisions"}],"predecessor-version":[{"id":88831,"href":"https:\/\/www.oarcanjo.net\/site\/wp-json\/wp\/v2\/posts\/10387\/revisions\/88831"}],"wp:attachment":[{"href":"https:\/\/www.oarcanjo.net\/site\/wp-json\/wp\/v2\/media?parent=10387"}],"wp:term":[{"taxonomy":"category","embeddable":true,"href":"https:\/\/www.oarcanjo.net\/site\/wp-json\/wp\/v2\/categories?post=10387"},{"taxonomy":"post_tag","embeddable":true,"href":"https:\/\/www.oarcanjo.net\/site\/wp-json\/wp\/v2\/tags?post=10387"}],"curies":[{"name":"wp","href":"https:\/\/api.w.org\/{rel}","templated":true}]}}