
{"id":10402,"date":"2018-08-05T00:57:51","date_gmt":"2018-08-05T03:57:51","guid":{"rendered":"http:\/\/www.oarcanjo.net\/site\/?p=10402"},"modified":"2018-06-25T08:12:02","modified_gmt":"2018-06-25T11:12:02","slug":"santo-emidio","status":"publish","type":"post","link":"https:\/\/www.oarcanjo.net\/site\/santo-emidio\/","title":{"rendered":"Santo Em\u00eddio"},"content":{"rendered":"<p><img loading=\"lazy\" decoding=\"async\" class=\"alignnone size-full wp-image-64438\" src=\"http:\/\/www.oarcanjo.net\/site\/wp-content\/uploads\/Santo-Emidio.jpg\" alt=\"Santo Em\u00eddio\" width=\"221\" height=\"399\" srcset=\"https:\/\/www.oarcanjo.net\/site\/wp-content\/uploads\/Santo-Emidio.jpg 221w, https:\/\/www.oarcanjo.net\/site\/wp-content\/uploads\/Santo-Emidio-166x300.jpg 166w\" sizes=\"(max-width: 221px) 100vw, 221px\" \/><\/p>\n<p>5 de Agosto<\/p>\n<table border=\"0\" width=\"100%\" cellspacing=\"0\" cellpadding=\"0\">\n<tbody>\n<tr>\n<td valign=\"top\" width=\"85%\">\u00c9 muito venerado na It\u00e1lia, sobretudo porque \u00e9 considerado protetor contra os terremotos. Pela mesma raz\u00e3o, seu culto se popularizou muito nos \u00faltimos anos nas cidades de Los Angeles e S\u00e3o Francisco, zonas onde tamb\u00e9m acontecem fortes e freq\u00fcentes movimentos tel\u00faricos. Segundo as &#8220;atas&#8221; Em\u00eddio era um alem\u00e3o origin\u00e1rio do Treveris. Depois de sua convers\u00e3o ao cristianismo, mudou pra Roma na \u00e9poca do Papa Marcelo I.<\/td>\n<\/tr>\n<tr>\n<td valign=\"top\"><\/td>\n<td><\/td>\n<td><\/td>\n<\/tr>\n<tr>\n<td colspan=\"3\" valign=\"top\">Cheio de zelo pela f\u00e9, Emidio entrou em um templo pag\u00e3o e derrubou uma est\u00e1tua do Escul\u00e1pio. Isso enfureceu tanto os pag\u00e3os, que o Papa Marcelo I para proteg\u00ea-lo o ordenou sacerdote, consagrou bispo e o enviou a evangelizar o territ\u00f3rio de Ascoli Piceno.A\u00ed trabalhou o santo com grande \u00eaxito e obteve numerosas convers\u00f5es. Foi decapitado durante a persegui\u00e7\u00e3o de Dioclesiano, junto com os Santos Eupolo, Germano e Valentim. Dado que S\u00e3o Marcelo cingiu a tiara pontif\u00edcia no ano 308, \u00e9 imposs\u00edvel que ele tenha ordenado Santo Em\u00eddio, mas a tradi\u00e7\u00e3o popular n\u00e3o respeita a cronologia. A festa de Santo Em\u00eddio \u00e9 celebrada na It\u00e1lia n\u00e3o s\u00f3 em 9 de agosto, mas tamb\u00e9m em outras datas, segundo as diversas tradi\u00e7\u00f5es locais.<\/td>\n<\/tr>\n<\/tbody>\n<\/table>\n<p><img loading=\"lazy\" decoding=\"async\" src=\"http:\/\/www.maranaedintorni.it\/modules\/smartsection\/images\/statue\/semidio.jpg\" alt=\"\" width=\"409\" height=\"546\" \/><\/p>\n<p>CURIOSIDADE&#8230;<\/p>\n<p><img loading=\"lazy\" decoding=\"async\" src=\"http:\/\/2.bp.blogspot.com\/_mKBZylPoUgI\/S_1vmFvyspI\/AAAAAAAAF3s\/FQbcmV4LzCQ\/s1600\/1.jpg\" alt=\"\" width=\"640\" height=\"480\" \/><\/p>\n<p>Par\u00f3quia de \u00a0Santo Emidio, na Vila Prudente &#8211; S\u00e3o Paulo.<\/p>\n<p>Ela \u00e9 a <strong>\u00fanica<\/strong> igreja com este nome no Brasil.<\/p>\n<div id=\"themify_builder_content-10402\" data-postid=\"10402\" class=\"themify_builder_content themify_builder_content-10402 themify_builder themify_builder_front\">\n\t<\/div>\n<!-- \/themify_builder_content -->","protected":false},"excerpt":{"rendered":"<p>5 de Agosto \u00c9 muito venerado na It\u00e1lia, sobretudo porque \u00e9 considerado protetor contra os terremotos. Pela mesma raz\u00e3o, seu culto se popularizou muito nos \u00faltimos anos nas cidades de Los Angeles e S\u00e3o Francisco, zonas onde tamb\u00e9m acontecem fortes e freq\u00fcentes movimentos tel\u00faricos. Segundo as &#8220;atas&#8221; Em\u00eddio era um alem\u00e3o origin\u00e1rio do Treveris. Depois [&hellip;]<\/p>\n","protected":false},"author":14,"featured_media":0,"comment_status":"open","ping_status":"open","sticky":false,"template":"","format":"standard","meta":{"ngg_post_thumbnail":0,"footnotes":""},"categories":[186],"tags":[],"yoast_head":"<!-- This site is optimized with the Yoast SEO plugin v23.5 - https:\/\/yoast.com\/wordpress\/plugins\/seo\/ -->\n<title>Santo Em\u00eddio - O Arcanjo no ar<\/title>\n<meta name=\"robots\" content=\"index, follow, max-snippet:-1, max-image-preview:large, max-video-preview:-1\" \/>\n<link rel=\"canonical\" href=\"https:\/\/www.oarcanjo.net\/site\/santo-emidio\/\" \/>\n<meta property=\"og:locale\" content=\"pt_BR\" \/>\n<meta property=\"og:type\" content=\"article\" \/>\n<meta property=\"og:title\" content=\"Santo Em\u00eddio - O Arcanjo no ar\" \/>\n<meta property=\"og:description\" content=\"5 de Agosto \u00c9 muito venerado na It\u00e1lia, sobretudo porque \u00e9 considerado protetor contra os terremotos. Pela mesma raz\u00e3o, seu culto se popularizou muito nos \u00faltimos anos nas cidades de Los Angeles e S\u00e3o Francisco, zonas onde tamb\u00e9m acontecem fortes e freq\u00fcentes movimentos tel\u00faricos. Segundo as &#8220;atas&#8221; Em\u00eddio era um alem\u00e3o origin\u00e1rio do Treveris. Depois [&hellip;]\" \/>\n<meta property=\"og:url\" content=\"https:\/\/www.oarcanjo.net\/site\/santo-emidio\/\" \/>\n<meta property=\"og:site_name\" content=\"O Arcanjo no ar\" \/>\n<meta property=\"article:publisher\" content=\"https:\/\/www.facebook.com\/OArcanjoNoAr\/\" \/>\n<meta property=\"article:published_time\" content=\"2018-08-05T03:57:51+00:00\" \/>\n<meta property=\"article:modified_time\" content=\"2018-06-25T11:12:02+00:00\" \/>\n<meta property=\"og:image\" content=\"http:\/\/www.oarcanjo.net\/site\/wp-content\/uploads\/Santo-Emidio.jpg\" \/>\n<meta name=\"author\" content=\"danilo\" \/>\n<meta name=\"twitter:card\" content=\"summary_large_image\" \/>\n<meta name=\"twitter:label1\" content=\"Escrito por\" \/>\n\t<meta name=\"twitter:data1\" content=\"danilo\" \/>\n\t<meta name=\"twitter:label2\" content=\"Est. tempo de leitura\" \/>\n\t<meta name=\"twitter:data2\" content=\"1 minuto\" \/>\n<script type=\"application\/ld+json\" class=\"yoast-schema-graph\">{\"@context\":\"https:\/\/schema.org\",\"@graph\":[{\"@type\":\"Article\",\"@id\":\"https:\/\/www.oarcanjo.net\/site\/santo-emidio\/#article\",\"isPartOf\":{\"@id\":\"https:\/\/www.oarcanjo.net\/site\/santo-emidio\/\"},\"author\":{\"name\":\"danilo\",\"@id\":\"https:\/\/www.oarcanjo.net\/site\/#\/schema\/person\/5eb9480bedd2f3c97e430ce128c29c6c\"},\"headline\":\"Santo Em\u00eddio\",\"datePublished\":\"2018-08-05T03:57:51+00:00\",\"dateModified\":\"2018-06-25T11:12:02+00:00\",\"mainEntityOfPage\":{\"@id\":\"https:\/\/www.oarcanjo.net\/site\/santo-emidio\/\"},\"wordCount\":238,\"commentCount\":6,\"publisher\":{\"@id\":\"https:\/\/www.oarcanjo.net\/site\/#organization\"},\"image\":{\"@id\":\"https:\/\/www.oarcanjo.net\/site\/santo-emidio\/#primaryimage\"},\"thumbnailUrl\":\"http:\/\/www.oarcanjo.net\/site\/wp-content\/uploads\/Santo-Emidio.jpg\",\"articleSection\":[\"Testemunhos\"],\"inLanguage\":\"pt-BR\",\"potentialAction\":[{\"@type\":\"CommentAction\",\"name\":\"Comment\",\"target\":[\"https:\/\/www.oarcanjo.net\/site\/santo-emidio\/#respond\"]}]},{\"@type\":\"WebPage\",\"@id\":\"https:\/\/www.oarcanjo.net\/site\/santo-emidio\/\",\"url\":\"https:\/\/www.oarcanjo.net\/site\/santo-emidio\/\",\"name\":\"Santo Em\u00eddio - O Arcanjo no ar\",\"isPartOf\":{\"@id\":\"https:\/\/www.oarcanjo.net\/site\/#website\"},\"primaryImageOfPage\":{\"@id\":\"https:\/\/www.oarcanjo.net\/site\/santo-emidio\/#primaryimage\"},\"image\":{\"@id\":\"https:\/\/www.oarcanjo.net\/site\/santo-emidio\/#primaryimage\"},\"thumbnailUrl\":\"http:\/\/www.oarcanjo.net\/site\/wp-content\/uploads\/Santo-Emidio.jpg\",\"datePublished\":\"2018-08-05T03:57:51+00:00\",\"dateModified\":\"2018-06-25T11:12:02+00:00\",\"breadcrumb\":{\"@id\":\"https:\/\/www.oarcanjo.net\/site\/santo-emidio\/#breadcrumb\"},\"inLanguage\":\"pt-BR\",\"potentialAction\":[{\"@type\":\"ReadAction\",\"target\":[\"https:\/\/www.oarcanjo.net\/site\/santo-emidio\/\"]}]},{\"@type\":\"ImageObject\",\"inLanguage\":\"pt-BR\",\"@id\":\"https:\/\/www.oarcanjo.net\/site\/santo-emidio\/#primaryimage\",\"url\":\"https:\/\/www.oarcanjo.net\/site\/wp-content\/uploads\/Santo-Emidio.jpg\",\"contentUrl\":\"https:\/\/www.oarcanjo.net\/site\/wp-content\/uploads\/Santo-Emidio.jpg\",\"width\":221,\"height\":399,\"caption\":\"Santo Em\u00eddio\"},{\"@type\":\"BreadcrumbList\",\"@id\":\"https:\/\/www.oarcanjo.net\/site\/santo-emidio\/#breadcrumb\",\"itemListElement\":[{\"@type\":\"ListItem\",\"position\":1,\"name\":\"In\u00edcio\",\"item\":\"https:\/\/www.oarcanjo.net\/site\/\"},{\"@type\":\"ListItem\",\"position\":2,\"name\":\"Santo Em\u00eddio\"}]},{\"@type\":\"WebSite\",\"@id\":\"https:\/\/www.oarcanjo.net\/site\/#website\",\"url\":\"https:\/\/www.oarcanjo.net\/site\/\",\"name\":\"O Arcanjo no ar\",\"description\":\"Site da Par\u00f3quia S\u00e3o Miguel Arcanjo (Arquidiocese de SP)\",\"publisher\":{\"@id\":\"https:\/\/www.oarcanjo.net\/site\/#organization\"},\"potentialAction\":[{\"@type\":\"SearchAction\",\"target\":{\"@type\":\"EntryPoint\",\"urlTemplate\":\"https:\/\/www.oarcanjo.net\/site\/?s={search_term_string}\"},\"query-input\":{\"@type\":\"PropertyValueSpecification\",\"valueRequired\":true,\"valueName\":\"search_term_string\"}}],\"inLanguage\":\"pt-BR\"},{\"@type\":\"Organization\",\"@id\":\"https:\/\/www.oarcanjo.net\/site\/#organization\",\"name\":\"Par\u00f3quia S\u00e3o Miguel Arcanjo\",\"url\":\"https:\/\/www.oarcanjo.net\/site\/\",\"logo\":{\"@type\":\"ImageObject\",\"inLanguage\":\"pt-BR\",\"@id\":\"https:\/\/www.oarcanjo.net\/site\/#\/schema\/logo\/image\/\",\"url\":\"https:\/\/www.oarcanjo.net\/site\/wp-content\/uploads\/LogoOArcanjo.png\",\"contentUrl\":\"https:\/\/www.oarcanjo.net\/site\/wp-content\/uploads\/LogoOArcanjo.png\",\"width\":319,\"height\":99,\"caption\":\"Par\u00f3quia S\u00e3o Miguel Arcanjo\"},\"image\":{\"@id\":\"https:\/\/www.oarcanjo.net\/site\/#\/schema\/logo\/image\/\"},\"sameAs\":[\"https:\/\/www.facebook.com\/OArcanjoNoAr\/\"]},{\"@type\":\"Person\",\"@id\":\"https:\/\/www.oarcanjo.net\/site\/#\/schema\/person\/5eb9480bedd2f3c97e430ce128c29c6c\",\"name\":\"danilo\"}]}<\/script>\n<!-- \/ Yoast SEO plugin. -->","yoast_head_json":{"title":"Santo Em\u00eddio - O Arcanjo no ar","robots":{"index":"index","follow":"follow","max-snippet":"max-snippet:-1","max-image-preview":"max-image-preview:large","max-video-preview":"max-video-preview:-1"},"canonical":"https:\/\/www.oarcanjo.net\/site\/santo-emidio\/","og_locale":"pt_BR","og_type":"article","og_title":"Santo Em\u00eddio - O Arcanjo no ar","og_description":"5 de Agosto \u00c9 muito venerado na It\u00e1lia, sobretudo porque \u00e9 considerado protetor contra os terremotos. Pela mesma raz\u00e3o, seu culto se popularizou muito nos \u00faltimos anos nas cidades de Los Angeles e S\u00e3o Francisco, zonas onde tamb\u00e9m acontecem fortes e freq\u00fcentes movimentos tel\u00faricos. Segundo as &#8220;atas&#8221; Em\u00eddio era um alem\u00e3o origin\u00e1rio do Treveris. Depois [&hellip;]","og_url":"https:\/\/www.oarcanjo.net\/site\/santo-emidio\/","og_site_name":"O Arcanjo no ar","article_publisher":"https:\/\/www.facebook.com\/OArcanjoNoAr\/","article_published_time":"2018-08-05T03:57:51+00:00","article_modified_time":"2018-06-25T11:12:02+00:00","og_image":[{"url":"http:\/\/www.oarcanjo.net\/site\/wp-content\/uploads\/Santo-Emidio.jpg"}],"author":"danilo","twitter_card":"summary_large_image","twitter_misc":{"Escrito por":"danilo","Est. tempo de leitura":"1 minuto"},"schema":{"@context":"https:\/\/schema.org","@graph":[{"@type":"Article","@id":"https:\/\/www.oarcanjo.net\/site\/santo-emidio\/#article","isPartOf":{"@id":"https:\/\/www.oarcanjo.net\/site\/santo-emidio\/"},"author":{"name":"danilo","@id":"https:\/\/www.oarcanjo.net\/site\/#\/schema\/person\/5eb9480bedd2f3c97e430ce128c29c6c"},"headline":"Santo Em\u00eddio","datePublished":"2018-08-05T03:57:51+00:00","dateModified":"2018-06-25T11:12:02+00:00","mainEntityOfPage":{"@id":"https:\/\/www.oarcanjo.net\/site\/santo-emidio\/"},"wordCount":238,"commentCount":6,"publisher":{"@id":"https:\/\/www.oarcanjo.net\/site\/#organization"},"image":{"@id":"https:\/\/www.oarcanjo.net\/site\/santo-emidio\/#primaryimage"},"thumbnailUrl":"http:\/\/www.oarcanjo.net\/site\/wp-content\/uploads\/Santo-Emidio.jpg","articleSection":["Testemunhos"],"inLanguage":"pt-BR","potentialAction":[{"@type":"CommentAction","name":"Comment","target":["https:\/\/www.oarcanjo.net\/site\/santo-emidio\/#respond"]}]},{"@type":"WebPage","@id":"https:\/\/www.oarcanjo.net\/site\/santo-emidio\/","url":"https:\/\/www.oarcanjo.net\/site\/santo-emidio\/","name":"Santo Em\u00eddio - O Arcanjo no ar","isPartOf":{"@id":"https:\/\/www.oarcanjo.net\/site\/#website"},"primaryImageOfPage":{"@id":"https:\/\/www.oarcanjo.net\/site\/santo-emidio\/#primaryimage"},"image":{"@id":"https:\/\/www.oarcanjo.net\/site\/santo-emidio\/#primaryimage"},"thumbnailUrl":"http:\/\/www.oarcanjo.net\/site\/wp-content\/uploads\/Santo-Emidio.jpg","datePublished":"2018-08-05T03:57:51+00:00","dateModified":"2018-06-25T11:12:02+00:00","breadcrumb":{"@id":"https:\/\/www.oarcanjo.net\/site\/santo-emidio\/#breadcrumb"},"inLanguage":"pt-BR","potentialAction":[{"@type":"ReadAction","target":["https:\/\/www.oarcanjo.net\/site\/santo-emidio\/"]}]},{"@type":"ImageObject","inLanguage":"pt-BR","@id":"https:\/\/www.oarcanjo.net\/site\/santo-emidio\/#primaryimage","url":"https:\/\/www.oarcanjo.net\/site\/wp-content\/uploads\/Santo-Emidio.jpg","contentUrl":"https:\/\/www.oarcanjo.net\/site\/wp-content\/uploads\/Santo-Emidio.jpg","width":221,"height":399,"caption":"Santo Em\u00eddio"},{"@type":"BreadcrumbList","@id":"https:\/\/www.oarcanjo.net\/site\/santo-emidio\/#breadcrumb","itemListElement":[{"@type":"ListItem","position":1,"name":"In\u00edcio","item":"https:\/\/www.oarcanjo.net\/site\/"},{"@type":"ListItem","position":2,"name":"Santo Em\u00eddio"}]},{"@type":"WebSite","@id":"https:\/\/www.oarcanjo.net\/site\/#website","url":"https:\/\/www.oarcanjo.net\/site\/","name":"O Arcanjo no ar","description":"Site da Par\u00f3quia S\u00e3o Miguel Arcanjo (Arquidiocese de SP)","publisher":{"@id":"https:\/\/www.oarcanjo.net\/site\/#organization"},"potentialAction":[{"@type":"SearchAction","target":{"@type":"EntryPoint","urlTemplate":"https:\/\/www.oarcanjo.net\/site\/?s={search_term_string}"},"query-input":{"@type":"PropertyValueSpecification","valueRequired":true,"valueName":"search_term_string"}}],"inLanguage":"pt-BR"},{"@type":"Organization","@id":"https:\/\/www.oarcanjo.net\/site\/#organization","name":"Par\u00f3quia S\u00e3o Miguel Arcanjo","url":"https:\/\/www.oarcanjo.net\/site\/","logo":{"@type":"ImageObject","inLanguage":"pt-BR","@id":"https:\/\/www.oarcanjo.net\/site\/#\/schema\/logo\/image\/","url":"https:\/\/www.oarcanjo.net\/site\/wp-content\/uploads\/LogoOArcanjo.png","contentUrl":"https:\/\/www.oarcanjo.net\/site\/wp-content\/uploads\/LogoOArcanjo.png","width":319,"height":99,"caption":"Par\u00f3quia S\u00e3o Miguel Arcanjo"},"image":{"@id":"https:\/\/www.oarcanjo.net\/site\/#\/schema\/logo\/image\/"},"sameAs":["https:\/\/www.facebook.com\/OArcanjoNoAr\/"]},{"@type":"Person","@id":"https:\/\/www.oarcanjo.net\/site\/#\/schema\/person\/5eb9480bedd2f3c97e430ce128c29c6c","name":"danilo"}]}},"publishpress_future_action":{"enabled":false,"date":"2026-05-08 08:09:52","action":"category","newStatus":"draft","terms":[],"taxonomy":"category"},"publishpress_future_workflow_manual_trigger":{"enabledWorkflows":[]},"_links":{"self":[{"href":"https:\/\/www.oarcanjo.net\/site\/wp-json\/wp\/v2\/posts\/10402"}],"collection":[{"href":"https:\/\/www.oarcanjo.net\/site\/wp-json\/wp\/v2\/posts"}],"about":[{"href":"https:\/\/www.oarcanjo.net\/site\/wp-json\/wp\/v2\/types\/post"}],"author":[{"embeddable":true,"href":"https:\/\/www.oarcanjo.net\/site\/wp-json\/wp\/v2\/users\/14"}],"replies":[{"embeddable":true,"href":"https:\/\/www.oarcanjo.net\/site\/wp-json\/wp\/v2\/comments?post=10402"}],"version-history":[{"count":1,"href":"https:\/\/www.oarcanjo.net\/site\/wp-json\/wp\/v2\/posts\/10402\/revisions"}],"predecessor-version":[{"id":88824,"href":"https:\/\/www.oarcanjo.net\/site\/wp-json\/wp\/v2\/posts\/10402\/revisions\/88824"}],"wp:attachment":[{"href":"https:\/\/www.oarcanjo.net\/site\/wp-json\/wp\/v2\/media?parent=10402"}],"wp:term":[{"taxonomy":"category","embeddable":true,"href":"https:\/\/www.oarcanjo.net\/site\/wp-json\/wp\/v2\/categories?post=10402"},{"taxonomy":"post_tag","embeddable":true,"href":"https:\/\/www.oarcanjo.net\/site\/wp-json\/wp\/v2\/tags?post=10402"}],"curies":[{"name":"wp","href":"https:\/\/api.w.org\/{rel}","templated":true}]}}