
{"id":10404,"date":"2010-08-04T08:14:50","date_gmt":"2010-08-04T11:14:50","guid":{"rendered":"http:\/\/www.oarcanjo.net\/site\/?p=10404"},"modified":"2011-07-20T17:53:09","modified_gmt":"2011-07-20T20:53:09","slug":"hoje-e-o-dia-do-padre-parabens-padre-julio","status":"publish","type":"post","link":"https:\/\/www.oarcanjo.net\/site\/hoje-e-o-dia-do-padre-parabens-padre-julio\/","title":{"rendered":"04 de Agosto: Dia do Padre&#8230;Parab\u00e9ns padre Julio!!!!!"},"content":{"rendered":"<p><img loading=\"lazy\" decoding=\"async\" src=\"http:\/\/img.estadao.com.br\/fotos\/73\/84\/0E\/73840E3DCD2E4D62AEDB3E64B46FEF14.jpg\" alt=\"\" width=\"679\" height=\"452\" \/><\/p>\n<p><img loading=\"lazy\" decoding=\"async\" src=\"http:\/\/www.oarcanjo.net\/site\/wp-content\/uploads\/pe-julio-lancellotti.jpg\" alt=\"\" width=\"266\" height=\"300\" \/><\/p>\n<p>Padre, pessoa de Deus<br \/>\nPorta voz de Jesus Cristo<\/p>\n<p>Ser Padre \u00e9 uma aventura<br \/>\nViver entre espinhos e rosas<br \/>\nSem nunca reclamar<br \/>\nPronto a nos ajudar<\/p>\n<p>Padre \u00e9 aquele que perdoa<br \/>\nQue partilha os Sacramentos<br \/>\nQue anuncia a Boa-Nova<br \/>\nQue da massa \u00e9 o fermento<\/p>\n<p>Ser Padre \u00e9 estar a servi\u00e7o dos outros<br \/>\nSem se preocupar com o tempo<br \/>\nSer Padre \u00e9 partilhar O p\u00e3o que \u00e9 Jesus<br \/>\nAlimenta com a palavra<br \/>\nMostrando esta luz<\/p>\n<p>Ser Padre: \u00c9 ser alegre e otimista<br \/>\n\u00c9 ser sal e luz<br \/>\n\u00c9 ajudar o irm\u00e3o<br \/>\n\u00c9 sentir o peso da cruz<br \/>\n\u00c9 ser filho de Deus<br \/>\n\u00c9 ser irm\u00e3o de Jesus!<\/p>\n<p>Ser padre \u00e9 ser \u201cpai\u201d de uma comunidade inteira. Como tal, ele \u00e9 o homem da Palavra de Deus, da Eucaristia, do perd\u00e3o e da b\u00ean\u00e7\u00e3o, exemplo de humildade, penit\u00eancia e toler\u00e2ncia, o pregador e conversor da f\u00e9 crist\u00e3. Enfim, \u00e9 um comunicador e entusiasta da Igreja, que luta por uma viv\u00eancia crist\u00e3 mais perfeita.<\/p>\n<p>Parab\u00e9ns a todos os padres!!!<br \/>\nParab\u00e9ns Padre Julio!!!!<\/p>\n<p><img loading=\"lazy\" decoding=\"async\" src=\"http:\/\/f.i.uol.com.br\/folha\/homepage\/images\/07305149.jpg\" alt=\"\" width=\"220\" height=\"220\" \/><img loading=\"lazy\" decoding=\"async\" src=\"http:\/\/2.bp.blogspot.com\/_9gsA5K9sS94\/Rx3qLssQDQI\/AAAAAAAAAdQ\/WrHDHTdRMFw\/s400\/Lancelotti.jpg\" alt=\"\" width=\"201\" height=\"150\" \/><img loading=\"lazy\" decoding=\"async\" src=\"http:\/\/www.estadao.com.br\/fotos\/centro2p.jpg\" alt=\"\" width=\"600\" height=\"400\" \/><\/p>\n<p>Hoje eu quero rezar, Senhor,<br \/>\npor alguns homens especiais,<br \/>\nque nada t\u00eam a mais, <a href=\"http:\/\/bp0.blogger.com\/__Hx220GkWrU\/SJa01I8cmeI\/AAAAAAAAALc\/wZa-BN0_hC8\/s1600-h\/padres+-+simbolos.jpg\"><\/a><br \/>\nque todos os Teus outros filhos&#8230;<\/p>\n<p>Quero rezar por homens corajosos,<br \/>\nque largaram tudo, que arriscaram muito,<br \/>\nao ouvir o Teu chamado&#8230;<br \/>\nQue abandonaram a seguran\u00e7a de suas casas<br \/>\ne puseram-se a caminho, ainda que cheios de medo.<br \/>\nQue se fizeram surdos aos apelos do mundo<br \/>\ne vestiram-se com a coura\u00e7a da ren\u00fancia,<br \/>\npara a entrega que seus cora\u00e7\u00f5es pedia.<br \/>\nQue vislumbraram uma t\u00eanue luz, ao longe,<br \/>\nna estrada por onde se embrenharam<br \/>\ne acreditaram que, caminhando para ela,<br \/>\nhaveriam de sab\u00ea-la fortemente acesa,<br \/>\ncapaz de envolv\u00ea-los completamente<br \/>\nda claridade que nasce da certeza,<\/p>\n<p>Hoje eu quero pedir, Senhor,<br \/>\npor esses homens comuns, no corpo e na alma,<br \/>\nt\u00e3o semelhantes a milhares de outros homens,<br \/>\nmas que possuem uma marca, um sinal,<br \/>\numa destina\u00e7\u00e3o honrosa e necess\u00e1ria!<\/p>\n<p>Quero pedir por esses homens despojados,<br \/>\nque se fizeram pobres, em busca da riqueza celeste,<br \/>\nassumindo compromissos nada compreens\u00edveis,<br \/>\npelo tanto que precisaram abrir m\u00e3o,<br \/>\npelas aparentes perdas a que foram levados&#8230;<\/p>\n<p>Quero pedir por esses vitoriosos homens,<br \/>\ncapazes de despojarem-se de suas covardias<br \/>\ne se entregarem absolutamente certos<br \/>\nde que o Teu rega\u00e7o de Pai os transformaria<br \/>\nem Pastores de almas e de sonhos.<\/p>\n<p>Quero pedir por esses homens de todo o mundo,<br \/>\nque renunciaram \u00e0s alegrias da fam\u00edlia constitu\u00edda,<br \/>\npara adotarem, no cora\u00e7\u00e3o, os filhos dos outros como seus<br \/>\ne usaram seus cajados para orient\u00e1-los,<br \/>\nem todos os caminhos e com todo o amor poss\u00edvel!<\/p>\n<p>Hoje, Senhor, eu quero rezar<br \/>\nmuito especialmente e com toda a gratid\u00e3o,<br \/>\npelos Teus <strong>PADRES<\/strong>, pelos Teus <strong>PASTORES,pelo nosso querido Padre Julio<\/strong>.<br \/>\ne pedir por esses homens que &#8211; em um dia aben\u00e7oado &#8211;<br \/>\nforam capazes de dizer SIM, para sempre!<br \/>\nAm\u00e9m.<\/p>\n<p>(contido no meu livro &#8220;<strong>No sil\u00eancio do cora\u00e7\u00e3o<\/strong>&#8221; &#8211; Ed. Catolicanet\/ SP)<\/p>\n<p><img loading=\"lazy\" decoding=\"async\" src=\"http:\/\/www.oarcanjo.net\/site\/wp-content\/uploads\/ordenacao-pejulio_09.jpg\" alt=\"\" width=\"300\" height=\"200\" \/><\/p>\n<div id=\"themify_builder_content-10404\" data-postid=\"10404\" class=\"themify_builder_content themify_builder_content-10404 themify_builder themify_builder_front\">\n\t<\/div>\n<!-- \/themify_builder_content -->","protected":false},"excerpt":{"rendered":"<p>Padre, pessoa de Deus Porta voz de Jesus Cristo Ser Padre \u00e9 uma aventura Viver entre espinhos e rosas Sem nunca reclamar Pronto a nos ajudar Padre \u00e9 aquele que perdoa Que partilha os Sacramentos Que anuncia a Boa-Nova Que da massa \u00e9 o fermento Ser Padre \u00e9 estar a servi\u00e7o dos outros Sem se [&hellip;]<\/p>\n","protected":false},"author":14,"featured_media":0,"comment_status":"open","ping_status":"open","sticky":false,"template":"","format":"standard","meta":{"ngg_post_thumbnail":0,"footnotes":""},"categories":[8],"tags":[],"yoast_head":"<!-- This site is optimized with the Yoast SEO plugin v23.5 - https:\/\/yoast.com\/wordpress\/plugins\/seo\/ -->\n<title>04 de Agosto: Dia do Padre...Parab\u00e9ns padre Julio!!!!! - O Arcanjo no ar<\/title>\n<meta name=\"robots\" content=\"index, follow, max-snippet:-1, max-image-preview:large, max-video-preview:-1\" \/>\n<link rel=\"canonical\" href=\"https:\/\/www.oarcanjo.net\/site\/hoje-e-o-dia-do-padre-parabens-padre-julio\/\" \/>\n<meta property=\"og:locale\" content=\"pt_BR\" \/>\n<meta property=\"og:type\" content=\"article\" \/>\n<meta property=\"og:title\" content=\"04 de Agosto: Dia do Padre...Parab\u00e9ns padre Julio!!!!! - O Arcanjo no ar\" \/>\n<meta property=\"og:description\" content=\"Padre, pessoa de Deus Porta voz de Jesus Cristo Ser Padre \u00e9 uma aventura Viver entre espinhos e rosas Sem nunca reclamar Pronto a nos ajudar Padre \u00e9 aquele que perdoa Que partilha os Sacramentos Que anuncia a Boa-Nova Que da massa \u00e9 o fermento Ser Padre \u00e9 estar a servi\u00e7o dos outros Sem se [&hellip;]\" \/>\n<meta property=\"og:url\" content=\"https:\/\/www.oarcanjo.net\/site\/hoje-e-o-dia-do-padre-parabens-padre-julio\/\" \/>\n<meta property=\"og:site_name\" content=\"O Arcanjo no ar\" \/>\n<meta property=\"article:publisher\" content=\"https:\/\/www.facebook.com\/OArcanjoNoAr\/\" \/>\n<meta property=\"article:published_time\" content=\"2010-08-04T11:14:50+00:00\" \/>\n<meta property=\"article:modified_time\" content=\"2011-07-20T20:53:09+00:00\" \/>\n<meta property=\"og:image\" content=\"http:\/\/img.estadao.com.br\/fotos\/73\/84\/0E\/73840E3DCD2E4D62AEDB3E64B46FEF14.jpg\" \/>\n<meta name=\"author\" content=\"danilo\" \/>\n<meta name=\"twitter:card\" content=\"summary_large_image\" \/>\n<meta name=\"twitter:label1\" content=\"Escrito por\" \/>\n\t<meta name=\"twitter:data1\" content=\"danilo\" \/>\n\t<meta name=\"twitter:label2\" content=\"Est. tempo de leitura\" \/>\n\t<meta name=\"twitter:data2\" content=\"2 minutos\" \/>\n<script type=\"application\/ld+json\" class=\"yoast-schema-graph\">{\"@context\":\"https:\/\/schema.org\",\"@graph\":[{\"@type\":\"Article\",\"@id\":\"https:\/\/www.oarcanjo.net\/site\/hoje-e-o-dia-do-padre-parabens-padre-julio\/#article\",\"isPartOf\":{\"@id\":\"https:\/\/www.oarcanjo.net\/site\/hoje-e-o-dia-do-padre-parabens-padre-julio\/\"},\"author\":{\"name\":\"danilo\",\"@id\":\"https:\/\/www.oarcanjo.net\/site\/#\/schema\/person\/5eb9480bedd2f3c97e430ce128c29c6c\"},\"headline\":\"04 de Agosto: Dia do Padre&#8230;Parab\u00e9ns padre Julio!!!!!\",\"datePublished\":\"2010-08-04T11:14:50+00:00\",\"dateModified\":\"2011-07-20T20:53:09+00:00\",\"mainEntityOfPage\":{\"@id\":\"https:\/\/www.oarcanjo.net\/site\/hoje-e-o-dia-do-padre-parabens-padre-julio\/\"},\"wordCount\":503,\"commentCount\":11,\"publisher\":{\"@id\":\"https:\/\/www.oarcanjo.net\/site\/#organization\"},\"image\":{\"@id\":\"https:\/\/www.oarcanjo.net\/site\/hoje-e-o-dia-do-padre-parabens-padre-julio\/#primaryimage\"},\"thumbnailUrl\":\"http:\/\/img.estadao.com.br\/fotos\/73\/84\/0E\/73840E3DCD2E4D62AEDB3E64B46FEF14.jpg\",\"articleSection\":[\"Not\u00edcias\"],\"inLanguage\":\"pt-BR\",\"potentialAction\":[{\"@type\":\"CommentAction\",\"name\":\"Comment\",\"target\":[\"https:\/\/www.oarcanjo.net\/site\/hoje-e-o-dia-do-padre-parabens-padre-julio\/#respond\"]}]},{\"@type\":\"WebPage\",\"@id\":\"https:\/\/www.oarcanjo.net\/site\/hoje-e-o-dia-do-padre-parabens-padre-julio\/\",\"url\":\"https:\/\/www.oarcanjo.net\/site\/hoje-e-o-dia-do-padre-parabens-padre-julio\/\",\"name\":\"04 de Agosto: Dia do Padre...Parab\u00e9ns padre Julio!!!!! - O Arcanjo no ar\",\"isPartOf\":{\"@id\":\"https:\/\/www.oarcanjo.net\/site\/#website\"},\"primaryImageOfPage\":{\"@id\":\"https:\/\/www.oarcanjo.net\/site\/hoje-e-o-dia-do-padre-parabens-padre-julio\/#primaryimage\"},\"image\":{\"@id\":\"https:\/\/www.oarcanjo.net\/site\/hoje-e-o-dia-do-padre-parabens-padre-julio\/#primaryimage\"},\"thumbnailUrl\":\"http:\/\/img.estadao.com.br\/fotos\/73\/84\/0E\/73840E3DCD2E4D62AEDB3E64B46FEF14.jpg\",\"datePublished\":\"2010-08-04T11:14:50+00:00\",\"dateModified\":\"2011-07-20T20:53:09+00:00\",\"breadcrumb\":{\"@id\":\"https:\/\/www.oarcanjo.net\/site\/hoje-e-o-dia-do-padre-parabens-padre-julio\/#breadcrumb\"},\"inLanguage\":\"pt-BR\",\"potentialAction\":[{\"@type\":\"ReadAction\",\"target\":[\"https:\/\/www.oarcanjo.net\/site\/hoje-e-o-dia-do-padre-parabens-padre-julio\/\"]}]},{\"@type\":\"ImageObject\",\"inLanguage\":\"pt-BR\",\"@id\":\"https:\/\/www.oarcanjo.net\/site\/hoje-e-o-dia-do-padre-parabens-padre-julio\/#primaryimage\",\"url\":\"http:\/\/img.estadao.com.br\/fotos\/73\/84\/0E\/73840E3DCD2E4D62AEDB3E64B46FEF14.jpg\",\"contentUrl\":\"http:\/\/img.estadao.com.br\/fotos\/73\/84\/0E\/73840E3DCD2E4D62AEDB3E64B46FEF14.jpg\"},{\"@type\":\"BreadcrumbList\",\"@id\":\"https:\/\/www.oarcanjo.net\/site\/hoje-e-o-dia-do-padre-parabens-padre-julio\/#breadcrumb\",\"itemListElement\":[{\"@type\":\"ListItem\",\"position\":1,\"name\":\"In\u00edcio\",\"item\":\"https:\/\/www.oarcanjo.net\/site\/\"},{\"@type\":\"ListItem\",\"position\":2,\"name\":\"04 de Agosto: Dia do Padre&#8230;Parab\u00e9ns padre Julio!!!!!\"}]},{\"@type\":\"WebSite\",\"@id\":\"https:\/\/www.oarcanjo.net\/site\/#website\",\"url\":\"https:\/\/www.oarcanjo.net\/site\/\",\"name\":\"O Arcanjo no ar\",\"description\":\"Site da Par\u00f3quia S\u00e3o Miguel Arcanjo (Arquidiocese de SP)\",\"publisher\":{\"@id\":\"https:\/\/www.oarcanjo.net\/site\/#organization\"},\"potentialAction\":[{\"@type\":\"SearchAction\",\"target\":{\"@type\":\"EntryPoint\",\"urlTemplate\":\"https:\/\/www.oarcanjo.net\/site\/?s={search_term_string}\"},\"query-input\":{\"@type\":\"PropertyValueSpecification\",\"valueRequired\":true,\"valueName\":\"search_term_string\"}}],\"inLanguage\":\"pt-BR\"},{\"@type\":\"Organization\",\"@id\":\"https:\/\/www.oarcanjo.net\/site\/#organization\",\"name\":\"Par\u00f3quia S\u00e3o Miguel Arcanjo\",\"url\":\"https:\/\/www.oarcanjo.net\/site\/\",\"logo\":{\"@type\":\"ImageObject\",\"inLanguage\":\"pt-BR\",\"@id\":\"https:\/\/www.oarcanjo.net\/site\/#\/schema\/logo\/image\/\",\"url\":\"https:\/\/www.oarcanjo.net\/site\/wp-content\/uploads\/LogoOArcanjo.png\",\"contentUrl\":\"https:\/\/www.oarcanjo.net\/site\/wp-content\/uploads\/LogoOArcanjo.png\",\"width\":319,\"height\":99,\"caption\":\"Par\u00f3quia S\u00e3o Miguel Arcanjo\"},\"image\":{\"@id\":\"https:\/\/www.oarcanjo.net\/site\/#\/schema\/logo\/image\/\"},\"sameAs\":[\"https:\/\/www.facebook.com\/OArcanjoNoAr\/\"]},{\"@type\":\"Person\",\"@id\":\"https:\/\/www.oarcanjo.net\/site\/#\/schema\/person\/5eb9480bedd2f3c97e430ce128c29c6c\",\"name\":\"danilo\"}]}<\/script>\n<!-- \/ Yoast SEO plugin. -->","yoast_head_json":{"title":"04 de Agosto: Dia do Padre...Parab\u00e9ns padre Julio!!!!! - O Arcanjo no ar","robots":{"index":"index","follow":"follow","max-snippet":"max-snippet:-1","max-image-preview":"max-image-preview:large","max-video-preview":"max-video-preview:-1"},"canonical":"https:\/\/www.oarcanjo.net\/site\/hoje-e-o-dia-do-padre-parabens-padre-julio\/","og_locale":"pt_BR","og_type":"article","og_title":"04 de Agosto: Dia do Padre...Parab\u00e9ns padre Julio!!!!! - O Arcanjo no ar","og_description":"Padre, pessoa de Deus Porta voz de Jesus Cristo Ser Padre \u00e9 uma aventura Viver entre espinhos e rosas Sem nunca reclamar Pronto a nos ajudar Padre \u00e9 aquele que perdoa Que partilha os Sacramentos Que anuncia a Boa-Nova Que da massa \u00e9 o fermento Ser Padre \u00e9 estar a servi\u00e7o dos outros Sem se [&hellip;]","og_url":"https:\/\/www.oarcanjo.net\/site\/hoje-e-o-dia-do-padre-parabens-padre-julio\/","og_site_name":"O Arcanjo no ar","article_publisher":"https:\/\/www.facebook.com\/OArcanjoNoAr\/","article_published_time":"2010-08-04T11:14:50+00:00","article_modified_time":"2011-07-20T20:53:09+00:00","og_image":[{"url":"http:\/\/img.estadao.com.br\/fotos\/73\/84\/0E\/73840E3DCD2E4D62AEDB3E64B46FEF14.jpg"}],"author":"danilo","twitter_card":"summary_large_image","twitter_misc":{"Escrito por":"danilo","Est. tempo de leitura":"2 minutos"},"schema":{"@context":"https:\/\/schema.org","@graph":[{"@type":"Article","@id":"https:\/\/www.oarcanjo.net\/site\/hoje-e-o-dia-do-padre-parabens-padre-julio\/#article","isPartOf":{"@id":"https:\/\/www.oarcanjo.net\/site\/hoje-e-o-dia-do-padre-parabens-padre-julio\/"},"author":{"name":"danilo","@id":"https:\/\/www.oarcanjo.net\/site\/#\/schema\/person\/5eb9480bedd2f3c97e430ce128c29c6c"},"headline":"04 de Agosto: Dia do Padre&#8230;Parab\u00e9ns padre Julio!!!!!","datePublished":"2010-08-04T11:14:50+00:00","dateModified":"2011-07-20T20:53:09+00:00","mainEntityOfPage":{"@id":"https:\/\/www.oarcanjo.net\/site\/hoje-e-o-dia-do-padre-parabens-padre-julio\/"},"wordCount":503,"commentCount":11,"publisher":{"@id":"https:\/\/www.oarcanjo.net\/site\/#organization"},"image":{"@id":"https:\/\/www.oarcanjo.net\/site\/hoje-e-o-dia-do-padre-parabens-padre-julio\/#primaryimage"},"thumbnailUrl":"http:\/\/img.estadao.com.br\/fotos\/73\/84\/0E\/73840E3DCD2E4D62AEDB3E64B46FEF14.jpg","articleSection":["Not\u00edcias"],"inLanguage":"pt-BR","potentialAction":[{"@type":"CommentAction","name":"Comment","target":["https:\/\/www.oarcanjo.net\/site\/hoje-e-o-dia-do-padre-parabens-padre-julio\/#respond"]}]},{"@type":"WebPage","@id":"https:\/\/www.oarcanjo.net\/site\/hoje-e-o-dia-do-padre-parabens-padre-julio\/","url":"https:\/\/www.oarcanjo.net\/site\/hoje-e-o-dia-do-padre-parabens-padre-julio\/","name":"04 de Agosto: Dia do Padre...Parab\u00e9ns padre Julio!!!!! - O Arcanjo no ar","isPartOf":{"@id":"https:\/\/www.oarcanjo.net\/site\/#website"},"primaryImageOfPage":{"@id":"https:\/\/www.oarcanjo.net\/site\/hoje-e-o-dia-do-padre-parabens-padre-julio\/#primaryimage"},"image":{"@id":"https:\/\/www.oarcanjo.net\/site\/hoje-e-o-dia-do-padre-parabens-padre-julio\/#primaryimage"},"thumbnailUrl":"http:\/\/img.estadao.com.br\/fotos\/73\/84\/0E\/73840E3DCD2E4D62AEDB3E64B46FEF14.jpg","datePublished":"2010-08-04T11:14:50+00:00","dateModified":"2011-07-20T20:53:09+00:00","breadcrumb":{"@id":"https:\/\/www.oarcanjo.net\/site\/hoje-e-o-dia-do-padre-parabens-padre-julio\/#breadcrumb"},"inLanguage":"pt-BR","potentialAction":[{"@type":"ReadAction","target":["https:\/\/www.oarcanjo.net\/site\/hoje-e-o-dia-do-padre-parabens-padre-julio\/"]}]},{"@type":"ImageObject","inLanguage":"pt-BR","@id":"https:\/\/www.oarcanjo.net\/site\/hoje-e-o-dia-do-padre-parabens-padre-julio\/#primaryimage","url":"http:\/\/img.estadao.com.br\/fotos\/73\/84\/0E\/73840E3DCD2E4D62AEDB3E64B46FEF14.jpg","contentUrl":"http:\/\/img.estadao.com.br\/fotos\/73\/84\/0E\/73840E3DCD2E4D62AEDB3E64B46FEF14.jpg"},{"@type":"BreadcrumbList","@id":"https:\/\/www.oarcanjo.net\/site\/hoje-e-o-dia-do-padre-parabens-padre-julio\/#breadcrumb","itemListElement":[{"@type":"ListItem","position":1,"name":"In\u00edcio","item":"https:\/\/www.oarcanjo.net\/site\/"},{"@type":"ListItem","position":2,"name":"04 de Agosto: Dia do Padre&#8230;Parab\u00e9ns padre Julio!!!!!"}]},{"@type":"WebSite","@id":"https:\/\/www.oarcanjo.net\/site\/#website","url":"https:\/\/www.oarcanjo.net\/site\/","name":"O Arcanjo no ar","description":"Site da Par\u00f3quia S\u00e3o Miguel Arcanjo (Arquidiocese de SP)","publisher":{"@id":"https:\/\/www.oarcanjo.net\/site\/#organization"},"potentialAction":[{"@type":"SearchAction","target":{"@type":"EntryPoint","urlTemplate":"https:\/\/www.oarcanjo.net\/site\/?s={search_term_string}"},"query-input":{"@type":"PropertyValueSpecification","valueRequired":true,"valueName":"search_term_string"}}],"inLanguage":"pt-BR"},{"@type":"Organization","@id":"https:\/\/www.oarcanjo.net\/site\/#organization","name":"Par\u00f3quia S\u00e3o Miguel Arcanjo","url":"https:\/\/www.oarcanjo.net\/site\/","logo":{"@type":"ImageObject","inLanguage":"pt-BR","@id":"https:\/\/www.oarcanjo.net\/site\/#\/schema\/logo\/image\/","url":"https:\/\/www.oarcanjo.net\/site\/wp-content\/uploads\/LogoOArcanjo.png","contentUrl":"https:\/\/www.oarcanjo.net\/site\/wp-content\/uploads\/LogoOArcanjo.png","width":319,"height":99,"caption":"Par\u00f3quia S\u00e3o Miguel Arcanjo"},"image":{"@id":"https:\/\/www.oarcanjo.net\/site\/#\/schema\/logo\/image\/"},"sameAs":["https:\/\/www.facebook.com\/OArcanjoNoAr\/"]},{"@type":"Person","@id":"https:\/\/www.oarcanjo.net\/site\/#\/schema\/person\/5eb9480bedd2f3c97e430ce128c29c6c","name":"danilo"}]}},"publishpress_future_action":{"enabled":false,"date":"2026-05-09 08:53:30","action":"category","newStatus":"draft","terms":[],"taxonomy":"category"},"publishpress_future_workflow_manual_trigger":{"enabledWorkflows":[]},"_links":{"self":[{"href":"https:\/\/www.oarcanjo.net\/site\/wp-json\/wp\/v2\/posts\/10404"}],"collection":[{"href":"https:\/\/www.oarcanjo.net\/site\/wp-json\/wp\/v2\/posts"}],"about":[{"href":"https:\/\/www.oarcanjo.net\/site\/wp-json\/wp\/v2\/types\/post"}],"author":[{"embeddable":true,"href":"https:\/\/www.oarcanjo.net\/site\/wp-json\/wp\/v2\/users\/14"}],"replies":[{"embeddable":true,"href":"https:\/\/www.oarcanjo.net\/site\/wp-json\/wp\/v2\/comments?post=10404"}],"version-history":[{"count":0,"href":"https:\/\/www.oarcanjo.net\/site\/wp-json\/wp\/v2\/posts\/10404\/revisions"}],"wp:attachment":[{"href":"https:\/\/www.oarcanjo.net\/site\/wp-json\/wp\/v2\/media?parent=10404"}],"wp:term":[{"taxonomy":"category","embeddable":true,"href":"https:\/\/www.oarcanjo.net\/site\/wp-json\/wp\/v2\/categories?post=10404"},{"taxonomy":"post_tag","embeddable":true,"href":"https:\/\/www.oarcanjo.net\/site\/wp-json\/wp\/v2\/tags?post=10404"}],"curies":[{"name":"wp","href":"https:\/\/api.w.org\/{rel}","templated":true}]}}