
{"id":10412,"date":"2018-08-07T00:58:35","date_gmt":"2018-08-07T03:58:35","guid":{"rendered":"http:\/\/www.oarcanjo.net\/site\/?p=10412"},"modified":"2018-06-25T08:12:15","modified_gmt":"2018-06-25T11:12:15","slug":"sao-caetano-de-thiene","status":"publish","type":"post","link":"https:\/\/www.oarcanjo.net\/site\/sao-caetano-de-thiene\/","title":{"rendered":"S\u00e3o Caetano de Thiene"},"content":{"rendered":"<p><img loading=\"lazy\" decoding=\"async\" class=\"alignnone size-full wp-image-64432\" src=\"http:\/\/www.oarcanjo.net\/site\/wp-content\/uploads\/Sao-Caetano-de-Thiene.jpg\" alt=\"S\u00e3o Caetano de Thiene\" width=\"312\" height=\"437\" srcset=\"https:\/\/www.oarcanjo.net\/site\/wp-content\/uploads\/Sao-Caetano-de-Thiene.jpg 312w, https:\/\/www.oarcanjo.net\/site\/wp-content\/uploads\/Sao-Caetano-de-Thiene-214x300.jpg 214w\" sizes=\"(max-width: 312px) 100vw, 312px\" \/><\/p>\n<p>7 de Agosto<\/p>\n<p>Fundou a Ordem dos Teatinos Regulares<\/p>\n<p>O santo S\u00e3o Caetano de Thiene nasceu em Vic\u00eancia, na It\u00e1lia, em outubro de 1480. Filho do conde Gaspar de Thiene e de Maria do Porto, desde muito jovem mostrava grande preocupa\u00e7\u00e3o e zelo pelos mais pobres, abrindo asilos e muitos hospitais, principalmente para os incur\u00e1veis.<\/p>\n<p>Estudou em P\u00e1dua, onde se diplomou nas mat\u00e9rias jur\u00eddicas, aos vinte e quatro anos de idade. Dedicava-se ao estado eclesi\u00e1stico, mas sem ordenar-se, por considerar-se indigno. Nesse meio tempo, fundou uma igreja dedicada a Santa Maria Madalena, que ainda hoje \u00e9 a par\u00f3quia da localidade.<\/p>\n<p>Em 1506, estava em Roma, exercendo a fun\u00e7\u00e3o de secret\u00e1rio particular do papa J\u00falio II. Na qualidade de escritor das cartas apost\u00f3licas, fez contato e conviveu com cardeais famosos, aprendendo muito com todos eles.<\/p>\n<p>Mesmo vivendo no per\u00edodo do esplendor renascentista, no qual o pr\u00f3prio Vaticano n\u00e3o primava pelo exemplo de moralidade e nem brilhava pela santidade dos costumes, Caetano cultivava a humildade para observar muito bem antes de reprovar o mal alheio. Determinado a uma a\u00e7\u00e3o reformadora, costumava dizer: &#8220;Cristo espera e ningu\u00e9m se mexe&#8221;.<\/p>\n<p>Participou do movimento laical Orat\u00f3rio do Divino Amor, que procurava estudar e praticar as Sagradas Escrituras. S\u00f3 ent\u00e3o, depois de muita reflex\u00e3o, decidiu-se pela ordena\u00e7\u00e3o sacerdotal, em 1516. Nesta ocasi\u00e3o, segundo ele, Nossa Senhora apareceu-lhe e colocou-lhe nos bra\u00e7os o Menino Jesus.<\/p>\n<p>Fundou a Ordem dos Teatinos Regulares, que tinha como objetivo a renova\u00e7\u00e3o do clero. Quando o papa Clemente VII aprovou a congrega\u00e7\u00e3o, Caetano renunciou a todos os seus bens para viver a Provid\u00eancia Divina e dedicar-se \u00fanica e exclusivamente \u00e0 vida comum. S\u00e3o os primeiros cl\u00e9rigos regulares.<\/p>\n<p>S\u00e3o Caetano foi inovado como padroeiro da cidade por decis\u00e3o do fazendeiro Jos\u00e9 Pedro de Pontes, que era devoto fervoroso do santo e ergueu a primeira capela no munic\u00edpio em 07 de agosto de 1939, com b\u00ean\u00e7\u00e3o da imagem do padroeiro pelo vig\u00e1rio da cidade de Altinho.<\/p>\n<p>Caetano morreu no dia 7 de agosto de 1547, mas foi canonizado apenas em 1671 \u2013 124 anos depois. O seu corpo \u00e9 venerado na bel\u00edssima bas\u00edlica de S\u00e3o Paulo Maior, localizada na pra\u00e7a principal da cidade, que \u00e9 carinhosamente chamada pelos fi\u00e9is e peregrinos de bas\u00edlica de S\u00e3o Caetano.<\/p>\n<div id=\"themify_builder_content-10412\" data-postid=\"10412\" class=\"themify_builder_content themify_builder_content-10412 themify_builder themify_builder_front\">\n\t<\/div>\n<!-- \/themify_builder_content -->","protected":false},"excerpt":{"rendered":"<p>7 de Agosto Fundou a Ordem dos Teatinos Regulares O santo S\u00e3o Caetano de Thiene nasceu em Vic\u00eancia, na It\u00e1lia, em outubro de 1480. Filho do conde Gaspar de Thiene e de Maria do Porto, desde muito jovem mostrava grande preocupa\u00e7\u00e3o e zelo pelos mais pobres, abrindo asilos e muitos hospitais, principalmente para os incur\u00e1veis. [&hellip;]<\/p>\n","protected":false},"author":14,"featured_media":0,"comment_status":"open","ping_status":"open","sticky":false,"template":"","format":"standard","meta":{"ngg_post_thumbnail":0,"footnotes":""},"categories":[186],"tags":[],"yoast_head":"<!-- This site is optimized with the Yoast SEO plugin v23.5 - https:\/\/yoast.com\/wordpress\/plugins\/seo\/ -->\n<title>S\u00e3o Caetano de Thiene - O Arcanjo no ar<\/title>\n<meta name=\"robots\" content=\"index, follow, max-snippet:-1, max-image-preview:large, max-video-preview:-1\" \/>\n<link rel=\"canonical\" href=\"https:\/\/www.oarcanjo.net\/site\/sao-caetano-de-thiene\/\" \/>\n<meta property=\"og:locale\" content=\"pt_BR\" \/>\n<meta property=\"og:type\" content=\"article\" \/>\n<meta property=\"og:title\" content=\"S\u00e3o Caetano de Thiene - O Arcanjo no ar\" \/>\n<meta property=\"og:description\" content=\"7 de Agosto Fundou a Ordem dos Teatinos Regulares O santo S\u00e3o Caetano de Thiene nasceu em Vic\u00eancia, na It\u00e1lia, em outubro de 1480. Filho do conde Gaspar de Thiene e de Maria do Porto, desde muito jovem mostrava grande preocupa\u00e7\u00e3o e zelo pelos mais pobres, abrindo asilos e muitos hospitais, principalmente para os incur\u00e1veis. [&hellip;]\" \/>\n<meta property=\"og:url\" content=\"https:\/\/www.oarcanjo.net\/site\/sao-caetano-de-thiene\/\" \/>\n<meta property=\"og:site_name\" content=\"O Arcanjo no ar\" \/>\n<meta property=\"article:publisher\" content=\"https:\/\/www.facebook.com\/OArcanjoNoAr\/\" \/>\n<meta property=\"article:published_time\" content=\"2018-08-07T03:58:35+00:00\" \/>\n<meta property=\"article:modified_time\" content=\"2018-06-25T11:12:15+00:00\" \/>\n<meta property=\"og:image\" content=\"http:\/\/www.oarcanjo.net\/site\/wp-content\/uploads\/Sao-Caetano-de-Thiene.jpg\" \/>\n<meta name=\"author\" content=\"danilo\" \/>\n<meta name=\"twitter:card\" content=\"summary_large_image\" \/>\n<meta name=\"twitter:label1\" content=\"Escrito por\" \/>\n\t<meta name=\"twitter:data1\" content=\"danilo\" \/>\n\t<meta name=\"twitter:label2\" content=\"Est. tempo de leitura\" \/>\n\t<meta name=\"twitter:data2\" content=\"2 minutos\" \/>\n<script type=\"application\/ld+json\" class=\"yoast-schema-graph\">{\"@context\":\"https:\/\/schema.org\",\"@graph\":[{\"@type\":\"Article\",\"@id\":\"https:\/\/www.oarcanjo.net\/site\/sao-caetano-de-thiene\/#article\",\"isPartOf\":{\"@id\":\"https:\/\/www.oarcanjo.net\/site\/sao-caetano-de-thiene\/\"},\"author\":{\"name\":\"danilo\",\"@id\":\"https:\/\/www.oarcanjo.net\/site\/#\/schema\/person\/5eb9480bedd2f3c97e430ce128c29c6c\"},\"headline\":\"S\u00e3o Caetano de Thiene\",\"datePublished\":\"2018-08-07T03:58:35+00:00\",\"dateModified\":\"2018-06-25T11:12:15+00:00\",\"mainEntityOfPage\":{\"@id\":\"https:\/\/www.oarcanjo.net\/site\/sao-caetano-de-thiene\/\"},\"wordCount\":405,\"commentCount\":1,\"publisher\":{\"@id\":\"https:\/\/www.oarcanjo.net\/site\/#organization\"},\"image\":{\"@id\":\"https:\/\/www.oarcanjo.net\/site\/sao-caetano-de-thiene\/#primaryimage\"},\"thumbnailUrl\":\"http:\/\/www.oarcanjo.net\/site\/wp-content\/uploads\/Sao-Caetano-de-Thiene.jpg\",\"articleSection\":[\"Testemunhos\"],\"inLanguage\":\"pt-BR\",\"potentialAction\":[{\"@type\":\"CommentAction\",\"name\":\"Comment\",\"target\":[\"https:\/\/www.oarcanjo.net\/site\/sao-caetano-de-thiene\/#respond\"]}]},{\"@type\":\"WebPage\",\"@id\":\"https:\/\/www.oarcanjo.net\/site\/sao-caetano-de-thiene\/\",\"url\":\"https:\/\/www.oarcanjo.net\/site\/sao-caetano-de-thiene\/\",\"name\":\"S\u00e3o Caetano de Thiene - O Arcanjo no ar\",\"isPartOf\":{\"@id\":\"https:\/\/www.oarcanjo.net\/site\/#website\"},\"primaryImageOfPage\":{\"@id\":\"https:\/\/www.oarcanjo.net\/site\/sao-caetano-de-thiene\/#primaryimage\"},\"image\":{\"@id\":\"https:\/\/www.oarcanjo.net\/site\/sao-caetano-de-thiene\/#primaryimage\"},\"thumbnailUrl\":\"http:\/\/www.oarcanjo.net\/site\/wp-content\/uploads\/Sao-Caetano-de-Thiene.jpg\",\"datePublished\":\"2018-08-07T03:58:35+00:00\",\"dateModified\":\"2018-06-25T11:12:15+00:00\",\"breadcrumb\":{\"@id\":\"https:\/\/www.oarcanjo.net\/site\/sao-caetano-de-thiene\/#breadcrumb\"},\"inLanguage\":\"pt-BR\",\"potentialAction\":[{\"@type\":\"ReadAction\",\"target\":[\"https:\/\/www.oarcanjo.net\/site\/sao-caetano-de-thiene\/\"]}]},{\"@type\":\"ImageObject\",\"inLanguage\":\"pt-BR\",\"@id\":\"https:\/\/www.oarcanjo.net\/site\/sao-caetano-de-thiene\/#primaryimage\",\"url\":\"https:\/\/www.oarcanjo.net\/site\/wp-content\/uploads\/Sao-Caetano-de-Thiene.jpg\",\"contentUrl\":\"https:\/\/www.oarcanjo.net\/site\/wp-content\/uploads\/Sao-Caetano-de-Thiene.jpg\",\"width\":312,\"height\":437,\"caption\":\"S\u00e3o Caetano de Thiene\"},{\"@type\":\"BreadcrumbList\",\"@id\":\"https:\/\/www.oarcanjo.net\/site\/sao-caetano-de-thiene\/#breadcrumb\",\"itemListElement\":[{\"@type\":\"ListItem\",\"position\":1,\"name\":\"In\u00edcio\",\"item\":\"https:\/\/www.oarcanjo.net\/site\/\"},{\"@type\":\"ListItem\",\"position\":2,\"name\":\"S\u00e3o Caetano de Thiene\"}]},{\"@type\":\"WebSite\",\"@id\":\"https:\/\/www.oarcanjo.net\/site\/#website\",\"url\":\"https:\/\/www.oarcanjo.net\/site\/\",\"name\":\"O Arcanjo no ar\",\"description\":\"Site da Par\u00f3quia S\u00e3o Miguel Arcanjo (Arquidiocese de SP)\",\"publisher\":{\"@id\":\"https:\/\/www.oarcanjo.net\/site\/#organization\"},\"potentialAction\":[{\"@type\":\"SearchAction\",\"target\":{\"@type\":\"EntryPoint\",\"urlTemplate\":\"https:\/\/www.oarcanjo.net\/site\/?s={search_term_string}\"},\"query-input\":{\"@type\":\"PropertyValueSpecification\",\"valueRequired\":true,\"valueName\":\"search_term_string\"}}],\"inLanguage\":\"pt-BR\"},{\"@type\":\"Organization\",\"@id\":\"https:\/\/www.oarcanjo.net\/site\/#organization\",\"name\":\"Par\u00f3quia S\u00e3o Miguel Arcanjo\",\"url\":\"https:\/\/www.oarcanjo.net\/site\/\",\"logo\":{\"@type\":\"ImageObject\",\"inLanguage\":\"pt-BR\",\"@id\":\"https:\/\/www.oarcanjo.net\/site\/#\/schema\/logo\/image\/\",\"url\":\"https:\/\/www.oarcanjo.net\/site\/wp-content\/uploads\/LogoOArcanjo.png\",\"contentUrl\":\"https:\/\/www.oarcanjo.net\/site\/wp-content\/uploads\/LogoOArcanjo.png\",\"width\":319,\"height\":99,\"caption\":\"Par\u00f3quia S\u00e3o Miguel Arcanjo\"},\"image\":{\"@id\":\"https:\/\/www.oarcanjo.net\/site\/#\/schema\/logo\/image\/\"},\"sameAs\":[\"https:\/\/www.facebook.com\/OArcanjoNoAr\/\"]},{\"@type\":\"Person\",\"@id\":\"https:\/\/www.oarcanjo.net\/site\/#\/schema\/person\/5eb9480bedd2f3c97e430ce128c29c6c\",\"name\":\"danilo\"}]}<\/script>\n<!-- \/ Yoast SEO plugin. -->","yoast_head_json":{"title":"S\u00e3o Caetano de Thiene - O Arcanjo no ar","robots":{"index":"index","follow":"follow","max-snippet":"max-snippet:-1","max-image-preview":"max-image-preview:large","max-video-preview":"max-video-preview:-1"},"canonical":"https:\/\/www.oarcanjo.net\/site\/sao-caetano-de-thiene\/","og_locale":"pt_BR","og_type":"article","og_title":"S\u00e3o Caetano de Thiene - O Arcanjo no ar","og_description":"7 de Agosto Fundou a Ordem dos Teatinos Regulares O santo S\u00e3o Caetano de Thiene nasceu em Vic\u00eancia, na It\u00e1lia, em outubro de 1480. Filho do conde Gaspar de Thiene e de Maria do Porto, desde muito jovem mostrava grande preocupa\u00e7\u00e3o e zelo pelos mais pobres, abrindo asilos e muitos hospitais, principalmente para os incur\u00e1veis. [&hellip;]","og_url":"https:\/\/www.oarcanjo.net\/site\/sao-caetano-de-thiene\/","og_site_name":"O Arcanjo no ar","article_publisher":"https:\/\/www.facebook.com\/OArcanjoNoAr\/","article_published_time":"2018-08-07T03:58:35+00:00","article_modified_time":"2018-06-25T11:12:15+00:00","og_image":[{"url":"http:\/\/www.oarcanjo.net\/site\/wp-content\/uploads\/Sao-Caetano-de-Thiene.jpg"}],"author":"danilo","twitter_card":"summary_large_image","twitter_misc":{"Escrito por":"danilo","Est. tempo de leitura":"2 minutos"},"schema":{"@context":"https:\/\/schema.org","@graph":[{"@type":"Article","@id":"https:\/\/www.oarcanjo.net\/site\/sao-caetano-de-thiene\/#article","isPartOf":{"@id":"https:\/\/www.oarcanjo.net\/site\/sao-caetano-de-thiene\/"},"author":{"name":"danilo","@id":"https:\/\/www.oarcanjo.net\/site\/#\/schema\/person\/5eb9480bedd2f3c97e430ce128c29c6c"},"headline":"S\u00e3o Caetano de Thiene","datePublished":"2018-08-07T03:58:35+00:00","dateModified":"2018-06-25T11:12:15+00:00","mainEntityOfPage":{"@id":"https:\/\/www.oarcanjo.net\/site\/sao-caetano-de-thiene\/"},"wordCount":405,"commentCount":1,"publisher":{"@id":"https:\/\/www.oarcanjo.net\/site\/#organization"},"image":{"@id":"https:\/\/www.oarcanjo.net\/site\/sao-caetano-de-thiene\/#primaryimage"},"thumbnailUrl":"http:\/\/www.oarcanjo.net\/site\/wp-content\/uploads\/Sao-Caetano-de-Thiene.jpg","articleSection":["Testemunhos"],"inLanguage":"pt-BR","potentialAction":[{"@type":"CommentAction","name":"Comment","target":["https:\/\/www.oarcanjo.net\/site\/sao-caetano-de-thiene\/#respond"]}]},{"@type":"WebPage","@id":"https:\/\/www.oarcanjo.net\/site\/sao-caetano-de-thiene\/","url":"https:\/\/www.oarcanjo.net\/site\/sao-caetano-de-thiene\/","name":"S\u00e3o Caetano de Thiene - O Arcanjo no ar","isPartOf":{"@id":"https:\/\/www.oarcanjo.net\/site\/#website"},"primaryImageOfPage":{"@id":"https:\/\/www.oarcanjo.net\/site\/sao-caetano-de-thiene\/#primaryimage"},"image":{"@id":"https:\/\/www.oarcanjo.net\/site\/sao-caetano-de-thiene\/#primaryimage"},"thumbnailUrl":"http:\/\/www.oarcanjo.net\/site\/wp-content\/uploads\/Sao-Caetano-de-Thiene.jpg","datePublished":"2018-08-07T03:58:35+00:00","dateModified":"2018-06-25T11:12:15+00:00","breadcrumb":{"@id":"https:\/\/www.oarcanjo.net\/site\/sao-caetano-de-thiene\/#breadcrumb"},"inLanguage":"pt-BR","potentialAction":[{"@type":"ReadAction","target":["https:\/\/www.oarcanjo.net\/site\/sao-caetano-de-thiene\/"]}]},{"@type":"ImageObject","inLanguage":"pt-BR","@id":"https:\/\/www.oarcanjo.net\/site\/sao-caetano-de-thiene\/#primaryimage","url":"https:\/\/www.oarcanjo.net\/site\/wp-content\/uploads\/Sao-Caetano-de-Thiene.jpg","contentUrl":"https:\/\/www.oarcanjo.net\/site\/wp-content\/uploads\/Sao-Caetano-de-Thiene.jpg","width":312,"height":437,"caption":"S\u00e3o Caetano de Thiene"},{"@type":"BreadcrumbList","@id":"https:\/\/www.oarcanjo.net\/site\/sao-caetano-de-thiene\/#breadcrumb","itemListElement":[{"@type":"ListItem","position":1,"name":"In\u00edcio","item":"https:\/\/www.oarcanjo.net\/site\/"},{"@type":"ListItem","position":2,"name":"S\u00e3o Caetano de Thiene"}]},{"@type":"WebSite","@id":"https:\/\/www.oarcanjo.net\/site\/#website","url":"https:\/\/www.oarcanjo.net\/site\/","name":"O Arcanjo no ar","description":"Site da Par\u00f3quia S\u00e3o Miguel Arcanjo (Arquidiocese de SP)","publisher":{"@id":"https:\/\/www.oarcanjo.net\/site\/#organization"},"potentialAction":[{"@type":"SearchAction","target":{"@type":"EntryPoint","urlTemplate":"https:\/\/www.oarcanjo.net\/site\/?s={search_term_string}"},"query-input":{"@type":"PropertyValueSpecification","valueRequired":true,"valueName":"search_term_string"}}],"inLanguage":"pt-BR"},{"@type":"Organization","@id":"https:\/\/www.oarcanjo.net\/site\/#organization","name":"Par\u00f3quia S\u00e3o Miguel Arcanjo","url":"https:\/\/www.oarcanjo.net\/site\/","logo":{"@type":"ImageObject","inLanguage":"pt-BR","@id":"https:\/\/www.oarcanjo.net\/site\/#\/schema\/logo\/image\/","url":"https:\/\/www.oarcanjo.net\/site\/wp-content\/uploads\/LogoOArcanjo.png","contentUrl":"https:\/\/www.oarcanjo.net\/site\/wp-content\/uploads\/LogoOArcanjo.png","width":319,"height":99,"caption":"Par\u00f3quia S\u00e3o Miguel Arcanjo"},"image":{"@id":"https:\/\/www.oarcanjo.net\/site\/#\/schema\/logo\/image\/"},"sameAs":["https:\/\/www.facebook.com\/OArcanjoNoAr\/"]},{"@type":"Person","@id":"https:\/\/www.oarcanjo.net\/site\/#\/schema\/person\/5eb9480bedd2f3c97e430ce128c29c6c","name":"danilo"}]}},"publishpress_future_action":{"enabled":false,"date":"2026-05-08 07:28:38","action":"category","newStatus":"draft","terms":[],"taxonomy":"category"},"publishpress_future_workflow_manual_trigger":{"enabledWorkflows":[]},"_links":{"self":[{"href":"https:\/\/www.oarcanjo.net\/site\/wp-json\/wp\/v2\/posts\/10412"}],"collection":[{"href":"https:\/\/www.oarcanjo.net\/site\/wp-json\/wp\/v2\/posts"}],"about":[{"href":"https:\/\/www.oarcanjo.net\/site\/wp-json\/wp\/v2\/types\/post"}],"author":[{"embeddable":true,"href":"https:\/\/www.oarcanjo.net\/site\/wp-json\/wp\/v2\/users\/14"}],"replies":[{"embeddable":true,"href":"https:\/\/www.oarcanjo.net\/site\/wp-json\/wp\/v2\/comments?post=10412"}],"version-history":[{"count":1,"href":"https:\/\/www.oarcanjo.net\/site\/wp-json\/wp\/v2\/posts\/10412\/revisions"}],"predecessor-version":[{"id":88827,"href":"https:\/\/www.oarcanjo.net\/site\/wp-json\/wp\/v2\/posts\/10412\/revisions\/88827"}],"wp:attachment":[{"href":"https:\/\/www.oarcanjo.net\/site\/wp-json\/wp\/v2\/media?parent=10412"}],"wp:term":[{"taxonomy":"category","embeddable":true,"href":"https:\/\/www.oarcanjo.net\/site\/wp-json\/wp\/v2\/categories?post=10412"},{"taxonomy":"post_tag","embeddable":true,"href":"https:\/\/www.oarcanjo.net\/site\/wp-json\/wp\/v2\/tags?post=10412"}],"curies":[{"name":"wp","href":"https:\/\/api.w.org\/{rel}","templated":true}]}}