
{"id":10414,"date":"2018-08-07T08:37:38","date_gmt":"2018-08-07T11:37:38","guid":{"rendered":"http:\/\/www.oarcanjo.net\/site\/?p=10414"},"modified":"2018-06-25T08:12:20","modified_gmt":"2018-06-25T11:12:20","slug":"santa-afra-e-suas-companheiras","status":"publish","type":"post","link":"https:\/\/www.oarcanjo.net\/site\/santa-afra-e-suas-companheiras\/","title":{"rendered":"Santa Afra e suas companheiras"},"content":{"rendered":"<p><img loading=\"lazy\" decoding=\"async\" src=\"http:\/\/3.bp.blogspot.com\/_H_QQWfUIxFY\/SnT245q5YZI\/AAAAAAAAAX4\/Jwemw9Q1d5Y\/s400\/Afra++Santa.jpg\" alt=\"\" width=\"150\" height=\"190\" \/><\/p>\n<p>7 de Agosto<\/p>\n<p>Afra era uma jovem pag\u00e3 de costumes levianos, que vivia com sua m\u00e3e, Hilda, e tr\u00eas criadas: Digna, Eun\u00f4mia e Eprepria. Orientada por sua m\u00e3e, Afra gostava de prestar culto e render homenagens a V\u00eanus, uma das muitas deusas pag\u00e3s. Por\u00e9m o que ela n\u00e3o poderia prever \u00e9 que seria tocada pela f\u00e9 crist\u00e3. Isso ocorreu quando descobriu que os dois desconhecidos que estavam hospedados em sua casa eram o bispo Narciso e seu di\u00e1cono F\u00e9lix.<\/p>\n<p>Na \u00e9poca, ano 304, o imperador romano Diocleciano impunha uma severa persegui\u00e7\u00e3o aos crist\u00e3os. Esse foi o motivo que levou Narciso e F\u00e9lix a fugir da f\u00faria sangrenta que assolava a Espanha, indo parar em Augsburgo, na Baviera, Alemanha, quando foram acolhidos na resid\u00eancia de Afra, que, como sua m\u00e3e, nunca os tinha visto. Mas, na hora da refei\u00e7\u00e3o, \u00e0 mesa, os dois come\u00e7aram uma ora\u00e7\u00e3o que chamou a aten\u00e7\u00e3o das duas e tamb\u00e9m das criadas ali presentes. Foi ent\u00e3o que descobriram que os h\u00f3spedes eram crist\u00e3os e um deles era bispo da Igreja Cat\u00f3lica.<\/p>\n<p>Afra, a princ\u00edpio, ficou confusa com os estrangeiros crist\u00e3os. Depois, mesmo sem conhecer o bispo Narciso, caiu aos seus p\u00e9s e confessou sua vida de pecados. Ele, percebendo que Afra estava realmente arrependida e que sua alma clamava pelo perd\u00e3o do Senhor, resolveu absolv\u00ea-la, desde que se convertesse e fosse batizada no cristianismo. Ela n\u00e3o s\u00f3 se converteu como ainda animou sua m\u00e3e e as outras companheiras para que fizessem o mesmo. Tamb\u00e9m decidiu ajudar Narciso e F\u00e9lix a continuarem sua fuga, despistando os soldados do imperador.<\/p>\n<p>Entretanto Afra foi tra\u00edda e denunciada \u00e0s autoridades pag\u00e3s. Presa, o perd\u00e3o e a liberdade foram-lhe oferecidos, mas s\u00f3 se voltasse a reverenciar os falsos deuses. Afra negou-se e confirmou sua f\u00e9 em Jesus Cristo. Foi levada para a ilha de Lesh, onde a despiram, amarraram num poste e depois queimaram viva.<\/p>\n<p>O mesmo aconteceu, algum tempo, depois com as suas companheiras e sua m\u00e3e. Elas, que j\u00e1 se haviam convertido, tinham ido rezar junto \u00e0 sepultura de Afra quando foram flagradas pelos soldados do imperador. Hilda, a exemplo de sua filha Afra, recusou-se a abandonar a f\u00e9 crist\u00e3, sendo acompanhada na decis\u00e3o tamb\u00e9m pelas tr\u00eas criadas.<\/p>\n<p>Todas morreram queimadas vivas, ali mesmo, junto ao t\u00famulo da m\u00e1rtir Afra.<\/p>\n<p>Esta \u00e9 uma das mais antigas tradi\u00e7\u00f5es crist\u00e3s do povo alem\u00e3o, que venera santa Afra como Padroeira da cidade de Augsburgo desde a Antig\u00fcidade, e que teve seu culto autorizado pela Igreja somente em 1064. A festa de santa Afra em Augsburgo acontece no dia 7 de agosto, embora, em algumas localidades, ocorra em outras datas.<\/p>\n<div id=\"themify_builder_content-10414\" data-postid=\"10414\" class=\"themify_builder_content themify_builder_content-10414 themify_builder themify_builder_front\">\n\t<\/div>\n<!-- \/themify_builder_content -->","protected":false},"excerpt":{"rendered":"<p>7 de Agosto Afra era uma jovem pag\u00e3 de costumes levianos, que vivia com sua m\u00e3e, Hilda, e tr\u00eas criadas: Digna, Eun\u00f4mia e Eprepria. Orientada por sua m\u00e3e, Afra gostava de prestar culto e render homenagens a V\u00eanus, uma das muitas deusas pag\u00e3s. Por\u00e9m o que ela n\u00e3o poderia prever \u00e9 que seria tocada pela [&hellip;]<\/p>\n","protected":false},"author":14,"featured_media":0,"comment_status":"open","ping_status":"open","sticky":false,"template":"","format":"standard","meta":{"ngg_post_thumbnail":0,"footnotes":""},"categories":[186],"tags":[],"yoast_head":"<!-- This site is optimized with the Yoast SEO plugin v23.5 - https:\/\/yoast.com\/wordpress\/plugins\/seo\/ -->\n<title>Santa Afra e suas companheiras - O Arcanjo no ar<\/title>\n<meta name=\"robots\" content=\"index, follow, max-snippet:-1, max-image-preview:large, max-video-preview:-1\" \/>\n<link rel=\"canonical\" href=\"https:\/\/www.oarcanjo.net\/site\/santa-afra-e-suas-companheiras\/\" \/>\n<meta property=\"og:locale\" content=\"pt_BR\" \/>\n<meta property=\"og:type\" content=\"article\" \/>\n<meta property=\"og:title\" content=\"Santa Afra e suas companheiras - O Arcanjo no ar\" \/>\n<meta property=\"og:description\" content=\"7 de Agosto Afra era uma jovem pag\u00e3 de costumes levianos, que vivia com sua m\u00e3e, Hilda, e tr\u00eas criadas: Digna, Eun\u00f4mia e Eprepria. Orientada por sua m\u00e3e, Afra gostava de prestar culto e render homenagens a V\u00eanus, uma das muitas deusas pag\u00e3s. Por\u00e9m o que ela n\u00e3o poderia prever \u00e9 que seria tocada pela [&hellip;]\" \/>\n<meta property=\"og:url\" content=\"https:\/\/www.oarcanjo.net\/site\/santa-afra-e-suas-companheiras\/\" \/>\n<meta property=\"og:site_name\" content=\"O Arcanjo no ar\" \/>\n<meta property=\"article:publisher\" content=\"https:\/\/www.facebook.com\/OArcanjoNoAr\/\" \/>\n<meta property=\"article:published_time\" content=\"2018-08-07T11:37:38+00:00\" \/>\n<meta property=\"article:modified_time\" content=\"2018-06-25T11:12:20+00:00\" \/>\n<meta property=\"og:image\" content=\"http:\/\/3.bp.blogspot.com\/_H_QQWfUIxFY\/SnT245q5YZI\/AAAAAAAAAX4\/Jwemw9Q1d5Y\/s400\/Afra++Santa.jpg\" \/>\n<meta name=\"author\" content=\"danilo\" \/>\n<meta name=\"twitter:card\" content=\"summary_large_image\" \/>\n<meta name=\"twitter:label1\" content=\"Escrito por\" \/>\n\t<meta name=\"twitter:data1\" content=\"danilo\" \/>\n\t<meta name=\"twitter:label2\" content=\"Est. tempo de leitura\" \/>\n\t<meta name=\"twitter:data2\" content=\"2 minutos\" \/>\n<script type=\"application\/ld+json\" class=\"yoast-schema-graph\">{\"@context\":\"https:\/\/schema.org\",\"@graph\":[{\"@type\":\"Article\",\"@id\":\"https:\/\/www.oarcanjo.net\/site\/santa-afra-e-suas-companheiras\/#article\",\"isPartOf\":{\"@id\":\"https:\/\/www.oarcanjo.net\/site\/santa-afra-e-suas-companheiras\/\"},\"author\":{\"name\":\"danilo\",\"@id\":\"https:\/\/www.oarcanjo.net\/site\/#\/schema\/person\/5eb9480bedd2f3c97e430ce128c29c6c\"},\"headline\":\"Santa Afra e suas companheiras\",\"datePublished\":\"2018-08-07T11:37:38+00:00\",\"dateModified\":\"2018-06-25T11:12:20+00:00\",\"mainEntityOfPage\":{\"@id\":\"https:\/\/www.oarcanjo.net\/site\/santa-afra-e-suas-companheiras\/\"},\"wordCount\":480,\"commentCount\":0,\"publisher\":{\"@id\":\"https:\/\/www.oarcanjo.net\/site\/#organization\"},\"image\":{\"@id\":\"https:\/\/www.oarcanjo.net\/site\/santa-afra-e-suas-companheiras\/#primaryimage\"},\"thumbnailUrl\":\"http:\/\/3.bp.blogspot.com\/_H_QQWfUIxFY\/SnT245q5YZI\/AAAAAAAAAX4\/Jwemw9Q1d5Y\/s400\/Afra++Santa.jpg\",\"articleSection\":[\"Testemunhos\"],\"inLanguage\":\"pt-BR\",\"potentialAction\":[{\"@type\":\"CommentAction\",\"name\":\"Comment\",\"target\":[\"https:\/\/www.oarcanjo.net\/site\/santa-afra-e-suas-companheiras\/#respond\"]}]},{\"@type\":\"WebPage\",\"@id\":\"https:\/\/www.oarcanjo.net\/site\/santa-afra-e-suas-companheiras\/\",\"url\":\"https:\/\/www.oarcanjo.net\/site\/santa-afra-e-suas-companheiras\/\",\"name\":\"Santa Afra e suas companheiras - O Arcanjo no ar\",\"isPartOf\":{\"@id\":\"https:\/\/www.oarcanjo.net\/site\/#website\"},\"primaryImageOfPage\":{\"@id\":\"https:\/\/www.oarcanjo.net\/site\/santa-afra-e-suas-companheiras\/#primaryimage\"},\"image\":{\"@id\":\"https:\/\/www.oarcanjo.net\/site\/santa-afra-e-suas-companheiras\/#primaryimage\"},\"thumbnailUrl\":\"http:\/\/3.bp.blogspot.com\/_H_QQWfUIxFY\/SnT245q5YZI\/AAAAAAAAAX4\/Jwemw9Q1d5Y\/s400\/Afra++Santa.jpg\",\"datePublished\":\"2018-08-07T11:37:38+00:00\",\"dateModified\":\"2018-06-25T11:12:20+00:00\",\"breadcrumb\":{\"@id\":\"https:\/\/www.oarcanjo.net\/site\/santa-afra-e-suas-companheiras\/#breadcrumb\"},\"inLanguage\":\"pt-BR\",\"potentialAction\":[{\"@type\":\"ReadAction\",\"target\":[\"https:\/\/www.oarcanjo.net\/site\/santa-afra-e-suas-companheiras\/\"]}]},{\"@type\":\"ImageObject\",\"inLanguage\":\"pt-BR\",\"@id\":\"https:\/\/www.oarcanjo.net\/site\/santa-afra-e-suas-companheiras\/#primaryimage\",\"url\":\"http:\/\/3.bp.blogspot.com\/_H_QQWfUIxFY\/SnT245q5YZI\/AAAAAAAAAX4\/Jwemw9Q1d5Y\/s400\/Afra++Santa.jpg\",\"contentUrl\":\"http:\/\/3.bp.blogspot.com\/_H_QQWfUIxFY\/SnT245q5YZI\/AAAAAAAAAX4\/Jwemw9Q1d5Y\/s400\/Afra++Santa.jpg\"},{\"@type\":\"BreadcrumbList\",\"@id\":\"https:\/\/www.oarcanjo.net\/site\/santa-afra-e-suas-companheiras\/#breadcrumb\",\"itemListElement\":[{\"@type\":\"ListItem\",\"position\":1,\"name\":\"In\u00edcio\",\"item\":\"https:\/\/www.oarcanjo.net\/site\/\"},{\"@type\":\"ListItem\",\"position\":2,\"name\":\"Santa Afra e suas companheiras\"}]},{\"@type\":\"WebSite\",\"@id\":\"https:\/\/www.oarcanjo.net\/site\/#website\",\"url\":\"https:\/\/www.oarcanjo.net\/site\/\",\"name\":\"O Arcanjo no ar\",\"description\":\"Site da Par\u00f3quia S\u00e3o Miguel Arcanjo (Arquidiocese de SP)\",\"publisher\":{\"@id\":\"https:\/\/www.oarcanjo.net\/site\/#organization\"},\"potentialAction\":[{\"@type\":\"SearchAction\",\"target\":{\"@type\":\"EntryPoint\",\"urlTemplate\":\"https:\/\/www.oarcanjo.net\/site\/?s={search_term_string}\"},\"query-input\":{\"@type\":\"PropertyValueSpecification\",\"valueRequired\":true,\"valueName\":\"search_term_string\"}}],\"inLanguage\":\"pt-BR\"},{\"@type\":\"Organization\",\"@id\":\"https:\/\/www.oarcanjo.net\/site\/#organization\",\"name\":\"Par\u00f3quia S\u00e3o Miguel Arcanjo\",\"url\":\"https:\/\/www.oarcanjo.net\/site\/\",\"logo\":{\"@type\":\"ImageObject\",\"inLanguage\":\"pt-BR\",\"@id\":\"https:\/\/www.oarcanjo.net\/site\/#\/schema\/logo\/image\/\",\"url\":\"https:\/\/www.oarcanjo.net\/site\/wp-content\/uploads\/LogoOArcanjo.png\",\"contentUrl\":\"https:\/\/www.oarcanjo.net\/site\/wp-content\/uploads\/LogoOArcanjo.png\",\"width\":319,\"height\":99,\"caption\":\"Par\u00f3quia S\u00e3o Miguel Arcanjo\"},\"image\":{\"@id\":\"https:\/\/www.oarcanjo.net\/site\/#\/schema\/logo\/image\/\"},\"sameAs\":[\"https:\/\/www.facebook.com\/OArcanjoNoAr\/\"]},{\"@type\":\"Person\",\"@id\":\"https:\/\/www.oarcanjo.net\/site\/#\/schema\/person\/5eb9480bedd2f3c97e430ce128c29c6c\",\"name\":\"danilo\"}]}<\/script>\n<!-- \/ Yoast SEO plugin. -->","yoast_head_json":{"title":"Santa Afra e suas companheiras - O Arcanjo no ar","robots":{"index":"index","follow":"follow","max-snippet":"max-snippet:-1","max-image-preview":"max-image-preview:large","max-video-preview":"max-video-preview:-1"},"canonical":"https:\/\/www.oarcanjo.net\/site\/santa-afra-e-suas-companheiras\/","og_locale":"pt_BR","og_type":"article","og_title":"Santa Afra e suas companheiras - O Arcanjo no ar","og_description":"7 de Agosto Afra era uma jovem pag\u00e3 de costumes levianos, que vivia com sua m\u00e3e, Hilda, e tr\u00eas criadas: Digna, Eun\u00f4mia e Eprepria. Orientada por sua m\u00e3e, Afra gostava de prestar culto e render homenagens a V\u00eanus, uma das muitas deusas pag\u00e3s. Por\u00e9m o que ela n\u00e3o poderia prever \u00e9 que seria tocada pela [&hellip;]","og_url":"https:\/\/www.oarcanjo.net\/site\/santa-afra-e-suas-companheiras\/","og_site_name":"O Arcanjo no ar","article_publisher":"https:\/\/www.facebook.com\/OArcanjoNoAr\/","article_published_time":"2018-08-07T11:37:38+00:00","article_modified_time":"2018-06-25T11:12:20+00:00","og_image":[{"url":"http:\/\/3.bp.blogspot.com\/_H_QQWfUIxFY\/SnT245q5YZI\/AAAAAAAAAX4\/Jwemw9Q1d5Y\/s400\/Afra++Santa.jpg"}],"author":"danilo","twitter_card":"summary_large_image","twitter_misc":{"Escrito por":"danilo","Est. tempo de leitura":"2 minutos"},"schema":{"@context":"https:\/\/schema.org","@graph":[{"@type":"Article","@id":"https:\/\/www.oarcanjo.net\/site\/santa-afra-e-suas-companheiras\/#article","isPartOf":{"@id":"https:\/\/www.oarcanjo.net\/site\/santa-afra-e-suas-companheiras\/"},"author":{"name":"danilo","@id":"https:\/\/www.oarcanjo.net\/site\/#\/schema\/person\/5eb9480bedd2f3c97e430ce128c29c6c"},"headline":"Santa Afra e suas companheiras","datePublished":"2018-08-07T11:37:38+00:00","dateModified":"2018-06-25T11:12:20+00:00","mainEntityOfPage":{"@id":"https:\/\/www.oarcanjo.net\/site\/santa-afra-e-suas-companheiras\/"},"wordCount":480,"commentCount":0,"publisher":{"@id":"https:\/\/www.oarcanjo.net\/site\/#organization"},"image":{"@id":"https:\/\/www.oarcanjo.net\/site\/santa-afra-e-suas-companheiras\/#primaryimage"},"thumbnailUrl":"http:\/\/3.bp.blogspot.com\/_H_QQWfUIxFY\/SnT245q5YZI\/AAAAAAAAAX4\/Jwemw9Q1d5Y\/s400\/Afra++Santa.jpg","articleSection":["Testemunhos"],"inLanguage":"pt-BR","potentialAction":[{"@type":"CommentAction","name":"Comment","target":["https:\/\/www.oarcanjo.net\/site\/santa-afra-e-suas-companheiras\/#respond"]}]},{"@type":"WebPage","@id":"https:\/\/www.oarcanjo.net\/site\/santa-afra-e-suas-companheiras\/","url":"https:\/\/www.oarcanjo.net\/site\/santa-afra-e-suas-companheiras\/","name":"Santa Afra e suas companheiras - O Arcanjo no ar","isPartOf":{"@id":"https:\/\/www.oarcanjo.net\/site\/#website"},"primaryImageOfPage":{"@id":"https:\/\/www.oarcanjo.net\/site\/santa-afra-e-suas-companheiras\/#primaryimage"},"image":{"@id":"https:\/\/www.oarcanjo.net\/site\/santa-afra-e-suas-companheiras\/#primaryimage"},"thumbnailUrl":"http:\/\/3.bp.blogspot.com\/_H_QQWfUIxFY\/SnT245q5YZI\/AAAAAAAAAX4\/Jwemw9Q1d5Y\/s400\/Afra++Santa.jpg","datePublished":"2018-08-07T11:37:38+00:00","dateModified":"2018-06-25T11:12:20+00:00","breadcrumb":{"@id":"https:\/\/www.oarcanjo.net\/site\/santa-afra-e-suas-companheiras\/#breadcrumb"},"inLanguage":"pt-BR","potentialAction":[{"@type":"ReadAction","target":["https:\/\/www.oarcanjo.net\/site\/santa-afra-e-suas-companheiras\/"]}]},{"@type":"ImageObject","inLanguage":"pt-BR","@id":"https:\/\/www.oarcanjo.net\/site\/santa-afra-e-suas-companheiras\/#primaryimage","url":"http:\/\/3.bp.blogspot.com\/_H_QQWfUIxFY\/SnT245q5YZI\/AAAAAAAAAX4\/Jwemw9Q1d5Y\/s400\/Afra++Santa.jpg","contentUrl":"http:\/\/3.bp.blogspot.com\/_H_QQWfUIxFY\/SnT245q5YZI\/AAAAAAAAAX4\/Jwemw9Q1d5Y\/s400\/Afra++Santa.jpg"},{"@type":"BreadcrumbList","@id":"https:\/\/www.oarcanjo.net\/site\/santa-afra-e-suas-companheiras\/#breadcrumb","itemListElement":[{"@type":"ListItem","position":1,"name":"In\u00edcio","item":"https:\/\/www.oarcanjo.net\/site\/"},{"@type":"ListItem","position":2,"name":"Santa Afra e suas companheiras"}]},{"@type":"WebSite","@id":"https:\/\/www.oarcanjo.net\/site\/#website","url":"https:\/\/www.oarcanjo.net\/site\/","name":"O Arcanjo no ar","description":"Site da Par\u00f3quia S\u00e3o Miguel Arcanjo (Arquidiocese de SP)","publisher":{"@id":"https:\/\/www.oarcanjo.net\/site\/#organization"},"potentialAction":[{"@type":"SearchAction","target":{"@type":"EntryPoint","urlTemplate":"https:\/\/www.oarcanjo.net\/site\/?s={search_term_string}"},"query-input":{"@type":"PropertyValueSpecification","valueRequired":true,"valueName":"search_term_string"}}],"inLanguage":"pt-BR"},{"@type":"Organization","@id":"https:\/\/www.oarcanjo.net\/site\/#organization","name":"Par\u00f3quia S\u00e3o Miguel Arcanjo","url":"https:\/\/www.oarcanjo.net\/site\/","logo":{"@type":"ImageObject","inLanguage":"pt-BR","@id":"https:\/\/www.oarcanjo.net\/site\/#\/schema\/logo\/image\/","url":"https:\/\/www.oarcanjo.net\/site\/wp-content\/uploads\/LogoOArcanjo.png","contentUrl":"https:\/\/www.oarcanjo.net\/site\/wp-content\/uploads\/LogoOArcanjo.png","width":319,"height":99,"caption":"Par\u00f3quia S\u00e3o Miguel Arcanjo"},"image":{"@id":"https:\/\/www.oarcanjo.net\/site\/#\/schema\/logo\/image\/"},"sameAs":["https:\/\/www.facebook.com\/OArcanjoNoAr\/"]},{"@type":"Person","@id":"https:\/\/www.oarcanjo.net\/site\/#\/schema\/person\/5eb9480bedd2f3c97e430ce128c29c6c","name":"danilo"}]}},"publishpress_future_action":{"enabled":false,"date":"2026-05-08 07:27:18","action":"category","newStatus":"draft","terms":[],"taxonomy":"category"},"publishpress_future_workflow_manual_trigger":{"enabledWorkflows":[]},"_links":{"self":[{"href":"https:\/\/www.oarcanjo.net\/site\/wp-json\/wp\/v2\/posts\/10414"}],"collection":[{"href":"https:\/\/www.oarcanjo.net\/site\/wp-json\/wp\/v2\/posts"}],"about":[{"href":"https:\/\/www.oarcanjo.net\/site\/wp-json\/wp\/v2\/types\/post"}],"author":[{"embeddable":true,"href":"https:\/\/www.oarcanjo.net\/site\/wp-json\/wp\/v2\/users\/14"}],"replies":[{"embeddable":true,"href":"https:\/\/www.oarcanjo.net\/site\/wp-json\/wp\/v2\/comments?post=10414"}],"version-history":[{"count":1,"href":"https:\/\/www.oarcanjo.net\/site\/wp-json\/wp\/v2\/posts\/10414\/revisions"}],"predecessor-version":[{"id":88828,"href":"https:\/\/www.oarcanjo.net\/site\/wp-json\/wp\/v2\/posts\/10414\/revisions\/88828"}],"wp:attachment":[{"href":"https:\/\/www.oarcanjo.net\/site\/wp-json\/wp\/v2\/media?parent=10414"}],"wp:term":[{"taxonomy":"category","embeddable":true,"href":"https:\/\/www.oarcanjo.net\/site\/wp-json\/wp\/v2\/categories?post=10414"},{"taxonomy":"post_tag","embeddable":true,"href":"https:\/\/www.oarcanjo.net\/site\/wp-json\/wp\/v2\/tags?post=10414"}],"curies":[{"name":"wp","href":"https:\/\/api.w.org\/{rel}","templated":true}]}}