
{"id":10416,"date":"2018-08-07T00:39:40","date_gmt":"2018-08-07T03:39:40","guid":{"rendered":"http:\/\/www.oarcanjo.net\/site\/?p=10416"},"modified":"2018-06-25T08:12:11","modified_gmt":"2018-06-25T11:12:11","slug":"santo-xisto-ii","status":"publish","type":"post","link":"https:\/\/www.oarcanjo.net\/site\/santo-xisto-ii\/","title":{"rendered":"Santo Xisto II"},"content":{"rendered":"<p><img loading=\"lazy\" decoding=\"async\" src=\"http:\/\/www.derradeirasgracas.com\/images\/1.%20O%20Santo%20do%20Dia%20-%20Fotos\/Santos%20de%20Agosto%20-%20Fotos\/Santo%20Xisto%20II%20Papa%20.gif\" alt=\"\" width=\"117\" height=\"159\" \/><\/p>\n<p>7 de Agosto<\/p>\n<p>Xisto II foi o vig\u00e9simo quarto sumo pont\u00edfice de Roma. Era grego, nasceu em Atenas e assumiu a dire\u00e7\u00e3o da Igreja em 30 de agosto de 257. O seu governo durou apenas onze meses, tempo em que n\u00e3o poderia ter feito muitas obras.<\/p>\n<p>Mas fez uma das mais importantes para a Igreja. Com seu car\u00e1ter reto e bondoso, conseguiu solucionar as disc\u00f3rdias que haviam atormentado a Santa S\u00e9 desde o governo de V\u00edtor I. A quest\u00e3o pol\u00eamica era a seguinte: se um herege quisesse retornar \u00e0 Igreja, ap\u00f3s ter renegado a f\u00e9, deveria ser batizado de novo ou seria suficiente o batismo que havia recebido a primeira vez? Isso dividia a Igreja. De um lado, a de Roma, que aceitava o retorno apenas com a confirma\u00e7\u00e3o por meio do crisma. De outro, a do Oriente, em especial a da Antioquia e da Alexandria, que exigia um novo batismo. A disc\u00f3rdia aumentou quando o papa Vitor I imp\u00f4s o procedimento romano a ser seguido por todos, sob pena de excomunh\u00e3o.<\/p>\n<p>Moderado e pacifista, Xisto II neutralizou a excomunh\u00e3o. Dizendo que n\u00e3o estava em jogo a f\u00e9 comum, nem a uni\u00e3o com o sucessor de Pedro, cada Igreja ou grupo de igrejas devia resolver a quest\u00e3o com independ\u00eancia e de acordo com as circunst\u00e2ncias dos fatos, resolvendo o antigo problema. Assim, trouxe de volta \u00e0 Igreja os crist\u00e3os da Antioquia e da Alexandria que se haviam distanciado, e a harmonia estabeleceu-se. Em meados de 258, o imperador Valeriano, por meio de um segundo decreto, obrigou que os crist\u00e3os renegassem a pr\u00f3pria religi\u00e3o publicamente, sob pena de terem os bens confiscados e sofrerem morte por decapita\u00e7\u00e3o. Para os sacerdotes e integrantes da Igreja, seriam confiscados at\u00e9 mesmo os cemit\u00e9rios.<\/p>\n<p>Xisto II fez o traslado das rel\u00edquias de s\u00e3o Pedro e s\u00e3o Paulo para um local seguro ap\u00f3s esse decreto. Depois, surpreendido pelos soldados enquanto celebrava a santa missa, no cemit\u00e9rio, foi preso com outros sete religiosos. Durante as persegui\u00e7\u00f5es, os crist\u00e3os encontravam-se nos cemit\u00e9rios subterr\u00e2neos para receberem a eucaristia, era l\u00e1 que escondiam os livros sagrados e os objetos lit\u00fargicos. Foram condenados, pelo imperador, \u00e0 decapita\u00e7\u00e3o e houve o confisco dos bens. O papa Xisto II morreu junto com seis di\u00e1conos &#8211; Agapito, Est\u00eav\u00e3o, Feliz, Janu\u00e1rio, Magno e Vicente -, no dia 6 de agosto de 258. O s\u00e9timo, Louren\u00e7o, foi morto quatro dias depois.<\/p>\n<p>A festa de s\u00e3o Xisto II e seus companheiros, com a reforma do calend\u00e1rio da Igreja, passou a ser celebrada no dia 7 de agosto. No livro dos papas, sua morte foi definida como &#8220;soglio pontificio&#8221;, pois estava em exerc\u00edcio da santa missa. As suas rel\u00edquias est\u00e3o na cripta dos papas de S\u00e3o Calisto, em Roma.<\/p>\n<div id=\"themify_builder_content-10416\" data-postid=\"10416\" class=\"themify_builder_content themify_builder_content-10416 themify_builder themify_builder_front\">\n\t<\/div>\n<!-- \/themify_builder_content -->","protected":false},"excerpt":{"rendered":"<p>7 de Agosto Xisto II foi o vig\u00e9simo quarto sumo pont\u00edfice de Roma. Era grego, nasceu em Atenas e assumiu a dire\u00e7\u00e3o da Igreja em 30 de agosto de 257. O seu governo durou apenas onze meses, tempo em que n\u00e3o poderia ter feito muitas obras. Mas fez uma das mais importantes para a Igreja. [&hellip;]<\/p>\n","protected":false},"author":14,"featured_media":0,"comment_status":"open","ping_status":"open","sticky":false,"template":"","format":"standard","meta":{"ngg_post_thumbnail":0,"footnotes":""},"categories":[186],"tags":[],"yoast_head":"<!-- This site is optimized with the Yoast SEO plugin v23.5 - https:\/\/yoast.com\/wordpress\/plugins\/seo\/ -->\n<title>Santo Xisto II - O Arcanjo no ar<\/title>\n<meta name=\"robots\" content=\"index, follow, max-snippet:-1, max-image-preview:large, max-video-preview:-1\" \/>\n<link rel=\"canonical\" href=\"https:\/\/www.oarcanjo.net\/site\/santo-xisto-ii\/\" \/>\n<meta property=\"og:locale\" content=\"pt_BR\" \/>\n<meta property=\"og:type\" content=\"article\" \/>\n<meta property=\"og:title\" content=\"Santo Xisto II - O Arcanjo no ar\" \/>\n<meta property=\"og:description\" content=\"7 de Agosto Xisto II foi o vig\u00e9simo quarto sumo pont\u00edfice de Roma. Era grego, nasceu em Atenas e assumiu a dire\u00e7\u00e3o da Igreja em 30 de agosto de 257. O seu governo durou apenas onze meses, tempo em que n\u00e3o poderia ter feito muitas obras. Mas fez uma das mais importantes para a Igreja. [&hellip;]\" \/>\n<meta property=\"og:url\" content=\"https:\/\/www.oarcanjo.net\/site\/santo-xisto-ii\/\" \/>\n<meta property=\"og:site_name\" content=\"O Arcanjo no ar\" \/>\n<meta property=\"article:publisher\" content=\"https:\/\/www.facebook.com\/OArcanjoNoAr\/\" \/>\n<meta property=\"article:published_time\" content=\"2018-08-07T03:39:40+00:00\" \/>\n<meta property=\"article:modified_time\" content=\"2018-06-25T11:12:11+00:00\" \/>\n<meta property=\"og:image\" content=\"http:\/\/www.derradeirasgracas.com\/images\/1.%20O%20Santo%20do%20Dia%20-%20Fotos\/Santos%20de%20Agosto%20-%20Fotos\/Santo%20Xisto%20II%20Papa%20.gif\" \/>\n<meta name=\"author\" content=\"danilo\" \/>\n<meta name=\"twitter:card\" content=\"summary_large_image\" \/>\n<meta name=\"twitter:label1\" content=\"Escrito por\" \/>\n\t<meta name=\"twitter:data1\" content=\"danilo\" \/>\n\t<meta name=\"twitter:label2\" content=\"Est. tempo de leitura\" \/>\n\t<meta name=\"twitter:data2\" content=\"2 minutos\" \/>\n<script type=\"application\/ld+json\" class=\"yoast-schema-graph\">{\"@context\":\"https:\/\/schema.org\",\"@graph\":[{\"@type\":\"Article\",\"@id\":\"https:\/\/www.oarcanjo.net\/site\/santo-xisto-ii\/#article\",\"isPartOf\":{\"@id\":\"https:\/\/www.oarcanjo.net\/site\/santo-xisto-ii\/\"},\"author\":{\"name\":\"danilo\",\"@id\":\"https:\/\/www.oarcanjo.net\/site\/#\/schema\/person\/5eb9480bedd2f3c97e430ce128c29c6c\"},\"headline\":\"Santo Xisto II\",\"datePublished\":\"2018-08-07T03:39:40+00:00\",\"dateModified\":\"2018-06-25T11:12:11+00:00\",\"mainEntityOfPage\":{\"@id\":\"https:\/\/www.oarcanjo.net\/site\/santo-xisto-ii\/\"},\"wordCount\":493,\"commentCount\":0,\"publisher\":{\"@id\":\"https:\/\/www.oarcanjo.net\/site\/#organization\"},\"image\":{\"@id\":\"https:\/\/www.oarcanjo.net\/site\/santo-xisto-ii\/#primaryimage\"},\"thumbnailUrl\":\"http:\/\/www.derradeirasgracas.com\/images\/1.%20O%20Santo%20do%20Dia%20-%20Fotos\/Santos%20de%20Agosto%20-%20Fotos\/Santo%20Xisto%20II%20Papa%20.gif\",\"articleSection\":[\"Testemunhos\"],\"inLanguage\":\"pt-BR\",\"potentialAction\":[{\"@type\":\"CommentAction\",\"name\":\"Comment\",\"target\":[\"https:\/\/www.oarcanjo.net\/site\/santo-xisto-ii\/#respond\"]}]},{\"@type\":\"WebPage\",\"@id\":\"https:\/\/www.oarcanjo.net\/site\/santo-xisto-ii\/\",\"url\":\"https:\/\/www.oarcanjo.net\/site\/santo-xisto-ii\/\",\"name\":\"Santo Xisto II - O Arcanjo no ar\",\"isPartOf\":{\"@id\":\"https:\/\/www.oarcanjo.net\/site\/#website\"},\"primaryImageOfPage\":{\"@id\":\"https:\/\/www.oarcanjo.net\/site\/santo-xisto-ii\/#primaryimage\"},\"image\":{\"@id\":\"https:\/\/www.oarcanjo.net\/site\/santo-xisto-ii\/#primaryimage\"},\"thumbnailUrl\":\"http:\/\/www.derradeirasgracas.com\/images\/1.%20O%20Santo%20do%20Dia%20-%20Fotos\/Santos%20de%20Agosto%20-%20Fotos\/Santo%20Xisto%20II%20Papa%20.gif\",\"datePublished\":\"2018-08-07T03:39:40+00:00\",\"dateModified\":\"2018-06-25T11:12:11+00:00\",\"breadcrumb\":{\"@id\":\"https:\/\/www.oarcanjo.net\/site\/santo-xisto-ii\/#breadcrumb\"},\"inLanguage\":\"pt-BR\",\"potentialAction\":[{\"@type\":\"ReadAction\",\"target\":[\"https:\/\/www.oarcanjo.net\/site\/santo-xisto-ii\/\"]}]},{\"@type\":\"ImageObject\",\"inLanguage\":\"pt-BR\",\"@id\":\"https:\/\/www.oarcanjo.net\/site\/santo-xisto-ii\/#primaryimage\",\"url\":\"http:\/\/www.derradeirasgracas.com\/images\/1.%20O%20Santo%20do%20Dia%20-%20Fotos\/Santos%20de%20Agosto%20-%20Fotos\/Santo%20Xisto%20II%20Papa%20.gif\",\"contentUrl\":\"http:\/\/www.derradeirasgracas.com\/images\/1.%20O%20Santo%20do%20Dia%20-%20Fotos\/Santos%20de%20Agosto%20-%20Fotos\/Santo%20Xisto%20II%20Papa%20.gif\"},{\"@type\":\"BreadcrumbList\",\"@id\":\"https:\/\/www.oarcanjo.net\/site\/santo-xisto-ii\/#breadcrumb\",\"itemListElement\":[{\"@type\":\"ListItem\",\"position\":1,\"name\":\"In\u00edcio\",\"item\":\"https:\/\/www.oarcanjo.net\/site\/\"},{\"@type\":\"ListItem\",\"position\":2,\"name\":\"Santo Xisto II\"}]},{\"@type\":\"WebSite\",\"@id\":\"https:\/\/www.oarcanjo.net\/site\/#website\",\"url\":\"https:\/\/www.oarcanjo.net\/site\/\",\"name\":\"O Arcanjo no ar\",\"description\":\"Site da Par\u00f3quia S\u00e3o Miguel Arcanjo (Arquidiocese de SP)\",\"publisher\":{\"@id\":\"https:\/\/www.oarcanjo.net\/site\/#organization\"},\"potentialAction\":[{\"@type\":\"SearchAction\",\"target\":{\"@type\":\"EntryPoint\",\"urlTemplate\":\"https:\/\/www.oarcanjo.net\/site\/?s={search_term_string}\"},\"query-input\":{\"@type\":\"PropertyValueSpecification\",\"valueRequired\":true,\"valueName\":\"search_term_string\"}}],\"inLanguage\":\"pt-BR\"},{\"@type\":\"Organization\",\"@id\":\"https:\/\/www.oarcanjo.net\/site\/#organization\",\"name\":\"Par\u00f3quia S\u00e3o Miguel Arcanjo\",\"url\":\"https:\/\/www.oarcanjo.net\/site\/\",\"logo\":{\"@type\":\"ImageObject\",\"inLanguage\":\"pt-BR\",\"@id\":\"https:\/\/www.oarcanjo.net\/site\/#\/schema\/logo\/image\/\",\"url\":\"https:\/\/www.oarcanjo.net\/site\/wp-content\/uploads\/LogoOArcanjo.png\",\"contentUrl\":\"https:\/\/www.oarcanjo.net\/site\/wp-content\/uploads\/LogoOArcanjo.png\",\"width\":319,\"height\":99,\"caption\":\"Par\u00f3quia S\u00e3o Miguel Arcanjo\"},\"image\":{\"@id\":\"https:\/\/www.oarcanjo.net\/site\/#\/schema\/logo\/image\/\"},\"sameAs\":[\"https:\/\/www.facebook.com\/OArcanjoNoAr\/\"]},{\"@type\":\"Person\",\"@id\":\"https:\/\/www.oarcanjo.net\/site\/#\/schema\/person\/5eb9480bedd2f3c97e430ce128c29c6c\",\"name\":\"danilo\"}]}<\/script>\n<!-- \/ Yoast SEO plugin. -->","yoast_head_json":{"title":"Santo Xisto II - O Arcanjo no ar","robots":{"index":"index","follow":"follow","max-snippet":"max-snippet:-1","max-image-preview":"max-image-preview:large","max-video-preview":"max-video-preview:-1"},"canonical":"https:\/\/www.oarcanjo.net\/site\/santo-xisto-ii\/","og_locale":"pt_BR","og_type":"article","og_title":"Santo Xisto II - O Arcanjo no ar","og_description":"7 de Agosto Xisto II foi o vig\u00e9simo quarto sumo pont\u00edfice de Roma. Era grego, nasceu em Atenas e assumiu a dire\u00e7\u00e3o da Igreja em 30 de agosto de 257. O seu governo durou apenas onze meses, tempo em que n\u00e3o poderia ter feito muitas obras. Mas fez uma das mais importantes para a Igreja. [&hellip;]","og_url":"https:\/\/www.oarcanjo.net\/site\/santo-xisto-ii\/","og_site_name":"O Arcanjo no ar","article_publisher":"https:\/\/www.facebook.com\/OArcanjoNoAr\/","article_published_time":"2018-08-07T03:39:40+00:00","article_modified_time":"2018-06-25T11:12:11+00:00","og_image":[{"url":"http:\/\/www.derradeirasgracas.com\/images\/1.%20O%20Santo%20do%20Dia%20-%20Fotos\/Santos%20de%20Agosto%20-%20Fotos\/Santo%20Xisto%20II%20Papa%20.gif"}],"author":"danilo","twitter_card":"summary_large_image","twitter_misc":{"Escrito por":"danilo","Est. tempo de leitura":"2 minutos"},"schema":{"@context":"https:\/\/schema.org","@graph":[{"@type":"Article","@id":"https:\/\/www.oarcanjo.net\/site\/santo-xisto-ii\/#article","isPartOf":{"@id":"https:\/\/www.oarcanjo.net\/site\/santo-xisto-ii\/"},"author":{"name":"danilo","@id":"https:\/\/www.oarcanjo.net\/site\/#\/schema\/person\/5eb9480bedd2f3c97e430ce128c29c6c"},"headline":"Santo Xisto II","datePublished":"2018-08-07T03:39:40+00:00","dateModified":"2018-06-25T11:12:11+00:00","mainEntityOfPage":{"@id":"https:\/\/www.oarcanjo.net\/site\/santo-xisto-ii\/"},"wordCount":493,"commentCount":0,"publisher":{"@id":"https:\/\/www.oarcanjo.net\/site\/#organization"},"image":{"@id":"https:\/\/www.oarcanjo.net\/site\/santo-xisto-ii\/#primaryimage"},"thumbnailUrl":"http:\/\/www.derradeirasgracas.com\/images\/1.%20O%20Santo%20do%20Dia%20-%20Fotos\/Santos%20de%20Agosto%20-%20Fotos\/Santo%20Xisto%20II%20Papa%20.gif","articleSection":["Testemunhos"],"inLanguage":"pt-BR","potentialAction":[{"@type":"CommentAction","name":"Comment","target":["https:\/\/www.oarcanjo.net\/site\/santo-xisto-ii\/#respond"]}]},{"@type":"WebPage","@id":"https:\/\/www.oarcanjo.net\/site\/santo-xisto-ii\/","url":"https:\/\/www.oarcanjo.net\/site\/santo-xisto-ii\/","name":"Santo Xisto II - O Arcanjo no ar","isPartOf":{"@id":"https:\/\/www.oarcanjo.net\/site\/#website"},"primaryImageOfPage":{"@id":"https:\/\/www.oarcanjo.net\/site\/santo-xisto-ii\/#primaryimage"},"image":{"@id":"https:\/\/www.oarcanjo.net\/site\/santo-xisto-ii\/#primaryimage"},"thumbnailUrl":"http:\/\/www.derradeirasgracas.com\/images\/1.%20O%20Santo%20do%20Dia%20-%20Fotos\/Santos%20de%20Agosto%20-%20Fotos\/Santo%20Xisto%20II%20Papa%20.gif","datePublished":"2018-08-07T03:39:40+00:00","dateModified":"2018-06-25T11:12:11+00:00","breadcrumb":{"@id":"https:\/\/www.oarcanjo.net\/site\/santo-xisto-ii\/#breadcrumb"},"inLanguage":"pt-BR","potentialAction":[{"@type":"ReadAction","target":["https:\/\/www.oarcanjo.net\/site\/santo-xisto-ii\/"]}]},{"@type":"ImageObject","inLanguage":"pt-BR","@id":"https:\/\/www.oarcanjo.net\/site\/santo-xisto-ii\/#primaryimage","url":"http:\/\/www.derradeirasgracas.com\/images\/1.%20O%20Santo%20do%20Dia%20-%20Fotos\/Santos%20de%20Agosto%20-%20Fotos\/Santo%20Xisto%20II%20Papa%20.gif","contentUrl":"http:\/\/www.derradeirasgracas.com\/images\/1.%20O%20Santo%20do%20Dia%20-%20Fotos\/Santos%20de%20Agosto%20-%20Fotos\/Santo%20Xisto%20II%20Papa%20.gif"},{"@type":"BreadcrumbList","@id":"https:\/\/www.oarcanjo.net\/site\/santo-xisto-ii\/#breadcrumb","itemListElement":[{"@type":"ListItem","position":1,"name":"In\u00edcio","item":"https:\/\/www.oarcanjo.net\/site\/"},{"@type":"ListItem","position":2,"name":"Santo Xisto II"}]},{"@type":"WebSite","@id":"https:\/\/www.oarcanjo.net\/site\/#website","url":"https:\/\/www.oarcanjo.net\/site\/","name":"O Arcanjo no ar","description":"Site da Par\u00f3quia S\u00e3o Miguel Arcanjo (Arquidiocese de SP)","publisher":{"@id":"https:\/\/www.oarcanjo.net\/site\/#organization"},"potentialAction":[{"@type":"SearchAction","target":{"@type":"EntryPoint","urlTemplate":"https:\/\/www.oarcanjo.net\/site\/?s={search_term_string}"},"query-input":{"@type":"PropertyValueSpecification","valueRequired":true,"valueName":"search_term_string"}}],"inLanguage":"pt-BR"},{"@type":"Organization","@id":"https:\/\/www.oarcanjo.net\/site\/#organization","name":"Par\u00f3quia S\u00e3o Miguel Arcanjo","url":"https:\/\/www.oarcanjo.net\/site\/","logo":{"@type":"ImageObject","inLanguage":"pt-BR","@id":"https:\/\/www.oarcanjo.net\/site\/#\/schema\/logo\/image\/","url":"https:\/\/www.oarcanjo.net\/site\/wp-content\/uploads\/LogoOArcanjo.png","contentUrl":"https:\/\/www.oarcanjo.net\/site\/wp-content\/uploads\/LogoOArcanjo.png","width":319,"height":99,"caption":"Par\u00f3quia S\u00e3o Miguel Arcanjo"},"image":{"@id":"https:\/\/www.oarcanjo.net\/site\/#\/schema\/logo\/image\/"},"sameAs":["https:\/\/www.facebook.com\/OArcanjoNoAr\/"]},{"@type":"Person","@id":"https:\/\/www.oarcanjo.net\/site\/#\/schema\/person\/5eb9480bedd2f3c97e430ce128c29c6c","name":"danilo"}]}},"publishpress_future_action":{"enabled":false,"date":"2026-05-08 08:49:46","action":"category","newStatus":"draft","terms":[],"taxonomy":"category"},"publishpress_future_workflow_manual_trigger":{"enabledWorkflows":[]},"_links":{"self":[{"href":"https:\/\/www.oarcanjo.net\/site\/wp-json\/wp\/v2\/posts\/10416"}],"collection":[{"href":"https:\/\/www.oarcanjo.net\/site\/wp-json\/wp\/v2\/posts"}],"about":[{"href":"https:\/\/www.oarcanjo.net\/site\/wp-json\/wp\/v2\/types\/post"}],"author":[{"embeddable":true,"href":"https:\/\/www.oarcanjo.net\/site\/wp-json\/wp\/v2\/users\/14"}],"replies":[{"embeddable":true,"href":"https:\/\/www.oarcanjo.net\/site\/wp-json\/wp\/v2\/comments?post=10416"}],"version-history":[{"count":1,"href":"https:\/\/www.oarcanjo.net\/site\/wp-json\/wp\/v2\/posts\/10416\/revisions"}],"predecessor-version":[{"id":88826,"href":"https:\/\/www.oarcanjo.net\/site\/wp-json\/wp\/v2\/posts\/10416\/revisions\/88826"}],"wp:attachment":[{"href":"https:\/\/www.oarcanjo.net\/site\/wp-json\/wp\/v2\/media?parent=10416"}],"wp:term":[{"taxonomy":"category","embeddable":true,"href":"https:\/\/www.oarcanjo.net\/site\/wp-json\/wp\/v2\/categories?post=10416"},{"taxonomy":"post_tag","embeddable":true,"href":"https:\/\/www.oarcanjo.net\/site\/wp-json\/wp\/v2\/tags?post=10416"}],"curies":[{"name":"wp","href":"https:\/\/api.w.org\/{rel}","templated":true}]}}