
{"id":10421,"date":"2018-08-08T00:56:19","date_gmt":"2018-08-08T03:56:19","guid":{"rendered":"http:\/\/www.oarcanjo.net\/site\/?p=10421"},"modified":"2018-06-25T08:12:24","modified_gmt":"2018-06-25T11:12:24","slug":"sao-domingos-de-gusmao","status":"publish","type":"post","link":"https:\/\/www.oarcanjo.net\/site\/sao-domingos-de-gusmao\/","title":{"rendered":"S\u00e3o Domingos de Gusm\u00e3o"},"content":{"rendered":"<p><img loading=\"lazy\" decoding=\"async\" class=\"alignnone size-full wp-image-64467\" src=\"http:\/\/www.oarcanjo.net\/site\/wp-content\/uploads\/Sao-Domingos-de-Gusmao.jpg\" alt=\"S\u00e3o Domingos de Gusm\u00e3o\" width=\"189\" height=\"300\" \/><\/p>\n<p>8 de Agosto<\/p>\n<p>Fundou a Ordem dos frades<br \/>\nPredicadores ou Dominicanos<br \/>\n&#8220;Irm\u00e3os Pregadores&#8221;<\/p>\n<p>S\u00e3o Domingos de Gusm\u00e3o nasceu em Caleruega, em Castela, a Velha (Espanha), em 24 de junho de 1170. Seus pais, de ilustre nascimento, foram F\u00e9lix de Gusm\u00e3o e Joana de Aza, que deram origem a uma fam\u00edlia de santos. Al\u00e9m de Domingos, os dois outros filhos do casal morreram em odor de santidade. O primeiro foi Ant\u00f4nio de Gusm\u00e3o, sacerdote que, distribuindo todos seus bens aos pobres, retirou-se a um hospital para servir Nosso Senhor Jesus Cristo em seus membros sofredores. Manes, o segundo, entrou depois para a Ordem dominicana, tornando-se grande pregador e exemplar religioso. Foi beatificado, juntamente com sua m\u00e3e, por Greg\u00f3rio XVI.<\/p>\n<p>N\u00e3o admira que, numa tal fam\u00edlia, o menino Domingos se sentisse atra\u00eddo para a virtude desde o ber\u00e7o. Conta a tradi\u00e7\u00e3o que, antes de ele nascer, sua m\u00e3e fez uma novena no santu\u00e1rio de S\u00e3o Domingos de Silos, e que no s\u00e9timo dia, o santo abade apareceu-lhe rodeado de gl\u00f3ria, para anunciar-lhe que o filho que trazia no ventre seria a luz do mundo e a consola\u00e7\u00e3o de toda a Igreja. Pouco depois ela viu em sonhos que dava \u00e0 luz um pequeno que tinha uma tocha na boca e com ela come\u00e7ou a incendiar o mundo.<\/p>\n<p><strong>Maturi dade precoce, exemplo de virtude<\/strong><\/p>\n<p>Diz-se que o pequeno Domingos, t\u00e3o s\u00e9rio e maduro, era j\u00e1 dotado da sabedoria dos anci\u00e3os. Ele foi sempre modesto, recolhido, humilde, devoto, temperante e obediente.<\/p>\n<p>Aos sete anos foi aprender as primeiras letras com seu tio, arcipreste em Gumiel d\u2019Yzan, e aos catorze ingressou na universidade de Castela, em Pal\u00eancia. Durante 10 anos brilhou nos bancos escolares e deu exemplo de virtude.<\/p>\n<p><em>\u201cAs verdades que compreendia gra\u00e7as \u00e0 facilidade de seu esp\u00edrito<\/em> \u2014 diz seu primeiro bi\u00f3grafo \u2014 <em>regava-as com o orvalho dos afetos piedosos, a fim de que germinassem os frutos\u00a0 da salva\u00e7\u00e3o. Sua mem\u00f3ria se enchia, como um silo, da abund\u00e2ncia das riquezas divinas, e suas a\u00e7\u00f5es exprimiam no exterior o tesouro sagrado que enchia seu peito<\/em>\u201d.(1)<\/p>\n<p>Os pobres, \u00f3rf\u00e3os e vi\u00favas encontravam nele um amparo e aux\u00edlio. Os sacerdotes que tinham dificuldades sobre a teologia, casos de consci\u00eancia ou d\u00favida sobre pontos da Escritura acorriam \u00e0s suas luzes. Nessa \u00e9poca ele dava li\u00e7\u00f5es p\u00fablicas de Sagrada Escritura na Universidade de Pal\u00eancia.<\/p>\n<p><strong>Dedica\u00e7\u00e3o her\u00f3ica \u00e0 salva\u00e7\u00e3o das almas<\/strong><\/p>\n<p>O bispo de Osma, tendo conseguido reformar sua diocese, induziu os c\u00f4negos da catedral a viverem em comunidade, observando a regra de Santo Agostinho. Obteve que Domingos fosse para aquela cidade e vestisse o h\u00e1bito de c\u00f4nego regular. Pouco depois ele foi nomeado vice-prior dos c\u00f4negos, que era o mais alto posto, visto que o de prior o bispo acumulava com seu cargo episcopal. Domingos passou nove anos numa vida de contempla\u00e7\u00e3o e de uni\u00e3o com Deus como c\u00f4nego regular, dificilmente ultrapassando os limites da casa canonical.<\/p>\n<p>Entretanto, ele estremecia ao saber que tantos se perdiam por falta de pregadores e implorava a Nosso Senhor Jesus Cristo que lhe proporcionasse um meio de consagrar-se por inteiro \u00e0 salva\u00e7\u00e3o das almas.<\/p>\n<p>Eis que ele \u00e9 ouvido inopinadamente. <em>\u201cTinha j\u00e1 trinta e tr\u00eas anos. Sua forma\u00e7\u00e3o f\u00edsica, intelectual e moral estava terminada. Sem dar-se conta, Deus tinha ido temperando sua natureza her\u00f3ica com um car\u00e1ter essencialmente combativo. Tem uma ampla educa\u00e7\u00e3o eclesi\u00e1stica e universit\u00e1ria; a c\u00e1tedra deu solidez a seus conhecimentos; a vida regular do cabido o iniciou nas vias da perfei\u00e7\u00e3o religiosa, e seu cargo \u00e0 frente dos c\u00f4negos abriu-lhe as perspectivas da administra\u00e7\u00e3o temporal e do regime das almas\u201d.(2)<\/em> Estava ele pronto para a grande odiss\u00e9ia espiritual de sua vida.<\/p>\n<p><strong>Heresia albigense incentivou seu zelo apost\u00f3lico<\/strong><\/p>\n<table border=\"0\" width=\"1\" cellspacing=\"0\" cellpadding=\"10\" align=\"right\">\n<tbody>\n<tr>\n<td align=\"center\"><em>\u00a0<\/em><\/td>\n<\/tr>\n<\/tbody>\n<\/table>\n<p>No ano 1203 o Rei de Castela, Afonso VIII, pediu ao novo bispo de Osma, D. Diego de Acevedo, que fosse \u00e0 corte da Dinamarca para negociar o casamento de um dos filhos do rei com uma princesa daquela terra, cuja formosura tinha sido celebrada na corte pelos trovadores. Com ele iria Domingos de Gusm\u00e3o.<\/p>\n<p>Era um longo caminho. Tinham que atravessar os Pireneus e entrar no sul da Fran\u00e7a. Passaram por Toulouse, que era a capital dos hereges c\u00e1taros, uma seita manique\u00edsta que estava fazendo muitos pros\u00e9litos, inclusive atraindo os condes de Toulouse.<\/p>\n<p>A vista dessa regi\u00e3o devastada pela heresia impressionou sensivelmente os dois viajantes. Como diz um dos bi\u00f3grafos de Domingos, ele sentia o cheiro dos inimigos da F\u00e9, como Santa Catarina de Siena sentia o dos pecadores. Foi a\u00ed que Domingos deu-se conta da necessidade de uma congrega\u00e7\u00e3o de pregadores apost\u00f3licos para se opor \u00e0s heresias.<\/p>\n<p>Continuaram sua viagem, mas foi esta do ponto de vista humano infrut\u00edfera, pois a princesa de quem iam pedir a m\u00e3o falecera pouco antes. Os dois ap\u00f3stolos ouviram falar ent\u00e3o de umas tribos selvagens na Alemanha, que at\u00e9 ent\u00e3o ningu\u00e9m tinha conseguido evangelizar. Tomaram a resolu\u00e7\u00e3o de ir a Roma pedir ao Sumo Pont\u00edfice permiss\u00e3o para ir evangelizar aqueles povos, o que inclu\u00eda a resigna\u00e7\u00e3o de D. Acevedo ao episcopado.<\/p>\n<p>Mas Inoc\u00eancio III, que conhecia os m\u00e9ritos do bispo, e que julgava muito mais importante para a Igreja, no momento, combater a seita dos c\u00e1taros, n\u00e3o aceitou a resigna\u00e7\u00e3o e apenas permitiu ao bispo que dedicasse dois anos \u00e0 convers\u00e3o dos c\u00e1taros antes de voltar \u00e0 sua diocese.<\/p>\n<p>Juntaram-se eles a alguns monges de Cister, que j\u00e1 estavam pregando entre os hereges, e se entregaram \u00e0 dif\u00edcil tarefa de reconduzir a Deus almas extraviadas pela perniciosa heresia.<\/p>\n<p><strong>Durante a prega\u00e7\u00e3o, estupendos milagres <\/strong><\/p>\n<p>Muitos milagres marcaram a evangeliza\u00e7\u00e3o de S\u00e3o Domingos de Gusm\u00e3o entre os c\u00e1taros. Um dos mais famosos ocorreu em Fangeux, na diocese de Carcassona. Os l\u00edderes c\u00e1taros apareceram em grande n\u00famero, trazendo o livro que continha todas suas heresias. S\u00e3o Domingos levava um caderno no qual havia refutado a maioria desses erros. Como n\u00e3o chegavam a nenhum acordo, decidiram apelar para a prova do fogo. O escrito que permanecesse inc\u00f3lume numa fogueira seria o verdadeiro. Fizeram uma grande fogueira e nela jogaram o livro dos c\u00e1taros. Pouco depois estava este reduzido a cinzas. Lan\u00e7aram ent\u00e3o ao fogo o escrito de Domingos. Este voou ao ar sem se queimar e foi pousar numa viga do teto, onde deixou uma marca de fogo. Por tr\u00eas vezes os hereges repetiram o ato, com o mesmo resultado. Mas nem mesmo esse milagre converteu aqueles cora\u00e7\u00f5es empedernidos.<\/p>\n<p><strong>Santo Ros\u00e1rio: ant\u00eddoto eficaz contra a heresia <\/strong><\/p>\n<table border=\"0\" width=\"1\" cellspacing=\"0\" cellpadding=\"10\" align=\"left\">\n<tbody>\n<tr>\n<td align=\"center\"><\/td>\n<\/tr>\n<\/tbody>\n<\/table>\n<p>Em 1207, em Prouille, S\u00e3o Domingos preocupou-se com a sorte de v\u00e1rias donzelas que seus pais n\u00e3o podiam sustentar, por causa da carestia que assolava a regi\u00e3o, e reuniu-as no primeiro mosteiro dominicano da Ordem Segunda, a das monjas. Narram alguns dos bi\u00f3grafos do Santo que foi na capela desse convento que Nossa Senhora apareceu a S\u00e3o Domingos e lhe disse que, <em>\u201ccomo a sauda\u00e7\u00e3o ang\u00e9lica tinha sido o princ\u00edpio da reden\u00e7\u00e3o do mundo, era necess\u00e1rio tamb\u00e9m que essa sauda\u00e7\u00e3o fosse o princ\u00edpio da convers\u00e3o dos hereges; que assim, pregando o Ros\u00e1rio que cont\u00e9m cento e cinq\u00fcenta Ave Marias, ele veria um sucesso maravilhoso em seus trabalhos e os mais empedernidos sect\u00e1rios se converterem aos milhares\u201d.(<\/em>3)<\/p>\n<p>A santidade de Domingos, seu rigoroso ascetismo, seu zelo inflamado, sua inalter\u00e1vel do\u00e7ura, sua convincente eloq\u00fc\u00eancia, come\u00e7aram a produzir frutos espl\u00eandidos. Muitas convers\u00f5es se operaram, e em torno dele foi se juntando um grupo de jovens para receber sua dire\u00e7\u00e3o e imitar seu exemplo. Esse foi o n\u00facleo inicial do que seria depois a Ordem dos Predicadores ou Dominicanos.<\/p>\n<p><strong>Ordem dominicana: pregadores-cavaleiros de Cristo<\/strong><\/p>\n<p>S\u00e3o Domingos tinha 45 anos, em 1215, quando reuniu os seis primeiros disc\u00edpulos em uma casa de Toulouse e lhes deu o h\u00e1bito branco com a capa e capuz de l\u00e3 negra dos c\u00f4negos regulares de Osma, que ele continuava vestindo. Entre estes seis primeiros estava seu irm\u00e3o, o Beato Manes. Deviam formar eles um corpo de homens s\u00e1bios, pobres e austeros, sendo que a ci\u00eancia e a piedade deveriam ser os tra\u00e7os essenciais desses cavaleiros de Cristo. O trabalho manual ficava suprimido, o estudo prolongado, a ora\u00e7\u00e3o lit\u00fargica diminu\u00edda e os exerc\u00edcios de penit\u00eancia subordinados \u00e0s exig\u00eancias da prega\u00e7\u00e3o. S\u00e3o Domingos queria que seus disc\u00edpulos fundassem casas nas principais cidades universit\u00e1rias da Europa, a fim de atrair a juventude acad\u00eamica para suas fileiras.<\/p>\n<p>Inoc\u00eancio III concedeu sua primeira aprova\u00e7\u00e3o \u00e0 Ordem nascente em 1215 e prop\u00f4s no Conc\u00edlio de Latr\u00e3o, a todas as igrejas, aquele programa de renova\u00e7\u00e3o crist\u00e3 e vida apost\u00f3lica. Seu sucessor, Hon\u00f3rio III, foi um protetor e amigo de Domingos e seus disc\u00edpulos.<\/p>\n<p><strong>Encontro de dois santos exponenciais<\/strong><\/p>\n<p>Numa das viagens de Domingos a Roma, encontrou-se por acaso com Francisco de Assis, que para l\u00e1 tinha ido a fim de obter a aprova\u00e7\u00e3o de sua obra. Sem se conhecerem anteriormente, eles dirigiram-se um ao outro e abra\u00e7aram-se, enquanto dizia Domingos: <em>\u201cSomos companheiros e criados de um mesmo Senhor; os mesmos neg\u00f3cios tratamos; os mesmos s\u00e3o nossos intentos; caminhemos como se f\u00f4ssemos um s\u00f3, e n\u00e3o haver\u00e1 for\u00e7a infernal que nos desbarate\u201d.<\/em><\/p>\n<p>S\u00e3o Domingos de Gusm\u00e3o faleceu aos 51 anos de idade, em 1221, e foi canonizado por Greg\u00f3rio IX em 1234.<\/p>\n<div id=\"themify_builder_content-10421\" data-postid=\"10421\" class=\"themify_builder_content themify_builder_content-10421 themify_builder themify_builder_front\">\n\t<\/div>\n<!-- \/themify_builder_content -->","protected":false},"excerpt":{"rendered":"<p>8 de Agosto Fundou a Ordem dos frades Predicadores ou Dominicanos &#8220;Irm\u00e3os Pregadores&#8221; S\u00e3o Domingos de Gusm\u00e3o nasceu em Caleruega, em Castela, a Velha (Espanha), em 24 de junho de 1170. Seus pais, de ilustre nascimento, foram F\u00e9lix de Gusm\u00e3o e Joana de Aza, que deram origem a uma fam\u00edlia de santos. Al\u00e9m de Domingos, [&hellip;]<\/p>\n","protected":false},"author":14,"featured_media":0,"comment_status":"open","ping_status":"open","sticky":false,"template":"","format":"standard","meta":{"ngg_post_thumbnail":0,"footnotes":""},"categories":[186],"tags":[],"yoast_head":"<!-- This site is optimized with the Yoast SEO plugin v23.5 - https:\/\/yoast.com\/wordpress\/plugins\/seo\/ -->\n<title>S\u00e3o Domingos de Gusm\u00e3o - O Arcanjo no ar<\/title>\n<meta name=\"robots\" content=\"index, follow, max-snippet:-1, max-image-preview:large, max-video-preview:-1\" \/>\n<link rel=\"canonical\" href=\"https:\/\/www.oarcanjo.net\/site\/sao-domingos-de-gusmao\/\" \/>\n<meta property=\"og:locale\" content=\"pt_BR\" \/>\n<meta property=\"og:type\" content=\"article\" \/>\n<meta property=\"og:title\" content=\"S\u00e3o Domingos de Gusm\u00e3o - O Arcanjo no ar\" \/>\n<meta property=\"og:description\" content=\"8 de Agosto Fundou a Ordem dos frades Predicadores ou Dominicanos &#8220;Irm\u00e3os Pregadores&#8221; S\u00e3o Domingos de Gusm\u00e3o nasceu em Caleruega, em Castela, a Velha (Espanha), em 24 de junho de 1170. Seus pais, de ilustre nascimento, foram F\u00e9lix de Gusm\u00e3o e Joana de Aza, que deram origem a uma fam\u00edlia de santos. Al\u00e9m de Domingos, [&hellip;]\" \/>\n<meta property=\"og:url\" content=\"https:\/\/www.oarcanjo.net\/site\/sao-domingos-de-gusmao\/\" \/>\n<meta property=\"og:site_name\" content=\"O Arcanjo no ar\" \/>\n<meta property=\"article:publisher\" content=\"https:\/\/www.facebook.com\/OArcanjoNoAr\/\" \/>\n<meta property=\"article:published_time\" content=\"2018-08-08T03:56:19+00:00\" \/>\n<meta property=\"article:modified_time\" content=\"2018-06-25T11:12:24+00:00\" \/>\n<meta property=\"og:image\" content=\"http:\/\/www.oarcanjo.net\/site\/wp-content\/uploads\/Sao-Domingos-de-Gusmao.jpg\" \/>\n<meta name=\"author\" content=\"danilo\" \/>\n<meta name=\"twitter:card\" content=\"summary_large_image\" \/>\n<meta name=\"twitter:label1\" content=\"Escrito por\" \/>\n\t<meta name=\"twitter:data1\" content=\"danilo\" \/>\n\t<meta name=\"twitter:label2\" content=\"Est. tempo de leitura\" \/>\n\t<meta name=\"twitter:data2\" content=\"8 minutos\" \/>\n<script type=\"application\/ld+json\" class=\"yoast-schema-graph\">{\"@context\":\"https:\/\/schema.org\",\"@graph\":[{\"@type\":\"Article\",\"@id\":\"https:\/\/www.oarcanjo.net\/site\/sao-domingos-de-gusmao\/#article\",\"isPartOf\":{\"@id\":\"https:\/\/www.oarcanjo.net\/site\/sao-domingos-de-gusmao\/\"},\"author\":{\"name\":\"danilo\",\"@id\":\"https:\/\/www.oarcanjo.net\/site\/#\/schema\/person\/5eb9480bedd2f3c97e430ce128c29c6c\"},\"headline\":\"S\u00e3o Domingos de Gusm\u00e3o\",\"datePublished\":\"2018-08-08T03:56:19+00:00\",\"dateModified\":\"2018-06-25T11:12:24+00:00\",\"mainEntityOfPage\":{\"@id\":\"https:\/\/www.oarcanjo.net\/site\/sao-domingos-de-gusmao\/\"},\"wordCount\":1663,\"commentCount\":0,\"publisher\":{\"@id\":\"https:\/\/www.oarcanjo.net\/site\/#organization\"},\"image\":{\"@id\":\"https:\/\/www.oarcanjo.net\/site\/sao-domingos-de-gusmao\/#primaryimage\"},\"thumbnailUrl\":\"http:\/\/www.oarcanjo.net\/site\/wp-content\/uploads\/Sao-Domingos-de-Gusmao.jpg\",\"articleSection\":[\"Testemunhos\"],\"inLanguage\":\"pt-BR\",\"potentialAction\":[{\"@type\":\"CommentAction\",\"name\":\"Comment\",\"target\":[\"https:\/\/www.oarcanjo.net\/site\/sao-domingos-de-gusmao\/#respond\"]}]},{\"@type\":\"WebPage\",\"@id\":\"https:\/\/www.oarcanjo.net\/site\/sao-domingos-de-gusmao\/\",\"url\":\"https:\/\/www.oarcanjo.net\/site\/sao-domingos-de-gusmao\/\",\"name\":\"S\u00e3o Domingos de Gusm\u00e3o - O Arcanjo no ar\",\"isPartOf\":{\"@id\":\"https:\/\/www.oarcanjo.net\/site\/#website\"},\"primaryImageOfPage\":{\"@id\":\"https:\/\/www.oarcanjo.net\/site\/sao-domingos-de-gusmao\/#primaryimage\"},\"image\":{\"@id\":\"https:\/\/www.oarcanjo.net\/site\/sao-domingos-de-gusmao\/#primaryimage\"},\"thumbnailUrl\":\"http:\/\/www.oarcanjo.net\/site\/wp-content\/uploads\/Sao-Domingos-de-Gusmao.jpg\",\"datePublished\":\"2018-08-08T03:56:19+00:00\",\"dateModified\":\"2018-06-25T11:12:24+00:00\",\"breadcrumb\":{\"@id\":\"https:\/\/www.oarcanjo.net\/site\/sao-domingos-de-gusmao\/#breadcrumb\"},\"inLanguage\":\"pt-BR\",\"potentialAction\":[{\"@type\":\"ReadAction\",\"target\":[\"https:\/\/www.oarcanjo.net\/site\/sao-domingos-de-gusmao\/\"]}]},{\"@type\":\"ImageObject\",\"inLanguage\":\"pt-BR\",\"@id\":\"https:\/\/www.oarcanjo.net\/site\/sao-domingos-de-gusmao\/#primaryimage\",\"url\":\"https:\/\/www.oarcanjo.net\/site\/wp-content\/uploads\/Sao-Domingos-de-Gusmao.jpg\",\"contentUrl\":\"https:\/\/www.oarcanjo.net\/site\/wp-content\/uploads\/Sao-Domingos-de-Gusmao.jpg\",\"width\":189,\"height\":300,\"caption\":\"S\u00e3o Domingos de Gusm\u00e3o\"},{\"@type\":\"BreadcrumbList\",\"@id\":\"https:\/\/www.oarcanjo.net\/site\/sao-domingos-de-gusmao\/#breadcrumb\",\"itemListElement\":[{\"@type\":\"ListItem\",\"position\":1,\"name\":\"In\u00edcio\",\"item\":\"https:\/\/www.oarcanjo.net\/site\/\"},{\"@type\":\"ListItem\",\"position\":2,\"name\":\"S\u00e3o Domingos de Gusm\u00e3o\"}]},{\"@type\":\"WebSite\",\"@id\":\"https:\/\/www.oarcanjo.net\/site\/#website\",\"url\":\"https:\/\/www.oarcanjo.net\/site\/\",\"name\":\"O Arcanjo no ar\",\"description\":\"Site da Par\u00f3quia S\u00e3o Miguel Arcanjo (Arquidiocese de SP)\",\"publisher\":{\"@id\":\"https:\/\/www.oarcanjo.net\/site\/#organization\"},\"potentialAction\":[{\"@type\":\"SearchAction\",\"target\":{\"@type\":\"EntryPoint\",\"urlTemplate\":\"https:\/\/www.oarcanjo.net\/site\/?s={search_term_string}\"},\"query-input\":{\"@type\":\"PropertyValueSpecification\",\"valueRequired\":true,\"valueName\":\"search_term_string\"}}],\"inLanguage\":\"pt-BR\"},{\"@type\":\"Organization\",\"@id\":\"https:\/\/www.oarcanjo.net\/site\/#organization\",\"name\":\"Par\u00f3quia S\u00e3o Miguel Arcanjo\",\"url\":\"https:\/\/www.oarcanjo.net\/site\/\",\"logo\":{\"@type\":\"ImageObject\",\"inLanguage\":\"pt-BR\",\"@id\":\"https:\/\/www.oarcanjo.net\/site\/#\/schema\/logo\/image\/\",\"url\":\"https:\/\/www.oarcanjo.net\/site\/wp-content\/uploads\/LogoOArcanjo.png\",\"contentUrl\":\"https:\/\/www.oarcanjo.net\/site\/wp-content\/uploads\/LogoOArcanjo.png\",\"width\":319,\"height\":99,\"caption\":\"Par\u00f3quia S\u00e3o Miguel Arcanjo\"},\"image\":{\"@id\":\"https:\/\/www.oarcanjo.net\/site\/#\/schema\/logo\/image\/\"},\"sameAs\":[\"https:\/\/www.facebook.com\/OArcanjoNoAr\/\"]},{\"@type\":\"Person\",\"@id\":\"https:\/\/www.oarcanjo.net\/site\/#\/schema\/person\/5eb9480bedd2f3c97e430ce128c29c6c\",\"name\":\"danilo\"}]}<\/script>\n<!-- \/ Yoast SEO plugin. -->","yoast_head_json":{"title":"S\u00e3o Domingos de Gusm\u00e3o - O Arcanjo no ar","robots":{"index":"index","follow":"follow","max-snippet":"max-snippet:-1","max-image-preview":"max-image-preview:large","max-video-preview":"max-video-preview:-1"},"canonical":"https:\/\/www.oarcanjo.net\/site\/sao-domingos-de-gusmao\/","og_locale":"pt_BR","og_type":"article","og_title":"S\u00e3o Domingos de Gusm\u00e3o - O Arcanjo no ar","og_description":"8 de Agosto Fundou a Ordem dos frades Predicadores ou Dominicanos &#8220;Irm\u00e3os Pregadores&#8221; S\u00e3o Domingos de Gusm\u00e3o nasceu em Caleruega, em Castela, a Velha (Espanha), em 24 de junho de 1170. Seus pais, de ilustre nascimento, foram F\u00e9lix de Gusm\u00e3o e Joana de Aza, que deram origem a uma fam\u00edlia de santos. Al\u00e9m de Domingos, [&hellip;]","og_url":"https:\/\/www.oarcanjo.net\/site\/sao-domingos-de-gusmao\/","og_site_name":"O Arcanjo no ar","article_publisher":"https:\/\/www.facebook.com\/OArcanjoNoAr\/","article_published_time":"2018-08-08T03:56:19+00:00","article_modified_time":"2018-06-25T11:12:24+00:00","og_image":[{"url":"http:\/\/www.oarcanjo.net\/site\/wp-content\/uploads\/Sao-Domingos-de-Gusmao.jpg"}],"author":"danilo","twitter_card":"summary_large_image","twitter_misc":{"Escrito por":"danilo","Est. tempo de leitura":"8 minutos"},"schema":{"@context":"https:\/\/schema.org","@graph":[{"@type":"Article","@id":"https:\/\/www.oarcanjo.net\/site\/sao-domingos-de-gusmao\/#article","isPartOf":{"@id":"https:\/\/www.oarcanjo.net\/site\/sao-domingos-de-gusmao\/"},"author":{"name":"danilo","@id":"https:\/\/www.oarcanjo.net\/site\/#\/schema\/person\/5eb9480bedd2f3c97e430ce128c29c6c"},"headline":"S\u00e3o Domingos de Gusm\u00e3o","datePublished":"2018-08-08T03:56:19+00:00","dateModified":"2018-06-25T11:12:24+00:00","mainEntityOfPage":{"@id":"https:\/\/www.oarcanjo.net\/site\/sao-domingos-de-gusmao\/"},"wordCount":1663,"commentCount":0,"publisher":{"@id":"https:\/\/www.oarcanjo.net\/site\/#organization"},"image":{"@id":"https:\/\/www.oarcanjo.net\/site\/sao-domingos-de-gusmao\/#primaryimage"},"thumbnailUrl":"http:\/\/www.oarcanjo.net\/site\/wp-content\/uploads\/Sao-Domingos-de-Gusmao.jpg","articleSection":["Testemunhos"],"inLanguage":"pt-BR","potentialAction":[{"@type":"CommentAction","name":"Comment","target":["https:\/\/www.oarcanjo.net\/site\/sao-domingos-de-gusmao\/#respond"]}]},{"@type":"WebPage","@id":"https:\/\/www.oarcanjo.net\/site\/sao-domingos-de-gusmao\/","url":"https:\/\/www.oarcanjo.net\/site\/sao-domingos-de-gusmao\/","name":"S\u00e3o Domingos de Gusm\u00e3o - O Arcanjo no ar","isPartOf":{"@id":"https:\/\/www.oarcanjo.net\/site\/#website"},"primaryImageOfPage":{"@id":"https:\/\/www.oarcanjo.net\/site\/sao-domingos-de-gusmao\/#primaryimage"},"image":{"@id":"https:\/\/www.oarcanjo.net\/site\/sao-domingos-de-gusmao\/#primaryimage"},"thumbnailUrl":"http:\/\/www.oarcanjo.net\/site\/wp-content\/uploads\/Sao-Domingos-de-Gusmao.jpg","datePublished":"2018-08-08T03:56:19+00:00","dateModified":"2018-06-25T11:12:24+00:00","breadcrumb":{"@id":"https:\/\/www.oarcanjo.net\/site\/sao-domingos-de-gusmao\/#breadcrumb"},"inLanguage":"pt-BR","potentialAction":[{"@type":"ReadAction","target":["https:\/\/www.oarcanjo.net\/site\/sao-domingos-de-gusmao\/"]}]},{"@type":"ImageObject","inLanguage":"pt-BR","@id":"https:\/\/www.oarcanjo.net\/site\/sao-domingos-de-gusmao\/#primaryimage","url":"https:\/\/www.oarcanjo.net\/site\/wp-content\/uploads\/Sao-Domingos-de-Gusmao.jpg","contentUrl":"https:\/\/www.oarcanjo.net\/site\/wp-content\/uploads\/Sao-Domingos-de-Gusmao.jpg","width":189,"height":300,"caption":"S\u00e3o Domingos de Gusm\u00e3o"},{"@type":"BreadcrumbList","@id":"https:\/\/www.oarcanjo.net\/site\/sao-domingos-de-gusmao\/#breadcrumb","itemListElement":[{"@type":"ListItem","position":1,"name":"In\u00edcio","item":"https:\/\/www.oarcanjo.net\/site\/"},{"@type":"ListItem","position":2,"name":"S\u00e3o Domingos de Gusm\u00e3o"}]},{"@type":"WebSite","@id":"https:\/\/www.oarcanjo.net\/site\/#website","url":"https:\/\/www.oarcanjo.net\/site\/","name":"O Arcanjo no ar","description":"Site da Par\u00f3quia S\u00e3o Miguel Arcanjo (Arquidiocese de SP)","publisher":{"@id":"https:\/\/www.oarcanjo.net\/site\/#organization"},"potentialAction":[{"@type":"SearchAction","target":{"@type":"EntryPoint","urlTemplate":"https:\/\/www.oarcanjo.net\/site\/?s={search_term_string}"},"query-input":{"@type":"PropertyValueSpecification","valueRequired":true,"valueName":"search_term_string"}}],"inLanguage":"pt-BR"},{"@type":"Organization","@id":"https:\/\/www.oarcanjo.net\/site\/#organization","name":"Par\u00f3quia S\u00e3o Miguel Arcanjo","url":"https:\/\/www.oarcanjo.net\/site\/","logo":{"@type":"ImageObject","inLanguage":"pt-BR","@id":"https:\/\/www.oarcanjo.net\/site\/#\/schema\/logo\/image\/","url":"https:\/\/www.oarcanjo.net\/site\/wp-content\/uploads\/LogoOArcanjo.png","contentUrl":"https:\/\/www.oarcanjo.net\/site\/wp-content\/uploads\/LogoOArcanjo.png","width":319,"height":99,"caption":"Par\u00f3quia S\u00e3o Miguel Arcanjo"},"image":{"@id":"https:\/\/www.oarcanjo.net\/site\/#\/schema\/logo\/image\/"},"sameAs":["https:\/\/www.facebook.com\/OArcanjoNoAr\/"]},{"@type":"Person","@id":"https:\/\/www.oarcanjo.net\/site\/#\/schema\/person\/5eb9480bedd2f3c97e430ce128c29c6c","name":"danilo"}]}},"publishpress_future_action":{"enabled":false,"date":"2026-05-08 07:27:18","action":"category","newStatus":"draft","terms":[],"taxonomy":"category"},"publishpress_future_workflow_manual_trigger":{"enabledWorkflows":[]},"_links":{"self":[{"href":"https:\/\/www.oarcanjo.net\/site\/wp-json\/wp\/v2\/posts\/10421"}],"collection":[{"href":"https:\/\/www.oarcanjo.net\/site\/wp-json\/wp\/v2\/posts"}],"about":[{"href":"https:\/\/www.oarcanjo.net\/site\/wp-json\/wp\/v2\/types\/post"}],"author":[{"embeddable":true,"href":"https:\/\/www.oarcanjo.net\/site\/wp-json\/wp\/v2\/users\/14"}],"replies":[{"embeddable":true,"href":"https:\/\/www.oarcanjo.net\/site\/wp-json\/wp\/v2\/comments?post=10421"}],"version-history":[{"count":1,"href":"https:\/\/www.oarcanjo.net\/site\/wp-json\/wp\/v2\/posts\/10421\/revisions"}],"predecessor-version":[{"id":88829,"href":"https:\/\/www.oarcanjo.net\/site\/wp-json\/wp\/v2\/posts\/10421\/revisions\/88829"}],"wp:attachment":[{"href":"https:\/\/www.oarcanjo.net\/site\/wp-json\/wp\/v2\/media?parent=10421"}],"wp:term":[{"taxonomy":"category","embeddable":true,"href":"https:\/\/www.oarcanjo.net\/site\/wp-json\/wp\/v2\/categories?post=10421"},{"taxonomy":"post_tag","embeddable":true,"href":"https:\/\/www.oarcanjo.net\/site\/wp-json\/wp\/v2\/tags?post=10421"}],"curies":[{"name":"wp","href":"https:\/\/api.w.org\/{rel}","templated":true}]}}