
{"id":10423,"date":"2018-08-09T00:03:33","date_gmt":"2018-08-09T03:03:33","guid":{"rendered":"http:\/\/www.oarcanjo.net\/site\/?p=10423"},"modified":"2018-06-25T08:12:29","modified_gmt":"2018-06-25T11:12:29","slug":"sao-fermo-e-sao-rustico","status":"publish","type":"post","link":"https:\/\/www.oarcanjo.net\/site\/sao-fermo-e-sao-rustico\/","title":{"rendered":"S\u00e3o Fermo e s\u00e3o R\u00fastico"},"content":{"rendered":"<p><img loading=\"lazy\" decoding=\"async\" src=\"http:\/\/www.derradeirasgracas.com\/images\/1.%20O%20Santo%20do%20Dia%20-%20Fotos\/Santos%20de%20Agosto%20-%20Fotos\/Santos%20Fermo%20e%20R%C3%BAstico.gif\" alt=\"\" width=\"120\" height=\"157\" \/><\/p>\n<p>9 de Agosto<\/p>\n<p>Fermo e R\u00fastico foram dois m\u00e1rtires da \u00c1frica do Norte. O primeiro teria morrido em Cartago, no tempo do imperador D\u00e9cio, que empreendeu uma grande e dura persegui\u00e7\u00e3o aos crist\u00e3os nos anos de 249 at\u00e9 251. O segundo teria sido morto, junto com outros, na regi\u00e3o da Arg\u00e9lia, durante o imp\u00e9rio de Valeriano.<\/p>\n<p>As suas rel\u00edquias encontram-se na igreja de S\u00e3o Fermo e S\u00e3o R\u00fastico, em Verona, na It\u00e1lia. Trata-se de um conjunto arquitet\u00f4nico muito ex\u00f3tico, formado por duas igrejas, constru\u00eddas uma sobre a outra, em momentos diferentes. Uma teria sido constru\u00edda durante o s\u00e9culo XIII e a outra pelo s\u00e9culo XIV. A magn\u00edfica igreja superior guarda as urnas de Fermo e R\u00fastico, os quais possuem uma hist\u00f3ria muito interessante, envolta de long\u00ednquas tradi\u00e7\u00f5es crist\u00e3s do Oriente e do Ocidente.<\/p>\n<p>Segundo elas, Fermo e R\u00fastico n\u00e3o eram africanos, mas veronenses de origem. Teriam sido mortos decapitados por n\u00e3o renegarem a f\u00e9 em Jesus Cristo no tempo do imperador Maximiano, entre 286 e 310. Depois disso, seus corpos teriam sido enviados a Cartago, no norte da \u00c1frica, para serem sepultados.<\/p>\n<p>Por\u00e9m suas rel\u00edquias tiveram novamente o rumo da It\u00e1lia, entre 757 e 774, devido \u00e0 aclama\u00e7\u00e3o do povo. O retorno foi patrocinado pelo bispo de Verona, Annone, que custeou o traslado das rel\u00edquias de volta \u00e0 sua terra natal. Os dois m\u00e1rtires foram acolhidos com grande solenidade, quando os corpos foram depositados nas igrejas, que h\u00e1 muito tempo j\u00e1 haviam sido erguidas em honra de seus nomes.<\/p>\n<p>Essa hist\u00f3ria est\u00e1 registrada em dois documentos: no &#8220;Translatio ss. Firmi et Rustici&#8221;, da segunda metade do s\u00e9culo VII, e no &#8220;Il ritmo pipiniano&#8221;, escrito entre os s\u00e9culos VIII e IX. Naquela \u00e9poca, o norte da \u00c1frica estava sob dom\u00ednio dos v\u00e2ndalos de Genserico. Isso provocou uma emigra\u00e7\u00e3o de cidad\u00e3os romanos, fugitivos, de volta \u00e0 It\u00e1lia.<\/p>\n<p>Verona era a prov\u00edncia que mais acolhia esses fugitivos. Ela teve, mesmo, como bispo, o norte-africano Zeno, tamb\u00e9m um fugitivo, que hoje \u00e9 festejado como Padroeiro da cidade. Ele \u00e9 um bom exemplo de como o povo veronense tinha grande venera\u00e7\u00e3o pelos m\u00e1rtires africanos. Assim, \u00e9 bem poss\u00edvel que tenham adotando, tamb\u00e9m, os santos Fermo e R\u00fastico, muito celebrados como padroeiros de Verona.<\/p>\n<div id=\"themify_builder_content-10423\" data-postid=\"10423\" class=\"themify_builder_content themify_builder_content-10423 themify_builder themify_builder_front\">\n\t<\/div>\n<!-- \/themify_builder_content -->","protected":false},"excerpt":{"rendered":"<p>9 de Agosto Fermo e R\u00fastico foram dois m\u00e1rtires da \u00c1frica do Norte. O primeiro teria morrido em Cartago, no tempo do imperador D\u00e9cio, que empreendeu uma grande e dura persegui\u00e7\u00e3o aos crist\u00e3os nos anos de 249 at\u00e9 251. O segundo teria sido morto, junto com outros, na regi\u00e3o da Arg\u00e9lia, durante o imp\u00e9rio de [&hellip;]<\/p>\n","protected":false},"author":14,"featured_media":0,"comment_status":"open","ping_status":"open","sticky":false,"template":"","format":"standard","meta":{"ngg_post_thumbnail":0,"footnotes":""},"categories":[186],"tags":[],"yoast_head":"<!-- This site is optimized with the Yoast SEO plugin v23.5 - https:\/\/yoast.com\/wordpress\/plugins\/seo\/ -->\n<title>S\u00e3o Fermo e s\u00e3o R\u00fastico - O Arcanjo no ar<\/title>\n<meta name=\"robots\" content=\"index, follow, max-snippet:-1, max-image-preview:large, max-video-preview:-1\" \/>\n<link rel=\"canonical\" href=\"https:\/\/www.oarcanjo.net\/site\/sao-fermo-e-sao-rustico\/\" \/>\n<meta property=\"og:locale\" content=\"pt_BR\" \/>\n<meta property=\"og:type\" content=\"article\" \/>\n<meta property=\"og:title\" content=\"S\u00e3o Fermo e s\u00e3o R\u00fastico - O Arcanjo no ar\" \/>\n<meta property=\"og:description\" content=\"9 de Agosto Fermo e R\u00fastico foram dois m\u00e1rtires da \u00c1frica do Norte. O primeiro teria morrido em Cartago, no tempo do imperador D\u00e9cio, que empreendeu uma grande e dura persegui\u00e7\u00e3o aos crist\u00e3os nos anos de 249 at\u00e9 251. O segundo teria sido morto, junto com outros, na regi\u00e3o da Arg\u00e9lia, durante o imp\u00e9rio de [&hellip;]\" \/>\n<meta property=\"og:url\" content=\"https:\/\/www.oarcanjo.net\/site\/sao-fermo-e-sao-rustico\/\" \/>\n<meta property=\"og:site_name\" content=\"O Arcanjo no ar\" \/>\n<meta property=\"article:publisher\" content=\"https:\/\/www.facebook.com\/OArcanjoNoAr\/\" \/>\n<meta property=\"article:published_time\" content=\"2018-08-09T03:03:33+00:00\" \/>\n<meta property=\"article:modified_time\" content=\"2018-06-25T11:12:29+00:00\" \/>\n<meta property=\"og:image\" content=\"http:\/\/www.derradeirasgracas.com\/images\/1.%20O%20Santo%20do%20Dia%20-%20Fotos\/Santos%20de%20Agosto%20-%20Fotos\/Santos%20Fermo%20e%20R%C3%BAstico.gif\" \/>\n<meta name=\"author\" content=\"danilo\" \/>\n<meta name=\"twitter:card\" content=\"summary_large_image\" \/>\n<meta name=\"twitter:label1\" content=\"Escrito por\" \/>\n\t<meta name=\"twitter:data1\" content=\"danilo\" \/>\n\t<meta name=\"twitter:label2\" content=\"Est. tempo de leitura\" \/>\n\t<meta name=\"twitter:data2\" content=\"2 minutos\" \/>\n<script type=\"application\/ld+json\" class=\"yoast-schema-graph\">{\"@context\":\"https:\/\/schema.org\",\"@graph\":[{\"@type\":\"Article\",\"@id\":\"https:\/\/www.oarcanjo.net\/site\/sao-fermo-e-sao-rustico\/#article\",\"isPartOf\":{\"@id\":\"https:\/\/www.oarcanjo.net\/site\/sao-fermo-e-sao-rustico\/\"},\"author\":{\"name\":\"danilo\",\"@id\":\"https:\/\/www.oarcanjo.net\/site\/#\/schema\/person\/5eb9480bedd2f3c97e430ce128c29c6c\"},\"headline\":\"S\u00e3o Fermo e s\u00e3o R\u00fastico\",\"datePublished\":\"2018-08-09T03:03:33+00:00\",\"dateModified\":\"2018-06-25T11:12:29+00:00\",\"mainEntityOfPage\":{\"@id\":\"https:\/\/www.oarcanjo.net\/site\/sao-fermo-e-sao-rustico\/\"},\"wordCount\":412,\"commentCount\":0,\"publisher\":{\"@id\":\"https:\/\/www.oarcanjo.net\/site\/#organization\"},\"image\":{\"@id\":\"https:\/\/www.oarcanjo.net\/site\/sao-fermo-e-sao-rustico\/#primaryimage\"},\"thumbnailUrl\":\"http:\/\/www.derradeirasgracas.com\/images\/1.%20O%20Santo%20do%20Dia%20-%20Fotos\/Santos%20de%20Agosto%20-%20Fotos\/Santos%20Fermo%20e%20R%C3%BAstico.gif\",\"articleSection\":[\"Testemunhos\"],\"inLanguage\":\"pt-BR\",\"potentialAction\":[{\"@type\":\"CommentAction\",\"name\":\"Comment\",\"target\":[\"https:\/\/www.oarcanjo.net\/site\/sao-fermo-e-sao-rustico\/#respond\"]}]},{\"@type\":\"WebPage\",\"@id\":\"https:\/\/www.oarcanjo.net\/site\/sao-fermo-e-sao-rustico\/\",\"url\":\"https:\/\/www.oarcanjo.net\/site\/sao-fermo-e-sao-rustico\/\",\"name\":\"S\u00e3o Fermo e s\u00e3o R\u00fastico - O Arcanjo no ar\",\"isPartOf\":{\"@id\":\"https:\/\/www.oarcanjo.net\/site\/#website\"},\"primaryImageOfPage\":{\"@id\":\"https:\/\/www.oarcanjo.net\/site\/sao-fermo-e-sao-rustico\/#primaryimage\"},\"image\":{\"@id\":\"https:\/\/www.oarcanjo.net\/site\/sao-fermo-e-sao-rustico\/#primaryimage\"},\"thumbnailUrl\":\"http:\/\/www.derradeirasgracas.com\/images\/1.%20O%20Santo%20do%20Dia%20-%20Fotos\/Santos%20de%20Agosto%20-%20Fotos\/Santos%20Fermo%20e%20R%C3%BAstico.gif\",\"datePublished\":\"2018-08-09T03:03:33+00:00\",\"dateModified\":\"2018-06-25T11:12:29+00:00\",\"breadcrumb\":{\"@id\":\"https:\/\/www.oarcanjo.net\/site\/sao-fermo-e-sao-rustico\/#breadcrumb\"},\"inLanguage\":\"pt-BR\",\"potentialAction\":[{\"@type\":\"ReadAction\",\"target\":[\"https:\/\/www.oarcanjo.net\/site\/sao-fermo-e-sao-rustico\/\"]}]},{\"@type\":\"ImageObject\",\"inLanguage\":\"pt-BR\",\"@id\":\"https:\/\/www.oarcanjo.net\/site\/sao-fermo-e-sao-rustico\/#primaryimage\",\"url\":\"http:\/\/www.derradeirasgracas.com\/images\/1.%20O%20Santo%20do%20Dia%20-%20Fotos\/Santos%20de%20Agosto%20-%20Fotos\/Santos%20Fermo%20e%20R%C3%BAstico.gif\",\"contentUrl\":\"http:\/\/www.derradeirasgracas.com\/images\/1.%20O%20Santo%20do%20Dia%20-%20Fotos\/Santos%20de%20Agosto%20-%20Fotos\/Santos%20Fermo%20e%20R%C3%BAstico.gif\"},{\"@type\":\"BreadcrumbList\",\"@id\":\"https:\/\/www.oarcanjo.net\/site\/sao-fermo-e-sao-rustico\/#breadcrumb\",\"itemListElement\":[{\"@type\":\"ListItem\",\"position\":1,\"name\":\"In\u00edcio\",\"item\":\"https:\/\/www.oarcanjo.net\/site\/\"},{\"@type\":\"ListItem\",\"position\":2,\"name\":\"S\u00e3o Fermo e s\u00e3o R\u00fastico\"}]},{\"@type\":\"WebSite\",\"@id\":\"https:\/\/www.oarcanjo.net\/site\/#website\",\"url\":\"https:\/\/www.oarcanjo.net\/site\/\",\"name\":\"O Arcanjo no ar\",\"description\":\"Site da Par\u00f3quia S\u00e3o Miguel Arcanjo (Arquidiocese de SP)\",\"publisher\":{\"@id\":\"https:\/\/www.oarcanjo.net\/site\/#organization\"},\"potentialAction\":[{\"@type\":\"SearchAction\",\"target\":{\"@type\":\"EntryPoint\",\"urlTemplate\":\"https:\/\/www.oarcanjo.net\/site\/?s={search_term_string}\"},\"query-input\":{\"@type\":\"PropertyValueSpecification\",\"valueRequired\":true,\"valueName\":\"search_term_string\"}}],\"inLanguage\":\"pt-BR\"},{\"@type\":\"Organization\",\"@id\":\"https:\/\/www.oarcanjo.net\/site\/#organization\",\"name\":\"Par\u00f3quia S\u00e3o Miguel Arcanjo\",\"url\":\"https:\/\/www.oarcanjo.net\/site\/\",\"logo\":{\"@type\":\"ImageObject\",\"inLanguage\":\"pt-BR\",\"@id\":\"https:\/\/www.oarcanjo.net\/site\/#\/schema\/logo\/image\/\",\"url\":\"https:\/\/www.oarcanjo.net\/site\/wp-content\/uploads\/LogoOArcanjo.png\",\"contentUrl\":\"https:\/\/www.oarcanjo.net\/site\/wp-content\/uploads\/LogoOArcanjo.png\",\"width\":319,\"height\":99,\"caption\":\"Par\u00f3quia S\u00e3o Miguel Arcanjo\"},\"image\":{\"@id\":\"https:\/\/www.oarcanjo.net\/site\/#\/schema\/logo\/image\/\"},\"sameAs\":[\"https:\/\/www.facebook.com\/OArcanjoNoAr\/\"]},{\"@type\":\"Person\",\"@id\":\"https:\/\/www.oarcanjo.net\/site\/#\/schema\/person\/5eb9480bedd2f3c97e430ce128c29c6c\",\"name\":\"danilo\"}]}<\/script>\n<!-- \/ Yoast SEO plugin. -->","yoast_head_json":{"title":"S\u00e3o Fermo e s\u00e3o R\u00fastico - O Arcanjo no ar","robots":{"index":"index","follow":"follow","max-snippet":"max-snippet:-1","max-image-preview":"max-image-preview:large","max-video-preview":"max-video-preview:-1"},"canonical":"https:\/\/www.oarcanjo.net\/site\/sao-fermo-e-sao-rustico\/","og_locale":"pt_BR","og_type":"article","og_title":"S\u00e3o Fermo e s\u00e3o R\u00fastico - O Arcanjo no ar","og_description":"9 de Agosto Fermo e R\u00fastico foram dois m\u00e1rtires da \u00c1frica do Norte. O primeiro teria morrido em Cartago, no tempo do imperador D\u00e9cio, que empreendeu uma grande e dura persegui\u00e7\u00e3o aos crist\u00e3os nos anos de 249 at\u00e9 251. O segundo teria sido morto, junto com outros, na regi\u00e3o da Arg\u00e9lia, durante o imp\u00e9rio de [&hellip;]","og_url":"https:\/\/www.oarcanjo.net\/site\/sao-fermo-e-sao-rustico\/","og_site_name":"O Arcanjo no ar","article_publisher":"https:\/\/www.facebook.com\/OArcanjoNoAr\/","article_published_time":"2018-08-09T03:03:33+00:00","article_modified_time":"2018-06-25T11:12:29+00:00","og_image":[{"url":"http:\/\/www.derradeirasgracas.com\/images\/1.%20O%20Santo%20do%20Dia%20-%20Fotos\/Santos%20de%20Agosto%20-%20Fotos\/Santos%20Fermo%20e%20R%C3%BAstico.gif"}],"author":"danilo","twitter_card":"summary_large_image","twitter_misc":{"Escrito por":"danilo","Est. tempo de leitura":"2 minutos"},"schema":{"@context":"https:\/\/schema.org","@graph":[{"@type":"Article","@id":"https:\/\/www.oarcanjo.net\/site\/sao-fermo-e-sao-rustico\/#article","isPartOf":{"@id":"https:\/\/www.oarcanjo.net\/site\/sao-fermo-e-sao-rustico\/"},"author":{"name":"danilo","@id":"https:\/\/www.oarcanjo.net\/site\/#\/schema\/person\/5eb9480bedd2f3c97e430ce128c29c6c"},"headline":"S\u00e3o Fermo e s\u00e3o R\u00fastico","datePublished":"2018-08-09T03:03:33+00:00","dateModified":"2018-06-25T11:12:29+00:00","mainEntityOfPage":{"@id":"https:\/\/www.oarcanjo.net\/site\/sao-fermo-e-sao-rustico\/"},"wordCount":412,"commentCount":0,"publisher":{"@id":"https:\/\/www.oarcanjo.net\/site\/#organization"},"image":{"@id":"https:\/\/www.oarcanjo.net\/site\/sao-fermo-e-sao-rustico\/#primaryimage"},"thumbnailUrl":"http:\/\/www.derradeirasgracas.com\/images\/1.%20O%20Santo%20do%20Dia%20-%20Fotos\/Santos%20de%20Agosto%20-%20Fotos\/Santos%20Fermo%20e%20R%C3%BAstico.gif","articleSection":["Testemunhos"],"inLanguage":"pt-BR","potentialAction":[{"@type":"CommentAction","name":"Comment","target":["https:\/\/www.oarcanjo.net\/site\/sao-fermo-e-sao-rustico\/#respond"]}]},{"@type":"WebPage","@id":"https:\/\/www.oarcanjo.net\/site\/sao-fermo-e-sao-rustico\/","url":"https:\/\/www.oarcanjo.net\/site\/sao-fermo-e-sao-rustico\/","name":"S\u00e3o Fermo e s\u00e3o R\u00fastico - O Arcanjo no ar","isPartOf":{"@id":"https:\/\/www.oarcanjo.net\/site\/#website"},"primaryImageOfPage":{"@id":"https:\/\/www.oarcanjo.net\/site\/sao-fermo-e-sao-rustico\/#primaryimage"},"image":{"@id":"https:\/\/www.oarcanjo.net\/site\/sao-fermo-e-sao-rustico\/#primaryimage"},"thumbnailUrl":"http:\/\/www.derradeirasgracas.com\/images\/1.%20O%20Santo%20do%20Dia%20-%20Fotos\/Santos%20de%20Agosto%20-%20Fotos\/Santos%20Fermo%20e%20R%C3%BAstico.gif","datePublished":"2018-08-09T03:03:33+00:00","dateModified":"2018-06-25T11:12:29+00:00","breadcrumb":{"@id":"https:\/\/www.oarcanjo.net\/site\/sao-fermo-e-sao-rustico\/#breadcrumb"},"inLanguage":"pt-BR","potentialAction":[{"@type":"ReadAction","target":["https:\/\/www.oarcanjo.net\/site\/sao-fermo-e-sao-rustico\/"]}]},{"@type":"ImageObject","inLanguage":"pt-BR","@id":"https:\/\/www.oarcanjo.net\/site\/sao-fermo-e-sao-rustico\/#primaryimage","url":"http:\/\/www.derradeirasgracas.com\/images\/1.%20O%20Santo%20do%20Dia%20-%20Fotos\/Santos%20de%20Agosto%20-%20Fotos\/Santos%20Fermo%20e%20R%C3%BAstico.gif","contentUrl":"http:\/\/www.derradeirasgracas.com\/images\/1.%20O%20Santo%20do%20Dia%20-%20Fotos\/Santos%20de%20Agosto%20-%20Fotos\/Santos%20Fermo%20e%20R%C3%BAstico.gif"},{"@type":"BreadcrumbList","@id":"https:\/\/www.oarcanjo.net\/site\/sao-fermo-e-sao-rustico\/#breadcrumb","itemListElement":[{"@type":"ListItem","position":1,"name":"In\u00edcio","item":"https:\/\/www.oarcanjo.net\/site\/"},{"@type":"ListItem","position":2,"name":"S\u00e3o Fermo e s\u00e3o R\u00fastico"}]},{"@type":"WebSite","@id":"https:\/\/www.oarcanjo.net\/site\/#website","url":"https:\/\/www.oarcanjo.net\/site\/","name":"O Arcanjo no ar","description":"Site da Par\u00f3quia S\u00e3o Miguel Arcanjo (Arquidiocese de SP)","publisher":{"@id":"https:\/\/www.oarcanjo.net\/site\/#organization"},"potentialAction":[{"@type":"SearchAction","target":{"@type":"EntryPoint","urlTemplate":"https:\/\/www.oarcanjo.net\/site\/?s={search_term_string}"},"query-input":{"@type":"PropertyValueSpecification","valueRequired":true,"valueName":"search_term_string"}}],"inLanguage":"pt-BR"},{"@type":"Organization","@id":"https:\/\/www.oarcanjo.net\/site\/#organization","name":"Par\u00f3quia S\u00e3o Miguel Arcanjo","url":"https:\/\/www.oarcanjo.net\/site\/","logo":{"@type":"ImageObject","inLanguage":"pt-BR","@id":"https:\/\/www.oarcanjo.net\/site\/#\/schema\/logo\/image\/","url":"https:\/\/www.oarcanjo.net\/site\/wp-content\/uploads\/LogoOArcanjo.png","contentUrl":"https:\/\/www.oarcanjo.net\/site\/wp-content\/uploads\/LogoOArcanjo.png","width":319,"height":99,"caption":"Par\u00f3quia S\u00e3o Miguel Arcanjo"},"image":{"@id":"https:\/\/www.oarcanjo.net\/site\/#\/schema\/logo\/image\/"},"sameAs":["https:\/\/www.facebook.com\/OArcanjoNoAr\/"]},{"@type":"Person","@id":"https:\/\/www.oarcanjo.net\/site\/#\/schema\/person\/5eb9480bedd2f3c97e430ce128c29c6c","name":"danilo"}]}},"publishpress_future_action":{"enabled":false,"date":"2026-05-08 08:49:20","action":"category","newStatus":"draft","terms":[],"taxonomy":"category"},"publishpress_future_workflow_manual_trigger":{"enabledWorkflows":[]},"_links":{"self":[{"href":"https:\/\/www.oarcanjo.net\/site\/wp-json\/wp\/v2\/posts\/10423"}],"collection":[{"href":"https:\/\/www.oarcanjo.net\/site\/wp-json\/wp\/v2\/posts"}],"about":[{"href":"https:\/\/www.oarcanjo.net\/site\/wp-json\/wp\/v2\/types\/post"}],"author":[{"embeddable":true,"href":"https:\/\/www.oarcanjo.net\/site\/wp-json\/wp\/v2\/users\/14"}],"replies":[{"embeddable":true,"href":"https:\/\/www.oarcanjo.net\/site\/wp-json\/wp\/v2\/comments?post=10423"}],"version-history":[{"count":1,"href":"https:\/\/www.oarcanjo.net\/site\/wp-json\/wp\/v2\/posts\/10423\/revisions"}],"predecessor-version":[{"id":88830,"href":"https:\/\/www.oarcanjo.net\/site\/wp-json\/wp\/v2\/posts\/10423\/revisions\/88830"}],"wp:attachment":[{"href":"https:\/\/www.oarcanjo.net\/site\/wp-json\/wp\/v2\/media?parent=10423"}],"wp:term":[{"taxonomy":"category","embeddable":true,"href":"https:\/\/www.oarcanjo.net\/site\/wp-json\/wp\/v2\/categories?post=10423"},{"taxonomy":"post_tag","embeddable":true,"href":"https:\/\/www.oarcanjo.net\/site\/wp-json\/wp\/v2\/tags?post=10423"}],"curies":[{"name":"wp","href":"https:\/\/api.w.org\/{rel}","templated":true}]}}