
{"id":10428,"date":"2018-08-10T00:21:25","date_gmt":"2018-08-10T03:21:25","guid":{"rendered":"http:\/\/www.oarcanjo.net\/site\/?p=10428"},"modified":"2018-06-25T08:12:56","modified_gmt":"2018-06-25T11:12:56","slug":"sao-lourenco","status":"publish","type":"post","link":"https:\/\/www.oarcanjo.net\/site\/sao-lourenco\/","title":{"rendered":"S\u00e3o Louren\u00e7o"},"content":{"rendered":"<p><img loading=\"lazy\" decoding=\"async\" src=\"http:\/\/beinbetter.files.wordpress.com\/2009\/08\/sao-lourenco.jpg\" alt=\"\" width=\"313\" height=\"534\" \/><\/p>\n<p>10 de Agosto<\/p>\n<p>No ano 257, o imperador romano Valeriano ordenou uma persegui\u00e7\u00e3o contra os crist\u00e3os. No in\u00edcio, parecia mais branda do que a imposta por D\u00e9cio. Ela tinha mais uma conota\u00e7\u00e3o repressora, porque proibia as reuni\u00f5es dos crist\u00e3os, fechava os acessos \u00e0s catacumbas, exilava os bispos e exigia respeito aos ritos pag\u00e3os. Mas n\u00e3o obrigava a renegar a f\u00e9 publicamente. Entretanto, no ano seguinte, Valeriano ordenou que os bispos e padres fossem todos mortos.<\/p>\n<p>Louren\u00e7o, na ocasi\u00e3o, era o arcedi\u00e1cono, do papa Xisto II, isto \u00e9, o primeiro dos sete di\u00e1conos a servi\u00e7o da Igreja de Roma. Dados de sua vida, anterior a esse per\u00edodo, nunca foram encontrados. Por\u00e9m devia ter uma boa forma\u00e7\u00e3o acad\u00eamica, pois seu cargo era de muita responsabilidade e import\u00e2ncia. Depois do papa, era Louren\u00e7o o respons\u00e1vel pela Igreja. Iss quer dizer que ele era o assistente do papa nas celebra\u00e7\u00f5es e na distribui\u00e7\u00e3o da eucaristia. Mas, al\u00e9m disso, era o \u00fanico administrador dos bens da Igreja, cuidando das constru\u00e7\u00f5es dos cemit\u00e9rios, igrejas e da manuten\u00e7\u00e3o das obras assistenciais destinadas ao amparo dos pobres, \u00f3rf\u00e3os, vi\u00favas e doentes.<\/p>\n<p>A partir do decreto de Valeriano, os bispos come\u00e7aram a ser executados e um dos primeiros foi Cipriano de Cartago, que morreu em 258. Logo em seguida foi a vez de o papa Xisto II ser executado, junto com os outros seis di\u00e1conos.<\/p>\n<p>Conta a tradi\u00e7\u00e3o que Louren\u00e7o conseguiu conversar com o papa Xisto II um pouco antes dele morrer. O papa ter-lhe-ia pedido para que distribu\u00edsse aos pobres todos os seus pertences e os da Igreja tamb\u00e9m, pois temia que ca\u00edssem nas m\u00e3os dos pag\u00e3os. Louren\u00e7o foi preso e levado \u00e0 presen\u00e7a do governador romano, Corn\u00e9lio Secularos, justamente para entregar todos os bens que a Igreja possu\u00eda. Louren\u00e7o pediu um prazo de tr\u00eas dias, pois, como confessou, a riqueza era grande e tinha de fazer o balan\u00e7o completo. Obteve o consentimento.<\/p>\n<p>Assim, rapidamente distribuiu tudo aos pobres e, quanto aos livros e objetos sagrados, cuidou para que ficassem bem escondidos. Em seguida, reuniu um grupo de cegos, \u00f3rf\u00e3os, mendigos, doentes e colocou-os na frente de Corn\u00e9lio, dizendo: &#8220;Pronto, aqui est\u00e3o os tesouros da Igreja&#8221;. Irado, o governador mandou que o amarrassem sobre uma grelha, para ser assado vivo, e lentamente. O supl\u00edcio cruel n\u00e3o demoveu Louren\u00e7o de sua f\u00e9. Segundo uma narrativa de santo Ambr\u00f3sio, Louren\u00e7o teria ainda encontrado disposi\u00e7\u00e3o e muita coragem para dizer ao seu carrasco: &#8220;Vira-me, que j\u00e1 estou bem assado deste lado&#8221;.<\/p>\n<p>Louren\u00e7o morreu no dia 10 de agosto de 258, rezando pela cidade de Roma. A popula\u00e7\u00e3o mostrou-se muito grata a s\u00e3o Louren\u00e7o, que, pelo seu feito, \u00e9 chamado de &#8220;pr\u00edncipe dos m\u00e1rtires&#8221;. Os romanos ergueram, ao longo do tempo, tantas igrejas em sua homenagem que nem mesmo s\u00e3o Pedro e s\u00e3o Paulo, os padroeiros de Roma, possuem igual devo\u00e7\u00e3o.<\/p>\n<div id=\"themify_builder_content-10428\" data-postid=\"10428\" class=\"themify_builder_content themify_builder_content-10428 themify_builder themify_builder_front\">\n\t<\/div>\n<!-- \/themify_builder_content -->","protected":false},"excerpt":{"rendered":"<p>10 de Agosto No ano 257, o imperador romano Valeriano ordenou uma persegui\u00e7\u00e3o contra os crist\u00e3os. No in\u00edcio, parecia mais branda do que a imposta por D\u00e9cio. Ela tinha mais uma conota\u00e7\u00e3o repressora, porque proibia as reuni\u00f5es dos crist\u00e3os, fechava os acessos \u00e0s catacumbas, exilava os bispos e exigia respeito aos ritos pag\u00e3os. Mas n\u00e3o [&hellip;]<\/p>\n","protected":false},"author":14,"featured_media":0,"comment_status":"open","ping_status":"open","sticky":false,"template":"","format":"standard","meta":{"ngg_post_thumbnail":0,"footnotes":""},"categories":[186],"tags":[],"yoast_head":"<!-- This site is optimized with the Yoast SEO plugin v23.5 - https:\/\/yoast.com\/wordpress\/plugins\/seo\/ -->\n<title>S\u00e3o Louren\u00e7o - O Arcanjo no ar<\/title>\n<meta name=\"robots\" content=\"index, follow, max-snippet:-1, max-image-preview:large, max-video-preview:-1\" \/>\n<link rel=\"canonical\" href=\"https:\/\/www.oarcanjo.net\/site\/sao-lourenco\/\" \/>\n<meta property=\"og:locale\" content=\"pt_BR\" \/>\n<meta property=\"og:type\" content=\"article\" \/>\n<meta property=\"og:title\" content=\"S\u00e3o Louren\u00e7o - O Arcanjo no ar\" \/>\n<meta property=\"og:description\" content=\"10 de Agosto No ano 257, o imperador romano Valeriano ordenou uma persegui\u00e7\u00e3o contra os crist\u00e3os. No in\u00edcio, parecia mais branda do que a imposta por D\u00e9cio. Ela tinha mais uma conota\u00e7\u00e3o repressora, porque proibia as reuni\u00f5es dos crist\u00e3os, fechava os acessos \u00e0s catacumbas, exilava os bispos e exigia respeito aos ritos pag\u00e3os. Mas n\u00e3o [&hellip;]\" \/>\n<meta property=\"og:url\" content=\"https:\/\/www.oarcanjo.net\/site\/sao-lourenco\/\" \/>\n<meta property=\"og:site_name\" content=\"O Arcanjo no ar\" \/>\n<meta property=\"article:publisher\" content=\"https:\/\/www.facebook.com\/OArcanjoNoAr\/\" \/>\n<meta property=\"article:published_time\" content=\"2018-08-10T03:21:25+00:00\" \/>\n<meta property=\"article:modified_time\" content=\"2018-06-25T11:12:56+00:00\" \/>\n<meta property=\"og:image\" content=\"http:\/\/beinbetter.files.wordpress.com\/2009\/08\/sao-lourenco.jpg\" \/>\n<meta name=\"author\" content=\"danilo\" \/>\n<meta name=\"twitter:card\" content=\"summary_large_image\" \/>\n<meta name=\"twitter:label1\" content=\"Escrito por\" \/>\n\t<meta name=\"twitter:data1\" content=\"danilo\" \/>\n\t<meta name=\"twitter:label2\" content=\"Est. tempo de leitura\" \/>\n\t<meta name=\"twitter:data2\" content=\"3 minutos\" \/>\n<script type=\"application\/ld+json\" class=\"yoast-schema-graph\">{\"@context\":\"https:\/\/schema.org\",\"@graph\":[{\"@type\":\"Article\",\"@id\":\"https:\/\/www.oarcanjo.net\/site\/sao-lourenco\/#article\",\"isPartOf\":{\"@id\":\"https:\/\/www.oarcanjo.net\/site\/sao-lourenco\/\"},\"author\":{\"name\":\"danilo\",\"@id\":\"https:\/\/www.oarcanjo.net\/site\/#\/schema\/person\/5eb9480bedd2f3c97e430ce128c29c6c\"},\"headline\":\"S\u00e3o Louren\u00e7o\",\"datePublished\":\"2018-08-10T03:21:25+00:00\",\"dateModified\":\"2018-06-25T11:12:56+00:00\",\"mainEntityOfPage\":{\"@id\":\"https:\/\/www.oarcanjo.net\/site\/sao-lourenco\/\"},\"wordCount\":528,\"commentCount\":0,\"publisher\":{\"@id\":\"https:\/\/www.oarcanjo.net\/site\/#organization\"},\"image\":{\"@id\":\"https:\/\/www.oarcanjo.net\/site\/sao-lourenco\/#primaryimage\"},\"thumbnailUrl\":\"http:\/\/beinbetter.files.wordpress.com\/2009\/08\/sao-lourenco.jpg\",\"articleSection\":[\"Testemunhos\"],\"inLanguage\":\"pt-BR\",\"potentialAction\":[{\"@type\":\"CommentAction\",\"name\":\"Comment\",\"target\":[\"https:\/\/www.oarcanjo.net\/site\/sao-lourenco\/#respond\"]}]},{\"@type\":\"WebPage\",\"@id\":\"https:\/\/www.oarcanjo.net\/site\/sao-lourenco\/\",\"url\":\"https:\/\/www.oarcanjo.net\/site\/sao-lourenco\/\",\"name\":\"S\u00e3o Louren\u00e7o - O Arcanjo no ar\",\"isPartOf\":{\"@id\":\"https:\/\/www.oarcanjo.net\/site\/#website\"},\"primaryImageOfPage\":{\"@id\":\"https:\/\/www.oarcanjo.net\/site\/sao-lourenco\/#primaryimage\"},\"image\":{\"@id\":\"https:\/\/www.oarcanjo.net\/site\/sao-lourenco\/#primaryimage\"},\"thumbnailUrl\":\"http:\/\/beinbetter.files.wordpress.com\/2009\/08\/sao-lourenco.jpg\",\"datePublished\":\"2018-08-10T03:21:25+00:00\",\"dateModified\":\"2018-06-25T11:12:56+00:00\",\"breadcrumb\":{\"@id\":\"https:\/\/www.oarcanjo.net\/site\/sao-lourenco\/#breadcrumb\"},\"inLanguage\":\"pt-BR\",\"potentialAction\":[{\"@type\":\"ReadAction\",\"target\":[\"https:\/\/www.oarcanjo.net\/site\/sao-lourenco\/\"]}]},{\"@type\":\"ImageObject\",\"inLanguage\":\"pt-BR\",\"@id\":\"https:\/\/www.oarcanjo.net\/site\/sao-lourenco\/#primaryimage\",\"url\":\"http:\/\/beinbetter.files.wordpress.com\/2009\/08\/sao-lourenco.jpg\",\"contentUrl\":\"http:\/\/beinbetter.files.wordpress.com\/2009\/08\/sao-lourenco.jpg\"},{\"@type\":\"BreadcrumbList\",\"@id\":\"https:\/\/www.oarcanjo.net\/site\/sao-lourenco\/#breadcrumb\",\"itemListElement\":[{\"@type\":\"ListItem\",\"position\":1,\"name\":\"In\u00edcio\",\"item\":\"https:\/\/www.oarcanjo.net\/site\/\"},{\"@type\":\"ListItem\",\"position\":2,\"name\":\"S\u00e3o Louren\u00e7o\"}]},{\"@type\":\"WebSite\",\"@id\":\"https:\/\/www.oarcanjo.net\/site\/#website\",\"url\":\"https:\/\/www.oarcanjo.net\/site\/\",\"name\":\"O Arcanjo no ar\",\"description\":\"Site da Par\u00f3quia S\u00e3o Miguel Arcanjo (Arquidiocese de SP)\",\"publisher\":{\"@id\":\"https:\/\/www.oarcanjo.net\/site\/#organization\"},\"potentialAction\":[{\"@type\":\"SearchAction\",\"target\":{\"@type\":\"EntryPoint\",\"urlTemplate\":\"https:\/\/www.oarcanjo.net\/site\/?s={search_term_string}\"},\"query-input\":{\"@type\":\"PropertyValueSpecification\",\"valueRequired\":true,\"valueName\":\"search_term_string\"}}],\"inLanguage\":\"pt-BR\"},{\"@type\":\"Organization\",\"@id\":\"https:\/\/www.oarcanjo.net\/site\/#organization\",\"name\":\"Par\u00f3quia S\u00e3o Miguel Arcanjo\",\"url\":\"https:\/\/www.oarcanjo.net\/site\/\",\"logo\":{\"@type\":\"ImageObject\",\"inLanguage\":\"pt-BR\",\"@id\":\"https:\/\/www.oarcanjo.net\/site\/#\/schema\/logo\/image\/\",\"url\":\"https:\/\/www.oarcanjo.net\/site\/wp-content\/uploads\/LogoOArcanjo.png\",\"contentUrl\":\"https:\/\/www.oarcanjo.net\/site\/wp-content\/uploads\/LogoOArcanjo.png\",\"width\":319,\"height\":99,\"caption\":\"Par\u00f3quia S\u00e3o Miguel Arcanjo\"},\"image\":{\"@id\":\"https:\/\/www.oarcanjo.net\/site\/#\/schema\/logo\/image\/\"},\"sameAs\":[\"https:\/\/www.facebook.com\/OArcanjoNoAr\/\"]},{\"@type\":\"Person\",\"@id\":\"https:\/\/www.oarcanjo.net\/site\/#\/schema\/person\/5eb9480bedd2f3c97e430ce128c29c6c\",\"name\":\"danilo\"}]}<\/script>\n<!-- \/ Yoast SEO plugin. -->","yoast_head_json":{"title":"S\u00e3o Louren\u00e7o - O Arcanjo no ar","robots":{"index":"index","follow":"follow","max-snippet":"max-snippet:-1","max-image-preview":"max-image-preview:large","max-video-preview":"max-video-preview:-1"},"canonical":"https:\/\/www.oarcanjo.net\/site\/sao-lourenco\/","og_locale":"pt_BR","og_type":"article","og_title":"S\u00e3o Louren\u00e7o - O Arcanjo no ar","og_description":"10 de Agosto No ano 257, o imperador romano Valeriano ordenou uma persegui\u00e7\u00e3o contra os crist\u00e3os. No in\u00edcio, parecia mais branda do que a imposta por D\u00e9cio. Ela tinha mais uma conota\u00e7\u00e3o repressora, porque proibia as reuni\u00f5es dos crist\u00e3os, fechava os acessos \u00e0s catacumbas, exilava os bispos e exigia respeito aos ritos pag\u00e3os. Mas n\u00e3o [&hellip;]","og_url":"https:\/\/www.oarcanjo.net\/site\/sao-lourenco\/","og_site_name":"O Arcanjo no ar","article_publisher":"https:\/\/www.facebook.com\/OArcanjoNoAr\/","article_published_time":"2018-08-10T03:21:25+00:00","article_modified_time":"2018-06-25T11:12:56+00:00","og_image":[{"url":"http:\/\/beinbetter.files.wordpress.com\/2009\/08\/sao-lourenco.jpg"}],"author":"danilo","twitter_card":"summary_large_image","twitter_misc":{"Escrito por":"danilo","Est. tempo de leitura":"3 minutos"},"schema":{"@context":"https:\/\/schema.org","@graph":[{"@type":"Article","@id":"https:\/\/www.oarcanjo.net\/site\/sao-lourenco\/#article","isPartOf":{"@id":"https:\/\/www.oarcanjo.net\/site\/sao-lourenco\/"},"author":{"name":"danilo","@id":"https:\/\/www.oarcanjo.net\/site\/#\/schema\/person\/5eb9480bedd2f3c97e430ce128c29c6c"},"headline":"S\u00e3o Louren\u00e7o","datePublished":"2018-08-10T03:21:25+00:00","dateModified":"2018-06-25T11:12:56+00:00","mainEntityOfPage":{"@id":"https:\/\/www.oarcanjo.net\/site\/sao-lourenco\/"},"wordCount":528,"commentCount":0,"publisher":{"@id":"https:\/\/www.oarcanjo.net\/site\/#organization"},"image":{"@id":"https:\/\/www.oarcanjo.net\/site\/sao-lourenco\/#primaryimage"},"thumbnailUrl":"http:\/\/beinbetter.files.wordpress.com\/2009\/08\/sao-lourenco.jpg","articleSection":["Testemunhos"],"inLanguage":"pt-BR","potentialAction":[{"@type":"CommentAction","name":"Comment","target":["https:\/\/www.oarcanjo.net\/site\/sao-lourenco\/#respond"]}]},{"@type":"WebPage","@id":"https:\/\/www.oarcanjo.net\/site\/sao-lourenco\/","url":"https:\/\/www.oarcanjo.net\/site\/sao-lourenco\/","name":"S\u00e3o Louren\u00e7o - O Arcanjo no ar","isPartOf":{"@id":"https:\/\/www.oarcanjo.net\/site\/#website"},"primaryImageOfPage":{"@id":"https:\/\/www.oarcanjo.net\/site\/sao-lourenco\/#primaryimage"},"image":{"@id":"https:\/\/www.oarcanjo.net\/site\/sao-lourenco\/#primaryimage"},"thumbnailUrl":"http:\/\/beinbetter.files.wordpress.com\/2009\/08\/sao-lourenco.jpg","datePublished":"2018-08-10T03:21:25+00:00","dateModified":"2018-06-25T11:12:56+00:00","breadcrumb":{"@id":"https:\/\/www.oarcanjo.net\/site\/sao-lourenco\/#breadcrumb"},"inLanguage":"pt-BR","potentialAction":[{"@type":"ReadAction","target":["https:\/\/www.oarcanjo.net\/site\/sao-lourenco\/"]}]},{"@type":"ImageObject","inLanguage":"pt-BR","@id":"https:\/\/www.oarcanjo.net\/site\/sao-lourenco\/#primaryimage","url":"http:\/\/beinbetter.files.wordpress.com\/2009\/08\/sao-lourenco.jpg","contentUrl":"http:\/\/beinbetter.files.wordpress.com\/2009\/08\/sao-lourenco.jpg"},{"@type":"BreadcrumbList","@id":"https:\/\/www.oarcanjo.net\/site\/sao-lourenco\/#breadcrumb","itemListElement":[{"@type":"ListItem","position":1,"name":"In\u00edcio","item":"https:\/\/www.oarcanjo.net\/site\/"},{"@type":"ListItem","position":2,"name":"S\u00e3o Louren\u00e7o"}]},{"@type":"WebSite","@id":"https:\/\/www.oarcanjo.net\/site\/#website","url":"https:\/\/www.oarcanjo.net\/site\/","name":"O Arcanjo no ar","description":"Site da Par\u00f3quia S\u00e3o Miguel Arcanjo (Arquidiocese de SP)","publisher":{"@id":"https:\/\/www.oarcanjo.net\/site\/#organization"},"potentialAction":[{"@type":"SearchAction","target":{"@type":"EntryPoint","urlTemplate":"https:\/\/www.oarcanjo.net\/site\/?s={search_term_string}"},"query-input":{"@type":"PropertyValueSpecification","valueRequired":true,"valueName":"search_term_string"}}],"inLanguage":"pt-BR"},{"@type":"Organization","@id":"https:\/\/www.oarcanjo.net\/site\/#organization","name":"Par\u00f3quia S\u00e3o Miguel Arcanjo","url":"https:\/\/www.oarcanjo.net\/site\/","logo":{"@type":"ImageObject","inLanguage":"pt-BR","@id":"https:\/\/www.oarcanjo.net\/site\/#\/schema\/logo\/image\/","url":"https:\/\/www.oarcanjo.net\/site\/wp-content\/uploads\/LogoOArcanjo.png","contentUrl":"https:\/\/www.oarcanjo.net\/site\/wp-content\/uploads\/LogoOArcanjo.png","width":319,"height":99,"caption":"Par\u00f3quia S\u00e3o Miguel Arcanjo"},"image":{"@id":"https:\/\/www.oarcanjo.net\/site\/#\/schema\/logo\/image\/"},"sameAs":["https:\/\/www.facebook.com\/OArcanjoNoAr\/"]},{"@type":"Person","@id":"https:\/\/www.oarcanjo.net\/site\/#\/schema\/person\/5eb9480bedd2f3c97e430ce128c29c6c","name":"danilo"}]}},"publishpress_future_action":{"enabled":false,"date":"2026-05-08 07:27:18","action":"category","newStatus":"draft","terms":[],"taxonomy":"category"},"publishpress_future_workflow_manual_trigger":{"enabledWorkflows":[]},"_links":{"self":[{"href":"https:\/\/www.oarcanjo.net\/site\/wp-json\/wp\/v2\/posts\/10428"}],"collection":[{"href":"https:\/\/www.oarcanjo.net\/site\/wp-json\/wp\/v2\/posts"}],"about":[{"href":"https:\/\/www.oarcanjo.net\/site\/wp-json\/wp\/v2\/types\/post"}],"author":[{"embeddable":true,"href":"https:\/\/www.oarcanjo.net\/site\/wp-json\/wp\/v2\/users\/14"}],"replies":[{"embeddable":true,"href":"https:\/\/www.oarcanjo.net\/site\/wp-json\/wp\/v2\/comments?post=10428"}],"version-history":[{"count":1,"href":"https:\/\/www.oarcanjo.net\/site\/wp-json\/wp\/v2\/posts\/10428\/revisions"}],"predecessor-version":[{"id":88833,"href":"https:\/\/www.oarcanjo.net\/site\/wp-json\/wp\/v2\/posts\/10428\/revisions\/88833"}],"wp:attachment":[{"href":"https:\/\/www.oarcanjo.net\/site\/wp-json\/wp\/v2\/media?parent=10428"}],"wp:term":[{"taxonomy":"category","embeddable":true,"href":"https:\/\/www.oarcanjo.net\/site\/wp-json\/wp\/v2\/categories?post=10428"},{"taxonomy":"post_tag","embeddable":true,"href":"https:\/\/www.oarcanjo.net\/site\/wp-json\/wp\/v2\/tags?post=10428"}],"curies":[{"name":"wp","href":"https:\/\/api.w.org\/{rel}","templated":true}]}}