
{"id":10434,"date":"2010-08-07T16:09:26","date_gmt":"2010-08-07T19:09:26","guid":{"rendered":"http:\/\/www.oarcanjo.net\/site\/?p=10434"},"modified":"2010-08-07T16:09:26","modified_gmt":"2010-08-07T19:09:26","slug":"ela-vai-morrer","status":"publish","type":"post","link":"https:\/\/www.oarcanjo.net\/site\/ela-vai-morrer\/","title":{"rendered":"Ela vai morrer"},"content":{"rendered":"<p>Jung Mo Sung<\/p>\n<p>Diante da rea\u00e7\u00e3o internacional contra a pena de morte por apedrejamento imposta a Sakineh Mohammadi Ashtiani, iraniana de 43 anos, vi\u00fava e m\u00e3e de dois filhos, por supostamente cometer adult\u00e9rio com dois homens, o governo iraniano modificou a acusa\u00e7\u00e3o de assassinado do seu marido. Isto \u00e9, ela \u00e9 culpada; precisa ser morta; n\u00e3o importam as provas ou tipo de acusa\u00e7\u00e3o.<\/p>\n<p>Para o mundo moderno e principalmente para as sociedades ocidentais, \u00e9 incompreens\u00edvel que uma mulher seja condenada \u00e0 morte por apedrejamento por causa de adult\u00e9rio. Mas, de acordo com a legisla\u00e7\u00e3o iraniana, \u00e9 a lei. E, em \u00faltima inst\u00e2ncia, seria a vontade de Deus, pois em uma teocracia, como o regime iraniano, n\u00e3o h\u00e1 separa\u00e7\u00e3o entre a lei civil e a lei religiosa. E de acordo com a sharia, ou de acordo com a interpreta\u00e7\u00e3o dada pelos l\u00edderes religiosos do Ir\u00e3, o adult\u00e9rio \u00e9 um dos crimes que devem ser punidos com apedrejamento at\u00e9 a morte.<\/p>\n<p>Mesmo que as press\u00f5es internacionais consigam suspender ou modificar a puni\u00e7\u00e3o, ou at\u00e9 mesmo provar que ela \u00e9 inocente das acusa\u00e7\u00f5es, essa lei continuar\u00e1 existindo. E diante disso, surge uma pergunta para n\u00f3s: devemos interferir na religi\u00e3o do &#8220;outro&#8221; ou na legisla\u00e7\u00e3o de um pa\u00eds soberano em nome de direitos humanos? Se interferirmos, promovendo ou participando de movimentos de press\u00e3o, n\u00e3o estar\u00edamos ocorrendo na soberbia de acharmos que sabemos melhor o que \u00e9 a verdade e os valores religiosos isl\u00e2micos? Se optarmos por uma atitude &#8220;humilde&#8221; e n\u00e3o interferirmos, n\u00e3o estar\u00edamos caindo em uma atitude de indiferen\u00e7a e at\u00e9 mesmo de cinismo frente aos sofrimentos das pessoas que sofrem sob peso de leis desse tipo?<\/p>\n<p>\u00c9 em casos assim, bem concretos e pol\u00eamicos, que os valores abstratos como respeito \u00e0 religi\u00e3o ou a cultura dos &#8220;outros&#8221; s\u00e3o provados ou questionados a fundo. (Aqui n\u00e3o vou discutir o tema da interfer\u00eancia nas quest\u00f5es internas e de legisla\u00e7\u00e3o de um pa\u00eds soberano.)<\/p>\n<p>H\u00e1 pessoas que dizem que essa lei n\u00e3o tem fundamento nos ensinamentos de Mohamed, nem no Cor\u00e3o e, que por isso, o mal n\u00e3o \u00e9 do islamismo. No fundo, \u00e9 uma tentativa de salvar a tese de que todas as religi\u00f5es, em sua ess\u00eancia e origem s\u00e3o boas. Contudo, os l\u00edderes religiosos respons\u00e1veis pela &#8220;interpreta\u00e7\u00e3o correta&#8221; do islamismo e do Cor\u00e3o em Ir\u00e3 dizem que essa lei est\u00e1 de acordo com Cor\u00e3o e a vontade de Al\u00e1.<\/p>\n<p>Outros aproveitam situa\u00e7\u00f5es assim para defender a tese de que todas as religi\u00f5es s\u00e3o perversas em si ou s\u00e3o coisas do passado e que devem ser superadas pelos valores humanistas modernos. Esquecem, por\u00e9m, que h\u00e1 muitas pessoas isl\u00e2micas que, em nome da sua f\u00e9, lutam contra esse tipo de interpreta\u00e7\u00e3o do Cor\u00e3o ou da tradi\u00e7\u00e3o isl\u00e2mica.<\/p>\n<p>Na hist\u00f3ria do cristianismo ocidental, tivemos tamb\u00e9m casos parecidos, como da inquisi\u00e7\u00e3o ou da ca\u00e7a \u00e0s bruxas, que foram realizadas em nome do cristianismo, com apoio das suas autoridades religiosas e da parcela significativa do povo crist\u00e3o.<\/p>\n<p>Se olharmos para a hist\u00f3ria, veremos que casos de apedrejamento ou puni\u00e7\u00f5es similares das mulheres ad\u00falteras n\u00e3o s\u00e3o raros. S\u00e3o puni\u00e7\u00f5es exemplares e violentas para evitar este grande perigo \u00e0 vida da comunidade. Afinal, desejar a mulher do pr\u00f3ximo \u00e9 a &#8220;coisa&#8221; mais antiga da humanidade e uma das for\u00e7as geradoras conflito e da viol\u00eancia entre os homens da mesma comunidade. (Uma quest\u00e3o que devemos refletir \u00e9 por que sempre s\u00e3o as mulheres que s\u00e3o as culpadas e condenadas? A resposta f\u00e1cil de que \u00e9 por causa do machismo n\u00e3o responde a quest\u00e3o porque n\u00e3o explica a raz\u00e3o desse tipo de machismo.)<\/p>\n<p>No evangelho de Jo\u00e3o, temos um caso de apedrejamento de mulher ad\u00faltera (Jo 8, 3-11). N\u00e3o h\u00e1 espa\u00e7o para uma reflex\u00e3o mais longa aqui, mas eu penso que a solu\u00e7\u00e3o dada por Jesus pode nos ajudar muito ainda hoje. Ele n\u00e3o nega o erro do adult\u00e9rio, mas tamb\u00e9m n\u00e3o aprova o apedrejamento. O que me chama aten\u00e7\u00e3o \u00e9 que ele n\u00e3o discute se a interpreta\u00e7\u00e3o dada pelos escribas e os fariseus de que a lei de Mois\u00e9s manda apedrejar a mulher ad\u00faltera est\u00e1 correta ou n\u00e3o. Ele n\u00e3o resolve a quest\u00e3o no \u00e2mbito da discuss\u00e3o te\u00f3rica ou teol\u00f3gica sobre correta interpreta\u00e7\u00e3o da lei divina ou religiosa. Ele desloca a discuss\u00e3o para outro n\u00edvel.<\/p>\n<p>Jesus pergunta: &#8220;quem dentre v\u00f3s estiver sem pecado, seja o primeiro a lhe atirar uma pedra!&#8221;. A solu\u00e7\u00e3o verdadeira n\u00e3o est\u00e1 no \u00e2mbito da discuss\u00e3o te\u00f3rica ou da ortodoxia (crist\u00e3 ou isl\u00e2mica), mas no reconhecimento de que n\u00e3o h\u00e1 inocentes entre n\u00f3s. N\u00e3o h\u00e1 mulher ad\u00faltera, sem homens ad\u00falteros; n\u00e3o h\u00e1 adult\u00e9rio sem o desejo da mulher ou do homem do pr\u00f3ximo; e n\u00e3o h\u00e1 seres humanos que n\u00e3o desejam o que \u00e9 do outro ou da outra. Seja crist\u00e3o ou isl\u00e2mico, moderno ou tradicional, clero ou leigo, ocidental ou oriental, homem ou mulher, progressista ou conservador, de esquerda ou de direita&#8230;<\/p>\n<p>Grupos e institui\u00e7\u00f5es que n\u00e3o reconhecem isso est\u00e3o sempre \u00e0 procura de bodes expiat\u00f3rios. Um grande desafio \u00e9 pensarmos a a\u00e7\u00e3o pol\u00edtica e propostas sociais a partir desse reconhecimento de que n\u00f3s todos participamos da ambig\u00fcidade humana, dos bons e maus desejos.<\/p>\n<div id=\"themify_builder_content-10434\" data-postid=\"10434\" class=\"themify_builder_content themify_builder_content-10434 themify_builder themify_builder_front\">\n\t<\/div>\n<!-- \/themify_builder_content -->","protected":false},"excerpt":{"rendered":"<p>Jung Mo Sung Diante da rea\u00e7\u00e3o internacional contra a pena de morte por apedrejamento imposta a Sakineh Mohammadi Ashtiani, iraniana de 43 anos, vi\u00fava e m\u00e3e de dois filhos, por supostamente cometer adult\u00e9rio com dois homens, o governo iraniano modificou a acusa\u00e7\u00e3o de assassinado do seu marido. Isto \u00e9, ela \u00e9 culpada; precisa ser morta; [&hellip;]<\/p>\n","protected":false},"author":5,"featured_media":0,"comment_status":"open","ping_status":"open","sticky":false,"template":"","format":"standard","meta":{"ngg_post_thumbnail":0,"footnotes":""},"categories":[9],"tags":[1689,1687,1471,307,1688,1690],"yoast_head":"<!-- This site is optimized with the Yoast SEO plugin v23.5 - https:\/\/yoast.com\/wordpress\/plugins\/seo\/ -->\n<title>Ela vai morrer - O Arcanjo no ar<\/title>\n<meta name=\"robots\" content=\"index, follow, max-snippet:-1, max-image-preview:large, max-video-preview:-1\" \/>\n<link rel=\"canonical\" href=\"https:\/\/www.oarcanjo.net\/site\/ela-vai-morrer\/\" \/>\n<meta property=\"og:locale\" content=\"pt_BR\" \/>\n<meta property=\"og:type\" content=\"article\" \/>\n<meta property=\"og:title\" content=\"Ela vai morrer - O Arcanjo no ar\" \/>\n<meta property=\"og:description\" content=\"Jung Mo Sung Diante da rea\u00e7\u00e3o internacional contra a pena de morte por apedrejamento imposta a Sakineh Mohammadi Ashtiani, iraniana de 43 anos, vi\u00fava e m\u00e3e de dois filhos, por supostamente cometer adult\u00e9rio com dois homens, o governo iraniano modificou a acusa\u00e7\u00e3o de assassinado do seu marido. Isto \u00e9, ela \u00e9 culpada; precisa ser morta; [&hellip;]\" \/>\n<meta property=\"og:url\" content=\"https:\/\/www.oarcanjo.net\/site\/ela-vai-morrer\/\" \/>\n<meta property=\"og:site_name\" content=\"O Arcanjo no ar\" \/>\n<meta property=\"article:publisher\" content=\"https:\/\/www.facebook.com\/OArcanjoNoAr\/\" \/>\n<meta property=\"article:published_time\" content=\"2010-08-07T19:09:26+00:00\" \/>\n<meta property=\"og:image\" content=\"https:\/\/www.oarcanjo.net\/site\/wp-content\/uploads\/logo-o-arcanjo-no-ar-facebook.png\" \/>\n\t<meta property=\"og:image:width\" content=\"300\" \/>\n\t<meta property=\"og:image:height\" content=\"300\" \/>\n\t<meta property=\"og:image:type\" content=\"image\/png\" \/>\n<meta name=\"author\" content=\"editor\" \/>\n<meta name=\"twitter:card\" content=\"summary_large_image\" \/>\n<meta name=\"twitter:label1\" content=\"Escrito por\" \/>\n\t<meta name=\"twitter:data1\" content=\"editor\" \/>\n\t<meta name=\"twitter:label2\" content=\"Est. tempo de leitura\" \/>\n\t<meta name=\"twitter:data2\" content=\"5 minutos\" \/>\n<script type=\"application\/ld+json\" class=\"yoast-schema-graph\">{\"@context\":\"https:\/\/schema.org\",\"@graph\":[{\"@type\":\"Article\",\"@id\":\"https:\/\/www.oarcanjo.net\/site\/ela-vai-morrer\/#article\",\"isPartOf\":{\"@id\":\"https:\/\/www.oarcanjo.net\/site\/ela-vai-morrer\/\"},\"author\":{\"name\":\"editor\",\"@id\":\"https:\/\/www.oarcanjo.net\/site\/#\/schema\/person\/f7024d007863202483a31326673a0838\"},\"headline\":\"Ela vai morrer\",\"datePublished\":\"2010-08-07T19:09:26+00:00\",\"dateModified\":\"2010-08-07T19:09:26+00:00\",\"mainEntityOfPage\":{\"@id\":\"https:\/\/www.oarcanjo.net\/site\/ela-vai-morrer\/\"},\"wordCount\":962,\"commentCount\":2,\"publisher\":{\"@id\":\"https:\/\/www.oarcanjo.net\/site\/#organization\"},\"keywords\":[\"adult\u00e9rio\",\"Alcor\u00e3o\",\"Ir\u00e3\",\"mulher\",\"pecado\",\"Sakineh Mohammadi Ashtiani\"],\"articleSection\":[\"Reflex\u00f5es\"],\"inLanguage\":\"pt-BR\",\"potentialAction\":[{\"@type\":\"CommentAction\",\"name\":\"Comment\",\"target\":[\"https:\/\/www.oarcanjo.net\/site\/ela-vai-morrer\/#respond\"]}]},{\"@type\":\"WebPage\",\"@id\":\"https:\/\/www.oarcanjo.net\/site\/ela-vai-morrer\/\",\"url\":\"https:\/\/www.oarcanjo.net\/site\/ela-vai-morrer\/\",\"name\":\"Ela vai morrer - O Arcanjo no ar\",\"isPartOf\":{\"@id\":\"https:\/\/www.oarcanjo.net\/site\/#website\"},\"datePublished\":\"2010-08-07T19:09:26+00:00\",\"dateModified\":\"2010-08-07T19:09:26+00:00\",\"breadcrumb\":{\"@id\":\"https:\/\/www.oarcanjo.net\/site\/ela-vai-morrer\/#breadcrumb\"},\"inLanguage\":\"pt-BR\",\"potentialAction\":[{\"@type\":\"ReadAction\",\"target\":[\"https:\/\/www.oarcanjo.net\/site\/ela-vai-morrer\/\"]}]},{\"@type\":\"BreadcrumbList\",\"@id\":\"https:\/\/www.oarcanjo.net\/site\/ela-vai-morrer\/#breadcrumb\",\"itemListElement\":[{\"@type\":\"ListItem\",\"position\":1,\"name\":\"In\u00edcio\",\"item\":\"https:\/\/www.oarcanjo.net\/site\/\"},{\"@type\":\"ListItem\",\"position\":2,\"name\":\"Ela vai morrer\"}]},{\"@type\":\"WebSite\",\"@id\":\"https:\/\/www.oarcanjo.net\/site\/#website\",\"url\":\"https:\/\/www.oarcanjo.net\/site\/\",\"name\":\"O Arcanjo no ar\",\"description\":\"Site da Par\u00f3quia S\u00e3o Miguel Arcanjo (Arquidiocese de SP)\",\"publisher\":{\"@id\":\"https:\/\/www.oarcanjo.net\/site\/#organization\"},\"potentialAction\":[{\"@type\":\"SearchAction\",\"target\":{\"@type\":\"EntryPoint\",\"urlTemplate\":\"https:\/\/www.oarcanjo.net\/site\/?s={search_term_string}\"},\"query-input\":{\"@type\":\"PropertyValueSpecification\",\"valueRequired\":true,\"valueName\":\"search_term_string\"}}],\"inLanguage\":\"pt-BR\"},{\"@type\":\"Organization\",\"@id\":\"https:\/\/www.oarcanjo.net\/site\/#organization\",\"name\":\"Par\u00f3quia S\u00e3o Miguel Arcanjo\",\"url\":\"https:\/\/www.oarcanjo.net\/site\/\",\"logo\":{\"@type\":\"ImageObject\",\"inLanguage\":\"pt-BR\",\"@id\":\"https:\/\/www.oarcanjo.net\/site\/#\/schema\/logo\/image\/\",\"url\":\"https:\/\/www.oarcanjo.net\/site\/wp-content\/uploads\/LogoOArcanjo.png\",\"contentUrl\":\"https:\/\/www.oarcanjo.net\/site\/wp-content\/uploads\/LogoOArcanjo.png\",\"width\":319,\"height\":99,\"caption\":\"Par\u00f3quia S\u00e3o Miguel Arcanjo\"},\"image\":{\"@id\":\"https:\/\/www.oarcanjo.net\/site\/#\/schema\/logo\/image\/\"},\"sameAs\":[\"https:\/\/www.facebook.com\/OArcanjoNoAr\/\"]},{\"@type\":\"Person\",\"@id\":\"https:\/\/www.oarcanjo.net\/site\/#\/schema\/person\/f7024d007863202483a31326673a0838\",\"name\":\"editor\",\"sameAs\":[\"http:\/\/www.oarcanjo.net\"]}]}<\/script>\n<!-- \/ Yoast SEO plugin. -->","yoast_head_json":{"title":"Ela vai morrer - O Arcanjo no ar","robots":{"index":"index","follow":"follow","max-snippet":"max-snippet:-1","max-image-preview":"max-image-preview:large","max-video-preview":"max-video-preview:-1"},"canonical":"https:\/\/www.oarcanjo.net\/site\/ela-vai-morrer\/","og_locale":"pt_BR","og_type":"article","og_title":"Ela vai morrer - O Arcanjo no ar","og_description":"Jung Mo Sung Diante da rea\u00e7\u00e3o internacional contra a pena de morte por apedrejamento imposta a Sakineh Mohammadi Ashtiani, iraniana de 43 anos, vi\u00fava e m\u00e3e de dois filhos, por supostamente cometer adult\u00e9rio com dois homens, o governo iraniano modificou a acusa\u00e7\u00e3o de assassinado do seu marido. Isto \u00e9, ela \u00e9 culpada; precisa ser morta; [&hellip;]","og_url":"https:\/\/www.oarcanjo.net\/site\/ela-vai-morrer\/","og_site_name":"O Arcanjo no ar","article_publisher":"https:\/\/www.facebook.com\/OArcanjoNoAr\/","article_published_time":"2010-08-07T19:09:26+00:00","og_image":[{"width":300,"height":300,"url":"https:\/\/www.oarcanjo.net\/site\/wp-content\/uploads\/logo-o-arcanjo-no-ar-facebook.png","type":"image\/png"}],"author":"editor","twitter_card":"summary_large_image","twitter_misc":{"Escrito por":"editor","Est. tempo de leitura":"5 minutos"},"schema":{"@context":"https:\/\/schema.org","@graph":[{"@type":"Article","@id":"https:\/\/www.oarcanjo.net\/site\/ela-vai-morrer\/#article","isPartOf":{"@id":"https:\/\/www.oarcanjo.net\/site\/ela-vai-morrer\/"},"author":{"name":"editor","@id":"https:\/\/www.oarcanjo.net\/site\/#\/schema\/person\/f7024d007863202483a31326673a0838"},"headline":"Ela vai morrer","datePublished":"2010-08-07T19:09:26+00:00","dateModified":"2010-08-07T19:09:26+00:00","mainEntityOfPage":{"@id":"https:\/\/www.oarcanjo.net\/site\/ela-vai-morrer\/"},"wordCount":962,"commentCount":2,"publisher":{"@id":"https:\/\/www.oarcanjo.net\/site\/#organization"},"keywords":["adult\u00e9rio","Alcor\u00e3o","Ir\u00e3","mulher","pecado","Sakineh Mohammadi Ashtiani"],"articleSection":["Reflex\u00f5es"],"inLanguage":"pt-BR","potentialAction":[{"@type":"CommentAction","name":"Comment","target":["https:\/\/www.oarcanjo.net\/site\/ela-vai-morrer\/#respond"]}]},{"@type":"WebPage","@id":"https:\/\/www.oarcanjo.net\/site\/ela-vai-morrer\/","url":"https:\/\/www.oarcanjo.net\/site\/ela-vai-morrer\/","name":"Ela vai morrer - O Arcanjo no ar","isPartOf":{"@id":"https:\/\/www.oarcanjo.net\/site\/#website"},"datePublished":"2010-08-07T19:09:26+00:00","dateModified":"2010-08-07T19:09:26+00:00","breadcrumb":{"@id":"https:\/\/www.oarcanjo.net\/site\/ela-vai-morrer\/#breadcrumb"},"inLanguage":"pt-BR","potentialAction":[{"@type":"ReadAction","target":["https:\/\/www.oarcanjo.net\/site\/ela-vai-morrer\/"]}]},{"@type":"BreadcrumbList","@id":"https:\/\/www.oarcanjo.net\/site\/ela-vai-morrer\/#breadcrumb","itemListElement":[{"@type":"ListItem","position":1,"name":"In\u00edcio","item":"https:\/\/www.oarcanjo.net\/site\/"},{"@type":"ListItem","position":2,"name":"Ela vai morrer"}]},{"@type":"WebSite","@id":"https:\/\/www.oarcanjo.net\/site\/#website","url":"https:\/\/www.oarcanjo.net\/site\/","name":"O Arcanjo no ar","description":"Site da Par\u00f3quia S\u00e3o Miguel Arcanjo (Arquidiocese de SP)","publisher":{"@id":"https:\/\/www.oarcanjo.net\/site\/#organization"},"potentialAction":[{"@type":"SearchAction","target":{"@type":"EntryPoint","urlTemplate":"https:\/\/www.oarcanjo.net\/site\/?s={search_term_string}"},"query-input":{"@type":"PropertyValueSpecification","valueRequired":true,"valueName":"search_term_string"}}],"inLanguage":"pt-BR"},{"@type":"Organization","@id":"https:\/\/www.oarcanjo.net\/site\/#organization","name":"Par\u00f3quia S\u00e3o Miguel Arcanjo","url":"https:\/\/www.oarcanjo.net\/site\/","logo":{"@type":"ImageObject","inLanguage":"pt-BR","@id":"https:\/\/www.oarcanjo.net\/site\/#\/schema\/logo\/image\/","url":"https:\/\/www.oarcanjo.net\/site\/wp-content\/uploads\/LogoOArcanjo.png","contentUrl":"https:\/\/www.oarcanjo.net\/site\/wp-content\/uploads\/LogoOArcanjo.png","width":319,"height":99,"caption":"Par\u00f3quia S\u00e3o Miguel Arcanjo"},"image":{"@id":"https:\/\/www.oarcanjo.net\/site\/#\/schema\/logo\/image\/"},"sameAs":["https:\/\/www.facebook.com\/OArcanjoNoAr\/"]},{"@type":"Person","@id":"https:\/\/www.oarcanjo.net\/site\/#\/schema\/person\/f7024d007863202483a31326673a0838","name":"editor","sameAs":["http:\/\/www.oarcanjo.net"]}]}},"publishpress_future_action":{"enabled":false,"date":"2026-05-10 05:37:24","action":"category","newStatus":"draft","terms":[],"taxonomy":"category"},"publishpress_future_workflow_manual_trigger":{"enabledWorkflows":[]},"_links":{"self":[{"href":"https:\/\/www.oarcanjo.net\/site\/wp-json\/wp\/v2\/posts\/10434"}],"collection":[{"href":"https:\/\/www.oarcanjo.net\/site\/wp-json\/wp\/v2\/posts"}],"about":[{"href":"https:\/\/www.oarcanjo.net\/site\/wp-json\/wp\/v2\/types\/post"}],"author":[{"embeddable":true,"href":"https:\/\/www.oarcanjo.net\/site\/wp-json\/wp\/v2\/users\/5"}],"replies":[{"embeddable":true,"href":"https:\/\/www.oarcanjo.net\/site\/wp-json\/wp\/v2\/comments?post=10434"}],"version-history":[{"count":0,"href":"https:\/\/www.oarcanjo.net\/site\/wp-json\/wp\/v2\/posts\/10434\/revisions"}],"wp:attachment":[{"href":"https:\/\/www.oarcanjo.net\/site\/wp-json\/wp\/v2\/media?parent=10434"}],"wp:term":[{"taxonomy":"category","embeddable":true,"href":"https:\/\/www.oarcanjo.net\/site\/wp-json\/wp\/v2\/categories?post=10434"},{"taxonomy":"post_tag","embeddable":true,"href":"https:\/\/www.oarcanjo.net\/site\/wp-json\/wp\/v2\/tags?post=10434"}],"curies":[{"name":"wp","href":"https:\/\/api.w.org\/{rel}","templated":true}]}}