
{"id":10436,"date":"2010-08-08T16:09:44","date_gmt":"2010-08-08T19:09:44","guid":{"rendered":"http:\/\/www.oarcanjo.net\/site\/?p=10436"},"modified":"2010-08-07T16:11:29","modified_gmt":"2010-08-07T19:11:29","slug":"desigualdade-social-no-brasil","status":"publish","type":"post","link":"https:\/\/www.oarcanjo.net\/site\/desigualdade-social-no-brasil\/","title":{"rendered":"Desigualdade social no Brasil"},"content":{"rendered":"<p>Frei Betto<\/p>\n<p>Relat\u00f3rio da ONU (Pnud), divulgado em julho, aponta o Brasil como o terceiro pior \u00edndice de desigualdade no mundo. Quanto \u00e0 dist\u00e2ncia entre pobres e ricos, nosso pa\u00eds empata com o Equador e s\u00f3 fica atr\u00e1s de Bol\u00edvia, Haiti, Madag\u00e1scar, Camar\u00f5es, Tail\u00e2ndia e \u00c1frica do Sul.<\/p>\n<p>Aqui temos uma das piores distribui\u00e7\u00f5es de renda do planeta. Entre os 15 pa\u00edses com maior diferen\u00e7a entre ricos e pobres, 10 se encontram na Am\u00e9rica Latina e Caribe. Mulheres (que recebem sal\u00e1rios menores que os homens), negros e ind\u00edgenas s\u00e3o os mais afetados pela desigualdade social. No Brasil, apenas 5,1% dos brancos sobrevivem com o equivalente a 30 d\u00f3lares por m\u00eas (cerca de R$ 54) O percentual sobe para 10,6% em rela\u00e7\u00e3o a \u00edndios e negros.<\/p>\n<p>Na Am\u00e9rica Latina, h\u00e1 menos desigualdade na Costa Rica, Argentina, Venezuela e Uruguai. A ONU aponta como principais causas da disparidade social a falta de acesso \u00e0 educa\u00e7\u00e3o, a pol\u00edtica fiscal injusta, os baixos sal\u00e1rios e a dificuldade de dispor de servi\u00e7os b\u00e1sicos, como sa\u00fade, saneamento e transporte.<\/p>\n<p>\u00c9 verdade que nos \u00faltimos dez anos o governo brasileiro investiu na redu\u00e7\u00e3o da mis\u00e9ria. Nem por isso se conseguiu evitar que a desigualdade se propague entre as futuras gera\u00e7\u00f5es. Segundo a ONU, 58% da popula\u00e7\u00e3o brasileira mant\u00e9m o mesmo perfil social de pobreza entre duas gera\u00e7\u00f5es. No Canad\u00e1 e pa\u00edses escandinavos este \u00edndice \u00e9 de 19%.<\/p>\n<p>O que permite a redu\u00e7\u00e3o da desigualdade \u00e9, em especial, o acesso \u00e0 educa\u00e7\u00e3o de qualidade. No Brasil, em cada grupo de 100 habitantes, apenas 9 possuem diploma universit\u00e1rio. Basta dizer que, a cada ano, 130 mil jovens, em todo o Brasil, ingressam nos cursos de engenharia. Sobram 50 mil vagas&#8230; E apenas 30 mil chegam a se formar. Os demais desistem por falta de capacidade para prosseguir os estudos, de recursos para pagar a mensalidade ou necessidade de abandonar o curso para garantir um lugar no mercado de trabalho.<\/p>\n<p>Nas elei\u00e7\u00f5es deste ano votar\u00e3o 135 milh\u00f5es de brasileiros. Dos quais, 53% n\u00e3o terminaram o ensino fundamental. Que futuro ter\u00e1 este pa\u00eds se a sangria da desescolaridade n\u00e3o for estancada?<\/p>\n<p>H\u00e1, sim, melhoras em nosso pa\u00eds. Entre 2001 e 2008, a renda dos 10% mais pobres cresceu seis vezes mais rapidamente que a dos 10% mais ricos. A dos ricos cresceu 11,2%; a dos pobres, 72%. No entanto, h\u00e1 25 anos, de acordo com dados do IPEA, este \u00edndice n\u00e3o muda: metade da renda total do Brasil est\u00e1 em m\u00e3os dos 10% mais ricos do pa\u00eds. E os 50% mais pobres dividem entre si apenas 10% da riqueza nacional.<\/p>\n<p>Para operar uma dr\u00e1stica redu\u00e7\u00e3o na desigualdade imperante em nosso pa\u00eds \u00e9 urgente promover a reforma agr\u00e1ria e multiplicar os mecanismos de transfer\u00eancia de renda, como a Previd\u00eancia Social. Hoje, 81,2 milh\u00f5es de brasileiros s\u00e3o beneficiados pelo sistema previdenci\u00e1rio, que promove de fato distribui\u00e7\u00e3o de renda.<\/p>\n<p>Mais da metade da popula\u00e7\u00e3o do Brasil det\u00e9m menos de 3% das propriedades rurais. E apenas 46 mil propriet\u00e1rios s\u00e3o donos de metade das terras. Nossa estrutura fundi\u00e1ria \u00e9 a mesma desde o Brasil imp\u00e9rio! E quem d\u00e1 emprego no campo n\u00e3o \u00e9 o latif\u00fandio nem o agroneg\u00f3cio, \u00e9 a agricultura familiar, que ocupa apenas 24% das terras mas emprega 75% dos trabalhadores rurais.<\/p>\n<p>Hoje, os programas de transfer\u00eancia de renda do governo &#8211; incluindo assist\u00eancia social, Bolsa Fam\u00edlia e aposentadorias &#8211; representam 20% do total da renda das fam\u00edlias brasileiras. Em 2008, 18,7 milh\u00f5es de pessoas viviam com menos de \u03c0 do sal\u00e1rio m\u00ednimo. Se n\u00e3o fossem as pol\u00edticas de transfer\u00eancia, seriam 40,5 milh\u00f5es. Isso significa que, nesses \u00faltimos anos, o governo Lula tirou da mis\u00e9ria 21,8 milh\u00f5es de pessoas. Em 1978, apenas 8,3% das fam\u00edlias brasileiras recebiam transfer\u00eancia de renda. Em 2008 eram 58,3%.<\/p>\n<p>\u00c9 uma fal\u00e1cia dizer que, ao promover transfer\u00eancia de renda, o governo est\u00e1 &#8220;sustentando vagabundos&#8221;. O governo sustenta vagabundos quando n\u00e3o pune os corruptos, o nepotismo, as licita\u00e7\u00f5es fajutas, a malversa\u00e7\u00e3o de dinheiro p\u00fablico. Transferir renda aos mais pobres \u00e9 dever, em especial num pa\u00eds em que o governo irriga o mercado financeiro engordando a fortuna dos especuladores que nada produzem. A quest\u00e3o reside em ensinar a pescar, em vez de dar o peixe. Entenda-se: encontrar a porta de sa\u00edda do Bolsa Fam\u00edlia.<\/p>\n<p>Todas as pesquisas comprovam que os mais pobres, ao obterem um pouco mais de renda, investem em qualidade de vida, como sa\u00fade, educa\u00e7\u00e3o e moradia.<\/p>\n<p>O Brasil \u00e9 rico, mas n\u00e3o \u00e9 justo.<\/p>\n<div id=\"themify_builder_content-10436\" data-postid=\"10436\" class=\"themify_builder_content themify_builder_content-10436 themify_builder themify_builder_front\">\n\t<\/div>\n<!-- \/themify_builder_content -->","protected":false},"excerpt":{"rendered":"<p>Frei Betto Relat\u00f3rio da ONU (Pnud), divulgado em julho, aponta o Brasil como o terceiro pior \u00edndice de desigualdade no mundo. Quanto \u00e0 dist\u00e2ncia entre pobres e ricos, nosso pa\u00eds empata com o Equador e s\u00f3 fica atr\u00e1s de Bol\u00edvia, Haiti, Madag\u00e1scar, Camar\u00f5es, Tail\u00e2ndia e \u00c1frica do Sul. Aqui temos uma das piores distribui\u00e7\u00f5es de [&hellip;]<\/p>\n","protected":false},"author":5,"featured_media":0,"comment_status":"open","ping_status":"open","sticky":false,"template":"","format":"standard","meta":{"ngg_post_thumbnail":0,"footnotes":""},"categories":[9],"tags":[1409,1482,195,75,37,293,1691],"yoast_head":"<!-- This site is optimized with the Yoast SEO plugin v23.5 - https:\/\/yoast.com\/wordpress\/plugins\/seo\/ -->\n<title>Desigualdade social no Brasil - O Arcanjo no ar<\/title>\n<meta name=\"robots\" content=\"index, follow, max-snippet:-1, max-image-preview:large, max-video-preview:-1\" \/>\n<link rel=\"canonical\" href=\"https:\/\/www.oarcanjo.net\/site\/desigualdade-social-no-brasil\/\" \/>\n<meta property=\"og:locale\" content=\"pt_BR\" \/>\n<meta property=\"og:type\" content=\"article\" \/>\n<meta property=\"og:title\" content=\"Desigualdade social no Brasil - O Arcanjo no ar\" \/>\n<meta property=\"og:description\" content=\"Frei Betto Relat\u00f3rio da ONU (Pnud), divulgado em julho, aponta o Brasil como o terceiro pior \u00edndice de desigualdade no mundo. Quanto \u00e0 dist\u00e2ncia entre pobres e ricos, nosso pa\u00eds empata com o Equador e s\u00f3 fica atr\u00e1s de Bol\u00edvia, Haiti, Madag\u00e1scar, Camar\u00f5es, Tail\u00e2ndia e \u00c1frica do Sul. Aqui temos uma das piores distribui\u00e7\u00f5es de [&hellip;]\" \/>\n<meta property=\"og:url\" content=\"https:\/\/www.oarcanjo.net\/site\/desigualdade-social-no-brasil\/\" \/>\n<meta property=\"og:site_name\" content=\"O Arcanjo no ar\" \/>\n<meta property=\"article:publisher\" content=\"https:\/\/www.facebook.com\/OArcanjoNoAr\/\" \/>\n<meta property=\"article:published_time\" content=\"2010-08-08T19:09:44+00:00\" \/>\n<meta property=\"article:modified_time\" content=\"2010-08-07T19:11:29+00:00\" \/>\n<meta property=\"og:image\" content=\"https:\/\/www.oarcanjo.net\/site\/wp-content\/uploads\/logo-o-arcanjo-no-ar-facebook.png\" \/>\n\t<meta property=\"og:image:width\" content=\"300\" \/>\n\t<meta property=\"og:image:height\" content=\"300\" \/>\n\t<meta property=\"og:image:type\" content=\"image\/png\" \/>\n<meta name=\"author\" content=\"editor\" \/>\n<meta name=\"twitter:card\" content=\"summary_large_image\" \/>\n<meta name=\"twitter:label1\" content=\"Escrito por\" \/>\n\t<meta name=\"twitter:data1\" content=\"editor\" \/>\n\t<meta name=\"twitter:label2\" content=\"Est. tempo de leitura\" \/>\n\t<meta name=\"twitter:data2\" content=\"4 minutos\" \/>\n<script type=\"application\/ld+json\" class=\"yoast-schema-graph\">{\"@context\":\"https:\/\/schema.org\",\"@graph\":[{\"@type\":\"Article\",\"@id\":\"https:\/\/www.oarcanjo.net\/site\/desigualdade-social-no-brasil\/#article\",\"isPartOf\":{\"@id\":\"https:\/\/www.oarcanjo.net\/site\/desigualdade-social-no-brasil\/\"},\"author\":{\"name\":\"editor\",\"@id\":\"https:\/\/www.oarcanjo.net\/site\/#\/schema\/person\/f7024d007863202483a31326673a0838\"},\"headline\":\"Desigualdade social no Brasil\",\"datePublished\":\"2010-08-08T19:09:44+00:00\",\"dateModified\":\"2010-08-07T19:11:29+00:00\",\"mainEntityOfPage\":{\"@id\":\"https:\/\/www.oarcanjo.net\/site\/desigualdade-social-no-brasil\/\"},\"wordCount\":779,\"commentCount\":1,\"publisher\":{\"@id\":\"https:\/\/www.oarcanjo.net\/site\/#organization\"},\"keywords\":[\"Bolsa Fam\u00edlia\",\"desigualdade\",\"educa\u00e7\u00e3o\",\"Justi\u00e7a social\",\"pobreza\",\"Reforma agr\u00e1ria\",\"renda\"],\"articleSection\":[\"Reflex\u00f5es\"],\"inLanguage\":\"pt-BR\",\"potentialAction\":[{\"@type\":\"CommentAction\",\"name\":\"Comment\",\"target\":[\"https:\/\/www.oarcanjo.net\/site\/desigualdade-social-no-brasil\/#respond\"]}]},{\"@type\":\"WebPage\",\"@id\":\"https:\/\/www.oarcanjo.net\/site\/desigualdade-social-no-brasil\/\",\"url\":\"https:\/\/www.oarcanjo.net\/site\/desigualdade-social-no-brasil\/\",\"name\":\"Desigualdade social no Brasil - O Arcanjo no ar\",\"isPartOf\":{\"@id\":\"https:\/\/www.oarcanjo.net\/site\/#website\"},\"datePublished\":\"2010-08-08T19:09:44+00:00\",\"dateModified\":\"2010-08-07T19:11:29+00:00\",\"breadcrumb\":{\"@id\":\"https:\/\/www.oarcanjo.net\/site\/desigualdade-social-no-brasil\/#breadcrumb\"},\"inLanguage\":\"pt-BR\",\"potentialAction\":[{\"@type\":\"ReadAction\",\"target\":[\"https:\/\/www.oarcanjo.net\/site\/desigualdade-social-no-brasil\/\"]}]},{\"@type\":\"BreadcrumbList\",\"@id\":\"https:\/\/www.oarcanjo.net\/site\/desigualdade-social-no-brasil\/#breadcrumb\",\"itemListElement\":[{\"@type\":\"ListItem\",\"position\":1,\"name\":\"In\u00edcio\",\"item\":\"https:\/\/www.oarcanjo.net\/site\/\"},{\"@type\":\"ListItem\",\"position\":2,\"name\":\"Desigualdade social no Brasil\"}]},{\"@type\":\"WebSite\",\"@id\":\"https:\/\/www.oarcanjo.net\/site\/#website\",\"url\":\"https:\/\/www.oarcanjo.net\/site\/\",\"name\":\"O Arcanjo no ar\",\"description\":\"Site da Par\u00f3quia S\u00e3o Miguel Arcanjo (Arquidiocese de SP)\",\"publisher\":{\"@id\":\"https:\/\/www.oarcanjo.net\/site\/#organization\"},\"potentialAction\":[{\"@type\":\"SearchAction\",\"target\":{\"@type\":\"EntryPoint\",\"urlTemplate\":\"https:\/\/www.oarcanjo.net\/site\/?s={search_term_string}\"},\"query-input\":{\"@type\":\"PropertyValueSpecification\",\"valueRequired\":true,\"valueName\":\"search_term_string\"}}],\"inLanguage\":\"pt-BR\"},{\"@type\":\"Organization\",\"@id\":\"https:\/\/www.oarcanjo.net\/site\/#organization\",\"name\":\"Par\u00f3quia S\u00e3o Miguel Arcanjo\",\"url\":\"https:\/\/www.oarcanjo.net\/site\/\",\"logo\":{\"@type\":\"ImageObject\",\"inLanguage\":\"pt-BR\",\"@id\":\"https:\/\/www.oarcanjo.net\/site\/#\/schema\/logo\/image\/\",\"url\":\"https:\/\/www.oarcanjo.net\/site\/wp-content\/uploads\/LogoOArcanjo.png\",\"contentUrl\":\"https:\/\/www.oarcanjo.net\/site\/wp-content\/uploads\/LogoOArcanjo.png\",\"width\":319,\"height\":99,\"caption\":\"Par\u00f3quia S\u00e3o Miguel Arcanjo\"},\"image\":{\"@id\":\"https:\/\/www.oarcanjo.net\/site\/#\/schema\/logo\/image\/\"},\"sameAs\":[\"https:\/\/www.facebook.com\/OArcanjoNoAr\/\"]},{\"@type\":\"Person\",\"@id\":\"https:\/\/www.oarcanjo.net\/site\/#\/schema\/person\/f7024d007863202483a31326673a0838\",\"name\":\"editor\",\"sameAs\":[\"http:\/\/www.oarcanjo.net\"]}]}<\/script>\n<!-- \/ Yoast SEO plugin. -->","yoast_head_json":{"title":"Desigualdade social no Brasil - O Arcanjo no ar","robots":{"index":"index","follow":"follow","max-snippet":"max-snippet:-1","max-image-preview":"max-image-preview:large","max-video-preview":"max-video-preview:-1"},"canonical":"https:\/\/www.oarcanjo.net\/site\/desigualdade-social-no-brasil\/","og_locale":"pt_BR","og_type":"article","og_title":"Desigualdade social no Brasil - O Arcanjo no ar","og_description":"Frei Betto Relat\u00f3rio da ONU (Pnud), divulgado em julho, aponta o Brasil como o terceiro pior \u00edndice de desigualdade no mundo. Quanto \u00e0 dist\u00e2ncia entre pobres e ricos, nosso pa\u00eds empata com o Equador e s\u00f3 fica atr\u00e1s de Bol\u00edvia, Haiti, Madag\u00e1scar, Camar\u00f5es, Tail\u00e2ndia e \u00c1frica do Sul. Aqui temos uma das piores distribui\u00e7\u00f5es de [&hellip;]","og_url":"https:\/\/www.oarcanjo.net\/site\/desigualdade-social-no-brasil\/","og_site_name":"O Arcanjo no ar","article_publisher":"https:\/\/www.facebook.com\/OArcanjoNoAr\/","article_published_time":"2010-08-08T19:09:44+00:00","article_modified_time":"2010-08-07T19:11:29+00:00","og_image":[{"width":300,"height":300,"url":"https:\/\/www.oarcanjo.net\/site\/wp-content\/uploads\/logo-o-arcanjo-no-ar-facebook.png","type":"image\/png"}],"author":"editor","twitter_card":"summary_large_image","twitter_misc":{"Escrito por":"editor","Est. tempo de leitura":"4 minutos"},"schema":{"@context":"https:\/\/schema.org","@graph":[{"@type":"Article","@id":"https:\/\/www.oarcanjo.net\/site\/desigualdade-social-no-brasil\/#article","isPartOf":{"@id":"https:\/\/www.oarcanjo.net\/site\/desigualdade-social-no-brasil\/"},"author":{"name":"editor","@id":"https:\/\/www.oarcanjo.net\/site\/#\/schema\/person\/f7024d007863202483a31326673a0838"},"headline":"Desigualdade social no Brasil","datePublished":"2010-08-08T19:09:44+00:00","dateModified":"2010-08-07T19:11:29+00:00","mainEntityOfPage":{"@id":"https:\/\/www.oarcanjo.net\/site\/desigualdade-social-no-brasil\/"},"wordCount":779,"commentCount":1,"publisher":{"@id":"https:\/\/www.oarcanjo.net\/site\/#organization"},"keywords":["Bolsa Fam\u00edlia","desigualdade","educa\u00e7\u00e3o","Justi\u00e7a social","pobreza","Reforma agr\u00e1ria","renda"],"articleSection":["Reflex\u00f5es"],"inLanguage":"pt-BR","potentialAction":[{"@type":"CommentAction","name":"Comment","target":["https:\/\/www.oarcanjo.net\/site\/desigualdade-social-no-brasil\/#respond"]}]},{"@type":"WebPage","@id":"https:\/\/www.oarcanjo.net\/site\/desigualdade-social-no-brasil\/","url":"https:\/\/www.oarcanjo.net\/site\/desigualdade-social-no-brasil\/","name":"Desigualdade social no Brasil - O Arcanjo no ar","isPartOf":{"@id":"https:\/\/www.oarcanjo.net\/site\/#website"},"datePublished":"2010-08-08T19:09:44+00:00","dateModified":"2010-08-07T19:11:29+00:00","breadcrumb":{"@id":"https:\/\/www.oarcanjo.net\/site\/desigualdade-social-no-brasil\/#breadcrumb"},"inLanguage":"pt-BR","potentialAction":[{"@type":"ReadAction","target":["https:\/\/www.oarcanjo.net\/site\/desigualdade-social-no-brasil\/"]}]},{"@type":"BreadcrumbList","@id":"https:\/\/www.oarcanjo.net\/site\/desigualdade-social-no-brasil\/#breadcrumb","itemListElement":[{"@type":"ListItem","position":1,"name":"In\u00edcio","item":"https:\/\/www.oarcanjo.net\/site\/"},{"@type":"ListItem","position":2,"name":"Desigualdade social no Brasil"}]},{"@type":"WebSite","@id":"https:\/\/www.oarcanjo.net\/site\/#website","url":"https:\/\/www.oarcanjo.net\/site\/","name":"O Arcanjo no ar","description":"Site da Par\u00f3quia S\u00e3o Miguel Arcanjo (Arquidiocese de SP)","publisher":{"@id":"https:\/\/www.oarcanjo.net\/site\/#organization"},"potentialAction":[{"@type":"SearchAction","target":{"@type":"EntryPoint","urlTemplate":"https:\/\/www.oarcanjo.net\/site\/?s={search_term_string}"},"query-input":{"@type":"PropertyValueSpecification","valueRequired":true,"valueName":"search_term_string"}}],"inLanguage":"pt-BR"},{"@type":"Organization","@id":"https:\/\/www.oarcanjo.net\/site\/#organization","name":"Par\u00f3quia S\u00e3o Miguel Arcanjo","url":"https:\/\/www.oarcanjo.net\/site\/","logo":{"@type":"ImageObject","inLanguage":"pt-BR","@id":"https:\/\/www.oarcanjo.net\/site\/#\/schema\/logo\/image\/","url":"https:\/\/www.oarcanjo.net\/site\/wp-content\/uploads\/LogoOArcanjo.png","contentUrl":"https:\/\/www.oarcanjo.net\/site\/wp-content\/uploads\/LogoOArcanjo.png","width":319,"height":99,"caption":"Par\u00f3quia S\u00e3o Miguel Arcanjo"},"image":{"@id":"https:\/\/www.oarcanjo.net\/site\/#\/schema\/logo\/image\/"},"sameAs":["https:\/\/www.facebook.com\/OArcanjoNoAr\/"]},{"@type":"Person","@id":"https:\/\/www.oarcanjo.net\/site\/#\/schema\/person\/f7024d007863202483a31326673a0838","name":"editor","sameAs":["http:\/\/www.oarcanjo.net"]}]}},"publishpress_future_action":{"enabled":false,"date":"2026-05-10 05:39:35","action":"category","newStatus":"draft","terms":[],"taxonomy":"category"},"publishpress_future_workflow_manual_trigger":{"enabledWorkflows":[]},"_links":{"self":[{"href":"https:\/\/www.oarcanjo.net\/site\/wp-json\/wp\/v2\/posts\/10436"}],"collection":[{"href":"https:\/\/www.oarcanjo.net\/site\/wp-json\/wp\/v2\/posts"}],"about":[{"href":"https:\/\/www.oarcanjo.net\/site\/wp-json\/wp\/v2\/types\/post"}],"author":[{"embeddable":true,"href":"https:\/\/www.oarcanjo.net\/site\/wp-json\/wp\/v2\/users\/5"}],"replies":[{"embeddable":true,"href":"https:\/\/www.oarcanjo.net\/site\/wp-json\/wp\/v2\/comments?post=10436"}],"version-history":[{"count":0,"href":"https:\/\/www.oarcanjo.net\/site\/wp-json\/wp\/v2\/posts\/10436\/revisions"}],"wp:attachment":[{"href":"https:\/\/www.oarcanjo.net\/site\/wp-json\/wp\/v2\/media?parent=10436"}],"wp:term":[{"taxonomy":"category","embeddable":true,"href":"https:\/\/www.oarcanjo.net\/site\/wp-json\/wp\/v2\/categories?post=10436"},{"taxonomy":"post_tag","embeddable":true,"href":"https:\/\/www.oarcanjo.net\/site\/wp-json\/wp\/v2\/tags?post=10436"}],"curies":[{"name":"wp","href":"https:\/\/api.w.org\/{rel}","templated":true}]}}