
{"id":10446,"date":"2018-08-11T00:50:00","date_gmt":"2018-08-11T03:50:00","guid":{"rendered":"http:\/\/www.oarcanjo.net\/site\/?p=10446"},"modified":"2018-06-25T08:13:00","modified_gmt":"2018-06-25T11:13:00","slug":"santa-filomena","status":"publish","type":"post","link":"https:\/\/www.oarcanjo.net\/site\/santa-filomena\/","title":{"rendered":"Santa Filomena"},"content":{"rendered":"<p><img loading=\"lazy\" decoding=\"async\" src=\"http:\/\/3.bp.blogspot.com\/_Mi-HY0SRXbs\/SRh2uV57E2I\/AAAAAAAAQgA\/CA1bQsd-5Jo\/s320\/santa.filomena.gif\" alt=\"\" width=\"184\" height=\"234\" \/><\/p>\n<p>11 de Agosto<\/p>\n<p>&#8220;Filomena era filha dos reis de um pequeno Estado da Gr\u00e9cia. Ela nasceu ap\u00f3s seus pais converterem-se ao cristianismo, no dia 10 de janeiro. Foi uma b\u00ean\u00e7\u00e3o de Jesus, pois a rainha era est\u00e9ril. No batismo, recebeu o nome de Filomena, que significa &#8220;filha da luz da f\u00e9&#8221;. Aos doze anos, fez os votos de virgindade e tornou-se esposa de Jesus.<\/p>\n<p>Tinha treze anos quando o imperador romano Diocleciano declarou guerra a seu pai. O rei decidiu viajar para Roma, com a esposa e a filha, e suplicar ao imperador pelo seu povo. O imperador encantou-se com a beleza da jovem e prometeu desistir da guerra se o rei lhe desse a linda filha em casamento. Os reis, com alegria, logo aceitaram, mas Filomena contestou, porque j\u00e1 tinha compromisso com Jesus, seu divino esposo. E ningu\u00e9m conseguiu convenc\u00ea-la do contr\u00e1rio. O imperador, humilhado, mandou prend\u00ea-la e tortur\u00e1-la com chicotadas durante trinta e sete dias. Nossa Senhora apareceu-lhe na pris\u00e3o e revelou que dentro de tr\u00eas dias voltaria com seu amado Filho e a levariam para o c\u00e9u. O imperador, cada vez mais cego pelo \u00f3dio, mandou flech\u00e1-la, mas as flechas voltaram e mataram os arqueiros; ent\u00e3o ele mandou jog\u00e1-la no rio Tibre com uma \u00e2ncora no pesco\u00e7o, mas veio um anjo e cortou a corda. Diante disso, o tirano ordenou que ela fosse decapitada. E assim sua alma voou gloriosamente para o c\u00e9u, no dia 10 de agosto, numa sexta-feira, \u00e0s tr\u00eas horas da tarde, como seu divino esposo Jesus.&#8221; Esse relato est\u00e1 no livro &#8220;Revela\u00e7\u00f5es&#8221;, de madre Maria Luiza de Jesus, fundadora da Ordem Religiosa das Irm\u00e3s da Imaculada e de Santa Filomena.<\/p>\n<p>Entretanto o corpo de santa Filomena s\u00f3 foi encontrado nas escava\u00e7\u00f5es das catacumbas de Priscila, em Roma, no dia 25 de maio de 1802. A sepultura estava intacta, fato realmente rar\u00edssimo, e foi aberta na presen\u00e7a de autoridades civis, religiosos da Igreja e peritos leigos. Durante as escava\u00e7\u00f5es, ainda encontraram: tr\u00eas placas de terracota, com as seguintes inscri\u00e7\u00f5es: &#8220;Paz te Cum Fi Lumena&#8221;, ou seja &#8220;A paz esteja contigo, Filomena&#8221;. O caix\u00e3o tinha os entalhes de uma palma, tr\u00eas flechas, uma \u00e2ncora, um chicote e um l\u00edrio, indicando a forma de seu mart\u00edrio e morte. Dentro dele estavam as rel\u00edquias do corpo de uma jovem e um pequeno frasco com um l\u00edquido vermelho ressequido. Os peritos verificaram que o corpo era de uma jovem com cerca de treze anos, que tinha o cr\u00e2nio fraturado e que teria vivido no s\u00e9culo IV. Assim, finalmente, foram encontradas as rel\u00edquias da jovem m\u00e1rtir santa Filomena, que ficaram sob os cuidados da Igreja Cat\u00f3lica.<\/p>\n<p>Essas rel\u00edquias foram transferidas para a igreja de Nossa Senhora das Gra\u00e7as, em N\u00e1poles, onde muitas gra\u00e7as e milagres foram alcan\u00e7ados por intercess\u00e3o da santa, bem como ocorreram em muitas outras partes do mundo crist\u00e3o.O seu santu\u00e1rio tornou-se um centro de intensa e freq\u00fcente peregrina\u00e7\u00e3o.<\/p>\n<p>O dominicano monsenhor Mastai Ferretti, que se tornou o papa Pio IX em 1849, foi ao santu\u00e1rio de Santa Filomena, em N\u00e1poles, e celebrou uma missa na igreja em agradecimento \u00e0 gra\u00e7a e intercess\u00e3o da santa, que o curou de uma doen\u00e7a grave. Outros pont\u00edfices declararam-se fi\u00e9is devotos de santa Filomena, entre eles o papa Le\u00e3o XII, que a proclamou &#8220;a grande milagrosa do s\u00e9culo XIX&#8221;. Foi o papa Greg\u00f3rio XVI que a nomeou &#8220;Padroeira do Ros\u00e1rio Vivente&#8221; e escolheu o dia 11 de agosto para a sua festa.<\/p>\n<p>Entretanto as seq\u00fc\u00eancias dos estudos e descobertas posteriores mostraram que a sepultura de santa Filomena havia sido utilizada, ao longo dos s\u00e9culos, para abrigar outros m\u00e1rtires. Diante de tal conclus\u00e3o, a Igreja, durante a reforma universal dos ritos lit\u00fargicos, em 1961, suprimiu-a do calend\u00e1rio. Mas os reconhecimentos oficiais dos milagres por intercess\u00e3o de santa Filomena, a legi\u00e3o de fi\u00e9is e peregrinos, a pr\u00f3pria devo\u00e7\u00e3o particular de papas e muitos santos continuam dando vida a esta celebra\u00e7\u00e3o como marca da grande e intensa manifesta\u00e7\u00e3o de f\u00e9 que o povo tem pelo Redentor.<\/p>\n<div id=\"themify_builder_content-10446\" data-postid=\"10446\" class=\"themify_builder_content themify_builder_content-10446 themify_builder themify_builder_front\">\n\t<\/div>\n<!-- \/themify_builder_content -->","protected":false},"excerpt":{"rendered":"<p>11 de Agosto &#8220;Filomena era filha dos reis de um pequeno Estado da Gr\u00e9cia. Ela nasceu ap\u00f3s seus pais converterem-se ao cristianismo, no dia 10 de janeiro. Foi uma b\u00ean\u00e7\u00e3o de Jesus, pois a rainha era est\u00e9ril. No batismo, recebeu o nome de Filomena, que significa &#8220;filha da luz da f\u00e9&#8221;. Aos doze anos, fez [&hellip;]<\/p>\n","protected":false},"author":14,"featured_media":0,"comment_status":"open","ping_status":"open","sticky":false,"template":"","format":"standard","meta":{"ngg_post_thumbnail":0,"footnotes":""},"categories":[186],"tags":[],"yoast_head":"<!-- This site is optimized with the Yoast SEO plugin v23.5 - https:\/\/yoast.com\/wordpress\/plugins\/seo\/ -->\n<title>Santa Filomena - O Arcanjo no ar<\/title>\n<meta name=\"robots\" content=\"index, follow, max-snippet:-1, max-image-preview:large, max-video-preview:-1\" \/>\n<link rel=\"canonical\" href=\"https:\/\/www.oarcanjo.net\/site\/santa-filomena\/\" \/>\n<meta property=\"og:locale\" content=\"pt_BR\" \/>\n<meta property=\"og:type\" content=\"article\" \/>\n<meta property=\"og:title\" content=\"Santa Filomena - O Arcanjo no ar\" \/>\n<meta property=\"og:description\" content=\"11 de Agosto &#8220;Filomena era filha dos reis de um pequeno Estado da Gr\u00e9cia. Ela nasceu ap\u00f3s seus pais converterem-se ao cristianismo, no dia 10 de janeiro. Foi uma b\u00ean\u00e7\u00e3o de Jesus, pois a rainha era est\u00e9ril. No batismo, recebeu o nome de Filomena, que significa &#8220;filha da luz da f\u00e9&#8221;. Aos doze anos, fez [&hellip;]\" \/>\n<meta property=\"og:url\" content=\"https:\/\/www.oarcanjo.net\/site\/santa-filomena\/\" \/>\n<meta property=\"og:site_name\" content=\"O Arcanjo no ar\" \/>\n<meta property=\"article:publisher\" content=\"https:\/\/www.facebook.com\/OArcanjoNoAr\/\" \/>\n<meta property=\"article:published_time\" content=\"2018-08-11T03:50:00+00:00\" \/>\n<meta property=\"article:modified_time\" content=\"2018-06-25T11:13:00+00:00\" \/>\n<meta property=\"og:image\" content=\"http:\/\/3.bp.blogspot.com\/_Mi-HY0SRXbs\/SRh2uV57E2I\/AAAAAAAAQgA\/CA1bQsd-5Jo\/s320\/santa.filomena.gif\" \/>\n<meta name=\"author\" content=\"danilo\" \/>\n<meta name=\"twitter:card\" content=\"summary_large_image\" \/>\n<meta name=\"twitter:label1\" content=\"Escrito por\" \/>\n\t<meta name=\"twitter:data1\" content=\"danilo\" \/>\n\t<meta name=\"twitter:label2\" content=\"Est. tempo de leitura\" \/>\n\t<meta name=\"twitter:data2\" content=\"4 minutos\" \/>\n<script type=\"application\/ld+json\" class=\"yoast-schema-graph\">{\"@context\":\"https:\/\/schema.org\",\"@graph\":[{\"@type\":\"Article\",\"@id\":\"https:\/\/www.oarcanjo.net\/site\/santa-filomena\/#article\",\"isPartOf\":{\"@id\":\"https:\/\/www.oarcanjo.net\/site\/santa-filomena\/\"},\"author\":{\"name\":\"danilo\",\"@id\":\"https:\/\/www.oarcanjo.net\/site\/#\/schema\/person\/5eb9480bedd2f3c97e430ce128c29c6c\"},\"headline\":\"Santa Filomena\",\"datePublished\":\"2018-08-11T03:50:00+00:00\",\"dateModified\":\"2018-06-25T11:13:00+00:00\",\"mainEntityOfPage\":{\"@id\":\"https:\/\/www.oarcanjo.net\/site\/santa-filomena\/\"},\"wordCount\":728,\"commentCount\":0,\"publisher\":{\"@id\":\"https:\/\/www.oarcanjo.net\/site\/#organization\"},\"image\":{\"@id\":\"https:\/\/www.oarcanjo.net\/site\/santa-filomena\/#primaryimage\"},\"thumbnailUrl\":\"http:\/\/3.bp.blogspot.com\/_Mi-HY0SRXbs\/SRh2uV57E2I\/AAAAAAAAQgA\/CA1bQsd-5Jo\/s320\/santa.filomena.gif\",\"articleSection\":[\"Testemunhos\"],\"inLanguage\":\"pt-BR\",\"potentialAction\":[{\"@type\":\"CommentAction\",\"name\":\"Comment\",\"target\":[\"https:\/\/www.oarcanjo.net\/site\/santa-filomena\/#respond\"]}]},{\"@type\":\"WebPage\",\"@id\":\"https:\/\/www.oarcanjo.net\/site\/santa-filomena\/\",\"url\":\"https:\/\/www.oarcanjo.net\/site\/santa-filomena\/\",\"name\":\"Santa Filomena - O Arcanjo no ar\",\"isPartOf\":{\"@id\":\"https:\/\/www.oarcanjo.net\/site\/#website\"},\"primaryImageOfPage\":{\"@id\":\"https:\/\/www.oarcanjo.net\/site\/santa-filomena\/#primaryimage\"},\"image\":{\"@id\":\"https:\/\/www.oarcanjo.net\/site\/santa-filomena\/#primaryimage\"},\"thumbnailUrl\":\"http:\/\/3.bp.blogspot.com\/_Mi-HY0SRXbs\/SRh2uV57E2I\/AAAAAAAAQgA\/CA1bQsd-5Jo\/s320\/santa.filomena.gif\",\"datePublished\":\"2018-08-11T03:50:00+00:00\",\"dateModified\":\"2018-06-25T11:13:00+00:00\",\"breadcrumb\":{\"@id\":\"https:\/\/www.oarcanjo.net\/site\/santa-filomena\/#breadcrumb\"},\"inLanguage\":\"pt-BR\",\"potentialAction\":[{\"@type\":\"ReadAction\",\"target\":[\"https:\/\/www.oarcanjo.net\/site\/santa-filomena\/\"]}]},{\"@type\":\"ImageObject\",\"inLanguage\":\"pt-BR\",\"@id\":\"https:\/\/www.oarcanjo.net\/site\/santa-filomena\/#primaryimage\",\"url\":\"http:\/\/3.bp.blogspot.com\/_Mi-HY0SRXbs\/SRh2uV57E2I\/AAAAAAAAQgA\/CA1bQsd-5Jo\/s320\/santa.filomena.gif\",\"contentUrl\":\"http:\/\/3.bp.blogspot.com\/_Mi-HY0SRXbs\/SRh2uV57E2I\/AAAAAAAAQgA\/CA1bQsd-5Jo\/s320\/santa.filomena.gif\"},{\"@type\":\"BreadcrumbList\",\"@id\":\"https:\/\/www.oarcanjo.net\/site\/santa-filomena\/#breadcrumb\",\"itemListElement\":[{\"@type\":\"ListItem\",\"position\":1,\"name\":\"In\u00edcio\",\"item\":\"https:\/\/www.oarcanjo.net\/site\/\"},{\"@type\":\"ListItem\",\"position\":2,\"name\":\"Santa Filomena\"}]},{\"@type\":\"WebSite\",\"@id\":\"https:\/\/www.oarcanjo.net\/site\/#website\",\"url\":\"https:\/\/www.oarcanjo.net\/site\/\",\"name\":\"O Arcanjo no ar\",\"description\":\"Site da Par\u00f3quia S\u00e3o Miguel Arcanjo (Arquidiocese de SP)\",\"publisher\":{\"@id\":\"https:\/\/www.oarcanjo.net\/site\/#organization\"},\"potentialAction\":[{\"@type\":\"SearchAction\",\"target\":{\"@type\":\"EntryPoint\",\"urlTemplate\":\"https:\/\/www.oarcanjo.net\/site\/?s={search_term_string}\"},\"query-input\":{\"@type\":\"PropertyValueSpecification\",\"valueRequired\":true,\"valueName\":\"search_term_string\"}}],\"inLanguage\":\"pt-BR\"},{\"@type\":\"Organization\",\"@id\":\"https:\/\/www.oarcanjo.net\/site\/#organization\",\"name\":\"Par\u00f3quia S\u00e3o Miguel Arcanjo\",\"url\":\"https:\/\/www.oarcanjo.net\/site\/\",\"logo\":{\"@type\":\"ImageObject\",\"inLanguage\":\"pt-BR\",\"@id\":\"https:\/\/www.oarcanjo.net\/site\/#\/schema\/logo\/image\/\",\"url\":\"https:\/\/www.oarcanjo.net\/site\/wp-content\/uploads\/LogoOArcanjo.png\",\"contentUrl\":\"https:\/\/www.oarcanjo.net\/site\/wp-content\/uploads\/LogoOArcanjo.png\",\"width\":319,\"height\":99,\"caption\":\"Par\u00f3quia S\u00e3o Miguel Arcanjo\"},\"image\":{\"@id\":\"https:\/\/www.oarcanjo.net\/site\/#\/schema\/logo\/image\/\"},\"sameAs\":[\"https:\/\/www.facebook.com\/OArcanjoNoAr\/\"]},{\"@type\":\"Person\",\"@id\":\"https:\/\/www.oarcanjo.net\/site\/#\/schema\/person\/5eb9480bedd2f3c97e430ce128c29c6c\",\"name\":\"danilo\"}]}<\/script>\n<!-- \/ Yoast SEO plugin. -->","yoast_head_json":{"title":"Santa Filomena - O Arcanjo no ar","robots":{"index":"index","follow":"follow","max-snippet":"max-snippet:-1","max-image-preview":"max-image-preview:large","max-video-preview":"max-video-preview:-1"},"canonical":"https:\/\/www.oarcanjo.net\/site\/santa-filomena\/","og_locale":"pt_BR","og_type":"article","og_title":"Santa Filomena - O Arcanjo no ar","og_description":"11 de Agosto &#8220;Filomena era filha dos reis de um pequeno Estado da Gr\u00e9cia. Ela nasceu ap\u00f3s seus pais converterem-se ao cristianismo, no dia 10 de janeiro. Foi uma b\u00ean\u00e7\u00e3o de Jesus, pois a rainha era est\u00e9ril. No batismo, recebeu o nome de Filomena, que significa &#8220;filha da luz da f\u00e9&#8221;. Aos doze anos, fez [&hellip;]","og_url":"https:\/\/www.oarcanjo.net\/site\/santa-filomena\/","og_site_name":"O Arcanjo no ar","article_publisher":"https:\/\/www.facebook.com\/OArcanjoNoAr\/","article_published_time":"2018-08-11T03:50:00+00:00","article_modified_time":"2018-06-25T11:13:00+00:00","og_image":[{"url":"http:\/\/3.bp.blogspot.com\/_Mi-HY0SRXbs\/SRh2uV57E2I\/AAAAAAAAQgA\/CA1bQsd-5Jo\/s320\/santa.filomena.gif"}],"author":"danilo","twitter_card":"summary_large_image","twitter_misc":{"Escrito por":"danilo","Est. tempo de leitura":"4 minutos"},"schema":{"@context":"https:\/\/schema.org","@graph":[{"@type":"Article","@id":"https:\/\/www.oarcanjo.net\/site\/santa-filomena\/#article","isPartOf":{"@id":"https:\/\/www.oarcanjo.net\/site\/santa-filomena\/"},"author":{"name":"danilo","@id":"https:\/\/www.oarcanjo.net\/site\/#\/schema\/person\/5eb9480bedd2f3c97e430ce128c29c6c"},"headline":"Santa Filomena","datePublished":"2018-08-11T03:50:00+00:00","dateModified":"2018-06-25T11:13:00+00:00","mainEntityOfPage":{"@id":"https:\/\/www.oarcanjo.net\/site\/santa-filomena\/"},"wordCount":728,"commentCount":0,"publisher":{"@id":"https:\/\/www.oarcanjo.net\/site\/#organization"},"image":{"@id":"https:\/\/www.oarcanjo.net\/site\/santa-filomena\/#primaryimage"},"thumbnailUrl":"http:\/\/3.bp.blogspot.com\/_Mi-HY0SRXbs\/SRh2uV57E2I\/AAAAAAAAQgA\/CA1bQsd-5Jo\/s320\/santa.filomena.gif","articleSection":["Testemunhos"],"inLanguage":"pt-BR","potentialAction":[{"@type":"CommentAction","name":"Comment","target":["https:\/\/www.oarcanjo.net\/site\/santa-filomena\/#respond"]}]},{"@type":"WebPage","@id":"https:\/\/www.oarcanjo.net\/site\/santa-filomena\/","url":"https:\/\/www.oarcanjo.net\/site\/santa-filomena\/","name":"Santa Filomena - O Arcanjo no ar","isPartOf":{"@id":"https:\/\/www.oarcanjo.net\/site\/#website"},"primaryImageOfPage":{"@id":"https:\/\/www.oarcanjo.net\/site\/santa-filomena\/#primaryimage"},"image":{"@id":"https:\/\/www.oarcanjo.net\/site\/santa-filomena\/#primaryimage"},"thumbnailUrl":"http:\/\/3.bp.blogspot.com\/_Mi-HY0SRXbs\/SRh2uV57E2I\/AAAAAAAAQgA\/CA1bQsd-5Jo\/s320\/santa.filomena.gif","datePublished":"2018-08-11T03:50:00+00:00","dateModified":"2018-06-25T11:13:00+00:00","breadcrumb":{"@id":"https:\/\/www.oarcanjo.net\/site\/santa-filomena\/#breadcrumb"},"inLanguage":"pt-BR","potentialAction":[{"@type":"ReadAction","target":["https:\/\/www.oarcanjo.net\/site\/santa-filomena\/"]}]},{"@type":"ImageObject","inLanguage":"pt-BR","@id":"https:\/\/www.oarcanjo.net\/site\/santa-filomena\/#primaryimage","url":"http:\/\/3.bp.blogspot.com\/_Mi-HY0SRXbs\/SRh2uV57E2I\/AAAAAAAAQgA\/CA1bQsd-5Jo\/s320\/santa.filomena.gif","contentUrl":"http:\/\/3.bp.blogspot.com\/_Mi-HY0SRXbs\/SRh2uV57E2I\/AAAAAAAAQgA\/CA1bQsd-5Jo\/s320\/santa.filomena.gif"},{"@type":"BreadcrumbList","@id":"https:\/\/www.oarcanjo.net\/site\/santa-filomena\/#breadcrumb","itemListElement":[{"@type":"ListItem","position":1,"name":"In\u00edcio","item":"https:\/\/www.oarcanjo.net\/site\/"},{"@type":"ListItem","position":2,"name":"Santa Filomena"}]},{"@type":"WebSite","@id":"https:\/\/www.oarcanjo.net\/site\/#website","url":"https:\/\/www.oarcanjo.net\/site\/","name":"O Arcanjo no ar","description":"Site da Par\u00f3quia S\u00e3o Miguel Arcanjo (Arquidiocese de SP)","publisher":{"@id":"https:\/\/www.oarcanjo.net\/site\/#organization"},"potentialAction":[{"@type":"SearchAction","target":{"@type":"EntryPoint","urlTemplate":"https:\/\/www.oarcanjo.net\/site\/?s={search_term_string}"},"query-input":{"@type":"PropertyValueSpecification","valueRequired":true,"valueName":"search_term_string"}}],"inLanguage":"pt-BR"},{"@type":"Organization","@id":"https:\/\/www.oarcanjo.net\/site\/#organization","name":"Par\u00f3quia S\u00e3o Miguel Arcanjo","url":"https:\/\/www.oarcanjo.net\/site\/","logo":{"@type":"ImageObject","inLanguage":"pt-BR","@id":"https:\/\/www.oarcanjo.net\/site\/#\/schema\/logo\/image\/","url":"https:\/\/www.oarcanjo.net\/site\/wp-content\/uploads\/LogoOArcanjo.png","contentUrl":"https:\/\/www.oarcanjo.net\/site\/wp-content\/uploads\/LogoOArcanjo.png","width":319,"height":99,"caption":"Par\u00f3quia S\u00e3o Miguel Arcanjo"},"image":{"@id":"https:\/\/www.oarcanjo.net\/site\/#\/schema\/logo\/image\/"},"sameAs":["https:\/\/www.facebook.com\/OArcanjoNoAr\/"]},{"@type":"Person","@id":"https:\/\/www.oarcanjo.net\/site\/#\/schema\/person\/5eb9480bedd2f3c97e430ce128c29c6c","name":"danilo"}]}},"publishpress_future_action":{"enabled":false,"date":"2026-05-08 07:28:37","action":"category","newStatus":"draft","terms":[],"taxonomy":"category"},"publishpress_future_workflow_manual_trigger":{"enabledWorkflows":[]},"_links":{"self":[{"href":"https:\/\/www.oarcanjo.net\/site\/wp-json\/wp\/v2\/posts\/10446"}],"collection":[{"href":"https:\/\/www.oarcanjo.net\/site\/wp-json\/wp\/v2\/posts"}],"about":[{"href":"https:\/\/www.oarcanjo.net\/site\/wp-json\/wp\/v2\/types\/post"}],"author":[{"embeddable":true,"href":"https:\/\/www.oarcanjo.net\/site\/wp-json\/wp\/v2\/users\/14"}],"replies":[{"embeddable":true,"href":"https:\/\/www.oarcanjo.net\/site\/wp-json\/wp\/v2\/comments?post=10446"}],"version-history":[{"count":1,"href":"https:\/\/www.oarcanjo.net\/site\/wp-json\/wp\/v2\/posts\/10446\/revisions"}],"predecessor-version":[{"id":88834,"href":"https:\/\/www.oarcanjo.net\/site\/wp-json\/wp\/v2\/posts\/10446\/revisions\/88834"}],"wp:attachment":[{"href":"https:\/\/www.oarcanjo.net\/site\/wp-json\/wp\/v2\/media?parent=10446"}],"wp:term":[{"taxonomy":"category","embeddable":true,"href":"https:\/\/www.oarcanjo.net\/site\/wp-json\/wp\/v2\/categories?post=10446"},{"taxonomy":"post_tag","embeddable":true,"href":"https:\/\/www.oarcanjo.net\/site\/wp-json\/wp\/v2\/tags?post=10446"}],"curies":[{"name":"wp","href":"https:\/\/api.w.org\/{rel}","templated":true}]}}