
{"id":10448,"date":"2018-08-11T00:59:11","date_gmt":"2018-08-11T03:59:11","guid":{"rendered":"http:\/\/www.oarcanjo.net\/site\/?p=10448"},"modified":"2018-06-25T08:13:04","modified_gmt":"2018-06-25T11:13:04","slug":"santa-clara-de-assis","status":"publish","type":"post","link":"https:\/\/www.oarcanjo.net\/site\/santa-clara-de-assis\/","title":{"rendered":"Santa Clara de Assis"},"content":{"rendered":"<p><img loading=\"lazy\" decoding=\"async\" class=\"alignnone size-full wp-image-64482\" src=\"http:\/\/www.oarcanjo.net\/site\/wp-content\/uploads\/Santa-Clara-de-Assis.jpg\" alt=\"Santa Clara de Assis\" width=\"450\" height=\"309\" srcset=\"https:\/\/www.oarcanjo.net\/site\/wp-content\/uploads\/Santa-Clara-de-Assis.jpg 450w, https:\/\/www.oarcanjo.net\/site\/wp-content\/uploads\/Santa-Clara-de-Assis-300x206.jpg 300w\" sizes=\"(max-width: 450px) 100vw, 450px\" \/><\/p>\n<p>11 de Agosto<\/p>\n<p>Alguns tra\u00e7os da vida e da obra de uma Santa que, como S\u00e3o Francisco, marcou sua \u00e9poca. Os que conviveram com ela n\u00e3o acreditavam &#8220;que de Nossa Senhora Bem-aventurada Virgem Maria para c\u00e1 tivesse havido jamais alguma mulher de maior santidade do que ela&#8221;<\/p>\n<p>Num Domingo de Ramos, dia 18 de mar\u00e7o de 1212, uma jovem, aos dezoito anos de idade, foge da casa de seus pais e se encaminha para a igrejinha da Porci\u00fancula (na atual bas\u00edlica de Santa Maria dos Anjos), onde S\u00e3o Francisco de Assis e seus Frades, em ora\u00e7\u00e3o, aguardavam sua chegada.<\/p>\n<p>Com c\u00edrios acesos, os religiosos saem ao encontro da jovem, ent\u00e3o luxuosamente adornada com seus trajes de fidalga, em dire\u00e7\u00e3o \u00e0 porta da igrejinha. Conduziram-na diante do altar de Nossa Senhora e a uniram para sempre ao seu Esposo Jesus Cristo. Ali mesmo, em presen\u00e7a de amigas e dos religiosos, S\u00e3o Francisco lhe corta os belos cabelos loiros. Essa tonsura \u00e9 sinal de que a jovem, Clara de Assis, pertence virginalmente a Nosso Senhor.<\/p>\n<p>Ap\u00f3s esse ato, os Frades a acompanham at\u00e9 o mosteiro das Beneditinas de Bastia.<\/p>\n<p><strong>Irredut\u00edvel resist\u00eancia \u00e0 fam\u00edlia, por amor \u00e0 voca\u00e7\u00e3o<br \/>\n<\/strong>Entretanto, os familiares reagem com grande indigna\u00e7\u00e3o a esta fuga. Mas a Santa n\u00e3o se entrega, permanecendo irredut\u00edvel. Quando percebe que a viol\u00eancia est\u00e1 por prevalecer, agarra com uma m\u00e3o a toalha do altar e com a outra tira o v\u00e9u da cabe\u00e7a&#8230; A\u00ed seus parentes constatam que ela j\u00e1 \u00e9 de Nosso Senhor, e as esperan\u00e7as de demov\u00ea-la caem por terra.<\/p>\n<p>Depois da P\u00e1scoa, Santa Clara sai da cidade de Bastia e vai para o mosteiro das Beneditinas de Sant&#8217;Angelo di Ponzo, onde, dezesseis dias depois de sua fuga, no dia 4 de abril, \u00e9 alcan\u00e7ada pela sua irm\u00e3 mais nova, Santa In\u00eas, que tamb\u00e9m fugira de casa, querendo firmemente dedicar-se ao servi\u00e7o de Deus.<\/p>\n<p>A encantadora cidade de Assis fica em polvorosa e se divide: uns est\u00e3o a da fam\u00edlia das Santas; outros, das &#8220;fugitivas&#8221;. Desta vez, por\u00e9m, o pai est\u00e1 decidido a reaver viva ou morta sua filha mais nova. Doze cavaleiros, parentes das Santas, invadem sacrilegamente o mosteiro de Sant&#8217;Angelo. Um deles, chamado Monaldo, enfurecido, lan\u00e7a-se sobre In\u00eas a socos e ponta-p\u00e9s, arrastando-a pelos longos cabelos, enquanto outros agarram-na pelos bra\u00e7os e pelas vestes. E lhe infligiram t\u00e3o desapiedados tratos, que pelo ch\u00e3o ficaram peda\u00e7os da roupa e punhados de cabelos. E assim conduziram-na montanha abaixo. Santa In\u00eas, contudo, grita pela irm\u00e3, a qual se p\u00f5e a rezar em seu favor. Ent\u00e3o, pela gra\u00e7a de Deus, repentinamente In\u00eas caiu estendida no caminho, e tornou-se de um peso tal, que os doze homens, nem mesmo com o aux\u00edlio de alguns lavradores, conseguiram arrast\u00e1-la.<\/p>\n<p>Mesmo assim continuaram as crueldades. O tio Monaldo al\u00e7ou o bra\u00e7o direito para descarregar um golpe sobre In\u00eas, que bastaria para dar-lhe a morte, se a houvesse alcan\u00e7ado. No ato de erguer a m\u00e3o, por\u00e9m, esta se lhe contraiu, e assim ficou por bastante tempo. Deixaram ent\u00e3o Santa In\u00eas na estrada e fugiram.<\/p>\n<p><strong>Funda\u00e7\u00e3o das Clarissas<br \/>\n<\/strong><br \/>\nAlguns dias ap\u00f3s esses fatos, S\u00e3o Francisco de Assis faz uma visita ao mosteiro e reveste tamb\u00e9m Santa In\u00eas do h\u00e1bito da Ordem Segunda Franciscana, consagrando-a para sempre a Nosso Senhor. E escolhe para ambas as irm\u00e3s uma casa definitiva: a pobre resid\u00eancia da igreja de S\u00e3o Dami\u00e3o, situada fora dos muros de Assis.<img loading=\"lazy\" decoding=\"async\" src=\"http:\/\/4.bp.blogspot.com\/_SQvfALWSIuc\/SvdIcRXRT4I\/AAAAAAAAAPY\/u9u7SA_120I\/s400\/800px-San-Damiano-exterior.jpg\" alt=\"\" width=\"400\" height=\"300\" \/><\/p>\n<p>Igreja S\u00e3o Dami\u00e3o<\/p>\n<p><a href=\"http:\/\/3.bp.blogspot.com\/_Zc0zJsyUc9c\/TC6NEuKQOYI\/AAAAAAAAAKE\/S7vtAOc_9zE\/s1600\/c%C3%B4ro+de+S%C3%A3o+Dami%C3%A3o.jpg\"><img decoding=\"async\" src=\"http:\/\/3.bp.blogspot.com\/_Zc0zJsyUc9c\/TC6NEuKQOYI\/AAAAAAAAAKE\/S7vtAOc_9zE\/s320\/c%C3%B4ro+de+S%C3%A3o+Dami%C3%A3o.jpg\" alt=\"\" border=\"0\" \/><\/a><\/p>\n<p>(C\u00f4ro onde Santa Clara e suas Irm\u00e3s rezavam-Mosteiro de S\u00e3o Dami\u00e3o\/Assis)<\/p>\n<p>Em pouco tempo, com outras jovens da cidade e de Per\u00fasia, Santa Clara e Santa In\u00eas formam a primeira comunidade das Irm\u00e3s Pobres de S\u00e3o Dami\u00e3o, que passar\u00e3o a chamar-se Clarissas, ap\u00f3s a morte de Santa Clara de Assis, ocorrida a II de agosto de 1253.<\/p>\n<p><strong>Ref\u00fagio em Per\u00fasia<br \/>\n<\/strong><br \/>\nEm 1198,o povo da comuna de Assis elege os c\u00f4nsules para administrar a cidade, derrubando um a um, todos os castelos dos &#8220;Maiores&#8221;. Os Beneditinos do Monte Sub\u00e1sio acolhem os nobres refugiados&#8230; Mas muitos deles fogem de Assis.<\/p>\n<p>Favorino Offreducci, pai de Santa Clara, refugia-se com sua fam\u00edlia em Per\u00fasia, onde permanece at\u00e9 1209. Ao lado de sua m\u00e3e, Santa Clara cresce cort\u00eas e af\u00e1vel com todos, dedicando-se \u00e0 ora\u00e7\u00e3o e \u00e0s obras de caridade, criando la\u00e7os de amizade com outras meninas tamb\u00e9m exiladas em Per\u00fasia, algumas das quais haveriam de acompanh\u00e1-la em Religi\u00e3o. Em 1209, Clara est\u00e1 novamente em Assis, onde, ap\u00f3s ouvir uma prega\u00e7\u00e3o do grande S\u00e3o Francisco, decide consagrar-se inteiramente a Deus.<\/p>\n<p><strong>Enfrenta os sarracenos<br \/>\n<\/strong><br \/>\nFrederico II, Imperador da Alemanha, perjuro, sacr\u00edlego e v\u00e1rias vezes excomungado, por ter sucessivas querelas com diversos Romanos Pont\u00edfices, fazia guerra \u00e0 Igreja e sobretudo aos religiosos. Para tanto tinha a soldo um ex\u00e9rcito de sarracenos com mais de vinte mil soldados, fixado na It\u00e1lia, e particularmente no vale de Espoleto, pertencente \u00e0 Santa S\u00e9, e onde ficava Assis.<\/p>\n<p>Certo dia do ano de 1243, estando Santa Clara acamada, ouviu suas religiosas em l\u00e1grimas lhe dizer, com grande pavor, que uma tropa de maometanos tinha invadido o claustro externo da igreja de S\u00e3o Dami\u00e3o e j\u00e1 escalavam as muralhas do mosteiro. A Santa, sem se espantar, ordenou que a levassem, doente como estava, \u00e0 porta do mosteiro bem em face do inimigo.<\/p>\n<p>Ali, precedida de uma caixinha de prata guarnecida de marfim, contendo o Sant\u00edssimo Sacramento, ela se prosternou, em l\u00e1grimas, dizendo a Nosso Senhor Sacramentado a seguinte ora\u00e7\u00e3o: &#8220;Senhor, guardai V\u00f3s estas vossas servas, porque eu n\u00e3o as posso guardar&#8221;. Ouviu-se ent\u00e3o uma voz de maravilhosa suavidade dizendo: &#8220;Eu te defenderei para sempre&#8221;. Santa Clara rezou ainda pela cidade de Assis: &#8220;Senhor, que Vos apraza defender tamb\u00e9m a esta vossa cidade&#8221;. E a mesma voz disse: &#8220;A cidade sofrer\u00e1 muitos perigos, mas ser\u00e1 defendida &#8220;. Ap\u00f3s o que Santa Clara se voltou para as Irm\u00e3s, dizendo: &#8220;N\u00e3o fiquem com medo, porque eu sou a sita garantia de que n\u00e3o v\u00e3o passar nenhum mal, nem agora nem no futuro, enquanto se dispuserem a obedecer os Mandamentos de Deus&#8221;. Os sarracenos foram embora sem fazer qualquer mal ou causar preju\u00edzo ao mosteiro e \u00e0s religiosas.<\/p>\n<p><strong>Apari\u00e7\u00f5es do Menino Jesus<br \/>\n<\/strong><br \/>\nDepondo sob juramento no processo de canoniza\u00e7\u00e3o, a Irm\u00e3 Francisca de Messer Capitaneo de Col de Mezzo conta que certa vez viu no colo de Santa Clara, bem junto ao seu peito, uma crian\u00e7a bel\u00edssima, que s\u00f3 de v\u00ea-la sentia indiz\u00edvel suavidade e do\u00e7ura. E que n\u00e3o tinha a menor d\u00favida de que se tratava do Menino Jesus.<\/p>\n<p>Em outra ocasi\u00e3o ainda, julgando as Irm\u00e3s que a Santa estava para morrer, chamaram um sacerdote para dar-lhe a Comunh\u00e3o. A mesma Irm\u00e3 Francisca viu sobre a cabe\u00e7a da Santa um esplendor muito grande e a Sagrada Eucaristia tinha o aspecto de uma crian\u00e7a pequena e bel\u00edssima. Depois de comungar, Santa Clara disse: &#8220;Foi t\u00e3o grande o benef\u00edcio que Deus me fez hoje, que com ele n\u00e3o poderiam ser comparados o c\u00e9u e a terra&#8221;.<\/p>\n<p><strong>Milagres operados por Santa Clara em vida<br \/>\n<\/strong><br \/>\nEm certa ocasi\u00e3o, como n\u00e3o houvesse mais do que meio peda\u00e7o de p\u00e3o para a refei\u00e7\u00e3o das Irm\u00e3s, Santa Clara mandou dividir essa metade em por\u00e7\u00f5es para dar \u00e0s religiosas. Aquele peda\u00e7o multiplicou-se nas m\u00e3os da que o partia de tal forma que deu para cinq\u00fcenta por\u00e7\u00f5es, suficientes para as Irm\u00e3s que j\u00e1 estavam sentadas \u00e0 mesa.<\/p>\n<p>Mas a Santa, al\u00e9m de operar muitos milagres, exerceu tamb\u00e9m a\u00e7\u00e3o exorc\u00edstica. Como exemplo, cabe lembrar o caso da mulher de Pisa. Dizia esta que Nosso Senhor, pelos m\u00e9ritos de Santa Clara a havia libertado de cinco dem\u00f4nios que a atormentavam, e que. por isso, tinha vindo ao locut\u00f3rio das Irm\u00e3s para agradecer primeiro a Deus e depois \u00e0 Santa. Ao serem expulsos, afirmou a mulher que os dem\u00f4nios bradavam: &#8220;As ora\u00e7\u00f5es dessa santa nos queimam&#8221;.<\/p>\n<p><strong>Milagres ap\u00f3s a morte<br \/>\n<\/strong><br \/>\nDepois de sua morte multiplicaram-se os milagres junto a sua sepultura. Assim, curou um epil\u00e9ptico que. ademais, tinha uma das pernas atrofiadas. Ali receberam a cura integral pessoas cegas, corcundas, aleijadas em geral, possessas e loucas.<\/p>\n<p><strong>Santa Clara escritora<br \/>\n<\/strong><br \/>\nSanta Clara foi excelente escritora. Tendo recebido em casa uma forma\u00e7\u00e3o muito boa para seu tempo, teve o dom de expressar em seus escritos toda a riqueza de seu pensamento claro, conciso, elegante e principalmente entusiasmado por tudo quanto dizia respeito a Deus.<\/p>\n<p>O que se conhece de seus escritos revela uma mulher inteligente e culta, que sabe muito bem o que quer e o exprime de maneira muito feliz. Dominava bastante bem o uso do latim, distinguindo-se pela simplicidade, clareza e objetividade.<\/p>\n<p><strong>&#8220;Falo com minha pr\u00f3pria alma&#8221;<br \/>\n<\/strong><br \/>\nTr\u00eas dias antes de sua morte, em presen\u00e7a de algumas de suas Irm\u00e3s, Santa Clara encomendou sua pr\u00f3pria alma a Deus dizendo: &#8220;<em>V\u00e1 em paz, porque tens boa escolta; pois aquele que te criou, previu tua santifica\u00e7\u00e3o. E, depois que te criou, infundiu-te o Esp\u00edrito Santo. E depois te guardou como uma m\u00e3e cuida do seu filho pequenino&#8221;.<\/em><\/p>\n<p>Indagada a quem dirigia aquelas palavras respondeu: <em>&#8220;Falo com a minha alma bendita&#8221;.<\/em><\/p>\n<p><strong>Visita de Nossa Senhora \u00e0 hora da morte<br \/>\n<\/strong><br \/>\n\u00c0s v\u00e9speras da morte de Santa Clara tinha-se a impress\u00e3o de que a corte celestial se movimentava para preparar suas honras f\u00fanebres.<\/p>\n<p>A Irm\u00e3 Benvinda de dona Diambra de Assis, que a assistia nos \u00faltimos momentos, viu de repente com os olhos reais uma grande multid\u00e3o de virgens, vestidas de branco, todas com coroas na cabe\u00e7a, que entravam pela porta onde jazia Santa Clara. Entre elas havia uma maior, que excedia tudo quanto se possa imaginar, muito mais bela e com uma coroa maior na cabe\u00e7a. Em cima de sua coroa havia um pomo dourado do qual irradiava tanto esplendor que parecia iluminar todo o recinto.<\/p>\n<p>As virgens aproximaram-se do leito da Santa, e a Virgem maior foi a primeira a cobri-la com um pano fin\u00edssimo, t\u00e3o fino que por sua transpar\u00eancia Santa Clara podia ser vista mesmo coberta com ele. Ent\u00e3o a Virgem das virgens inclinou o seu rosto sobre a Santa e ap\u00f3s isso todas desapareceram&#8230;<\/p>\n<p><strong>Considera\u00e7\u00f5es finais<br \/>\n<\/strong><br \/>\nQuem ler a <em>Legenda de Santa Clara, <\/em>escrita por Tom\u00e1s de Celano, n\u00e3o se surpreender\u00e1 vendo-a cantar tantos louvores \u00e0 Santa. Escrita por ocasi\u00e3o de sua canoniza\u00e7\u00e3o, em 1255, era natural que sua tarefa fosse louv\u00e1-la efusivamente.<\/p>\n<p>Entretanto, \u00e9 impressionante que o mesmo Celano, ao escrever a primeira biografia de S\u00e3o Francisco de Assis, em 1228, quando Clara n\u00e3o tinha mais do que 34 anos de idade (dos sessenta que deveria viver, quarenta e dois dos quais como Abadessa das Irm\u00e3s Pobres de S\u00e3o Dami\u00e3o) j\u00e1 fale dela como de uma santa canonizada:<\/p>\n<p><em>&#8220;Clara&#8230;. virgem no corpo e pur\u00edssima no cora\u00e7\u00e3o; jovem em idade mas amadurecida no esp\u00edrito. Firme na decis\u00e3o e ardent\u00edssima no amor de Deus. Rica em sabedoria, sobressaiu na humildade. Foi clara de nome, mais clara por sua vida e clar\u00edssima em suas virtudes&#8230;.<\/em><\/p>\n<p><strong>&#8220;Clara de verdade pela santidade de seus merecimentos &#8230;.&#8221;<br \/>\n<\/strong><br \/>\nMas, quando o Processo de Canoniza\u00e7\u00e3o de Santa Clara foi descoberto, em 1920, \u00e9 que se fica sabendo da forte impress\u00e3o que ela exerceu sobre seus contempor\u00e2neos, desde crian\u00e7a: tanto as irm\u00e3s como os leigos que dep\u00f5em ficam sem palavras para comentar a santidade dessa mulher que, para eles, &#8220;abaixo da Virgem Maria&#8221;, n\u00e3o devia ter igual.<\/p>\n<div>\n<table border=\"0\">\n<tbody>\n<tr>\n<td>Trecho da Bula de canoniza\u00e7\u00e3o de Santa Clara, publicada pelo Papa Alexandre IV, que canonizou a Santa em Anagni a 15\/8\/1255&#8243;Clara, preclara por seus claros m\u00e9ritos, clareia claramente no c\u00e9u pela claridade da grande gl\u00f3ria, e na terra pelo esplendor dos milagres sublimes. Brilha aqui claramente sua estrita e elevada religi\u00e3o, irradia no alto a grandeza de seu pr\u00eamio eterno, e sua virtude resplandece para os mortais com sinais magn\u00edficos.&#8221;A esta Clara foi dado o t\u00edtulo do privil\u00e9gio da mais alta pobreza; a ela \u00e9 dada nas alturas como recompensa lima profus\u00e3o inestim\u00e1vel de tesouros; e os cat\u00f3licos demonstram para com ela plena devo\u00e7\u00e3o e uma honra imensa. Esta Clara foi distinguida aqui por suas obras fulgidas, esta Clara \u00e9 clarificada no alto pela plenitude da luz divina. E a maravilha de seus prod\u00edgios estupendos declara-a aos povos crist\u00e3os.&#8221;\u00d3 Clara, dotada de tantos modos pelos t\u00edtulos da claridade! Foste clara antes da tua convers\u00e3o, mais clara na convers\u00e3o, preclara por teu comportamento no claustro, preclara pelos seus claros m\u00e9ritos, e brilhante clar\u00edssima depois do curso da presente exist\u00eancia!<\/p>\n<p>&#8220;O mundo recebeu de Clara um claro espelho de exemplo: por entre os prazeres celestiais ela oferece o l\u00edrio suave da virgindade. E na terra sentem-se os rem\u00e9dios manifestos do seu aux\u00edlio.<\/p>\n<p>&#8220;\u00d3 admir\u00e1vel clareza da bem-aventurada Clara, que quanto mais diligentemente \u00e9 buscada em pontos particulares mais esplendidamente \u00e9 encontrada em tudo. Brilhou no s\u00e9culo e resplandeceu na religi\u00e3o. Em casa foi luminosa como um raio, no claustro teve o clar\u00e3o de um rel\u00e2mpago! Brilhou na vida, irradia depois da morte. Foi clara na terra e reluz no c\u00e9u! Como \u00e9 grande a veem\u00eancia de sua luz e como \u00e9 veemente a ilumina\u00e7\u00e3o de sua claridade!&#8221;<\/p>\n<p><a href=\"http:\/\/4.bp.blogspot.com\/_kYcz0JmEFhU\/SVgR35LqzmI\/AAAAAAAAAEg\/MknisKU0dVk\/s1600-h\/habito2.JPG\"><img decoding=\"async\" src=\"http:\/\/4.bp.blogspot.com\/_kYcz0JmEFhU\/SVgR35LqzmI\/AAAAAAAAAEg\/MknisKU0dVk\/s200\/habito2.JPG\" alt=\"\" border=\"0\" \/><\/a><\/p>\n<p>H\u00e1bito usado por Santa Clara<\/p>\n<p><img decoding=\"async\" src=\"http:\/\/2.bp.blogspot.com\/_kYcz0JmEFhU\/SVgR3ccqfrI\/AAAAAAAAAEY\/0KJgZM2Jeks\/s1600\/reliquias2.JPG\" alt=\"[reliquias2.JPG]\" border=\"0\" \/><\/p>\n<p>Cabelos, cinto de Santa Clara<\/p>\n<p><img decoding=\"async\" src=\"http:\/\/2.bp.blogspot.com\/_kYcz0JmEFhU\/SVgR3bTWH-I\/AAAAAAAAAEQ\/3cPSNcaQxT4\/s1600\/corpo_clara.jpg\" alt=\"[corpo_clara.jpg]\" border=\"0\" \/><\/p>\n<p><img loading=\"lazy\" decoding=\"async\" src=\"http:\/\/cantodapaz.com.br\/images\/corpo_clara.jpg\" alt=\"\" width=\"318\" height=\"178\" align=\"top\" \/><\/p>\n<p>\u201cRelic\u00e1rio\u201d de vidro onde se encontram os ossos de Santa Clara.<br \/>\nA lateral esquerda deste \u201ccorpo\u201d encontra-se aberta. Assim,<br \/>\napenas as Irm\u00e3s Clarissas v\u00eaem, de dentro da clausura, os ossos da santa.<\/p>\n<p><img decoding=\"async\" src=\"http:\/\/2.bp.blogspot.com\/_kYcz0JmEFhU\/SVgR3F4LUvI\/AAAAAAAAAEI\/JMwPBp0170w\/s1600\/xti_1254c.jpg\" alt=\"[xti_1254c.jpg]\" border=\"0\" \/><\/p>\n<p>Fachada da Bas\u00edlica<\/td>\n<\/tr>\n<\/tbody>\n<\/table>\n<\/div>\n<div id=\"themify_builder_content-10448\" data-postid=\"10448\" class=\"themify_builder_content themify_builder_content-10448 themify_builder themify_builder_front\">\n\t<\/div>\n<!-- \/themify_builder_content -->","protected":false},"excerpt":{"rendered":"<p>11 de Agosto Alguns tra\u00e7os da vida e da obra de uma Santa que, como S\u00e3o Francisco, marcou sua \u00e9poca. Os que conviveram com ela n\u00e3o acreditavam &#8220;que de Nossa Senhora Bem-aventurada Virgem Maria para c\u00e1 tivesse havido jamais alguma mulher de maior santidade do que ela&#8221; Num Domingo de Ramos, dia 18 de mar\u00e7o [&hellip;]<\/p>\n","protected":false},"author":14,"featured_media":0,"comment_status":"open","ping_status":"open","sticky":false,"template":"","format":"standard","meta":{"ngg_post_thumbnail":0,"footnotes":""},"categories":[186],"tags":[],"yoast_head":"<!-- This site is optimized with the Yoast SEO plugin v23.5 - https:\/\/yoast.com\/wordpress\/plugins\/seo\/ -->\n<title>Santa Clara de Assis - O Arcanjo no ar<\/title>\n<meta name=\"robots\" content=\"index, follow, max-snippet:-1, max-image-preview:large, max-video-preview:-1\" \/>\n<link rel=\"canonical\" href=\"https:\/\/www.oarcanjo.net\/site\/santa-clara-de-assis\/\" \/>\n<meta property=\"og:locale\" content=\"pt_BR\" \/>\n<meta property=\"og:type\" content=\"article\" \/>\n<meta property=\"og:title\" content=\"Santa Clara de Assis - O Arcanjo no ar\" \/>\n<meta property=\"og:description\" content=\"11 de Agosto Alguns tra\u00e7os da vida e da obra de uma Santa que, como S\u00e3o Francisco, marcou sua \u00e9poca. Os que conviveram com ela n\u00e3o acreditavam &#8220;que de Nossa Senhora Bem-aventurada Virgem Maria para c\u00e1 tivesse havido jamais alguma mulher de maior santidade do que ela&#8221; Num Domingo de Ramos, dia 18 de mar\u00e7o [&hellip;]\" \/>\n<meta property=\"og:url\" content=\"https:\/\/www.oarcanjo.net\/site\/santa-clara-de-assis\/\" \/>\n<meta property=\"og:site_name\" content=\"O Arcanjo no ar\" \/>\n<meta property=\"article:publisher\" content=\"https:\/\/www.facebook.com\/OArcanjoNoAr\/\" \/>\n<meta property=\"article:published_time\" content=\"2018-08-11T03:59:11+00:00\" \/>\n<meta property=\"article:modified_time\" content=\"2018-06-25T11:13:04+00:00\" \/>\n<meta property=\"og:image\" content=\"http:\/\/www.oarcanjo.net\/site\/wp-content\/uploads\/Santa-Clara-de-Assis.jpg\" \/>\n<meta name=\"author\" content=\"danilo\" \/>\n<meta name=\"twitter:card\" content=\"summary_large_image\" \/>\n<meta name=\"twitter:label1\" content=\"Escrito por\" \/>\n\t<meta name=\"twitter:data1\" content=\"danilo\" \/>\n\t<meta name=\"twitter:label2\" content=\"Est. tempo de leitura\" \/>\n\t<meta name=\"twitter:data2\" content=\"12 minutos\" \/>\n<script type=\"application\/ld+json\" class=\"yoast-schema-graph\">{\"@context\":\"https:\/\/schema.org\",\"@graph\":[{\"@type\":\"Article\",\"@id\":\"https:\/\/www.oarcanjo.net\/site\/santa-clara-de-assis\/#article\",\"isPartOf\":{\"@id\":\"https:\/\/www.oarcanjo.net\/site\/santa-clara-de-assis\/\"},\"author\":{\"name\":\"danilo\",\"@id\":\"https:\/\/www.oarcanjo.net\/site\/#\/schema\/person\/5eb9480bedd2f3c97e430ce128c29c6c\"},\"headline\":\"Santa Clara de Assis\",\"datePublished\":\"2018-08-11T03:59:11+00:00\",\"dateModified\":\"2018-06-25T11:13:04+00:00\",\"mainEntityOfPage\":{\"@id\":\"https:\/\/www.oarcanjo.net\/site\/santa-clara-de-assis\/\"},\"wordCount\":2398,\"commentCount\":2,\"publisher\":{\"@id\":\"https:\/\/www.oarcanjo.net\/site\/#organization\"},\"image\":{\"@id\":\"https:\/\/www.oarcanjo.net\/site\/santa-clara-de-assis\/#primaryimage\"},\"thumbnailUrl\":\"http:\/\/www.oarcanjo.net\/site\/wp-content\/uploads\/Santa-Clara-de-Assis.jpg\",\"articleSection\":[\"Testemunhos\"],\"inLanguage\":\"pt-BR\",\"potentialAction\":[{\"@type\":\"CommentAction\",\"name\":\"Comment\",\"target\":[\"https:\/\/www.oarcanjo.net\/site\/santa-clara-de-assis\/#respond\"]}]},{\"@type\":\"WebPage\",\"@id\":\"https:\/\/www.oarcanjo.net\/site\/santa-clara-de-assis\/\",\"url\":\"https:\/\/www.oarcanjo.net\/site\/santa-clara-de-assis\/\",\"name\":\"Santa Clara de Assis - O Arcanjo no ar\",\"isPartOf\":{\"@id\":\"https:\/\/www.oarcanjo.net\/site\/#website\"},\"primaryImageOfPage\":{\"@id\":\"https:\/\/www.oarcanjo.net\/site\/santa-clara-de-assis\/#primaryimage\"},\"image\":{\"@id\":\"https:\/\/www.oarcanjo.net\/site\/santa-clara-de-assis\/#primaryimage\"},\"thumbnailUrl\":\"http:\/\/www.oarcanjo.net\/site\/wp-content\/uploads\/Santa-Clara-de-Assis.jpg\",\"datePublished\":\"2018-08-11T03:59:11+00:00\",\"dateModified\":\"2018-06-25T11:13:04+00:00\",\"breadcrumb\":{\"@id\":\"https:\/\/www.oarcanjo.net\/site\/santa-clara-de-assis\/#breadcrumb\"},\"inLanguage\":\"pt-BR\",\"potentialAction\":[{\"@type\":\"ReadAction\",\"target\":[\"https:\/\/www.oarcanjo.net\/site\/santa-clara-de-assis\/\"]}]},{\"@type\":\"ImageObject\",\"inLanguage\":\"pt-BR\",\"@id\":\"https:\/\/www.oarcanjo.net\/site\/santa-clara-de-assis\/#primaryimage\",\"url\":\"https:\/\/www.oarcanjo.net\/site\/wp-content\/uploads\/Santa-Clara-de-Assis.jpg\",\"contentUrl\":\"https:\/\/www.oarcanjo.net\/site\/wp-content\/uploads\/Santa-Clara-de-Assis.jpg\",\"width\":450,\"height\":309,\"caption\":\"Santa Clara de Assis\"},{\"@type\":\"BreadcrumbList\",\"@id\":\"https:\/\/www.oarcanjo.net\/site\/santa-clara-de-assis\/#breadcrumb\",\"itemListElement\":[{\"@type\":\"ListItem\",\"position\":1,\"name\":\"In\u00edcio\",\"item\":\"https:\/\/www.oarcanjo.net\/site\/\"},{\"@type\":\"ListItem\",\"position\":2,\"name\":\"Santa Clara de Assis\"}]},{\"@type\":\"WebSite\",\"@id\":\"https:\/\/www.oarcanjo.net\/site\/#website\",\"url\":\"https:\/\/www.oarcanjo.net\/site\/\",\"name\":\"O Arcanjo no ar\",\"description\":\"Site da Par\u00f3quia S\u00e3o Miguel Arcanjo (Arquidiocese de SP)\",\"publisher\":{\"@id\":\"https:\/\/www.oarcanjo.net\/site\/#organization\"},\"potentialAction\":[{\"@type\":\"SearchAction\",\"target\":{\"@type\":\"EntryPoint\",\"urlTemplate\":\"https:\/\/www.oarcanjo.net\/site\/?s={search_term_string}\"},\"query-input\":{\"@type\":\"PropertyValueSpecification\",\"valueRequired\":true,\"valueName\":\"search_term_string\"}}],\"inLanguage\":\"pt-BR\"},{\"@type\":\"Organization\",\"@id\":\"https:\/\/www.oarcanjo.net\/site\/#organization\",\"name\":\"Par\u00f3quia S\u00e3o Miguel Arcanjo\",\"url\":\"https:\/\/www.oarcanjo.net\/site\/\",\"logo\":{\"@type\":\"ImageObject\",\"inLanguage\":\"pt-BR\",\"@id\":\"https:\/\/www.oarcanjo.net\/site\/#\/schema\/logo\/image\/\",\"url\":\"https:\/\/www.oarcanjo.net\/site\/wp-content\/uploads\/LogoOArcanjo.png\",\"contentUrl\":\"https:\/\/www.oarcanjo.net\/site\/wp-content\/uploads\/LogoOArcanjo.png\",\"width\":319,\"height\":99,\"caption\":\"Par\u00f3quia S\u00e3o Miguel Arcanjo\"},\"image\":{\"@id\":\"https:\/\/www.oarcanjo.net\/site\/#\/schema\/logo\/image\/\"},\"sameAs\":[\"https:\/\/www.facebook.com\/OArcanjoNoAr\/\"]},{\"@type\":\"Person\",\"@id\":\"https:\/\/www.oarcanjo.net\/site\/#\/schema\/person\/5eb9480bedd2f3c97e430ce128c29c6c\",\"name\":\"danilo\"}]}<\/script>\n<!-- \/ Yoast SEO plugin. -->","yoast_head_json":{"title":"Santa Clara de Assis - O Arcanjo no ar","robots":{"index":"index","follow":"follow","max-snippet":"max-snippet:-1","max-image-preview":"max-image-preview:large","max-video-preview":"max-video-preview:-1"},"canonical":"https:\/\/www.oarcanjo.net\/site\/santa-clara-de-assis\/","og_locale":"pt_BR","og_type":"article","og_title":"Santa Clara de Assis - O Arcanjo no ar","og_description":"11 de Agosto Alguns tra\u00e7os da vida e da obra de uma Santa que, como S\u00e3o Francisco, marcou sua \u00e9poca. Os que conviveram com ela n\u00e3o acreditavam &#8220;que de Nossa Senhora Bem-aventurada Virgem Maria para c\u00e1 tivesse havido jamais alguma mulher de maior santidade do que ela&#8221; Num Domingo de Ramos, dia 18 de mar\u00e7o [&hellip;]","og_url":"https:\/\/www.oarcanjo.net\/site\/santa-clara-de-assis\/","og_site_name":"O Arcanjo no ar","article_publisher":"https:\/\/www.facebook.com\/OArcanjoNoAr\/","article_published_time":"2018-08-11T03:59:11+00:00","article_modified_time":"2018-06-25T11:13:04+00:00","og_image":[{"url":"http:\/\/www.oarcanjo.net\/site\/wp-content\/uploads\/Santa-Clara-de-Assis.jpg"}],"author":"danilo","twitter_card":"summary_large_image","twitter_misc":{"Escrito por":"danilo","Est. tempo de leitura":"12 minutos"},"schema":{"@context":"https:\/\/schema.org","@graph":[{"@type":"Article","@id":"https:\/\/www.oarcanjo.net\/site\/santa-clara-de-assis\/#article","isPartOf":{"@id":"https:\/\/www.oarcanjo.net\/site\/santa-clara-de-assis\/"},"author":{"name":"danilo","@id":"https:\/\/www.oarcanjo.net\/site\/#\/schema\/person\/5eb9480bedd2f3c97e430ce128c29c6c"},"headline":"Santa Clara de Assis","datePublished":"2018-08-11T03:59:11+00:00","dateModified":"2018-06-25T11:13:04+00:00","mainEntityOfPage":{"@id":"https:\/\/www.oarcanjo.net\/site\/santa-clara-de-assis\/"},"wordCount":2398,"commentCount":2,"publisher":{"@id":"https:\/\/www.oarcanjo.net\/site\/#organization"},"image":{"@id":"https:\/\/www.oarcanjo.net\/site\/santa-clara-de-assis\/#primaryimage"},"thumbnailUrl":"http:\/\/www.oarcanjo.net\/site\/wp-content\/uploads\/Santa-Clara-de-Assis.jpg","articleSection":["Testemunhos"],"inLanguage":"pt-BR","potentialAction":[{"@type":"CommentAction","name":"Comment","target":["https:\/\/www.oarcanjo.net\/site\/santa-clara-de-assis\/#respond"]}]},{"@type":"WebPage","@id":"https:\/\/www.oarcanjo.net\/site\/santa-clara-de-assis\/","url":"https:\/\/www.oarcanjo.net\/site\/santa-clara-de-assis\/","name":"Santa Clara de Assis - O Arcanjo no ar","isPartOf":{"@id":"https:\/\/www.oarcanjo.net\/site\/#website"},"primaryImageOfPage":{"@id":"https:\/\/www.oarcanjo.net\/site\/santa-clara-de-assis\/#primaryimage"},"image":{"@id":"https:\/\/www.oarcanjo.net\/site\/santa-clara-de-assis\/#primaryimage"},"thumbnailUrl":"http:\/\/www.oarcanjo.net\/site\/wp-content\/uploads\/Santa-Clara-de-Assis.jpg","datePublished":"2018-08-11T03:59:11+00:00","dateModified":"2018-06-25T11:13:04+00:00","breadcrumb":{"@id":"https:\/\/www.oarcanjo.net\/site\/santa-clara-de-assis\/#breadcrumb"},"inLanguage":"pt-BR","potentialAction":[{"@type":"ReadAction","target":["https:\/\/www.oarcanjo.net\/site\/santa-clara-de-assis\/"]}]},{"@type":"ImageObject","inLanguage":"pt-BR","@id":"https:\/\/www.oarcanjo.net\/site\/santa-clara-de-assis\/#primaryimage","url":"https:\/\/www.oarcanjo.net\/site\/wp-content\/uploads\/Santa-Clara-de-Assis.jpg","contentUrl":"https:\/\/www.oarcanjo.net\/site\/wp-content\/uploads\/Santa-Clara-de-Assis.jpg","width":450,"height":309,"caption":"Santa Clara de Assis"},{"@type":"BreadcrumbList","@id":"https:\/\/www.oarcanjo.net\/site\/santa-clara-de-assis\/#breadcrumb","itemListElement":[{"@type":"ListItem","position":1,"name":"In\u00edcio","item":"https:\/\/www.oarcanjo.net\/site\/"},{"@type":"ListItem","position":2,"name":"Santa Clara de Assis"}]},{"@type":"WebSite","@id":"https:\/\/www.oarcanjo.net\/site\/#website","url":"https:\/\/www.oarcanjo.net\/site\/","name":"O Arcanjo no ar","description":"Site da Par\u00f3quia S\u00e3o Miguel Arcanjo (Arquidiocese de SP)","publisher":{"@id":"https:\/\/www.oarcanjo.net\/site\/#organization"},"potentialAction":[{"@type":"SearchAction","target":{"@type":"EntryPoint","urlTemplate":"https:\/\/www.oarcanjo.net\/site\/?s={search_term_string}"},"query-input":{"@type":"PropertyValueSpecification","valueRequired":true,"valueName":"search_term_string"}}],"inLanguage":"pt-BR"},{"@type":"Organization","@id":"https:\/\/www.oarcanjo.net\/site\/#organization","name":"Par\u00f3quia S\u00e3o Miguel Arcanjo","url":"https:\/\/www.oarcanjo.net\/site\/","logo":{"@type":"ImageObject","inLanguage":"pt-BR","@id":"https:\/\/www.oarcanjo.net\/site\/#\/schema\/logo\/image\/","url":"https:\/\/www.oarcanjo.net\/site\/wp-content\/uploads\/LogoOArcanjo.png","contentUrl":"https:\/\/www.oarcanjo.net\/site\/wp-content\/uploads\/LogoOArcanjo.png","width":319,"height":99,"caption":"Par\u00f3quia S\u00e3o Miguel Arcanjo"},"image":{"@id":"https:\/\/www.oarcanjo.net\/site\/#\/schema\/logo\/image\/"},"sameAs":["https:\/\/www.facebook.com\/OArcanjoNoAr\/"]},{"@type":"Person","@id":"https:\/\/www.oarcanjo.net\/site\/#\/schema\/person\/5eb9480bedd2f3c97e430ce128c29c6c","name":"danilo"}]}},"publishpress_future_action":{"enabled":false,"date":"2026-05-08 07:28:11","action":"category","newStatus":"draft","terms":[],"taxonomy":"category"},"publishpress_future_workflow_manual_trigger":{"enabledWorkflows":[]},"_links":{"self":[{"href":"https:\/\/www.oarcanjo.net\/site\/wp-json\/wp\/v2\/posts\/10448"}],"collection":[{"href":"https:\/\/www.oarcanjo.net\/site\/wp-json\/wp\/v2\/posts"}],"about":[{"href":"https:\/\/www.oarcanjo.net\/site\/wp-json\/wp\/v2\/types\/post"}],"author":[{"embeddable":true,"href":"https:\/\/www.oarcanjo.net\/site\/wp-json\/wp\/v2\/users\/14"}],"replies":[{"embeddable":true,"href":"https:\/\/www.oarcanjo.net\/site\/wp-json\/wp\/v2\/comments?post=10448"}],"version-history":[{"count":1,"href":"https:\/\/www.oarcanjo.net\/site\/wp-json\/wp\/v2\/posts\/10448\/revisions"}],"predecessor-version":[{"id":88835,"href":"https:\/\/www.oarcanjo.net\/site\/wp-json\/wp\/v2\/posts\/10448\/revisions\/88835"}],"wp:attachment":[{"href":"https:\/\/www.oarcanjo.net\/site\/wp-json\/wp\/v2\/media?parent=10448"}],"wp:term":[{"taxonomy":"category","embeddable":true,"href":"https:\/\/www.oarcanjo.net\/site\/wp-json\/wp\/v2\/categories?post=10448"},{"taxonomy":"post_tag","embeddable":true,"href":"https:\/\/www.oarcanjo.net\/site\/wp-json\/wp\/v2\/tags?post=10448"}],"curies":[{"name":"wp","href":"https:\/\/api.w.org\/{rel}","templated":true}]}}