
{"id":10460,"date":"2010-08-10T06:55:03","date_gmt":"2010-08-10T09:55:03","guid":{"rendered":"http:\/\/www.oarcanjo.net\/site\/?p=10460"},"modified":"2010-08-16T00:08:36","modified_gmt":"2010-08-16T03:08:36","slug":"a-turma-da-crisma-volta-a-se-reunir","status":"publish","type":"post","link":"https:\/\/www.oarcanjo.net\/site\/a-turma-da-crisma-volta-a-se-reunir\/","title":{"rendered":"A turma da Crisma volta a se reunir"},"content":{"rendered":"<p>Pessoal, a data do encontro da crisma mudou, ser\u00e1 aos domingos \u00e0s 16h.<\/p>\n<p>Nosso pr\u00f3ximo encontro vai acontecer no pr\u00f3ximo domingo, dia 15 de agosto, \u00e0s 16h.<\/p>\n<p>Quem n\u00e3o puder participar nesta data, avisa a Mariana por email: <a href=\"mailto:jovens@oarcanjo.net\">jovens@oarcanjo.net<\/a>.<\/p>\n<p>At\u00e9 l\u00e1!<\/p>\n<div id=\"themify_builder_content-10460\" data-postid=\"10460\" class=\"themify_builder_content themify_builder_content-10460 themify_builder themify_builder_front\">\n\t<\/div>\n<!-- \/themify_builder_content -->","protected":false},"excerpt":{"rendered":"<p>Pessoal, a data do encontro da crisma mudou, ser\u00e1 aos domingos \u00e0s 16h. Nosso pr\u00f3ximo encontro vai acontecer no pr\u00f3ximo domingo, dia 15 de agosto, \u00e0s 16h. Quem n\u00e3o puder participar nesta data, avisa a Mariana por email: jovens@oarcanjo.net. At\u00e9 l\u00e1!<\/p>\n","protected":false},"author":12,"featured_media":0,"comment_status":"open","ping_status":"open","sticky":false,"template":"","format":"standard","meta":{"ngg_post_thumbnail":0,"footnotes":""},"categories":[395,8],"tags":[142,1692],"yoast_head":"<!-- This site is optimized with the Yoast SEO plugin v23.5 - https:\/\/yoast.com\/wordpress\/plugins\/seo\/ -->\n<title>A turma da Crisma volta a se reunir - O Arcanjo no ar<\/title>\n<meta name=\"robots\" content=\"index, follow, max-snippet:-1, max-image-preview:large, max-video-preview:-1\" \/>\n<link rel=\"canonical\" href=\"https:\/\/www.oarcanjo.net\/site\/a-turma-da-crisma-volta-a-se-reunir\/\" \/>\n<meta property=\"og:locale\" content=\"pt_BR\" \/>\n<meta property=\"og:type\" content=\"article\" \/>\n<meta property=\"og:title\" content=\"A turma da Crisma volta a se reunir - O Arcanjo no ar\" \/>\n<meta property=\"og:description\" content=\"Pessoal, a data do encontro da crisma mudou, ser\u00e1 aos domingos \u00e0s 16h. Nosso pr\u00f3ximo encontro vai acontecer no pr\u00f3ximo domingo, dia 15 de agosto, \u00e0s 16h. Quem n\u00e3o puder participar nesta data, avisa a Mariana por email: jovens@oarcanjo.net. At\u00e9 l\u00e1!\" \/>\n<meta property=\"og:url\" content=\"https:\/\/www.oarcanjo.net\/site\/a-turma-da-crisma-volta-a-se-reunir\/\" \/>\n<meta property=\"og:site_name\" content=\"O Arcanjo no ar\" \/>\n<meta property=\"article:publisher\" content=\"https:\/\/www.facebook.com\/OArcanjoNoAr\/\" \/>\n<meta property=\"article:published_time\" content=\"2010-08-10T09:55:03+00:00\" \/>\n<meta property=\"article:modified_time\" content=\"2010-08-16T03:08:36+00:00\" \/>\n<meta property=\"og:image\" content=\"https:\/\/www.oarcanjo.net\/site\/wp-content\/uploads\/logo-o-arcanjo-no-ar-facebook.png\" \/>\n\t<meta property=\"og:image:width\" content=\"300\" \/>\n\t<meta property=\"og:image:height\" content=\"300\" \/>\n\t<meta property=\"og:image:type\" content=\"image\/png\" \/>\n<meta name=\"author\" content=\"mariana\" \/>\n<meta name=\"twitter:card\" content=\"summary_large_image\" \/>\n<meta name=\"twitter:label1\" content=\"Escrito por\" \/>\n\t<meta name=\"twitter:data1\" content=\"mariana\" \/>\n<script type=\"application\/ld+json\" class=\"yoast-schema-graph\">{\"@context\":\"https:\/\/schema.org\",\"@graph\":[{\"@type\":\"Article\",\"@id\":\"https:\/\/www.oarcanjo.net\/site\/a-turma-da-crisma-volta-a-se-reunir\/#article\",\"isPartOf\":{\"@id\":\"https:\/\/www.oarcanjo.net\/site\/a-turma-da-crisma-volta-a-se-reunir\/\"},\"author\":{\"name\":\"mariana\",\"@id\":\"https:\/\/www.oarcanjo.net\/site\/#\/schema\/person\/e54a5c62347067e278a5d0cf64f6a6e6\"},\"headline\":\"A turma da Crisma volta a se reunir\",\"datePublished\":\"2010-08-10T09:55:03+00:00\",\"dateModified\":\"2010-08-16T03:08:36+00:00\",\"mainEntityOfPage\":{\"@id\":\"https:\/\/www.oarcanjo.net\/site\/a-turma-da-crisma-volta-a-se-reunir\/\"},\"wordCount\":53,\"commentCount\":1,\"publisher\":{\"@id\":\"https:\/\/www.oarcanjo.net\/site\/#organization\"},\"keywords\":[\"Crisma\",\"encontro\"],\"articleSection\":[\"Jovens\",\"Not\u00edcias\"],\"inLanguage\":\"pt-BR\",\"potentialAction\":[{\"@type\":\"CommentAction\",\"name\":\"Comment\",\"target\":[\"https:\/\/www.oarcanjo.net\/site\/a-turma-da-crisma-volta-a-se-reunir\/#respond\"]}]},{\"@type\":\"WebPage\",\"@id\":\"https:\/\/www.oarcanjo.net\/site\/a-turma-da-crisma-volta-a-se-reunir\/\",\"url\":\"https:\/\/www.oarcanjo.net\/site\/a-turma-da-crisma-volta-a-se-reunir\/\",\"name\":\"A turma da Crisma volta a se reunir - O Arcanjo no ar\",\"isPartOf\":{\"@id\":\"https:\/\/www.oarcanjo.net\/site\/#website\"},\"datePublished\":\"2010-08-10T09:55:03+00:00\",\"dateModified\":\"2010-08-16T03:08:36+00:00\",\"breadcrumb\":{\"@id\":\"https:\/\/www.oarcanjo.net\/site\/a-turma-da-crisma-volta-a-se-reunir\/#breadcrumb\"},\"inLanguage\":\"pt-BR\",\"potentialAction\":[{\"@type\":\"ReadAction\",\"target\":[\"https:\/\/www.oarcanjo.net\/site\/a-turma-da-crisma-volta-a-se-reunir\/\"]}]},{\"@type\":\"BreadcrumbList\",\"@id\":\"https:\/\/www.oarcanjo.net\/site\/a-turma-da-crisma-volta-a-se-reunir\/#breadcrumb\",\"itemListElement\":[{\"@type\":\"ListItem\",\"position\":1,\"name\":\"In\u00edcio\",\"item\":\"https:\/\/www.oarcanjo.net\/site\/\"},{\"@type\":\"ListItem\",\"position\":2,\"name\":\"A turma da Crisma volta a se reunir\"}]},{\"@type\":\"WebSite\",\"@id\":\"https:\/\/www.oarcanjo.net\/site\/#website\",\"url\":\"https:\/\/www.oarcanjo.net\/site\/\",\"name\":\"O Arcanjo no ar\",\"description\":\"Site da Par\u00f3quia S\u00e3o Miguel Arcanjo (Arquidiocese de SP)\",\"publisher\":{\"@id\":\"https:\/\/www.oarcanjo.net\/site\/#organization\"},\"potentialAction\":[{\"@type\":\"SearchAction\",\"target\":{\"@type\":\"EntryPoint\",\"urlTemplate\":\"https:\/\/www.oarcanjo.net\/site\/?s={search_term_string}\"},\"query-input\":{\"@type\":\"PropertyValueSpecification\",\"valueRequired\":true,\"valueName\":\"search_term_string\"}}],\"inLanguage\":\"pt-BR\"},{\"@type\":\"Organization\",\"@id\":\"https:\/\/www.oarcanjo.net\/site\/#organization\",\"name\":\"Par\u00f3quia S\u00e3o Miguel Arcanjo\",\"url\":\"https:\/\/www.oarcanjo.net\/site\/\",\"logo\":{\"@type\":\"ImageObject\",\"inLanguage\":\"pt-BR\",\"@id\":\"https:\/\/www.oarcanjo.net\/site\/#\/schema\/logo\/image\/\",\"url\":\"https:\/\/www.oarcanjo.net\/site\/wp-content\/uploads\/LogoOArcanjo.png\",\"contentUrl\":\"https:\/\/www.oarcanjo.net\/site\/wp-content\/uploads\/LogoOArcanjo.png\",\"width\":319,\"height\":99,\"caption\":\"Par\u00f3quia S\u00e3o Miguel Arcanjo\"},\"image\":{\"@id\":\"https:\/\/www.oarcanjo.net\/site\/#\/schema\/logo\/image\/\"},\"sameAs\":[\"https:\/\/www.facebook.com\/OArcanjoNoAr\/\"]},{\"@type\":\"Person\",\"@id\":\"https:\/\/www.oarcanjo.net\/site\/#\/schema\/person\/e54a5c62347067e278a5d0cf64f6a6e6\",\"name\":\"mariana\"}]}<\/script>\n<!-- \/ Yoast SEO plugin. -->","yoast_head_json":{"title":"A turma da Crisma volta a se reunir - O Arcanjo no ar","robots":{"index":"index","follow":"follow","max-snippet":"max-snippet:-1","max-image-preview":"max-image-preview:large","max-video-preview":"max-video-preview:-1"},"canonical":"https:\/\/www.oarcanjo.net\/site\/a-turma-da-crisma-volta-a-se-reunir\/","og_locale":"pt_BR","og_type":"article","og_title":"A turma da Crisma volta a se reunir - O Arcanjo no ar","og_description":"Pessoal, a data do encontro da crisma mudou, ser\u00e1 aos domingos \u00e0s 16h. Nosso pr\u00f3ximo encontro vai acontecer no pr\u00f3ximo domingo, dia 15 de agosto, \u00e0s 16h. Quem n\u00e3o puder participar nesta data, avisa a Mariana por email: jovens@oarcanjo.net. At\u00e9 l\u00e1!","og_url":"https:\/\/www.oarcanjo.net\/site\/a-turma-da-crisma-volta-a-se-reunir\/","og_site_name":"O Arcanjo no ar","article_publisher":"https:\/\/www.facebook.com\/OArcanjoNoAr\/","article_published_time":"2010-08-10T09:55:03+00:00","article_modified_time":"2010-08-16T03:08:36+00:00","og_image":[{"width":300,"height":300,"url":"https:\/\/www.oarcanjo.net\/site\/wp-content\/uploads\/logo-o-arcanjo-no-ar-facebook.png","type":"image\/png"}],"author":"mariana","twitter_card":"summary_large_image","twitter_misc":{"Escrito por":"mariana"},"schema":{"@context":"https:\/\/schema.org","@graph":[{"@type":"Article","@id":"https:\/\/www.oarcanjo.net\/site\/a-turma-da-crisma-volta-a-se-reunir\/#article","isPartOf":{"@id":"https:\/\/www.oarcanjo.net\/site\/a-turma-da-crisma-volta-a-se-reunir\/"},"author":{"name":"mariana","@id":"https:\/\/www.oarcanjo.net\/site\/#\/schema\/person\/e54a5c62347067e278a5d0cf64f6a6e6"},"headline":"A turma da Crisma volta a se reunir","datePublished":"2010-08-10T09:55:03+00:00","dateModified":"2010-08-16T03:08:36+00:00","mainEntityOfPage":{"@id":"https:\/\/www.oarcanjo.net\/site\/a-turma-da-crisma-volta-a-se-reunir\/"},"wordCount":53,"commentCount":1,"publisher":{"@id":"https:\/\/www.oarcanjo.net\/site\/#organization"},"keywords":["Crisma","encontro"],"articleSection":["Jovens","Not\u00edcias"],"inLanguage":"pt-BR","potentialAction":[{"@type":"CommentAction","name":"Comment","target":["https:\/\/www.oarcanjo.net\/site\/a-turma-da-crisma-volta-a-se-reunir\/#respond"]}]},{"@type":"WebPage","@id":"https:\/\/www.oarcanjo.net\/site\/a-turma-da-crisma-volta-a-se-reunir\/","url":"https:\/\/www.oarcanjo.net\/site\/a-turma-da-crisma-volta-a-se-reunir\/","name":"A turma da Crisma volta a se reunir - O Arcanjo no ar","isPartOf":{"@id":"https:\/\/www.oarcanjo.net\/site\/#website"},"datePublished":"2010-08-10T09:55:03+00:00","dateModified":"2010-08-16T03:08:36+00:00","breadcrumb":{"@id":"https:\/\/www.oarcanjo.net\/site\/a-turma-da-crisma-volta-a-se-reunir\/#breadcrumb"},"inLanguage":"pt-BR","potentialAction":[{"@type":"ReadAction","target":["https:\/\/www.oarcanjo.net\/site\/a-turma-da-crisma-volta-a-se-reunir\/"]}]},{"@type":"BreadcrumbList","@id":"https:\/\/www.oarcanjo.net\/site\/a-turma-da-crisma-volta-a-se-reunir\/#breadcrumb","itemListElement":[{"@type":"ListItem","position":1,"name":"In\u00edcio","item":"https:\/\/www.oarcanjo.net\/site\/"},{"@type":"ListItem","position":2,"name":"A turma da Crisma volta a se reunir"}]},{"@type":"WebSite","@id":"https:\/\/www.oarcanjo.net\/site\/#website","url":"https:\/\/www.oarcanjo.net\/site\/","name":"O Arcanjo no ar","description":"Site da Par\u00f3quia S\u00e3o Miguel Arcanjo (Arquidiocese de SP)","publisher":{"@id":"https:\/\/www.oarcanjo.net\/site\/#organization"},"potentialAction":[{"@type":"SearchAction","target":{"@type":"EntryPoint","urlTemplate":"https:\/\/www.oarcanjo.net\/site\/?s={search_term_string}"},"query-input":{"@type":"PropertyValueSpecification","valueRequired":true,"valueName":"search_term_string"}}],"inLanguage":"pt-BR"},{"@type":"Organization","@id":"https:\/\/www.oarcanjo.net\/site\/#organization","name":"Par\u00f3quia S\u00e3o Miguel Arcanjo","url":"https:\/\/www.oarcanjo.net\/site\/","logo":{"@type":"ImageObject","inLanguage":"pt-BR","@id":"https:\/\/www.oarcanjo.net\/site\/#\/schema\/logo\/image\/","url":"https:\/\/www.oarcanjo.net\/site\/wp-content\/uploads\/LogoOArcanjo.png","contentUrl":"https:\/\/www.oarcanjo.net\/site\/wp-content\/uploads\/LogoOArcanjo.png","width":319,"height":99,"caption":"Par\u00f3quia S\u00e3o Miguel Arcanjo"},"image":{"@id":"https:\/\/www.oarcanjo.net\/site\/#\/schema\/logo\/image\/"},"sameAs":["https:\/\/www.facebook.com\/OArcanjoNoAr\/"]},{"@type":"Person","@id":"https:\/\/www.oarcanjo.net\/site\/#\/schema\/person\/e54a5c62347067e278a5d0cf64f6a6e6","name":"mariana"}]}},"publishpress_future_action":{"enabled":false,"date":"2026-05-09 09:03:16","action":"category","newStatus":"draft","terms":[],"taxonomy":"category"},"publishpress_future_workflow_manual_trigger":{"enabledWorkflows":[]},"_links":{"self":[{"href":"https:\/\/www.oarcanjo.net\/site\/wp-json\/wp\/v2\/posts\/10460"}],"collection":[{"href":"https:\/\/www.oarcanjo.net\/site\/wp-json\/wp\/v2\/posts"}],"about":[{"href":"https:\/\/www.oarcanjo.net\/site\/wp-json\/wp\/v2\/types\/post"}],"author":[{"embeddable":true,"href":"https:\/\/www.oarcanjo.net\/site\/wp-json\/wp\/v2\/users\/12"}],"replies":[{"embeddable":true,"href":"https:\/\/www.oarcanjo.net\/site\/wp-json\/wp\/v2\/comments?post=10460"}],"version-history":[{"count":0,"href":"https:\/\/www.oarcanjo.net\/site\/wp-json\/wp\/v2\/posts\/10460\/revisions"}],"wp:attachment":[{"href":"https:\/\/www.oarcanjo.net\/site\/wp-json\/wp\/v2\/media?parent=10460"}],"wp:term":[{"taxonomy":"category","embeddable":true,"href":"https:\/\/www.oarcanjo.net\/site\/wp-json\/wp\/v2\/categories?post=10460"},{"taxonomy":"post_tag","embeddable":true,"href":"https:\/\/www.oarcanjo.net\/site\/wp-json\/wp\/v2\/tags?post=10460"}],"curies":[{"name":"wp","href":"https:\/\/api.w.org\/{rel}","templated":true}]}}