
{"id":10472,"date":"2017-08-15T00:44:54","date_gmt":"2017-08-15T03:44:54","guid":{"rendered":"http:\/\/www.oarcanjo.net\/site\/?p=10472"},"modified":"2019-02-20T08:03:38","modified_gmt":"2019-02-20T11:03:38","slug":"assuncao-da-virgem-maria","status":"publish","type":"post","link":"https:\/\/www.oarcanjo.net\/site\/assuncao-da-virgem-maria\/","title":{"rendered":"Assun\u00e7\u00e3o da Virgem Maria"},"content":{"rendered":"<p><img loading=\"lazy\" decoding=\"async\" src=\"http:\/\/www.aveluz.com\/rosari19.jpg\" alt=\"\" width=\"306\" height=\"406\" \/><\/p>\n<p>15 de Agosto<\/p>\n<p>N\u00e3o h\u00e1 maior gl\u00f3ria do que a que recebeu Maria, escolhida para ser a m\u00e3e de Jesus, o Filho de Deus. De seu ventre virginal nasceu o Salvador da humanidade. Por isso, Deus lhe reservou a melhor das recompensas. Terminado seu tempo de vida terrestre, Maria foi &#8220;assunta&#8221;, isto \u00e9, levada ao c\u00e9u em corpo e alma. O que a tradi\u00e7\u00e3o crist\u00e3 diz \u00e9 que Ela nem mesmo morreu, apenas &#8220;dormiu&#8221;. Narra tamb\u00e9m que foram os anjos Gabriel e Miguel que A levaram ao c\u00e9u. Deus queria conservar a integridade do corpo daquela que gerou seu Filho.<\/p>\n<p>A solenidade da Assun\u00e7\u00e3o da Virgem Maria existe desde os prim\u00f3rdios do catolicismo. No in\u00edcio era celebrada a Dormi\u00e7\u00e3o de Nossa Senhora. Esta festa veio a ser oficializada para os cat\u00f3licos orientais no s\u00e9culo VII com um edito do imperador bizantino Maur\u00edcio. No mesmo s\u00e9culo a festa da Dormi\u00e7\u00e3o foi introduzida tamb\u00e9m em Roma pelo Papa S\u00e9rgio I, de origem oriental. Foi em 687, quando, em prociss\u00e3o, foi at\u00e9 a bas\u00edlica de Santa Maria Maior, celebrar o Santo Of\u00edcio. Mas foi preciso transcorrer um outro s\u00e9culo para que o nome &#8220;dormi\u00e7\u00e3o&#8221; cedesse o lugar \u00e0quele mais explicito de assun\u00e7\u00e3o&#8221;, usado at\u00e9 os nossos dias.<\/p>\n<p>Em 1950 foi solenemente definido este dogma de Maria, pelo Papa Pio XII. Pela singular import\u00e2ncia de Sua miss\u00e3o como M\u00e3e de Jesus, Maria n\u00e3o s\u00f3 foi proclamada Rainha do c\u00e9u, quando levada para viver ao lado de Deus, mas proclamada M\u00e3e da Igreja, portanto de todos n\u00f3s.<\/p>\n<p>Na Assun\u00e7\u00e3o da Virgem Maria, vemos a nossa esperan\u00e7a de ressurrei\u00e7\u00e3o j\u00e1 realizada. Nela a Igreja atinge a plenitude do triunfo final, a vit\u00f3ria definitiva sobre a morte e o mal. Por isto esta festa \u00e9 uma das solenidades mais comemoradas pelos cat\u00f3licos. Depois da Assun\u00e7\u00e3o, Nossa Senhora com maternal benevol\u00eancia participa com Sua ora\u00e7\u00e3o e intercess\u00e3o na obra de seu Filho: a salva\u00e7\u00e3o da humanidade. Ela que \u00e9 a mediadora de todas as gra\u00e7as.<\/p>\n<h1>Nossa Senhora da Boa Morte<\/h1>\n<p><img loading=\"lazy\" decoding=\"async\" src=\"http:\/\/www.igreja-catolica.com\/misc\/imagens\/nossa-senhora\/nossa-senhora-da-boa-morte.jpg\" alt=\"\" width=\"205\" height=\"322\" \/><img loading=\"lazy\" decoding=\"async\" src=\"http:\/\/blog.cancaonova.com\/discipulosemissionarios\/files\/2009\/07\/dormicao-de-nossa-senhora.jpg\" alt=\"\" width=\"467\" height=\"290\" \/><\/p>\n<p><!-- end title on the page --><!-- end container for the title on the page --><!-- start container for quote on the page --><br \/>\nA devo\u00e7\u00e3o \u00e0 Nossa Senhora da Boa Morte chegou aos crist\u00e3os do Ocidente, atrav\u00e9s da tradi\u00e7\u00e3o crist\u00e3 do Oriente, sob o t\u00edtulo de &#8220;Dormi\u00e7\u00e3o da Assunta&#8221;. Talvez, esse seja o culto mariano mais antigo, iniciado logo nos primeiros s\u00e9culos do cristianismo. A \u00faltima metade do s\u00e9culo V foi marcada pela propaga\u00e7\u00e3o de uma literatura ap\u00f3crifa, isto \u00e9, escrita na \u00e9poca dos fatos, mas n\u00e3o inclu\u00edda na B\u00edblia, sobre a morte e assun\u00e7\u00e3o da Virgem; e a constru\u00e7\u00e3o de uma Bas\u00edlica para venerar o t\u00famulo da M\u00e3e de Deus, por ordem da imperatriz Eud\u00f3xia<span>\u00a0<\/span><\/p>\n<p><span>A devo\u00e7\u00e3o \u00e0 Nossa Senhora da Boa Morte chegou aos crist\u00e3os do Ocidente, atrav\u00e9s da tradi\u00e7\u00e3o crist\u00e3 do Oriente, sob o t\u00edtulo de &#8220;Dormi\u00e7\u00e3o da Assunta&#8221;. Talvez, esse seja o culto mariano mais antigo, iniciado logo nos primeiros s\u00e9culos do cristianismo. A \u00faltima metade do s\u00e9culo V foi marcada pela propaga\u00e7\u00e3o de uma literatura ap\u00f3crifa, isto \u00e9, escrita na \u00e9poca dos fatos, mas n\u00e3o inclu\u00edda na B\u00edblia, sobre a morte e assun\u00e7\u00e3o da Virgem; e a constru\u00e7\u00e3o de uma Bas\u00edlica para venerar o t\u00famulo da M\u00e3e de Deus, por ordem da imperatriz Eud\u00f3xia. Isso acabou provocando a mudan\u00e7a do conte\u00fado tem\u00e1tico do culto de 15 de agosto, para a &#8220;Dormi\u00e7\u00e3o da Assunta&#8221;, j\u00e1 no in\u00edcio do s\u00e9culo VI. Os escritos ap\u00f3crifos revelavam que, a Virgem Maria teria entrado em &#8220;Dormi\u00e7\u00e3o&#8221;, isto \u00e9, entrado no sono da morte rodeada pelos ap\u00f3stolos. O seu corpo imaculado foi levado por eles a um sepulcro novo no Gets\u00eamani. Tr\u00eas dias depois, eles voltaram ao local e o encontraram vazio e com odor de flores. A M\u00e3e f\u00f4ra &#8220;Assunta&#8221;, isto \u00e9, subira ao c\u00e9u em corpo e alma. No s\u00e9culo VII, o imperador Maur\u00edcio prescreveu que essa festa mariana fosse celebrada em todos os seus dom\u00ednios, como uma das mais importantes. E finalmente, o Papa S\u00e9rgio I a introduziu na liturgia de Roma. Desse modo, o culto &#8220;Dormi\u00e7\u00e3o da Assunta&#8221; ou &#8220;Dormi\u00e7\u00e3o da M\u00e3e de Deus&#8221; alcan\u00e7ou toda a Igreja, do Oriente e do Ocidente. A Igreja do Oriente, se dedicou ao culto da devo\u00e7\u00e3o da M\u00e3e de Deus, at\u00e9 por ser a mais primitiva. Muitas igrejas cobertas de \u00edcones sagrados foram erguidas em todos as regi\u00f5es, nesse per\u00edodo bizantino. Os lugares sagrados, marcados pelos acontecimentos da Revela\u00e7\u00e3o do Mist\u00e9rio de Deus, foram guardados dentro de magn\u00edficos templos cobertos de \u00edcones. Os \u00edcones n\u00e3o foram feitos para adornar o templo, s\u00e3o pinturas que representam os s\u00edmbolos sagrados da Igreja e descrevem o Evangelho. Assim, uma grande profus\u00e3o de \u00edcones invadiu a Igreja do Ocidente, especialmente os da M\u00e3e de Deus. A Virgem Sant\u00edssima, al\u00e9m de ser invocada e representada em &#8220;Dormi\u00e7\u00e3o&#8221;, foi chamada de &#8220;Assunta&#8221;, como seu filho foi elevada ao c\u00e9u, pelo m\u00e9rito de Cristo, obtendo a Reden\u00e7\u00e3o corp\u00f3rea.<\/p>\n<p>Nossa Senhora da Boa Morte<\/p>\n<p>Venerar a Boa Morte de Nossa Senhora sempre foi uma grande festa, para os crist\u00e3os. Ela \u00e9 a primissa da glorifica\u00e7\u00e3o do corpo e da alma, assegurada por Cristo no final dos tempos. Antigamente o culto iniciava na v\u00e9spera, com a deposi\u00e7\u00e3o da imagem da Virgem &#8220;dormente&#8221;, num esquife e ficava exposta \u00e0 visita dos fi\u00e9is at\u00e9 a manh\u00e3 da festa, quando era retirada e colocada a imagem triunfal de Nossa Senhora da Assun\u00e7\u00e3o. Em algumas localidades essa tradi\u00e7\u00e3o se manteve, inclusive nas Am\u00e9ricas que herdou o culto dos mission\u00e1rios espanh\u00f3is e portugueses.<\/p>\n<p>Nossa Senhora da Boa Morte<\/p>\n<p>O dogma da Assun\u00e7\u00e3o de Maria s\u00f3 foi proclamado pelo Papa Pio XII em 1950, como conseq\u00fc\u00eancia l\u00f3gica de intensos estudos hist\u00f3ricos e teol\u00f3gicos patrocinados pela Igreja ao longo desses s\u00e9culos. Ele s\u00f3 fez coroar uma f\u00e9 sempre professada universalmente por todo o Povo de Deus. Nossa Senhora da Boa Morte<\/span><\/p>\n<p><span>\u00a0<\/span><\/p>\n<div id=\"themify_builder_content-10472\" data-postid=\"10472\" class=\"themify_builder_content themify_builder_content-10472 themify_builder themify_builder_front\">\n\t<\/div>\n<!-- \/themify_builder_content -->","protected":false},"excerpt":{"rendered":"<p>15 de Agosto N\u00e3o h\u00e1 maior gl\u00f3ria do que a que recebeu Maria, escolhida para ser a m\u00e3e de Jesus, o Filho de Deus. De seu ventre virginal nasceu o Salvador da humanidade. Por isso, Deus lhe reservou a melhor das recompensas. Terminado seu tempo de vida terrestre, Maria foi &#8220;assunta&#8221;, isto \u00e9, levada ao [&hellip;]<\/p>\n","protected":false},"author":14,"featured_media":0,"comment_status":"open","ping_status":"open","sticky":false,"template":"","format":"standard","meta":{"ngg_post_thumbnail":0,"footnotes":""},"categories":[186],"tags":[],"yoast_head":"<!-- This site is optimized with the Yoast SEO plugin v23.5 - https:\/\/yoast.com\/wordpress\/plugins\/seo\/ -->\n<title>Assun\u00e7\u00e3o da Virgem Maria - O Arcanjo no ar<\/title>\n<meta name=\"robots\" content=\"index, follow, max-snippet:-1, max-image-preview:large, max-video-preview:-1\" \/>\n<link rel=\"canonical\" href=\"https:\/\/www.oarcanjo.net\/site\/assuncao-da-virgem-maria\/\" \/>\n<meta property=\"og:locale\" content=\"pt_BR\" \/>\n<meta property=\"og:type\" content=\"article\" \/>\n<meta property=\"og:title\" content=\"Assun\u00e7\u00e3o da Virgem Maria - O Arcanjo no ar\" \/>\n<meta property=\"og:description\" content=\"15 de Agosto N\u00e3o h\u00e1 maior gl\u00f3ria do que a que recebeu Maria, escolhida para ser a m\u00e3e de Jesus, o Filho de Deus. De seu ventre virginal nasceu o Salvador da humanidade. Por isso, Deus lhe reservou a melhor das recompensas. Terminado seu tempo de vida terrestre, Maria foi &#8220;assunta&#8221;, isto \u00e9, levada ao [&hellip;]\" \/>\n<meta property=\"og:url\" content=\"https:\/\/www.oarcanjo.net\/site\/assuncao-da-virgem-maria\/\" \/>\n<meta property=\"og:site_name\" content=\"O Arcanjo no ar\" \/>\n<meta property=\"article:publisher\" content=\"https:\/\/www.facebook.com\/OArcanjoNoAr\/\" \/>\n<meta property=\"article:published_time\" content=\"2017-08-15T03:44:54+00:00\" \/>\n<meta property=\"article:modified_time\" content=\"2019-02-20T11:03:38+00:00\" \/>\n<meta property=\"og:image\" content=\"http:\/\/www.aveluz.com\/rosari19.jpg\" \/>\n<meta name=\"author\" content=\"danilo\" \/>\n<meta name=\"twitter:card\" content=\"summary_large_image\" \/>\n<meta name=\"twitter:label1\" content=\"Escrito por\" \/>\n\t<meta name=\"twitter:data1\" content=\"danilo\" \/>\n\t<meta name=\"twitter:label2\" content=\"Est. tempo de leitura\" \/>\n\t<meta name=\"twitter:data2\" content=\"5 minutos\" \/>\n<script type=\"application\/ld+json\" class=\"yoast-schema-graph\">{\"@context\":\"https:\/\/schema.org\",\"@graph\":[{\"@type\":\"Article\",\"@id\":\"https:\/\/www.oarcanjo.net\/site\/assuncao-da-virgem-maria\/#article\",\"isPartOf\":{\"@id\":\"https:\/\/www.oarcanjo.net\/site\/assuncao-da-virgem-maria\/\"},\"author\":{\"name\":\"danilo\",\"@id\":\"https:\/\/www.oarcanjo.net\/site\/#\/schema\/person\/5eb9480bedd2f3c97e430ce128c29c6c\"},\"headline\":\"Assun\u00e7\u00e3o da Virgem Maria\",\"datePublished\":\"2017-08-15T03:44:54+00:00\",\"dateModified\":\"2019-02-20T11:03:38+00:00\",\"mainEntityOfPage\":{\"@id\":\"https:\/\/www.oarcanjo.net\/site\/assuncao-da-virgem-maria\/\"},\"wordCount\":1069,\"commentCount\":0,\"publisher\":{\"@id\":\"https:\/\/www.oarcanjo.net\/site\/#organization\"},\"image\":{\"@id\":\"https:\/\/www.oarcanjo.net\/site\/assuncao-da-virgem-maria\/#primaryimage\"},\"thumbnailUrl\":\"http:\/\/www.aveluz.com\/rosari19.jpg\",\"articleSection\":[\"Testemunhos\"],\"inLanguage\":\"pt-BR\",\"potentialAction\":[{\"@type\":\"CommentAction\",\"name\":\"Comment\",\"target\":[\"https:\/\/www.oarcanjo.net\/site\/assuncao-da-virgem-maria\/#respond\"]}]},{\"@type\":\"WebPage\",\"@id\":\"https:\/\/www.oarcanjo.net\/site\/assuncao-da-virgem-maria\/\",\"url\":\"https:\/\/www.oarcanjo.net\/site\/assuncao-da-virgem-maria\/\",\"name\":\"Assun\u00e7\u00e3o da Virgem Maria - O Arcanjo no ar\",\"isPartOf\":{\"@id\":\"https:\/\/www.oarcanjo.net\/site\/#website\"},\"primaryImageOfPage\":{\"@id\":\"https:\/\/www.oarcanjo.net\/site\/assuncao-da-virgem-maria\/#primaryimage\"},\"image\":{\"@id\":\"https:\/\/www.oarcanjo.net\/site\/assuncao-da-virgem-maria\/#primaryimage\"},\"thumbnailUrl\":\"http:\/\/www.aveluz.com\/rosari19.jpg\",\"datePublished\":\"2017-08-15T03:44:54+00:00\",\"dateModified\":\"2019-02-20T11:03:38+00:00\",\"breadcrumb\":{\"@id\":\"https:\/\/www.oarcanjo.net\/site\/assuncao-da-virgem-maria\/#breadcrumb\"},\"inLanguage\":\"pt-BR\",\"potentialAction\":[{\"@type\":\"ReadAction\",\"target\":[\"https:\/\/www.oarcanjo.net\/site\/assuncao-da-virgem-maria\/\"]}]},{\"@type\":\"ImageObject\",\"inLanguage\":\"pt-BR\",\"@id\":\"https:\/\/www.oarcanjo.net\/site\/assuncao-da-virgem-maria\/#primaryimage\",\"url\":\"http:\/\/www.aveluz.com\/rosari19.jpg\",\"contentUrl\":\"http:\/\/www.aveluz.com\/rosari19.jpg\"},{\"@type\":\"BreadcrumbList\",\"@id\":\"https:\/\/www.oarcanjo.net\/site\/assuncao-da-virgem-maria\/#breadcrumb\",\"itemListElement\":[{\"@type\":\"ListItem\",\"position\":1,\"name\":\"In\u00edcio\",\"item\":\"https:\/\/www.oarcanjo.net\/site\/\"},{\"@type\":\"ListItem\",\"position\":2,\"name\":\"Assun\u00e7\u00e3o da Virgem Maria\"}]},{\"@type\":\"WebSite\",\"@id\":\"https:\/\/www.oarcanjo.net\/site\/#website\",\"url\":\"https:\/\/www.oarcanjo.net\/site\/\",\"name\":\"O Arcanjo no ar\",\"description\":\"Site da Par\u00f3quia S\u00e3o Miguel Arcanjo (Arquidiocese de SP)\",\"publisher\":{\"@id\":\"https:\/\/www.oarcanjo.net\/site\/#organization\"},\"potentialAction\":[{\"@type\":\"SearchAction\",\"target\":{\"@type\":\"EntryPoint\",\"urlTemplate\":\"https:\/\/www.oarcanjo.net\/site\/?s={search_term_string}\"},\"query-input\":{\"@type\":\"PropertyValueSpecification\",\"valueRequired\":true,\"valueName\":\"search_term_string\"}}],\"inLanguage\":\"pt-BR\"},{\"@type\":\"Organization\",\"@id\":\"https:\/\/www.oarcanjo.net\/site\/#organization\",\"name\":\"Par\u00f3quia S\u00e3o Miguel Arcanjo\",\"url\":\"https:\/\/www.oarcanjo.net\/site\/\",\"logo\":{\"@type\":\"ImageObject\",\"inLanguage\":\"pt-BR\",\"@id\":\"https:\/\/www.oarcanjo.net\/site\/#\/schema\/logo\/image\/\",\"url\":\"https:\/\/www.oarcanjo.net\/site\/wp-content\/uploads\/LogoOArcanjo.png\",\"contentUrl\":\"https:\/\/www.oarcanjo.net\/site\/wp-content\/uploads\/LogoOArcanjo.png\",\"width\":319,\"height\":99,\"caption\":\"Par\u00f3quia S\u00e3o Miguel Arcanjo\"},\"image\":{\"@id\":\"https:\/\/www.oarcanjo.net\/site\/#\/schema\/logo\/image\/\"},\"sameAs\":[\"https:\/\/www.facebook.com\/OArcanjoNoAr\/\"]},{\"@type\":\"Person\",\"@id\":\"https:\/\/www.oarcanjo.net\/site\/#\/schema\/person\/5eb9480bedd2f3c97e430ce128c29c6c\",\"name\":\"danilo\"}]}<\/script>\n<!-- \/ Yoast SEO plugin. -->","yoast_head_json":{"title":"Assun\u00e7\u00e3o da Virgem Maria - O Arcanjo no ar","robots":{"index":"index","follow":"follow","max-snippet":"max-snippet:-1","max-image-preview":"max-image-preview:large","max-video-preview":"max-video-preview:-1"},"canonical":"https:\/\/www.oarcanjo.net\/site\/assuncao-da-virgem-maria\/","og_locale":"pt_BR","og_type":"article","og_title":"Assun\u00e7\u00e3o da Virgem Maria - O Arcanjo no ar","og_description":"15 de Agosto N\u00e3o h\u00e1 maior gl\u00f3ria do que a que recebeu Maria, escolhida para ser a m\u00e3e de Jesus, o Filho de Deus. De seu ventre virginal nasceu o Salvador da humanidade. Por isso, Deus lhe reservou a melhor das recompensas. Terminado seu tempo de vida terrestre, Maria foi &#8220;assunta&#8221;, isto \u00e9, levada ao [&hellip;]","og_url":"https:\/\/www.oarcanjo.net\/site\/assuncao-da-virgem-maria\/","og_site_name":"O Arcanjo no ar","article_publisher":"https:\/\/www.facebook.com\/OArcanjoNoAr\/","article_published_time":"2017-08-15T03:44:54+00:00","article_modified_time":"2019-02-20T11:03:38+00:00","og_image":[{"url":"http:\/\/www.aveluz.com\/rosari19.jpg"}],"author":"danilo","twitter_card":"summary_large_image","twitter_misc":{"Escrito por":"danilo","Est. tempo de leitura":"5 minutos"},"schema":{"@context":"https:\/\/schema.org","@graph":[{"@type":"Article","@id":"https:\/\/www.oarcanjo.net\/site\/assuncao-da-virgem-maria\/#article","isPartOf":{"@id":"https:\/\/www.oarcanjo.net\/site\/assuncao-da-virgem-maria\/"},"author":{"name":"danilo","@id":"https:\/\/www.oarcanjo.net\/site\/#\/schema\/person\/5eb9480bedd2f3c97e430ce128c29c6c"},"headline":"Assun\u00e7\u00e3o da Virgem Maria","datePublished":"2017-08-15T03:44:54+00:00","dateModified":"2019-02-20T11:03:38+00:00","mainEntityOfPage":{"@id":"https:\/\/www.oarcanjo.net\/site\/assuncao-da-virgem-maria\/"},"wordCount":1069,"commentCount":0,"publisher":{"@id":"https:\/\/www.oarcanjo.net\/site\/#organization"},"image":{"@id":"https:\/\/www.oarcanjo.net\/site\/assuncao-da-virgem-maria\/#primaryimage"},"thumbnailUrl":"http:\/\/www.aveluz.com\/rosari19.jpg","articleSection":["Testemunhos"],"inLanguage":"pt-BR","potentialAction":[{"@type":"CommentAction","name":"Comment","target":["https:\/\/www.oarcanjo.net\/site\/assuncao-da-virgem-maria\/#respond"]}]},{"@type":"WebPage","@id":"https:\/\/www.oarcanjo.net\/site\/assuncao-da-virgem-maria\/","url":"https:\/\/www.oarcanjo.net\/site\/assuncao-da-virgem-maria\/","name":"Assun\u00e7\u00e3o da Virgem Maria - O Arcanjo no ar","isPartOf":{"@id":"https:\/\/www.oarcanjo.net\/site\/#website"},"primaryImageOfPage":{"@id":"https:\/\/www.oarcanjo.net\/site\/assuncao-da-virgem-maria\/#primaryimage"},"image":{"@id":"https:\/\/www.oarcanjo.net\/site\/assuncao-da-virgem-maria\/#primaryimage"},"thumbnailUrl":"http:\/\/www.aveluz.com\/rosari19.jpg","datePublished":"2017-08-15T03:44:54+00:00","dateModified":"2019-02-20T11:03:38+00:00","breadcrumb":{"@id":"https:\/\/www.oarcanjo.net\/site\/assuncao-da-virgem-maria\/#breadcrumb"},"inLanguage":"pt-BR","potentialAction":[{"@type":"ReadAction","target":["https:\/\/www.oarcanjo.net\/site\/assuncao-da-virgem-maria\/"]}]},{"@type":"ImageObject","inLanguage":"pt-BR","@id":"https:\/\/www.oarcanjo.net\/site\/assuncao-da-virgem-maria\/#primaryimage","url":"http:\/\/www.aveluz.com\/rosari19.jpg","contentUrl":"http:\/\/www.aveluz.com\/rosari19.jpg"},{"@type":"BreadcrumbList","@id":"https:\/\/www.oarcanjo.net\/site\/assuncao-da-virgem-maria\/#breadcrumb","itemListElement":[{"@type":"ListItem","position":1,"name":"In\u00edcio","item":"https:\/\/www.oarcanjo.net\/site\/"},{"@type":"ListItem","position":2,"name":"Assun\u00e7\u00e3o da Virgem Maria"}]},{"@type":"WebSite","@id":"https:\/\/www.oarcanjo.net\/site\/#website","url":"https:\/\/www.oarcanjo.net\/site\/","name":"O Arcanjo no ar","description":"Site da Par\u00f3quia S\u00e3o Miguel Arcanjo (Arquidiocese de SP)","publisher":{"@id":"https:\/\/www.oarcanjo.net\/site\/#organization"},"potentialAction":[{"@type":"SearchAction","target":{"@type":"EntryPoint","urlTemplate":"https:\/\/www.oarcanjo.net\/site\/?s={search_term_string}"},"query-input":{"@type":"PropertyValueSpecification","valueRequired":true,"valueName":"search_term_string"}}],"inLanguage":"pt-BR"},{"@type":"Organization","@id":"https:\/\/www.oarcanjo.net\/site\/#organization","name":"Par\u00f3quia S\u00e3o Miguel Arcanjo","url":"https:\/\/www.oarcanjo.net\/site\/","logo":{"@type":"ImageObject","inLanguage":"pt-BR","@id":"https:\/\/www.oarcanjo.net\/site\/#\/schema\/logo\/image\/","url":"https:\/\/www.oarcanjo.net\/site\/wp-content\/uploads\/LogoOArcanjo.png","contentUrl":"https:\/\/www.oarcanjo.net\/site\/wp-content\/uploads\/LogoOArcanjo.png","width":319,"height":99,"caption":"Par\u00f3quia S\u00e3o Miguel Arcanjo"},"image":{"@id":"https:\/\/www.oarcanjo.net\/site\/#\/schema\/logo\/image\/"},"sameAs":["https:\/\/www.facebook.com\/OArcanjoNoAr\/"]},{"@type":"Person","@id":"https:\/\/www.oarcanjo.net\/site\/#\/schema\/person\/5eb9480bedd2f3c97e430ce128c29c6c","name":"danilo"}]}},"publishpress_future_action":{"enabled":false,"date":"2026-05-09 02:29:40","action":"category","newStatus":"draft","terms":[],"taxonomy":"category"},"publishpress_future_workflow_manual_trigger":{"enabledWorkflows":[]},"_links":{"self":[{"href":"https:\/\/www.oarcanjo.net\/site\/wp-json\/wp\/v2\/posts\/10472"}],"collection":[{"href":"https:\/\/www.oarcanjo.net\/site\/wp-json\/wp\/v2\/posts"}],"about":[{"href":"https:\/\/www.oarcanjo.net\/site\/wp-json\/wp\/v2\/types\/post"}],"author":[{"embeddable":true,"href":"https:\/\/www.oarcanjo.net\/site\/wp-json\/wp\/v2\/users\/14"}],"replies":[{"embeddable":true,"href":"https:\/\/www.oarcanjo.net\/site\/wp-json\/wp\/v2\/comments?post=10472"}],"version-history":[{"count":1,"href":"https:\/\/www.oarcanjo.net\/site\/wp-json\/wp\/v2\/posts\/10472\/revisions"}],"predecessor-version":[{"id":92946,"href":"https:\/\/www.oarcanjo.net\/site\/wp-json\/wp\/v2\/posts\/10472\/revisions\/92946"}],"wp:attachment":[{"href":"https:\/\/www.oarcanjo.net\/site\/wp-json\/wp\/v2\/media?parent=10472"}],"wp:term":[{"taxonomy":"category","embeddable":true,"href":"https:\/\/www.oarcanjo.net\/site\/wp-json\/wp\/v2\/categories?post=10472"},{"taxonomy":"post_tag","embeddable":true,"href":"https:\/\/www.oarcanjo.net\/site\/wp-json\/wp\/v2\/tags?post=10472"}],"curies":[{"name":"wp","href":"https:\/\/api.w.org\/{rel}","templated":true}]}}