
{"id":10474,"date":"2018-08-15T00:50:14","date_gmt":"2018-08-15T03:50:14","guid":{"rendered":"http:\/\/www.oarcanjo.net\/site\/?p=10474"},"modified":"2018-06-25T08:16:24","modified_gmt":"2018-06-25T11:16:24","slug":"sao-tarcisio","status":"publish","type":"post","link":"https:\/\/www.oarcanjo.net\/site\/sao-tarcisio\/","title":{"rendered":"S\u00e3o Tarc\u00edsio"},"content":{"rendered":"<p><img loading=\"lazy\" decoding=\"async\" src=\"http:\/\/www.coroinhascst.com.br\/images\/Tarcisio.jpg\" alt=\"\" width=\"259\" height=\"414\" \/><\/p>\n<p>15 de Agosto<\/p>\n<p>Tarc\u00edsio foi um m\u00e1rtir da Igreja dos primeiros s\u00e9culos, v\u00edtima da persegui\u00e7\u00e3o do imperador Valeriano, em Roma, It\u00e1lia. A Igreja de Roma contava, ent\u00e3o, com cinq\u00fcenta sacerdotes, sete di\u00e1conos e mais ou menos cinq\u00fcenta mil fi\u00e9is no centro da cidade imperial. Ele era um dos integrantes dessa comunidade crist\u00e3 romana, quase toda dizimada pela f\u00faria sangrenta daquele imperador.<\/p>\n<p>Tarc\u00edsio era ac\u00f3lito do papa Xisto II, ou seja, era coroinha na igreja, servindo ao altar nos servi\u00e7os secund\u00e1rios, acompanhando o santo papa na celebra\u00e7\u00e3o eucar\u00edstica.<\/p>\n<p>Durante o per\u00edodo das persegui\u00e7\u00f5es, os crist\u00e3os eram presos, processados e condenados a morrer pelo mart\u00edrio. Nas pris\u00f5es, eles desejavam receber o conforto final da eucaristia. Mas era imposs\u00edvel entrar. Numa das tentativas, dois di\u00e1conos, Felic\u00edssimo e Agapito, foram identificados como crist\u00e3os e brutalmente sacrificados. O papa Xisto II queria levar o P\u00e3o sagrado a mais um grupo de m\u00e1rtires que esperavam a execu\u00e7\u00e3o, mas n\u00e3o sabia como.<\/p>\n<p>Foi quando Tarc\u00edsio pediu ao santo papa que o deixasse tentar, pois n\u00e3o entregaria as h\u00f3stias a nenhum pag\u00e3o. Ele tinha doze anos de idade. Comovido, o papa Xisto II aben\u00e7oou-o e deu-lhe uma caixinha de prata com as h\u00f3stias. Mas Tarc\u00edsio n\u00e3o conseguiu chegar \u00e0 cadeia. No caminho, foi identificado e, como se recusou a dizer e entregar o que portava, foi abatido e apedrejado at\u00e9 morrer. Depois de morto, foi revistado e nada acharam do sacramento de Cristo. Seu corpo foi recolhido por um soldado, simpatizante dos crist\u00e3os, que o levou \u00e0s catacumbas, onde foi sepultado.<\/p>\n<p>Essas informa\u00e7\u00f5es s\u00e3o as \u00fanicas existentes sobre o pequeno ac\u00f3lito Tarc\u00edsio. Foi o papa D\u00e2maso quem mandou colocar na sua sepultura uma inscri\u00e7\u00e3o com a data de sua morte: 15 de agosto de 257.<\/p>\n<p>Tarc\u00edsio foi, primeiramente, sepultado junto com o papa Stefano nas catacumbas de Calisto, em Roma. No ano 767, o papa Paulo I determinou que seu corpo fosse transferido para o Vaticano, para a bas\u00edlica de S\u00e3o Silvestre, e colocado ao lado dos outros m\u00e1rtires. Mas em 1596 seu corpo foi transferido e colocado definitivamente embaixo do altar principal daquela mesma bas\u00edlica.<\/p>\n<p>A bas\u00edlica de S\u00e3o Silvestre \u00e9 a mais solene do Vaticano. Nela, todos os papas iniciam e terminam seus pontificados. Sem d\u00favida, o lugar mais apropriado para o comovente protetor da eucaristia: o m\u00e1rtir e ac\u00f3lito Tarc\u00edsio. Ele foi declarado Padroeiro dos Coroinhas ou Ac\u00f3litos, que servem ao altar e ajudam na celebra\u00e7\u00e3o eucar\u00edstica.<\/p>\n<div id=\"themify_builder_content-10474\" data-postid=\"10474\" class=\"themify_builder_content themify_builder_content-10474 themify_builder themify_builder_front\">\n\t<\/div>\n<!-- \/themify_builder_content -->","protected":false},"excerpt":{"rendered":"<p>15 de Agosto Tarc\u00edsio foi um m\u00e1rtir da Igreja dos primeiros s\u00e9culos, v\u00edtima da persegui\u00e7\u00e3o do imperador Valeriano, em Roma, It\u00e1lia. A Igreja de Roma contava, ent\u00e3o, com cinq\u00fcenta sacerdotes, sete di\u00e1conos e mais ou menos cinq\u00fcenta mil fi\u00e9is no centro da cidade imperial. Ele era um dos integrantes dessa comunidade crist\u00e3 romana, quase toda [&hellip;]<\/p>\n","protected":false},"author":14,"featured_media":0,"comment_status":"open","ping_status":"open","sticky":false,"template":"","format":"standard","meta":{"ngg_post_thumbnail":0,"footnotes":""},"categories":[186],"tags":[],"yoast_head":"<!-- This site is optimized with the Yoast SEO plugin v23.5 - https:\/\/yoast.com\/wordpress\/plugins\/seo\/ -->\n<title>S\u00e3o Tarc\u00edsio - O Arcanjo no ar<\/title>\n<meta name=\"robots\" content=\"index, follow, max-snippet:-1, max-image-preview:large, max-video-preview:-1\" \/>\n<link rel=\"canonical\" href=\"https:\/\/www.oarcanjo.net\/site\/sao-tarcisio\/\" \/>\n<meta property=\"og:locale\" content=\"pt_BR\" \/>\n<meta property=\"og:type\" content=\"article\" \/>\n<meta property=\"og:title\" content=\"S\u00e3o Tarc\u00edsio - O Arcanjo no ar\" \/>\n<meta property=\"og:description\" content=\"15 de Agosto Tarc\u00edsio foi um m\u00e1rtir da Igreja dos primeiros s\u00e9culos, v\u00edtima da persegui\u00e7\u00e3o do imperador Valeriano, em Roma, It\u00e1lia. A Igreja de Roma contava, ent\u00e3o, com cinq\u00fcenta sacerdotes, sete di\u00e1conos e mais ou menos cinq\u00fcenta mil fi\u00e9is no centro da cidade imperial. Ele era um dos integrantes dessa comunidade crist\u00e3 romana, quase toda [&hellip;]\" \/>\n<meta property=\"og:url\" content=\"https:\/\/www.oarcanjo.net\/site\/sao-tarcisio\/\" \/>\n<meta property=\"og:site_name\" content=\"O Arcanjo no ar\" \/>\n<meta property=\"article:publisher\" content=\"https:\/\/www.facebook.com\/OArcanjoNoAr\/\" \/>\n<meta property=\"article:published_time\" content=\"2018-08-15T03:50:14+00:00\" \/>\n<meta property=\"article:modified_time\" content=\"2018-06-25T11:16:24+00:00\" \/>\n<meta property=\"og:image\" content=\"http:\/\/www.coroinhascst.com.br\/images\/Tarcisio.jpg\" \/>\n<meta name=\"author\" content=\"danilo\" \/>\n<meta name=\"twitter:card\" content=\"summary_large_image\" \/>\n<meta name=\"twitter:label1\" content=\"Escrito por\" \/>\n\t<meta name=\"twitter:data1\" content=\"danilo\" \/>\n\t<meta name=\"twitter:label2\" content=\"Est. tempo de leitura\" \/>\n\t<meta name=\"twitter:data2\" content=\"2 minutos\" \/>\n<script type=\"application\/ld+json\" class=\"yoast-schema-graph\">{\"@context\":\"https:\/\/schema.org\",\"@graph\":[{\"@type\":\"Article\",\"@id\":\"https:\/\/www.oarcanjo.net\/site\/sao-tarcisio\/#article\",\"isPartOf\":{\"@id\":\"https:\/\/www.oarcanjo.net\/site\/sao-tarcisio\/\"},\"author\":{\"name\":\"danilo\",\"@id\":\"https:\/\/www.oarcanjo.net\/site\/#\/schema\/person\/5eb9480bedd2f3c97e430ce128c29c6c\"},\"headline\":\"S\u00e3o Tarc\u00edsio\",\"datePublished\":\"2018-08-15T03:50:14+00:00\",\"dateModified\":\"2018-06-25T11:16:24+00:00\",\"mainEntityOfPage\":{\"@id\":\"https:\/\/www.oarcanjo.net\/site\/sao-tarcisio\/\"},\"wordCount\":459,\"commentCount\":0,\"publisher\":{\"@id\":\"https:\/\/www.oarcanjo.net\/site\/#organization\"},\"image\":{\"@id\":\"https:\/\/www.oarcanjo.net\/site\/sao-tarcisio\/#primaryimage\"},\"thumbnailUrl\":\"http:\/\/www.coroinhascst.com.br\/images\/Tarcisio.jpg\",\"articleSection\":[\"Testemunhos\"],\"inLanguage\":\"pt-BR\",\"potentialAction\":[{\"@type\":\"CommentAction\",\"name\":\"Comment\",\"target\":[\"https:\/\/www.oarcanjo.net\/site\/sao-tarcisio\/#respond\"]}]},{\"@type\":\"WebPage\",\"@id\":\"https:\/\/www.oarcanjo.net\/site\/sao-tarcisio\/\",\"url\":\"https:\/\/www.oarcanjo.net\/site\/sao-tarcisio\/\",\"name\":\"S\u00e3o Tarc\u00edsio - O Arcanjo no ar\",\"isPartOf\":{\"@id\":\"https:\/\/www.oarcanjo.net\/site\/#website\"},\"primaryImageOfPage\":{\"@id\":\"https:\/\/www.oarcanjo.net\/site\/sao-tarcisio\/#primaryimage\"},\"image\":{\"@id\":\"https:\/\/www.oarcanjo.net\/site\/sao-tarcisio\/#primaryimage\"},\"thumbnailUrl\":\"http:\/\/www.coroinhascst.com.br\/images\/Tarcisio.jpg\",\"datePublished\":\"2018-08-15T03:50:14+00:00\",\"dateModified\":\"2018-06-25T11:16:24+00:00\",\"breadcrumb\":{\"@id\":\"https:\/\/www.oarcanjo.net\/site\/sao-tarcisio\/#breadcrumb\"},\"inLanguage\":\"pt-BR\",\"potentialAction\":[{\"@type\":\"ReadAction\",\"target\":[\"https:\/\/www.oarcanjo.net\/site\/sao-tarcisio\/\"]}]},{\"@type\":\"ImageObject\",\"inLanguage\":\"pt-BR\",\"@id\":\"https:\/\/www.oarcanjo.net\/site\/sao-tarcisio\/#primaryimage\",\"url\":\"http:\/\/www.coroinhascst.com.br\/images\/Tarcisio.jpg\",\"contentUrl\":\"http:\/\/www.coroinhascst.com.br\/images\/Tarcisio.jpg\"},{\"@type\":\"BreadcrumbList\",\"@id\":\"https:\/\/www.oarcanjo.net\/site\/sao-tarcisio\/#breadcrumb\",\"itemListElement\":[{\"@type\":\"ListItem\",\"position\":1,\"name\":\"In\u00edcio\",\"item\":\"https:\/\/www.oarcanjo.net\/site\/\"},{\"@type\":\"ListItem\",\"position\":2,\"name\":\"S\u00e3o Tarc\u00edsio\"}]},{\"@type\":\"WebSite\",\"@id\":\"https:\/\/www.oarcanjo.net\/site\/#website\",\"url\":\"https:\/\/www.oarcanjo.net\/site\/\",\"name\":\"O Arcanjo no ar\",\"description\":\"Site da Par\u00f3quia S\u00e3o Miguel Arcanjo (Arquidiocese de SP)\",\"publisher\":{\"@id\":\"https:\/\/www.oarcanjo.net\/site\/#organization\"},\"potentialAction\":[{\"@type\":\"SearchAction\",\"target\":{\"@type\":\"EntryPoint\",\"urlTemplate\":\"https:\/\/www.oarcanjo.net\/site\/?s={search_term_string}\"},\"query-input\":{\"@type\":\"PropertyValueSpecification\",\"valueRequired\":true,\"valueName\":\"search_term_string\"}}],\"inLanguage\":\"pt-BR\"},{\"@type\":\"Organization\",\"@id\":\"https:\/\/www.oarcanjo.net\/site\/#organization\",\"name\":\"Par\u00f3quia S\u00e3o Miguel Arcanjo\",\"url\":\"https:\/\/www.oarcanjo.net\/site\/\",\"logo\":{\"@type\":\"ImageObject\",\"inLanguage\":\"pt-BR\",\"@id\":\"https:\/\/www.oarcanjo.net\/site\/#\/schema\/logo\/image\/\",\"url\":\"https:\/\/www.oarcanjo.net\/site\/wp-content\/uploads\/LogoOArcanjo.png\",\"contentUrl\":\"https:\/\/www.oarcanjo.net\/site\/wp-content\/uploads\/LogoOArcanjo.png\",\"width\":319,\"height\":99,\"caption\":\"Par\u00f3quia S\u00e3o Miguel Arcanjo\"},\"image\":{\"@id\":\"https:\/\/www.oarcanjo.net\/site\/#\/schema\/logo\/image\/\"},\"sameAs\":[\"https:\/\/www.facebook.com\/OArcanjoNoAr\/\"]},{\"@type\":\"Person\",\"@id\":\"https:\/\/www.oarcanjo.net\/site\/#\/schema\/person\/5eb9480bedd2f3c97e430ce128c29c6c\",\"name\":\"danilo\"}]}<\/script>\n<!-- \/ Yoast SEO plugin. -->","yoast_head_json":{"title":"S\u00e3o Tarc\u00edsio - O Arcanjo no ar","robots":{"index":"index","follow":"follow","max-snippet":"max-snippet:-1","max-image-preview":"max-image-preview:large","max-video-preview":"max-video-preview:-1"},"canonical":"https:\/\/www.oarcanjo.net\/site\/sao-tarcisio\/","og_locale":"pt_BR","og_type":"article","og_title":"S\u00e3o Tarc\u00edsio - O Arcanjo no ar","og_description":"15 de Agosto Tarc\u00edsio foi um m\u00e1rtir da Igreja dos primeiros s\u00e9culos, v\u00edtima da persegui\u00e7\u00e3o do imperador Valeriano, em Roma, It\u00e1lia. A Igreja de Roma contava, ent\u00e3o, com cinq\u00fcenta sacerdotes, sete di\u00e1conos e mais ou menos cinq\u00fcenta mil fi\u00e9is no centro da cidade imperial. Ele era um dos integrantes dessa comunidade crist\u00e3 romana, quase toda [&hellip;]","og_url":"https:\/\/www.oarcanjo.net\/site\/sao-tarcisio\/","og_site_name":"O Arcanjo no ar","article_publisher":"https:\/\/www.facebook.com\/OArcanjoNoAr\/","article_published_time":"2018-08-15T03:50:14+00:00","article_modified_time":"2018-06-25T11:16:24+00:00","og_image":[{"url":"http:\/\/www.coroinhascst.com.br\/images\/Tarcisio.jpg"}],"author":"danilo","twitter_card":"summary_large_image","twitter_misc":{"Escrito por":"danilo","Est. tempo de leitura":"2 minutos"},"schema":{"@context":"https:\/\/schema.org","@graph":[{"@type":"Article","@id":"https:\/\/www.oarcanjo.net\/site\/sao-tarcisio\/#article","isPartOf":{"@id":"https:\/\/www.oarcanjo.net\/site\/sao-tarcisio\/"},"author":{"name":"danilo","@id":"https:\/\/www.oarcanjo.net\/site\/#\/schema\/person\/5eb9480bedd2f3c97e430ce128c29c6c"},"headline":"S\u00e3o Tarc\u00edsio","datePublished":"2018-08-15T03:50:14+00:00","dateModified":"2018-06-25T11:16:24+00:00","mainEntityOfPage":{"@id":"https:\/\/www.oarcanjo.net\/site\/sao-tarcisio\/"},"wordCount":459,"commentCount":0,"publisher":{"@id":"https:\/\/www.oarcanjo.net\/site\/#organization"},"image":{"@id":"https:\/\/www.oarcanjo.net\/site\/sao-tarcisio\/#primaryimage"},"thumbnailUrl":"http:\/\/www.coroinhascst.com.br\/images\/Tarcisio.jpg","articleSection":["Testemunhos"],"inLanguage":"pt-BR","potentialAction":[{"@type":"CommentAction","name":"Comment","target":["https:\/\/www.oarcanjo.net\/site\/sao-tarcisio\/#respond"]}]},{"@type":"WebPage","@id":"https:\/\/www.oarcanjo.net\/site\/sao-tarcisio\/","url":"https:\/\/www.oarcanjo.net\/site\/sao-tarcisio\/","name":"S\u00e3o Tarc\u00edsio - O Arcanjo no ar","isPartOf":{"@id":"https:\/\/www.oarcanjo.net\/site\/#website"},"primaryImageOfPage":{"@id":"https:\/\/www.oarcanjo.net\/site\/sao-tarcisio\/#primaryimage"},"image":{"@id":"https:\/\/www.oarcanjo.net\/site\/sao-tarcisio\/#primaryimage"},"thumbnailUrl":"http:\/\/www.coroinhascst.com.br\/images\/Tarcisio.jpg","datePublished":"2018-08-15T03:50:14+00:00","dateModified":"2018-06-25T11:16:24+00:00","breadcrumb":{"@id":"https:\/\/www.oarcanjo.net\/site\/sao-tarcisio\/#breadcrumb"},"inLanguage":"pt-BR","potentialAction":[{"@type":"ReadAction","target":["https:\/\/www.oarcanjo.net\/site\/sao-tarcisio\/"]}]},{"@type":"ImageObject","inLanguage":"pt-BR","@id":"https:\/\/www.oarcanjo.net\/site\/sao-tarcisio\/#primaryimage","url":"http:\/\/www.coroinhascst.com.br\/images\/Tarcisio.jpg","contentUrl":"http:\/\/www.coroinhascst.com.br\/images\/Tarcisio.jpg"},{"@type":"BreadcrumbList","@id":"https:\/\/www.oarcanjo.net\/site\/sao-tarcisio\/#breadcrumb","itemListElement":[{"@type":"ListItem","position":1,"name":"In\u00edcio","item":"https:\/\/www.oarcanjo.net\/site\/"},{"@type":"ListItem","position":2,"name":"S\u00e3o Tarc\u00edsio"}]},{"@type":"WebSite","@id":"https:\/\/www.oarcanjo.net\/site\/#website","url":"https:\/\/www.oarcanjo.net\/site\/","name":"O Arcanjo no ar","description":"Site da Par\u00f3quia S\u00e3o Miguel Arcanjo (Arquidiocese de SP)","publisher":{"@id":"https:\/\/www.oarcanjo.net\/site\/#organization"},"potentialAction":[{"@type":"SearchAction","target":{"@type":"EntryPoint","urlTemplate":"https:\/\/www.oarcanjo.net\/site\/?s={search_term_string}"},"query-input":{"@type":"PropertyValueSpecification","valueRequired":true,"valueName":"search_term_string"}}],"inLanguage":"pt-BR"},{"@type":"Organization","@id":"https:\/\/www.oarcanjo.net\/site\/#organization","name":"Par\u00f3quia S\u00e3o Miguel Arcanjo","url":"https:\/\/www.oarcanjo.net\/site\/","logo":{"@type":"ImageObject","inLanguage":"pt-BR","@id":"https:\/\/www.oarcanjo.net\/site\/#\/schema\/logo\/image\/","url":"https:\/\/www.oarcanjo.net\/site\/wp-content\/uploads\/LogoOArcanjo.png","contentUrl":"https:\/\/www.oarcanjo.net\/site\/wp-content\/uploads\/LogoOArcanjo.png","width":319,"height":99,"caption":"Par\u00f3quia S\u00e3o Miguel Arcanjo"},"image":{"@id":"https:\/\/www.oarcanjo.net\/site\/#\/schema\/logo\/image\/"},"sameAs":["https:\/\/www.facebook.com\/OArcanjoNoAr\/"]},{"@type":"Person","@id":"https:\/\/www.oarcanjo.net\/site\/#\/schema\/person\/5eb9480bedd2f3c97e430ce128c29c6c","name":"danilo"}]}},"publishpress_future_action":{"enabled":false,"date":"2026-05-08 06:51:26","action":"category","newStatus":"draft","terms":[],"taxonomy":"category"},"publishpress_future_workflow_manual_trigger":{"enabledWorkflows":[]},"_links":{"self":[{"href":"https:\/\/www.oarcanjo.net\/site\/wp-json\/wp\/v2\/posts\/10474"}],"collection":[{"href":"https:\/\/www.oarcanjo.net\/site\/wp-json\/wp\/v2\/posts"}],"about":[{"href":"https:\/\/www.oarcanjo.net\/site\/wp-json\/wp\/v2\/types\/post"}],"author":[{"embeddable":true,"href":"https:\/\/www.oarcanjo.net\/site\/wp-json\/wp\/v2\/users\/14"}],"replies":[{"embeddable":true,"href":"https:\/\/www.oarcanjo.net\/site\/wp-json\/wp\/v2\/comments?post=10474"}],"version-history":[{"count":1,"href":"https:\/\/www.oarcanjo.net\/site\/wp-json\/wp\/v2\/posts\/10474\/revisions"}],"predecessor-version":[{"id":88863,"href":"https:\/\/www.oarcanjo.net\/site\/wp-json\/wp\/v2\/posts\/10474\/revisions\/88863"}],"wp:attachment":[{"href":"https:\/\/www.oarcanjo.net\/site\/wp-json\/wp\/v2\/media?parent=10474"}],"wp:term":[{"taxonomy":"category","embeddable":true,"href":"https:\/\/www.oarcanjo.net\/site\/wp-json\/wp\/v2\/categories?post=10474"},{"taxonomy":"post_tag","embeddable":true,"href":"https:\/\/www.oarcanjo.net\/site\/wp-json\/wp\/v2\/tags?post=10474"}],"curies":[{"name":"wp","href":"https:\/\/api.w.org\/{rel}","templated":true}]}}