
{"id":10476,"date":"2018-08-15T00:53:23","date_gmt":"2018-08-15T03:53:23","guid":{"rendered":"http:\/\/www.oarcanjo.net\/site\/?p=10476"},"modified":"2018-06-25T08:16:36","modified_gmt":"2018-06-25T11:16:36","slug":"bem-aventurado-isidoro-bakanja","status":"publish","type":"post","link":"https:\/\/www.oarcanjo.net\/site\/bem-aventurado-isidoro-bakanja\/","title":{"rendered":"Bem Aventurado Isidoro Bakanja"},"content":{"rendered":"<p><img loading=\"lazy\" decoding=\"async\" src=\"http:\/\/4.bp.blogspot.com\/_K5-9KuKdEMg\/SoXmfo5OqkI\/AAAAAAAAB0w\/bitTZkbByrY\/s400\/90042CISIDORO+BAKANJA-BEATO.jpg\" alt=\"\" width=\"274\" height=\"400\" \/><\/p>\n<p>15 de Agosto<\/p>\n<p>Presume-se que o jovem congol\u00eas de pele negra, futuro m\u00e1rtir do escapul\u00e1rio, de nome Isidoro Bakanja, nasceu entre 1885 e 1890, em Bokendela, no seio de uma fam\u00edlia da tribo Boangi. Na \u00e9poca, o seu pa\u00eds era dom\u00ednio exclusivo do rei Leopoldo II, da B\u00e9lgica, fazia parte de seu patrim\u00f4nio pessoal. Mais tarde, a propriedade foi transformada na col\u00f4nia chamada Congo Belga, atual Rep\u00fablica Democr\u00e1tica do Congo.<\/p>\n<p>Os dados concretos revelam que, como todos os africanos de sua tribo, conheceu a pobreza logo cedo. Ainda na inf\u00e2ncia, precisava trabalhar para o sustento pr\u00f3prio, como pedreiro ou como lavrador no campo. Na adolesc\u00eancia, conheceu a religi\u00e3o crist\u00e3 por meio dos dois religiosos trapistas que foram, em miss\u00e3o, converter essa tribo africana.<\/p>\n<p>Totalmente convertido e devoto de Maria, Isidoro foi batizado no dia 6 de maio de 1906. Na ocasi\u00e3o, recebeu de presente um ros\u00e1rio e o escapul\u00e1rio de Nossa Senhora do Carmo, que nunca mais deixou de usar. Ele conheceu a hist\u00f3ria do escapul\u00e1rio e contava-a a todos os irm\u00e3os africanos que, interessados no cristianismo, procuravam os dois mission\u00e1rios, os quais, por sua vez, chamavam Isidoro de o &#8220;leigo do escapul\u00e1rio&#8221;, pela voca\u00e7\u00e3o ao apostolado.<\/p>\n<p>Mais tarde, Isidoro foi trabalhar num seringal, em Ikiri, pertencente a um colonizador belga, ateu, que n\u00e3o suportava os africanos crist\u00e3os e menos ainda os mission\u00e1rios. Preferia a popula\u00e7\u00e3o africana como estava, era mais f\u00e1cil para ser explorada como m\u00e3o-de-obra quase gratuita. N\u00e3o gostava de ter africanos convertidos trabalhando na planta\u00e7\u00e3o, &#8220;perdiam tempo rezando&#8221;, dizia. Isidoro, no entanto, nunca escondeu que era crist\u00e3o, usava o escapul\u00e1rio com f\u00e9 e devo\u00e7\u00e3o. Trabalhava duro e produzia bem, mas era cada vez mais perseguido.<\/p>\n<p>Quando foi impedido de rezar em voz alta enquanto trabalhava, resolveu deixar o seringal. Mas foi proibido de voltar para casa, e ordenaram que jogasse fora o escapul\u00e1rio de Nossa Senhora do Carmo, sinal de sua f\u00e9. Como Isidoro recusou, foi chicoteado pelo pr\u00f3prio belga ateu at\u00e9 ter suas costas transformadas em uma grande chaga. A ferida infeccionou e, ao longo de seis meses, Isidoro viveu um calv\u00e1rio de sofrimentos. Sua agonia foi muito mais dolorosa que o a\u00e7oitamento. Durante esse per\u00edodo, foi solid\u00e1rio com seu povo e outros sofredores, repartindo com eles a sua f\u00e9 e os alimentos que recebia.<\/p>\n<p>Morreu entre seus irm\u00e3os africanos, com o ros\u00e1rio nas m\u00e3os e o escapul\u00e1rio de Nossa Senhora do Carmo em seu pesco\u00e7o. Perdoou e prometeu rezar pelo seu algoz ao ingressar no c\u00e9u. Foi o que disse antes de entregar sua alma ao Pai, envolto em seu pequeno &#8220;h\u00e1bito de carmelita&#8221;, em 15 de agosto de 1909.<\/p>\n<p>O papa Jo\u00e3o Paulo II beatificou esse jovem africano crist\u00e3o, que chamou de o &#8220;m\u00e1rtir do escapul\u00e1rio&#8221;, em 1994. O bem-aventurado Isidoro Bakanja \u00e9 celebrado no dia de sua morte. O seu testemunho fez florescer muitas obras de caridade promovidas pelos leigos carmelitas e devotos do escapul\u00e1rio de Nossa Senhora do Carmo em todos os continentes.<\/p>\n<div id=\"themify_builder_content-10476\" data-postid=\"10476\" class=\"themify_builder_content themify_builder_content-10476 themify_builder themify_builder_front\">\n\t<\/div>\n<!-- \/themify_builder_content -->","protected":false},"excerpt":{"rendered":"<p>15 de Agosto Presume-se que o jovem congol\u00eas de pele negra, futuro m\u00e1rtir do escapul\u00e1rio, de nome Isidoro Bakanja, nasceu entre 1885 e 1890, em Bokendela, no seio de uma fam\u00edlia da tribo Boangi. Na \u00e9poca, o seu pa\u00eds era dom\u00ednio exclusivo do rei Leopoldo II, da B\u00e9lgica, fazia parte de seu patrim\u00f4nio pessoal. Mais [&hellip;]<\/p>\n","protected":false},"author":14,"featured_media":0,"comment_status":"open","ping_status":"open","sticky":false,"template":"","format":"standard","meta":{"ngg_post_thumbnail":0,"footnotes":""},"categories":[186],"tags":[],"yoast_head":"<!-- This site is optimized with the Yoast SEO plugin v23.5 - https:\/\/yoast.com\/wordpress\/plugins\/seo\/ -->\n<title>Bem Aventurado Isidoro Bakanja - O Arcanjo no ar<\/title>\n<meta name=\"robots\" content=\"index, follow, max-snippet:-1, max-image-preview:large, max-video-preview:-1\" \/>\n<link rel=\"canonical\" href=\"https:\/\/www.oarcanjo.net\/site\/bem-aventurado-isidoro-bakanja\/\" \/>\n<meta property=\"og:locale\" content=\"pt_BR\" \/>\n<meta property=\"og:type\" content=\"article\" \/>\n<meta property=\"og:title\" content=\"Bem Aventurado Isidoro Bakanja - O Arcanjo no ar\" \/>\n<meta property=\"og:description\" content=\"15 de Agosto Presume-se que o jovem congol\u00eas de pele negra, futuro m\u00e1rtir do escapul\u00e1rio, de nome Isidoro Bakanja, nasceu entre 1885 e 1890, em Bokendela, no seio de uma fam\u00edlia da tribo Boangi. Na \u00e9poca, o seu pa\u00eds era dom\u00ednio exclusivo do rei Leopoldo II, da B\u00e9lgica, fazia parte de seu patrim\u00f4nio pessoal. Mais [&hellip;]\" \/>\n<meta property=\"og:url\" content=\"https:\/\/www.oarcanjo.net\/site\/bem-aventurado-isidoro-bakanja\/\" \/>\n<meta property=\"og:site_name\" content=\"O Arcanjo no ar\" \/>\n<meta property=\"article:publisher\" content=\"https:\/\/www.facebook.com\/OArcanjoNoAr\/\" \/>\n<meta property=\"article:published_time\" content=\"2018-08-15T03:53:23+00:00\" \/>\n<meta property=\"article:modified_time\" content=\"2018-06-25T11:16:36+00:00\" \/>\n<meta property=\"og:image\" content=\"http:\/\/4.bp.blogspot.com\/_K5-9KuKdEMg\/SoXmfo5OqkI\/AAAAAAAAB0w\/bitTZkbByrY\/s400\/90042CISIDORO+BAKANJA-BEATO.jpg\" \/>\n<meta name=\"author\" content=\"danilo\" \/>\n<meta name=\"twitter:card\" content=\"summary_large_image\" \/>\n<meta name=\"twitter:label1\" content=\"Escrito por\" \/>\n\t<meta name=\"twitter:data1\" content=\"danilo\" \/>\n\t<meta name=\"twitter:label2\" content=\"Est. tempo de leitura\" \/>\n\t<meta name=\"twitter:data2\" content=\"3 minutos\" \/>\n<script type=\"application\/ld+json\" class=\"yoast-schema-graph\">{\"@context\":\"https:\/\/schema.org\",\"@graph\":[{\"@type\":\"Article\",\"@id\":\"https:\/\/www.oarcanjo.net\/site\/bem-aventurado-isidoro-bakanja\/#article\",\"isPartOf\":{\"@id\":\"https:\/\/www.oarcanjo.net\/site\/bem-aventurado-isidoro-bakanja\/\"},\"author\":{\"name\":\"danilo\",\"@id\":\"https:\/\/www.oarcanjo.net\/site\/#\/schema\/person\/5eb9480bedd2f3c97e430ce128c29c6c\"},\"headline\":\"Bem Aventurado Isidoro Bakanja\",\"datePublished\":\"2018-08-15T03:53:23+00:00\",\"dateModified\":\"2018-06-25T11:16:36+00:00\",\"mainEntityOfPage\":{\"@id\":\"https:\/\/www.oarcanjo.net\/site\/bem-aventurado-isidoro-bakanja\/\"},\"wordCount\":540,\"commentCount\":0,\"publisher\":{\"@id\":\"https:\/\/www.oarcanjo.net\/site\/#organization\"},\"image\":{\"@id\":\"https:\/\/www.oarcanjo.net\/site\/bem-aventurado-isidoro-bakanja\/#primaryimage\"},\"thumbnailUrl\":\"http:\/\/4.bp.blogspot.com\/_K5-9KuKdEMg\/SoXmfo5OqkI\/AAAAAAAAB0w\/bitTZkbByrY\/s400\/90042CISIDORO+BAKANJA-BEATO.jpg\",\"articleSection\":[\"Testemunhos\"],\"inLanguage\":\"pt-BR\",\"potentialAction\":[{\"@type\":\"CommentAction\",\"name\":\"Comment\",\"target\":[\"https:\/\/www.oarcanjo.net\/site\/bem-aventurado-isidoro-bakanja\/#respond\"]}]},{\"@type\":\"WebPage\",\"@id\":\"https:\/\/www.oarcanjo.net\/site\/bem-aventurado-isidoro-bakanja\/\",\"url\":\"https:\/\/www.oarcanjo.net\/site\/bem-aventurado-isidoro-bakanja\/\",\"name\":\"Bem Aventurado Isidoro Bakanja - O Arcanjo no ar\",\"isPartOf\":{\"@id\":\"https:\/\/www.oarcanjo.net\/site\/#website\"},\"primaryImageOfPage\":{\"@id\":\"https:\/\/www.oarcanjo.net\/site\/bem-aventurado-isidoro-bakanja\/#primaryimage\"},\"image\":{\"@id\":\"https:\/\/www.oarcanjo.net\/site\/bem-aventurado-isidoro-bakanja\/#primaryimage\"},\"thumbnailUrl\":\"http:\/\/4.bp.blogspot.com\/_K5-9KuKdEMg\/SoXmfo5OqkI\/AAAAAAAAB0w\/bitTZkbByrY\/s400\/90042CISIDORO+BAKANJA-BEATO.jpg\",\"datePublished\":\"2018-08-15T03:53:23+00:00\",\"dateModified\":\"2018-06-25T11:16:36+00:00\",\"breadcrumb\":{\"@id\":\"https:\/\/www.oarcanjo.net\/site\/bem-aventurado-isidoro-bakanja\/#breadcrumb\"},\"inLanguage\":\"pt-BR\",\"potentialAction\":[{\"@type\":\"ReadAction\",\"target\":[\"https:\/\/www.oarcanjo.net\/site\/bem-aventurado-isidoro-bakanja\/\"]}]},{\"@type\":\"ImageObject\",\"inLanguage\":\"pt-BR\",\"@id\":\"https:\/\/www.oarcanjo.net\/site\/bem-aventurado-isidoro-bakanja\/#primaryimage\",\"url\":\"http:\/\/4.bp.blogspot.com\/_K5-9KuKdEMg\/SoXmfo5OqkI\/AAAAAAAAB0w\/bitTZkbByrY\/s400\/90042CISIDORO+BAKANJA-BEATO.jpg\",\"contentUrl\":\"http:\/\/4.bp.blogspot.com\/_K5-9KuKdEMg\/SoXmfo5OqkI\/AAAAAAAAB0w\/bitTZkbByrY\/s400\/90042CISIDORO+BAKANJA-BEATO.jpg\"},{\"@type\":\"BreadcrumbList\",\"@id\":\"https:\/\/www.oarcanjo.net\/site\/bem-aventurado-isidoro-bakanja\/#breadcrumb\",\"itemListElement\":[{\"@type\":\"ListItem\",\"position\":1,\"name\":\"In\u00edcio\",\"item\":\"https:\/\/www.oarcanjo.net\/site\/\"},{\"@type\":\"ListItem\",\"position\":2,\"name\":\"Bem Aventurado Isidoro Bakanja\"}]},{\"@type\":\"WebSite\",\"@id\":\"https:\/\/www.oarcanjo.net\/site\/#website\",\"url\":\"https:\/\/www.oarcanjo.net\/site\/\",\"name\":\"O Arcanjo no ar\",\"description\":\"Site da Par\u00f3quia S\u00e3o Miguel Arcanjo (Arquidiocese de SP)\",\"publisher\":{\"@id\":\"https:\/\/www.oarcanjo.net\/site\/#organization\"},\"potentialAction\":[{\"@type\":\"SearchAction\",\"target\":{\"@type\":\"EntryPoint\",\"urlTemplate\":\"https:\/\/www.oarcanjo.net\/site\/?s={search_term_string}\"},\"query-input\":{\"@type\":\"PropertyValueSpecification\",\"valueRequired\":true,\"valueName\":\"search_term_string\"}}],\"inLanguage\":\"pt-BR\"},{\"@type\":\"Organization\",\"@id\":\"https:\/\/www.oarcanjo.net\/site\/#organization\",\"name\":\"Par\u00f3quia S\u00e3o Miguel Arcanjo\",\"url\":\"https:\/\/www.oarcanjo.net\/site\/\",\"logo\":{\"@type\":\"ImageObject\",\"inLanguage\":\"pt-BR\",\"@id\":\"https:\/\/www.oarcanjo.net\/site\/#\/schema\/logo\/image\/\",\"url\":\"https:\/\/www.oarcanjo.net\/site\/wp-content\/uploads\/LogoOArcanjo.png\",\"contentUrl\":\"https:\/\/www.oarcanjo.net\/site\/wp-content\/uploads\/LogoOArcanjo.png\",\"width\":319,\"height\":99,\"caption\":\"Par\u00f3quia S\u00e3o Miguel Arcanjo\"},\"image\":{\"@id\":\"https:\/\/www.oarcanjo.net\/site\/#\/schema\/logo\/image\/\"},\"sameAs\":[\"https:\/\/www.facebook.com\/OArcanjoNoAr\/\"]},{\"@type\":\"Person\",\"@id\":\"https:\/\/www.oarcanjo.net\/site\/#\/schema\/person\/5eb9480bedd2f3c97e430ce128c29c6c\",\"name\":\"danilo\"}]}<\/script>\n<!-- \/ Yoast SEO plugin. -->","yoast_head_json":{"title":"Bem Aventurado Isidoro Bakanja - O Arcanjo no ar","robots":{"index":"index","follow":"follow","max-snippet":"max-snippet:-1","max-image-preview":"max-image-preview:large","max-video-preview":"max-video-preview:-1"},"canonical":"https:\/\/www.oarcanjo.net\/site\/bem-aventurado-isidoro-bakanja\/","og_locale":"pt_BR","og_type":"article","og_title":"Bem Aventurado Isidoro Bakanja - O Arcanjo no ar","og_description":"15 de Agosto Presume-se que o jovem congol\u00eas de pele negra, futuro m\u00e1rtir do escapul\u00e1rio, de nome Isidoro Bakanja, nasceu entre 1885 e 1890, em Bokendela, no seio de uma fam\u00edlia da tribo Boangi. Na \u00e9poca, o seu pa\u00eds era dom\u00ednio exclusivo do rei Leopoldo II, da B\u00e9lgica, fazia parte de seu patrim\u00f4nio pessoal. Mais [&hellip;]","og_url":"https:\/\/www.oarcanjo.net\/site\/bem-aventurado-isidoro-bakanja\/","og_site_name":"O Arcanjo no ar","article_publisher":"https:\/\/www.facebook.com\/OArcanjoNoAr\/","article_published_time":"2018-08-15T03:53:23+00:00","article_modified_time":"2018-06-25T11:16:36+00:00","og_image":[{"url":"http:\/\/4.bp.blogspot.com\/_K5-9KuKdEMg\/SoXmfo5OqkI\/AAAAAAAAB0w\/bitTZkbByrY\/s400\/90042CISIDORO+BAKANJA-BEATO.jpg"}],"author":"danilo","twitter_card":"summary_large_image","twitter_misc":{"Escrito por":"danilo","Est. tempo de leitura":"3 minutos"},"schema":{"@context":"https:\/\/schema.org","@graph":[{"@type":"Article","@id":"https:\/\/www.oarcanjo.net\/site\/bem-aventurado-isidoro-bakanja\/#article","isPartOf":{"@id":"https:\/\/www.oarcanjo.net\/site\/bem-aventurado-isidoro-bakanja\/"},"author":{"name":"danilo","@id":"https:\/\/www.oarcanjo.net\/site\/#\/schema\/person\/5eb9480bedd2f3c97e430ce128c29c6c"},"headline":"Bem Aventurado Isidoro Bakanja","datePublished":"2018-08-15T03:53:23+00:00","dateModified":"2018-06-25T11:16:36+00:00","mainEntityOfPage":{"@id":"https:\/\/www.oarcanjo.net\/site\/bem-aventurado-isidoro-bakanja\/"},"wordCount":540,"commentCount":0,"publisher":{"@id":"https:\/\/www.oarcanjo.net\/site\/#organization"},"image":{"@id":"https:\/\/www.oarcanjo.net\/site\/bem-aventurado-isidoro-bakanja\/#primaryimage"},"thumbnailUrl":"http:\/\/4.bp.blogspot.com\/_K5-9KuKdEMg\/SoXmfo5OqkI\/AAAAAAAAB0w\/bitTZkbByrY\/s400\/90042CISIDORO+BAKANJA-BEATO.jpg","articleSection":["Testemunhos"],"inLanguage":"pt-BR","potentialAction":[{"@type":"CommentAction","name":"Comment","target":["https:\/\/www.oarcanjo.net\/site\/bem-aventurado-isidoro-bakanja\/#respond"]}]},{"@type":"WebPage","@id":"https:\/\/www.oarcanjo.net\/site\/bem-aventurado-isidoro-bakanja\/","url":"https:\/\/www.oarcanjo.net\/site\/bem-aventurado-isidoro-bakanja\/","name":"Bem Aventurado Isidoro Bakanja - O Arcanjo no ar","isPartOf":{"@id":"https:\/\/www.oarcanjo.net\/site\/#website"},"primaryImageOfPage":{"@id":"https:\/\/www.oarcanjo.net\/site\/bem-aventurado-isidoro-bakanja\/#primaryimage"},"image":{"@id":"https:\/\/www.oarcanjo.net\/site\/bem-aventurado-isidoro-bakanja\/#primaryimage"},"thumbnailUrl":"http:\/\/4.bp.blogspot.com\/_K5-9KuKdEMg\/SoXmfo5OqkI\/AAAAAAAAB0w\/bitTZkbByrY\/s400\/90042CISIDORO+BAKANJA-BEATO.jpg","datePublished":"2018-08-15T03:53:23+00:00","dateModified":"2018-06-25T11:16:36+00:00","breadcrumb":{"@id":"https:\/\/www.oarcanjo.net\/site\/bem-aventurado-isidoro-bakanja\/#breadcrumb"},"inLanguage":"pt-BR","potentialAction":[{"@type":"ReadAction","target":["https:\/\/www.oarcanjo.net\/site\/bem-aventurado-isidoro-bakanja\/"]}]},{"@type":"ImageObject","inLanguage":"pt-BR","@id":"https:\/\/www.oarcanjo.net\/site\/bem-aventurado-isidoro-bakanja\/#primaryimage","url":"http:\/\/4.bp.blogspot.com\/_K5-9KuKdEMg\/SoXmfo5OqkI\/AAAAAAAAB0w\/bitTZkbByrY\/s400\/90042CISIDORO+BAKANJA-BEATO.jpg","contentUrl":"http:\/\/4.bp.blogspot.com\/_K5-9KuKdEMg\/SoXmfo5OqkI\/AAAAAAAAB0w\/bitTZkbByrY\/s400\/90042CISIDORO+BAKANJA-BEATO.jpg"},{"@type":"BreadcrumbList","@id":"https:\/\/www.oarcanjo.net\/site\/bem-aventurado-isidoro-bakanja\/#breadcrumb","itemListElement":[{"@type":"ListItem","position":1,"name":"In\u00edcio","item":"https:\/\/www.oarcanjo.net\/site\/"},{"@type":"ListItem","position":2,"name":"Bem Aventurado Isidoro Bakanja"}]},{"@type":"WebSite","@id":"https:\/\/www.oarcanjo.net\/site\/#website","url":"https:\/\/www.oarcanjo.net\/site\/","name":"O Arcanjo no ar","description":"Site da Par\u00f3quia S\u00e3o Miguel Arcanjo (Arquidiocese de SP)","publisher":{"@id":"https:\/\/www.oarcanjo.net\/site\/#organization"},"potentialAction":[{"@type":"SearchAction","target":{"@type":"EntryPoint","urlTemplate":"https:\/\/www.oarcanjo.net\/site\/?s={search_term_string}"},"query-input":{"@type":"PropertyValueSpecification","valueRequired":true,"valueName":"search_term_string"}}],"inLanguage":"pt-BR"},{"@type":"Organization","@id":"https:\/\/www.oarcanjo.net\/site\/#organization","name":"Par\u00f3quia S\u00e3o Miguel Arcanjo","url":"https:\/\/www.oarcanjo.net\/site\/","logo":{"@type":"ImageObject","inLanguage":"pt-BR","@id":"https:\/\/www.oarcanjo.net\/site\/#\/schema\/logo\/image\/","url":"https:\/\/www.oarcanjo.net\/site\/wp-content\/uploads\/LogoOArcanjo.png","contentUrl":"https:\/\/www.oarcanjo.net\/site\/wp-content\/uploads\/LogoOArcanjo.png","width":319,"height":99,"caption":"Par\u00f3quia S\u00e3o Miguel Arcanjo"},"image":{"@id":"https:\/\/www.oarcanjo.net\/site\/#\/schema\/logo\/image\/"},"sameAs":["https:\/\/www.facebook.com\/OArcanjoNoAr\/"]},{"@type":"Person","@id":"https:\/\/www.oarcanjo.net\/site\/#\/schema\/person\/5eb9480bedd2f3c97e430ce128c29c6c","name":"danilo"}]}},"publishpress_future_action":{"enabled":false,"date":"2026-05-08 06:36:05","action":"category","newStatus":"draft","terms":[],"taxonomy":"category"},"publishpress_future_workflow_manual_trigger":{"enabledWorkflows":[]},"_links":{"self":[{"href":"https:\/\/www.oarcanjo.net\/site\/wp-json\/wp\/v2\/posts\/10476"}],"collection":[{"href":"https:\/\/www.oarcanjo.net\/site\/wp-json\/wp\/v2\/posts"}],"about":[{"href":"https:\/\/www.oarcanjo.net\/site\/wp-json\/wp\/v2\/types\/post"}],"author":[{"embeddable":true,"href":"https:\/\/www.oarcanjo.net\/site\/wp-json\/wp\/v2\/users\/14"}],"replies":[{"embeddable":true,"href":"https:\/\/www.oarcanjo.net\/site\/wp-json\/wp\/v2\/comments?post=10476"}],"version-history":[{"count":1,"href":"https:\/\/www.oarcanjo.net\/site\/wp-json\/wp\/v2\/posts\/10476\/revisions"}],"predecessor-version":[{"id":88864,"href":"https:\/\/www.oarcanjo.net\/site\/wp-json\/wp\/v2\/posts\/10476\/revisions\/88864"}],"wp:attachment":[{"href":"https:\/\/www.oarcanjo.net\/site\/wp-json\/wp\/v2\/media?parent=10476"}],"wp:term":[{"taxonomy":"category","embeddable":true,"href":"https:\/\/www.oarcanjo.net\/site\/wp-json\/wp\/v2\/categories?post=10476"},{"taxonomy":"post_tag","embeddable":true,"href":"https:\/\/www.oarcanjo.net\/site\/wp-json\/wp\/v2\/tags?post=10476"}],"curies":[{"name":"wp","href":"https:\/\/api.w.org\/{rel}","templated":true}]}}