
{"id":10478,"date":"2018-08-12T00:55:19","date_gmt":"2018-08-12T03:55:19","guid":{"rendered":"http:\/\/www.oarcanjo.net\/site\/?p=10478"},"modified":"2018-06-25T08:13:08","modified_gmt":"2018-06-25T11:13:08","slug":"bem-aventurado-inocencio-xi","status":"publish","type":"post","link":"https:\/\/www.oarcanjo.net\/site\/bem-aventurado-inocencio-xi\/","title":{"rendered":"Bem Aventurado Inoc\u00eancio XI"},"content":{"rendered":"<p><img loading=\"lazy\" decoding=\"async\" src=\"http:\/\/2.bp.blogspot.com\/_b2hdT7qopbw\/SssqYqVGkwI\/AAAAAAAAAfY\/IBJJYTyFOHs\/s400\/200px-InnocentXI.jpg\" alt=\"\" width=\"200\" height=\"245\" \/><\/p>\n<p>12 de Agosto<\/p>\n<p>No dia 19 de maio de 1611, nasceu, na cidade de Como, na It\u00e1lia, aquele que se tornou o papa Inoc\u00eancio XI. Os pais, Livio Odescalchi e Paula Catelli de Grandino, ambos de fam\u00edlias influentes e da nobreza, batizaram o menino com o nome de Bento Odescalchi.<\/p>\n<p>Na inf\u00e2ncia, foi entregue para ser educado pelos jesu\u00edtas. Aos onze anos, ficou \u00f3rf\u00e3o de pai e, aos dezenove, de m\u00e3e tamb\u00e9m. Orientado pelo tio paterno, seguiu estudando direito em N\u00e1poles e Roma. Em 1645, o papa Inoc\u00eancio X nomeou-o cardeal di\u00e1cono da Igreja e, em 1650, foi nomeado bispo de Novarra. Depois, sucedeu esse sumo pont\u00edfice, passando a chamar-se Inoc\u00eancio XI, em 1676.<\/p>\n<p>Uma de suas primeiras atitudes ao assumir a dire\u00e7\u00e3o da Igreja foi advertir os cardeais sobre os males do nepotismo instaurado dentro do clero. O resultado foi muito positivo, pois conseguiu acabar com o d\u00e9ficit do tesouro da Santa S\u00e9 num per\u00edodo de dois anos.<\/p>\n<p>Mas uma das maiores batalhas que o papa Inoc\u00eancio XI travou foi com o rei franc\u00eas Luiz XIV, que n\u00e3o respeitara os direitos da Igreja a ponto de convocar uma assembl\u00e9ia dos bispos e padres franceses para promulgar quatro artigos que reduziriam sensivelmente os poderes do papa sobre a Igreja francesa. Entretanto Inoc\u00eancio XI atuou firmemente e anulou os quatro artigos impostos pelo rei, e ainda puniu os bispos que assinaram tal documento.<\/p>\n<p>Ele foi um papa voltado \u00e0s car\u00eancias e ao sofrimento dos mais pobres. Ficou conhecido como &#8220;pai dos pobres&#8221;. Era um homem preocupado com a doutrina da f\u00e9 e da moral. Tamb\u00e9m apoiou o rei polon\u00eas Sobieski, que derrotou os turcos em Viena. Incentivava os fi\u00e9is \u00e0 comunh\u00e3o e insistia na educa\u00e7\u00e3o do clero e na reforma da vida dos monges.<\/p>\n<p>O papa Inoc\u00eancio XI morreu no dia 12 de agosto de 1689 e foi beatificado em 1956, pelo papa Pio XII, apesar dos veementes protestos e resist\u00eancia dos cl\u00e9rigos franceses.<\/p>\n<p><img loading=\"lazy\" decoding=\"async\" src=\"http:\/\/leandrodemori.com\/wp-content\/uploads\/2008\/11\/inocencioxi.jpg\" alt=\"\" width=\"570\" height=\"378\" \/><\/p>\n<div id=\"themify_builder_content-10478\" data-postid=\"10478\" class=\"themify_builder_content themify_builder_content-10478 themify_builder themify_builder_front\">\n\t<\/div>\n<!-- \/themify_builder_content -->","protected":false},"excerpt":{"rendered":"<p>12 de Agosto No dia 19 de maio de 1611, nasceu, na cidade de Como, na It\u00e1lia, aquele que se tornou o papa Inoc\u00eancio XI. Os pais, Livio Odescalchi e Paula Catelli de Grandino, ambos de fam\u00edlias influentes e da nobreza, batizaram o menino com o nome de Bento Odescalchi. Na inf\u00e2ncia, foi entregue para [&hellip;]<\/p>\n","protected":false},"author":14,"featured_media":0,"comment_status":"open","ping_status":"open","sticky":false,"template":"","format":"standard","meta":{"ngg_post_thumbnail":0,"footnotes":""},"categories":[186],"tags":[],"yoast_head":"<!-- This site is optimized with the Yoast SEO plugin v23.5 - https:\/\/yoast.com\/wordpress\/plugins\/seo\/ -->\n<title>Bem Aventurado Inoc\u00eancio XI - O Arcanjo no ar<\/title>\n<meta name=\"robots\" content=\"index, follow, max-snippet:-1, max-image-preview:large, max-video-preview:-1\" \/>\n<link rel=\"canonical\" href=\"https:\/\/www.oarcanjo.net\/site\/bem-aventurado-inocencio-xi\/\" \/>\n<meta property=\"og:locale\" content=\"pt_BR\" \/>\n<meta property=\"og:type\" content=\"article\" \/>\n<meta property=\"og:title\" content=\"Bem Aventurado Inoc\u00eancio XI - O Arcanjo no ar\" \/>\n<meta property=\"og:description\" content=\"12 de Agosto No dia 19 de maio de 1611, nasceu, na cidade de Como, na It\u00e1lia, aquele que se tornou o papa Inoc\u00eancio XI. Os pais, Livio Odescalchi e Paula Catelli de Grandino, ambos de fam\u00edlias influentes e da nobreza, batizaram o menino com o nome de Bento Odescalchi. Na inf\u00e2ncia, foi entregue para [&hellip;]\" \/>\n<meta property=\"og:url\" content=\"https:\/\/www.oarcanjo.net\/site\/bem-aventurado-inocencio-xi\/\" \/>\n<meta property=\"og:site_name\" content=\"O Arcanjo no ar\" \/>\n<meta property=\"article:publisher\" content=\"https:\/\/www.facebook.com\/OArcanjoNoAr\/\" \/>\n<meta property=\"article:published_time\" content=\"2018-08-12T03:55:19+00:00\" \/>\n<meta property=\"article:modified_time\" content=\"2018-06-25T11:13:08+00:00\" \/>\n<meta property=\"og:image\" content=\"http:\/\/2.bp.blogspot.com\/_b2hdT7qopbw\/SssqYqVGkwI\/AAAAAAAAAfY\/IBJJYTyFOHs\/s400\/200px-InnocentXI.jpg\" \/>\n<meta name=\"author\" content=\"danilo\" \/>\n<meta name=\"twitter:card\" content=\"summary_large_image\" \/>\n<meta name=\"twitter:label1\" content=\"Escrito por\" \/>\n\t<meta name=\"twitter:data1\" content=\"danilo\" \/>\n\t<meta name=\"twitter:label2\" content=\"Est. tempo de leitura\" \/>\n\t<meta name=\"twitter:data2\" content=\"2 minutos\" \/>\n<script type=\"application\/ld+json\" class=\"yoast-schema-graph\">{\"@context\":\"https:\/\/schema.org\",\"@graph\":[{\"@type\":\"Article\",\"@id\":\"https:\/\/www.oarcanjo.net\/site\/bem-aventurado-inocencio-xi\/#article\",\"isPartOf\":{\"@id\":\"https:\/\/www.oarcanjo.net\/site\/bem-aventurado-inocencio-xi\/\"},\"author\":{\"name\":\"danilo\",\"@id\":\"https:\/\/www.oarcanjo.net\/site\/#\/schema\/person\/5eb9480bedd2f3c97e430ce128c29c6c\"},\"headline\":\"Bem Aventurado Inoc\u00eancio XI\",\"datePublished\":\"2018-08-12T03:55:19+00:00\",\"dateModified\":\"2018-06-25T11:13:08+00:00\",\"mainEntityOfPage\":{\"@id\":\"https:\/\/www.oarcanjo.net\/site\/bem-aventurado-inocencio-xi\/\"},\"wordCount\":348,\"commentCount\":0,\"publisher\":{\"@id\":\"https:\/\/www.oarcanjo.net\/site\/#organization\"},\"image\":{\"@id\":\"https:\/\/www.oarcanjo.net\/site\/bem-aventurado-inocencio-xi\/#primaryimage\"},\"thumbnailUrl\":\"http:\/\/2.bp.blogspot.com\/_b2hdT7qopbw\/SssqYqVGkwI\/AAAAAAAAAfY\/IBJJYTyFOHs\/s400\/200px-InnocentXI.jpg\",\"articleSection\":[\"Testemunhos\"],\"inLanguage\":\"pt-BR\",\"potentialAction\":[{\"@type\":\"CommentAction\",\"name\":\"Comment\",\"target\":[\"https:\/\/www.oarcanjo.net\/site\/bem-aventurado-inocencio-xi\/#respond\"]}]},{\"@type\":\"WebPage\",\"@id\":\"https:\/\/www.oarcanjo.net\/site\/bem-aventurado-inocencio-xi\/\",\"url\":\"https:\/\/www.oarcanjo.net\/site\/bem-aventurado-inocencio-xi\/\",\"name\":\"Bem Aventurado Inoc\u00eancio XI - O Arcanjo no ar\",\"isPartOf\":{\"@id\":\"https:\/\/www.oarcanjo.net\/site\/#website\"},\"primaryImageOfPage\":{\"@id\":\"https:\/\/www.oarcanjo.net\/site\/bem-aventurado-inocencio-xi\/#primaryimage\"},\"image\":{\"@id\":\"https:\/\/www.oarcanjo.net\/site\/bem-aventurado-inocencio-xi\/#primaryimage\"},\"thumbnailUrl\":\"http:\/\/2.bp.blogspot.com\/_b2hdT7qopbw\/SssqYqVGkwI\/AAAAAAAAAfY\/IBJJYTyFOHs\/s400\/200px-InnocentXI.jpg\",\"datePublished\":\"2018-08-12T03:55:19+00:00\",\"dateModified\":\"2018-06-25T11:13:08+00:00\",\"breadcrumb\":{\"@id\":\"https:\/\/www.oarcanjo.net\/site\/bem-aventurado-inocencio-xi\/#breadcrumb\"},\"inLanguage\":\"pt-BR\",\"potentialAction\":[{\"@type\":\"ReadAction\",\"target\":[\"https:\/\/www.oarcanjo.net\/site\/bem-aventurado-inocencio-xi\/\"]}]},{\"@type\":\"ImageObject\",\"inLanguage\":\"pt-BR\",\"@id\":\"https:\/\/www.oarcanjo.net\/site\/bem-aventurado-inocencio-xi\/#primaryimage\",\"url\":\"http:\/\/2.bp.blogspot.com\/_b2hdT7qopbw\/SssqYqVGkwI\/AAAAAAAAAfY\/IBJJYTyFOHs\/s400\/200px-InnocentXI.jpg\",\"contentUrl\":\"http:\/\/2.bp.blogspot.com\/_b2hdT7qopbw\/SssqYqVGkwI\/AAAAAAAAAfY\/IBJJYTyFOHs\/s400\/200px-InnocentXI.jpg\"},{\"@type\":\"BreadcrumbList\",\"@id\":\"https:\/\/www.oarcanjo.net\/site\/bem-aventurado-inocencio-xi\/#breadcrumb\",\"itemListElement\":[{\"@type\":\"ListItem\",\"position\":1,\"name\":\"In\u00edcio\",\"item\":\"https:\/\/www.oarcanjo.net\/site\/\"},{\"@type\":\"ListItem\",\"position\":2,\"name\":\"Bem Aventurado Inoc\u00eancio XI\"}]},{\"@type\":\"WebSite\",\"@id\":\"https:\/\/www.oarcanjo.net\/site\/#website\",\"url\":\"https:\/\/www.oarcanjo.net\/site\/\",\"name\":\"O Arcanjo no ar\",\"description\":\"Site da Par\u00f3quia S\u00e3o Miguel Arcanjo (Arquidiocese de SP)\",\"publisher\":{\"@id\":\"https:\/\/www.oarcanjo.net\/site\/#organization\"},\"potentialAction\":[{\"@type\":\"SearchAction\",\"target\":{\"@type\":\"EntryPoint\",\"urlTemplate\":\"https:\/\/www.oarcanjo.net\/site\/?s={search_term_string}\"},\"query-input\":{\"@type\":\"PropertyValueSpecification\",\"valueRequired\":true,\"valueName\":\"search_term_string\"}}],\"inLanguage\":\"pt-BR\"},{\"@type\":\"Organization\",\"@id\":\"https:\/\/www.oarcanjo.net\/site\/#organization\",\"name\":\"Par\u00f3quia S\u00e3o Miguel Arcanjo\",\"url\":\"https:\/\/www.oarcanjo.net\/site\/\",\"logo\":{\"@type\":\"ImageObject\",\"inLanguage\":\"pt-BR\",\"@id\":\"https:\/\/www.oarcanjo.net\/site\/#\/schema\/logo\/image\/\",\"url\":\"https:\/\/www.oarcanjo.net\/site\/wp-content\/uploads\/LogoOArcanjo.png\",\"contentUrl\":\"https:\/\/www.oarcanjo.net\/site\/wp-content\/uploads\/LogoOArcanjo.png\",\"width\":319,\"height\":99,\"caption\":\"Par\u00f3quia S\u00e3o Miguel Arcanjo\"},\"image\":{\"@id\":\"https:\/\/www.oarcanjo.net\/site\/#\/schema\/logo\/image\/\"},\"sameAs\":[\"https:\/\/www.facebook.com\/OArcanjoNoAr\/\"]},{\"@type\":\"Person\",\"@id\":\"https:\/\/www.oarcanjo.net\/site\/#\/schema\/person\/5eb9480bedd2f3c97e430ce128c29c6c\",\"name\":\"danilo\"}]}<\/script>\n<!-- \/ Yoast SEO plugin. -->","yoast_head_json":{"title":"Bem Aventurado Inoc\u00eancio XI - O Arcanjo no ar","robots":{"index":"index","follow":"follow","max-snippet":"max-snippet:-1","max-image-preview":"max-image-preview:large","max-video-preview":"max-video-preview:-1"},"canonical":"https:\/\/www.oarcanjo.net\/site\/bem-aventurado-inocencio-xi\/","og_locale":"pt_BR","og_type":"article","og_title":"Bem Aventurado Inoc\u00eancio XI - O Arcanjo no ar","og_description":"12 de Agosto No dia 19 de maio de 1611, nasceu, na cidade de Como, na It\u00e1lia, aquele que se tornou o papa Inoc\u00eancio XI. Os pais, Livio Odescalchi e Paula Catelli de Grandino, ambos de fam\u00edlias influentes e da nobreza, batizaram o menino com o nome de Bento Odescalchi. Na inf\u00e2ncia, foi entregue para [&hellip;]","og_url":"https:\/\/www.oarcanjo.net\/site\/bem-aventurado-inocencio-xi\/","og_site_name":"O Arcanjo no ar","article_publisher":"https:\/\/www.facebook.com\/OArcanjoNoAr\/","article_published_time":"2018-08-12T03:55:19+00:00","article_modified_time":"2018-06-25T11:13:08+00:00","og_image":[{"url":"http:\/\/2.bp.blogspot.com\/_b2hdT7qopbw\/SssqYqVGkwI\/AAAAAAAAAfY\/IBJJYTyFOHs\/s400\/200px-InnocentXI.jpg"}],"author":"danilo","twitter_card":"summary_large_image","twitter_misc":{"Escrito por":"danilo","Est. tempo de leitura":"2 minutos"},"schema":{"@context":"https:\/\/schema.org","@graph":[{"@type":"Article","@id":"https:\/\/www.oarcanjo.net\/site\/bem-aventurado-inocencio-xi\/#article","isPartOf":{"@id":"https:\/\/www.oarcanjo.net\/site\/bem-aventurado-inocencio-xi\/"},"author":{"name":"danilo","@id":"https:\/\/www.oarcanjo.net\/site\/#\/schema\/person\/5eb9480bedd2f3c97e430ce128c29c6c"},"headline":"Bem Aventurado Inoc\u00eancio XI","datePublished":"2018-08-12T03:55:19+00:00","dateModified":"2018-06-25T11:13:08+00:00","mainEntityOfPage":{"@id":"https:\/\/www.oarcanjo.net\/site\/bem-aventurado-inocencio-xi\/"},"wordCount":348,"commentCount":0,"publisher":{"@id":"https:\/\/www.oarcanjo.net\/site\/#organization"},"image":{"@id":"https:\/\/www.oarcanjo.net\/site\/bem-aventurado-inocencio-xi\/#primaryimage"},"thumbnailUrl":"http:\/\/2.bp.blogspot.com\/_b2hdT7qopbw\/SssqYqVGkwI\/AAAAAAAAAfY\/IBJJYTyFOHs\/s400\/200px-InnocentXI.jpg","articleSection":["Testemunhos"],"inLanguage":"pt-BR","potentialAction":[{"@type":"CommentAction","name":"Comment","target":["https:\/\/www.oarcanjo.net\/site\/bem-aventurado-inocencio-xi\/#respond"]}]},{"@type":"WebPage","@id":"https:\/\/www.oarcanjo.net\/site\/bem-aventurado-inocencio-xi\/","url":"https:\/\/www.oarcanjo.net\/site\/bem-aventurado-inocencio-xi\/","name":"Bem Aventurado Inoc\u00eancio XI - O Arcanjo no ar","isPartOf":{"@id":"https:\/\/www.oarcanjo.net\/site\/#website"},"primaryImageOfPage":{"@id":"https:\/\/www.oarcanjo.net\/site\/bem-aventurado-inocencio-xi\/#primaryimage"},"image":{"@id":"https:\/\/www.oarcanjo.net\/site\/bem-aventurado-inocencio-xi\/#primaryimage"},"thumbnailUrl":"http:\/\/2.bp.blogspot.com\/_b2hdT7qopbw\/SssqYqVGkwI\/AAAAAAAAAfY\/IBJJYTyFOHs\/s400\/200px-InnocentXI.jpg","datePublished":"2018-08-12T03:55:19+00:00","dateModified":"2018-06-25T11:13:08+00:00","breadcrumb":{"@id":"https:\/\/www.oarcanjo.net\/site\/bem-aventurado-inocencio-xi\/#breadcrumb"},"inLanguage":"pt-BR","potentialAction":[{"@type":"ReadAction","target":["https:\/\/www.oarcanjo.net\/site\/bem-aventurado-inocencio-xi\/"]}]},{"@type":"ImageObject","inLanguage":"pt-BR","@id":"https:\/\/www.oarcanjo.net\/site\/bem-aventurado-inocencio-xi\/#primaryimage","url":"http:\/\/2.bp.blogspot.com\/_b2hdT7qopbw\/SssqYqVGkwI\/AAAAAAAAAfY\/IBJJYTyFOHs\/s400\/200px-InnocentXI.jpg","contentUrl":"http:\/\/2.bp.blogspot.com\/_b2hdT7qopbw\/SssqYqVGkwI\/AAAAAAAAAfY\/IBJJYTyFOHs\/s400\/200px-InnocentXI.jpg"},{"@type":"BreadcrumbList","@id":"https:\/\/www.oarcanjo.net\/site\/bem-aventurado-inocencio-xi\/#breadcrumb","itemListElement":[{"@type":"ListItem","position":1,"name":"In\u00edcio","item":"https:\/\/www.oarcanjo.net\/site\/"},{"@type":"ListItem","position":2,"name":"Bem Aventurado Inoc\u00eancio XI"}]},{"@type":"WebSite","@id":"https:\/\/www.oarcanjo.net\/site\/#website","url":"https:\/\/www.oarcanjo.net\/site\/","name":"O Arcanjo no ar","description":"Site da Par\u00f3quia S\u00e3o Miguel Arcanjo (Arquidiocese de SP)","publisher":{"@id":"https:\/\/www.oarcanjo.net\/site\/#organization"},"potentialAction":[{"@type":"SearchAction","target":{"@type":"EntryPoint","urlTemplate":"https:\/\/www.oarcanjo.net\/site\/?s={search_term_string}"},"query-input":{"@type":"PropertyValueSpecification","valueRequired":true,"valueName":"search_term_string"}}],"inLanguage":"pt-BR"},{"@type":"Organization","@id":"https:\/\/www.oarcanjo.net\/site\/#organization","name":"Par\u00f3quia S\u00e3o Miguel Arcanjo","url":"https:\/\/www.oarcanjo.net\/site\/","logo":{"@type":"ImageObject","inLanguage":"pt-BR","@id":"https:\/\/www.oarcanjo.net\/site\/#\/schema\/logo\/image\/","url":"https:\/\/www.oarcanjo.net\/site\/wp-content\/uploads\/LogoOArcanjo.png","contentUrl":"https:\/\/www.oarcanjo.net\/site\/wp-content\/uploads\/LogoOArcanjo.png","width":319,"height":99,"caption":"Par\u00f3quia S\u00e3o Miguel Arcanjo"},"image":{"@id":"https:\/\/www.oarcanjo.net\/site\/#\/schema\/logo\/image\/"},"sameAs":["https:\/\/www.facebook.com\/OArcanjoNoAr\/"]},{"@type":"Person","@id":"https:\/\/www.oarcanjo.net\/site\/#\/schema\/person\/5eb9480bedd2f3c97e430ce128c29c6c","name":"danilo"}]}},"publishpress_future_action":{"enabled":false,"date":"2026-05-08 06:35:43","action":"category","newStatus":"draft","terms":[],"taxonomy":"category"},"publishpress_future_workflow_manual_trigger":{"enabledWorkflows":[]},"_links":{"self":[{"href":"https:\/\/www.oarcanjo.net\/site\/wp-json\/wp\/v2\/posts\/10478"}],"collection":[{"href":"https:\/\/www.oarcanjo.net\/site\/wp-json\/wp\/v2\/posts"}],"about":[{"href":"https:\/\/www.oarcanjo.net\/site\/wp-json\/wp\/v2\/types\/post"}],"author":[{"embeddable":true,"href":"https:\/\/www.oarcanjo.net\/site\/wp-json\/wp\/v2\/users\/14"}],"replies":[{"embeddable":true,"href":"https:\/\/www.oarcanjo.net\/site\/wp-json\/wp\/v2\/comments?post=10478"}],"version-history":[{"count":1,"href":"https:\/\/www.oarcanjo.net\/site\/wp-json\/wp\/v2\/posts\/10478\/revisions"}],"predecessor-version":[{"id":88836,"href":"https:\/\/www.oarcanjo.net\/site\/wp-json\/wp\/v2\/posts\/10478\/revisions\/88836"}],"wp:attachment":[{"href":"https:\/\/www.oarcanjo.net\/site\/wp-json\/wp\/v2\/media?parent=10478"}],"wp:term":[{"taxonomy":"category","embeddable":true,"href":"https:\/\/www.oarcanjo.net\/site\/wp-json\/wp\/v2\/categories?post=10478"},{"taxonomy":"post_tag","embeddable":true,"href":"https:\/\/www.oarcanjo.net\/site\/wp-json\/wp\/v2\/tags?post=10478"}],"curies":[{"name":"wp","href":"https:\/\/api.w.org\/{rel}","templated":true}]}}