
{"id":10480,"date":"2018-08-12T00:57:58","date_gmt":"2018-08-12T03:57:58","guid":{"rendered":"http:\/\/www.oarcanjo.net\/site\/?p=10480"},"modified":"2018-06-25T08:13:14","modified_gmt":"2018-06-25T11:13:14","slug":"padre-leao-dehon","status":"publish","type":"post","link":"https:\/\/www.oarcanjo.net\/site\/padre-leao-dehon\/","title":{"rendered":"Padre Le\u00e3o Dehon"},"content":{"rendered":"<p><img loading=\"lazy\" decoding=\"async\" src=\"http:\/\/farm3.static.flickr.com\/2250\/2054685403_4e39a17293.jpg\" alt=\"\" width=\"329\" height=\"469\" \/><\/p>\n<p>12 de Agosto<\/p>\n<p>Fundou a Congrega\u00e7\u00e3o dos Padres do Sagrado Cora\u00e7\u00e3o de Jesus &#8220;Padres Dehonianos&#8221;<\/p>\n<p>Jo\u00e3o Le\u00e3o Gustavo Dehon nasceu, no dia 14 de mar\u00e7o de 1843, no pequeno povoado de La Capelle, em Soissons, na Fran\u00e7a. A sua m\u00e3e, Estef\u00e2nia Adele Vandelet, era um exemplo de f\u00e9; mas o seu pai, J\u00falio Alexandre Dehon, era indiferente e at\u00e9 mesmo anticlerical.<\/p>\n<p>Ainda crian\u00e7a, manifestou grande sensibilidade espiritual. Aos treze anos, durante um retiro, sentiu o chamado para o sacerd\u00f3cio e iniciou uma longa luta com o seu pai, que n\u00e3o pretendia ter um filho padre. Em 1859, foi para a Universidade de Sorbonne, em Paris, onde recebeu o diploma de advogado. Em 1865, aceitou a longa viagem que seu pai lhe proporcionou, com a clara inten\u00e7\u00e3o de que n\u00e3o seguisse a carreira sacerdotal. Foi um roteiro fascinante, come\u00e7ando pela Su\u00ed\u00e7a, It\u00e1lia, Gr\u00e9cia, Egito e finalizando na Palestina. No regresso, passou pela S\u00edria, Constantinopla, Budapeste e Viena. Mas em vez de ir para casa, foi para Roma, onde conseguiu uma audi\u00eancia com o papa Pio IX, que o aconselhou a fazer os estudos eclesi\u00e1sticos ali mesmo, na Cidade Eterna. Assim, entrou para o Semin\u00e1rio de Santa Clara, mesmo contra a vontade paterna, uma vez que era Deus que o queria padre.<\/p>\n<p>O dia 19 de dezembro de 1868 foi o mais desejado e feliz da vida de Dehon. Mais desejado porque recebeu sua ordena\u00e7\u00e3o sacerdotal. Feliz porque seu pai, convertido sinceramente, recebeu a santa eucaristia das suas m\u00e3os, quando celebrava a sua primeira missa. Apesar de ter conclu\u00eddo muitos cursos e doutorados, padre Dehon foi designado para ser um simples vig\u00e1rio da pobre e problem\u00e1tica par\u00f3quia de S\u00e3o Quintino, da diocese de Soissons.<\/p>\n<p>Ele assumiu a miss\u00e3o com todo ardor e entusiasmo. Mas o sacerdote tinha algo que o inquietava. Sentia um forte desejo de ingressar numa congrega\u00e7\u00e3o religiosa. Como n\u00e3o encontrou uma que atendesse seus anseios por justi\u00e7a social associada \u00e0s miss\u00f5es, decidiu e fundou a Congrega\u00e7\u00e3o dos Sacerdotes do Cora\u00e7\u00e3o de Jesus em 1878.<\/p>\n<p>Entretanto surgiu a grande prova\u00e7\u00e3o. O governo ma\u00e7\u00f4nico da Fran\u00e7a decretou a expuls\u00e3o das congrega\u00e7\u00f5es religiosas. Padre Dehon, ent\u00e3o, para proteger seus sacerdotes no caso de expuls\u00e3o, adquiriu uma casa na Holanda, pois assim teriam onde refugiar-se. Mas a situa\u00e7\u00e3o ficou t\u00e3o complicada e confusa que foi o pr\u00f3prio Vaticano que suprimiu a congrega\u00e7\u00e3o. Quem o socorreu foi seu bispo, que o conhecia muito bem.<\/p>\n<p>Em 1884, o papa decretou a reabertura da congrega\u00e7\u00e3o. Desde ent\u00e3o, padre Dehon trabalhou para consolid\u00e1-la, fundando novas Casas por toda a Europa. Depois, a congrega\u00e7\u00e3o tamb\u00e9m se estabeleceu nas Am\u00e9ricas, na \u00c1frica e na \u00c1sia. E padre Dehon, sempre movido pelo objetivo de difundir o pensamento de justi\u00e7a social da Igreja, proferiu muitas confer\u00eancias, escreveu artigos em jornais e revistas e publicou v\u00e1rios livros.<\/p>\n<p>No dia 12 de agosto de 1925, morreu em Bruxelas, na B\u00e9lgica, deixando uma obra not\u00e1vel e duradoura como ap\u00f3stolo social e, principalmente, como ap\u00f3stolo do Cora\u00e7\u00e3o de Jesus. Ele experimentou o amor de Deus ao contemplar o Cora\u00e7\u00e3o de Jesus traspassado na cruz, testemunhou-o durante a sua vida terrena e imprimiu-o como carisma de sua congrega\u00e7\u00e3o. No momento extremo, padre Le\u00e3o Dehon ainda afirmou, apontando para a imagem do Sagrado Cora\u00e7\u00e3o: &#8220;Para ele vivi, para ele morro&#8221;.<\/p>\n<p>Atualmente, os religiosos &#8220;dehonianos&#8221; fazem o mesmo, evangelizando e trabalhando pela justi\u00e7a social em par\u00f3quias, col\u00e9gios, faculdades, orfanatos, creches, comunidades de recupera\u00e7\u00e3o de drogados, miss\u00f5es, shows musicais e meios de comunica\u00e7\u00e3o social, nos quatro cantos do mundo. O corpo do vener\u00e1vel fundador est\u00e1 sepultado na igreja de S\u00e3o Martinho, em S\u00e3o Quintino, na Fran\u00e7a.<\/p>\n<div id=\"themify_builder_content-10480\" data-postid=\"10480\" class=\"themify_builder_content themify_builder_content-10480 themify_builder themify_builder_front\">\n\t<\/div>\n<!-- \/themify_builder_content -->","protected":false},"excerpt":{"rendered":"<p>12 de Agosto Fundou a Congrega\u00e7\u00e3o dos Padres do Sagrado Cora\u00e7\u00e3o de Jesus &#8220;Padres Dehonianos&#8221; Jo\u00e3o Le\u00e3o Gustavo Dehon nasceu, no dia 14 de mar\u00e7o de 1843, no pequeno povoado de La Capelle, em Soissons, na Fran\u00e7a. A sua m\u00e3e, Estef\u00e2nia Adele Vandelet, era um exemplo de f\u00e9; mas o seu pai, J\u00falio Alexandre Dehon, [&hellip;]<\/p>\n","protected":false},"author":14,"featured_media":0,"comment_status":"open","ping_status":"open","sticky":false,"template":"","format":"standard","meta":{"ngg_post_thumbnail":0,"footnotes":""},"categories":[186],"tags":[],"yoast_head":"<!-- This site is optimized with the Yoast SEO plugin v23.5 - https:\/\/yoast.com\/wordpress\/plugins\/seo\/ -->\n<title>Padre Le\u00e3o Dehon - O Arcanjo no ar<\/title>\n<meta name=\"robots\" content=\"index, follow, max-snippet:-1, max-image-preview:large, max-video-preview:-1\" \/>\n<link rel=\"canonical\" href=\"https:\/\/www.oarcanjo.net\/site\/padre-leao-dehon\/\" \/>\n<meta property=\"og:locale\" content=\"pt_BR\" \/>\n<meta property=\"og:type\" content=\"article\" \/>\n<meta property=\"og:title\" content=\"Padre Le\u00e3o Dehon - O Arcanjo no ar\" \/>\n<meta property=\"og:description\" content=\"12 de Agosto Fundou a Congrega\u00e7\u00e3o dos Padres do Sagrado Cora\u00e7\u00e3o de Jesus &#8220;Padres Dehonianos&#8221; Jo\u00e3o Le\u00e3o Gustavo Dehon nasceu, no dia 14 de mar\u00e7o de 1843, no pequeno povoado de La Capelle, em Soissons, na Fran\u00e7a. A sua m\u00e3e, Estef\u00e2nia Adele Vandelet, era um exemplo de f\u00e9; mas o seu pai, J\u00falio Alexandre Dehon, [&hellip;]\" \/>\n<meta property=\"og:url\" content=\"https:\/\/www.oarcanjo.net\/site\/padre-leao-dehon\/\" \/>\n<meta property=\"og:site_name\" content=\"O Arcanjo no ar\" \/>\n<meta property=\"article:publisher\" content=\"https:\/\/www.facebook.com\/OArcanjoNoAr\/\" \/>\n<meta property=\"article:published_time\" content=\"2018-08-12T03:57:58+00:00\" \/>\n<meta property=\"article:modified_time\" content=\"2018-06-25T11:13:14+00:00\" \/>\n<meta property=\"og:image\" content=\"http:\/\/farm3.static.flickr.com\/2250\/2054685403_4e39a17293.jpg\" \/>\n<meta name=\"author\" content=\"danilo\" \/>\n<meta name=\"twitter:card\" content=\"summary_large_image\" \/>\n<meta name=\"twitter:label1\" content=\"Escrito por\" \/>\n\t<meta name=\"twitter:data1\" content=\"danilo\" \/>\n\t<meta name=\"twitter:label2\" content=\"Est. tempo de leitura\" \/>\n\t<meta name=\"twitter:data2\" content=\"3 minutos\" \/>\n<script type=\"application\/ld+json\" class=\"yoast-schema-graph\">{\"@context\":\"https:\/\/schema.org\",\"@graph\":[{\"@type\":\"Article\",\"@id\":\"https:\/\/www.oarcanjo.net\/site\/padre-leao-dehon\/#article\",\"isPartOf\":{\"@id\":\"https:\/\/www.oarcanjo.net\/site\/padre-leao-dehon\/\"},\"author\":{\"name\":\"danilo\",\"@id\":\"https:\/\/www.oarcanjo.net\/site\/#\/schema\/person\/5eb9480bedd2f3c97e430ce128c29c6c\"},\"headline\":\"Padre Le\u00e3o Dehon\",\"datePublished\":\"2018-08-12T03:57:58+00:00\",\"dateModified\":\"2018-06-25T11:13:14+00:00\",\"mainEntityOfPage\":{\"@id\":\"https:\/\/www.oarcanjo.net\/site\/padre-leao-dehon\/\"},\"wordCount\":665,\"commentCount\":0,\"publisher\":{\"@id\":\"https:\/\/www.oarcanjo.net\/site\/#organization\"},\"image\":{\"@id\":\"https:\/\/www.oarcanjo.net\/site\/padre-leao-dehon\/#primaryimage\"},\"thumbnailUrl\":\"http:\/\/farm3.static.flickr.com\/2250\/2054685403_4e39a17293.jpg\",\"articleSection\":[\"Testemunhos\"],\"inLanguage\":\"pt-BR\",\"potentialAction\":[{\"@type\":\"CommentAction\",\"name\":\"Comment\",\"target\":[\"https:\/\/www.oarcanjo.net\/site\/padre-leao-dehon\/#respond\"]}]},{\"@type\":\"WebPage\",\"@id\":\"https:\/\/www.oarcanjo.net\/site\/padre-leao-dehon\/\",\"url\":\"https:\/\/www.oarcanjo.net\/site\/padre-leao-dehon\/\",\"name\":\"Padre Le\u00e3o Dehon - O Arcanjo no ar\",\"isPartOf\":{\"@id\":\"https:\/\/www.oarcanjo.net\/site\/#website\"},\"primaryImageOfPage\":{\"@id\":\"https:\/\/www.oarcanjo.net\/site\/padre-leao-dehon\/#primaryimage\"},\"image\":{\"@id\":\"https:\/\/www.oarcanjo.net\/site\/padre-leao-dehon\/#primaryimage\"},\"thumbnailUrl\":\"http:\/\/farm3.static.flickr.com\/2250\/2054685403_4e39a17293.jpg\",\"datePublished\":\"2018-08-12T03:57:58+00:00\",\"dateModified\":\"2018-06-25T11:13:14+00:00\",\"breadcrumb\":{\"@id\":\"https:\/\/www.oarcanjo.net\/site\/padre-leao-dehon\/#breadcrumb\"},\"inLanguage\":\"pt-BR\",\"potentialAction\":[{\"@type\":\"ReadAction\",\"target\":[\"https:\/\/www.oarcanjo.net\/site\/padre-leao-dehon\/\"]}]},{\"@type\":\"ImageObject\",\"inLanguage\":\"pt-BR\",\"@id\":\"https:\/\/www.oarcanjo.net\/site\/padre-leao-dehon\/#primaryimage\",\"url\":\"http:\/\/farm3.static.flickr.com\/2250\/2054685403_4e39a17293.jpg\",\"contentUrl\":\"http:\/\/farm3.static.flickr.com\/2250\/2054685403_4e39a17293.jpg\"},{\"@type\":\"BreadcrumbList\",\"@id\":\"https:\/\/www.oarcanjo.net\/site\/padre-leao-dehon\/#breadcrumb\",\"itemListElement\":[{\"@type\":\"ListItem\",\"position\":1,\"name\":\"In\u00edcio\",\"item\":\"https:\/\/www.oarcanjo.net\/site\/\"},{\"@type\":\"ListItem\",\"position\":2,\"name\":\"Padre Le\u00e3o Dehon\"}]},{\"@type\":\"WebSite\",\"@id\":\"https:\/\/www.oarcanjo.net\/site\/#website\",\"url\":\"https:\/\/www.oarcanjo.net\/site\/\",\"name\":\"O Arcanjo no ar\",\"description\":\"Site da Par\u00f3quia S\u00e3o Miguel Arcanjo (Arquidiocese de SP)\",\"publisher\":{\"@id\":\"https:\/\/www.oarcanjo.net\/site\/#organization\"},\"potentialAction\":[{\"@type\":\"SearchAction\",\"target\":{\"@type\":\"EntryPoint\",\"urlTemplate\":\"https:\/\/www.oarcanjo.net\/site\/?s={search_term_string}\"},\"query-input\":{\"@type\":\"PropertyValueSpecification\",\"valueRequired\":true,\"valueName\":\"search_term_string\"}}],\"inLanguage\":\"pt-BR\"},{\"@type\":\"Organization\",\"@id\":\"https:\/\/www.oarcanjo.net\/site\/#organization\",\"name\":\"Par\u00f3quia S\u00e3o Miguel Arcanjo\",\"url\":\"https:\/\/www.oarcanjo.net\/site\/\",\"logo\":{\"@type\":\"ImageObject\",\"inLanguage\":\"pt-BR\",\"@id\":\"https:\/\/www.oarcanjo.net\/site\/#\/schema\/logo\/image\/\",\"url\":\"https:\/\/www.oarcanjo.net\/site\/wp-content\/uploads\/LogoOArcanjo.png\",\"contentUrl\":\"https:\/\/www.oarcanjo.net\/site\/wp-content\/uploads\/LogoOArcanjo.png\",\"width\":319,\"height\":99,\"caption\":\"Par\u00f3quia S\u00e3o Miguel Arcanjo\"},\"image\":{\"@id\":\"https:\/\/www.oarcanjo.net\/site\/#\/schema\/logo\/image\/\"},\"sameAs\":[\"https:\/\/www.facebook.com\/OArcanjoNoAr\/\"]},{\"@type\":\"Person\",\"@id\":\"https:\/\/www.oarcanjo.net\/site\/#\/schema\/person\/5eb9480bedd2f3c97e430ce128c29c6c\",\"name\":\"danilo\"}]}<\/script>\n<!-- \/ Yoast SEO plugin. -->","yoast_head_json":{"title":"Padre Le\u00e3o Dehon - O Arcanjo no ar","robots":{"index":"index","follow":"follow","max-snippet":"max-snippet:-1","max-image-preview":"max-image-preview:large","max-video-preview":"max-video-preview:-1"},"canonical":"https:\/\/www.oarcanjo.net\/site\/padre-leao-dehon\/","og_locale":"pt_BR","og_type":"article","og_title":"Padre Le\u00e3o Dehon - O Arcanjo no ar","og_description":"12 de Agosto Fundou a Congrega\u00e7\u00e3o dos Padres do Sagrado Cora\u00e7\u00e3o de Jesus &#8220;Padres Dehonianos&#8221; Jo\u00e3o Le\u00e3o Gustavo Dehon nasceu, no dia 14 de mar\u00e7o de 1843, no pequeno povoado de La Capelle, em Soissons, na Fran\u00e7a. A sua m\u00e3e, Estef\u00e2nia Adele Vandelet, era um exemplo de f\u00e9; mas o seu pai, J\u00falio Alexandre Dehon, [&hellip;]","og_url":"https:\/\/www.oarcanjo.net\/site\/padre-leao-dehon\/","og_site_name":"O Arcanjo no ar","article_publisher":"https:\/\/www.facebook.com\/OArcanjoNoAr\/","article_published_time":"2018-08-12T03:57:58+00:00","article_modified_time":"2018-06-25T11:13:14+00:00","og_image":[{"url":"http:\/\/farm3.static.flickr.com\/2250\/2054685403_4e39a17293.jpg"}],"author":"danilo","twitter_card":"summary_large_image","twitter_misc":{"Escrito por":"danilo","Est. tempo de leitura":"3 minutos"},"schema":{"@context":"https:\/\/schema.org","@graph":[{"@type":"Article","@id":"https:\/\/www.oarcanjo.net\/site\/padre-leao-dehon\/#article","isPartOf":{"@id":"https:\/\/www.oarcanjo.net\/site\/padre-leao-dehon\/"},"author":{"name":"danilo","@id":"https:\/\/www.oarcanjo.net\/site\/#\/schema\/person\/5eb9480bedd2f3c97e430ce128c29c6c"},"headline":"Padre Le\u00e3o Dehon","datePublished":"2018-08-12T03:57:58+00:00","dateModified":"2018-06-25T11:13:14+00:00","mainEntityOfPage":{"@id":"https:\/\/www.oarcanjo.net\/site\/padre-leao-dehon\/"},"wordCount":665,"commentCount":0,"publisher":{"@id":"https:\/\/www.oarcanjo.net\/site\/#organization"},"image":{"@id":"https:\/\/www.oarcanjo.net\/site\/padre-leao-dehon\/#primaryimage"},"thumbnailUrl":"http:\/\/farm3.static.flickr.com\/2250\/2054685403_4e39a17293.jpg","articleSection":["Testemunhos"],"inLanguage":"pt-BR","potentialAction":[{"@type":"CommentAction","name":"Comment","target":["https:\/\/www.oarcanjo.net\/site\/padre-leao-dehon\/#respond"]}]},{"@type":"WebPage","@id":"https:\/\/www.oarcanjo.net\/site\/padre-leao-dehon\/","url":"https:\/\/www.oarcanjo.net\/site\/padre-leao-dehon\/","name":"Padre Le\u00e3o Dehon - O Arcanjo no ar","isPartOf":{"@id":"https:\/\/www.oarcanjo.net\/site\/#website"},"primaryImageOfPage":{"@id":"https:\/\/www.oarcanjo.net\/site\/padre-leao-dehon\/#primaryimage"},"image":{"@id":"https:\/\/www.oarcanjo.net\/site\/padre-leao-dehon\/#primaryimage"},"thumbnailUrl":"http:\/\/farm3.static.flickr.com\/2250\/2054685403_4e39a17293.jpg","datePublished":"2018-08-12T03:57:58+00:00","dateModified":"2018-06-25T11:13:14+00:00","breadcrumb":{"@id":"https:\/\/www.oarcanjo.net\/site\/padre-leao-dehon\/#breadcrumb"},"inLanguage":"pt-BR","potentialAction":[{"@type":"ReadAction","target":["https:\/\/www.oarcanjo.net\/site\/padre-leao-dehon\/"]}]},{"@type":"ImageObject","inLanguage":"pt-BR","@id":"https:\/\/www.oarcanjo.net\/site\/padre-leao-dehon\/#primaryimage","url":"http:\/\/farm3.static.flickr.com\/2250\/2054685403_4e39a17293.jpg","contentUrl":"http:\/\/farm3.static.flickr.com\/2250\/2054685403_4e39a17293.jpg"},{"@type":"BreadcrumbList","@id":"https:\/\/www.oarcanjo.net\/site\/padre-leao-dehon\/#breadcrumb","itemListElement":[{"@type":"ListItem","position":1,"name":"In\u00edcio","item":"https:\/\/www.oarcanjo.net\/site\/"},{"@type":"ListItem","position":2,"name":"Padre Le\u00e3o Dehon"}]},{"@type":"WebSite","@id":"https:\/\/www.oarcanjo.net\/site\/#website","url":"https:\/\/www.oarcanjo.net\/site\/","name":"O Arcanjo no ar","description":"Site da Par\u00f3quia S\u00e3o Miguel Arcanjo (Arquidiocese de SP)","publisher":{"@id":"https:\/\/www.oarcanjo.net\/site\/#organization"},"potentialAction":[{"@type":"SearchAction","target":{"@type":"EntryPoint","urlTemplate":"https:\/\/www.oarcanjo.net\/site\/?s={search_term_string}"},"query-input":{"@type":"PropertyValueSpecification","valueRequired":true,"valueName":"search_term_string"}}],"inLanguage":"pt-BR"},{"@type":"Organization","@id":"https:\/\/www.oarcanjo.net\/site\/#organization","name":"Par\u00f3quia S\u00e3o Miguel Arcanjo","url":"https:\/\/www.oarcanjo.net\/site\/","logo":{"@type":"ImageObject","inLanguage":"pt-BR","@id":"https:\/\/www.oarcanjo.net\/site\/#\/schema\/logo\/image\/","url":"https:\/\/www.oarcanjo.net\/site\/wp-content\/uploads\/LogoOArcanjo.png","contentUrl":"https:\/\/www.oarcanjo.net\/site\/wp-content\/uploads\/LogoOArcanjo.png","width":319,"height":99,"caption":"Par\u00f3quia S\u00e3o Miguel Arcanjo"},"image":{"@id":"https:\/\/www.oarcanjo.net\/site\/#\/schema\/logo\/image\/"},"sameAs":["https:\/\/www.facebook.com\/OArcanjoNoAr\/"]},{"@type":"Person","@id":"https:\/\/www.oarcanjo.net\/site\/#\/schema\/person\/5eb9480bedd2f3c97e430ce128c29c6c","name":"danilo"}]}},"publishpress_future_action":{"enabled":false,"date":"2026-05-08 06:34:47","action":"category","newStatus":"draft","terms":[],"taxonomy":"category"},"publishpress_future_workflow_manual_trigger":{"enabledWorkflows":[]},"_links":{"self":[{"href":"https:\/\/www.oarcanjo.net\/site\/wp-json\/wp\/v2\/posts\/10480"}],"collection":[{"href":"https:\/\/www.oarcanjo.net\/site\/wp-json\/wp\/v2\/posts"}],"about":[{"href":"https:\/\/www.oarcanjo.net\/site\/wp-json\/wp\/v2\/types\/post"}],"author":[{"embeddable":true,"href":"https:\/\/www.oarcanjo.net\/site\/wp-json\/wp\/v2\/users\/14"}],"replies":[{"embeddable":true,"href":"https:\/\/www.oarcanjo.net\/site\/wp-json\/wp\/v2\/comments?post=10480"}],"version-history":[{"count":1,"href":"https:\/\/www.oarcanjo.net\/site\/wp-json\/wp\/v2\/posts\/10480\/revisions"}],"predecessor-version":[{"id":88837,"href":"https:\/\/www.oarcanjo.net\/site\/wp-json\/wp\/v2\/posts\/10480\/revisions\/88837"}],"wp:attachment":[{"href":"https:\/\/www.oarcanjo.net\/site\/wp-json\/wp\/v2\/media?parent=10480"}],"wp:term":[{"taxonomy":"category","embeddable":true,"href":"https:\/\/www.oarcanjo.net\/site\/wp-json\/wp\/v2\/categories?post=10480"},{"taxonomy":"post_tag","embeddable":true,"href":"https:\/\/www.oarcanjo.net\/site\/wp-json\/wp\/v2\/tags?post=10480"}],"curies":[{"name":"wp","href":"https:\/\/api.w.org\/{rel}","templated":true}]}}