
{"id":10482,"date":"2018-08-12T00:59:49","date_gmt":"2018-08-12T03:59:49","guid":{"rendered":"http:\/\/www.oarcanjo.net\/site\/?p=10482"},"modified":"2018-06-25T08:13:19","modified_gmt":"2018-06-25T11:13:19","slug":"santa-joana-francisca-de-chantal-2","status":"publish","type":"post","link":"https:\/\/www.oarcanjo.net\/site\/santa-joana-francisca-de-chantal-2\/","title":{"rendered":"Santa Joana Francisca de Chantal"},"content":{"rendered":"<p><img loading=\"lazy\" decoding=\"async\" src=\"http:\/\/3.bp.blogspot.com\/_LLGsPvAD04A\/SyCnABAM_OI\/AAAAAAAACi0\/G82ecRZLplo\/s400\/Santa_Giovanna_Francesca_de_Chantal_B.jpg\" alt=\"\" width=\"372\" height=\"400\" \/><\/p>\n<p>12 de Agosto<\/p>\n<p>Fundou a Congrega\u00e7\u00e3o da Visita\u00e7\u00e3o de Santa Maria<\/p>\n<p>Filha de um pol\u00edtico bem posicionado na Fran\u00e7a, Joana recusou matrim\u00f4nio com um fidalgo milion\u00e1rio, por ser ele protestante calvinista. Casou-se, ent\u00e3o, com o bar\u00e3o de Chantal, cat\u00f3lico fervoroso, com quem levou uma vida profundamente religiosa e feliz.<\/p>\n<p>Joana nasceu em Dijon, Fran\u00e7a, em 28 de janeiro de 1572, filha de Benigno Fr\u00e8miot, presidente do parlamento de Borgonha. Ap\u00f3s seu casamento, foi morar no castelo de Bourbillye, e sua primeira ordem na nova casa sinalizou qual seria o estilo de vida que se viveria ali. Mandou que, diariamente, fosse rezada uma missa e que todos os servidores dom\u00e9sticos participassem. Ocupou-se, pessoalmente, da educa\u00e7\u00e3o religiosa dos servi\u00e7ais, ajudando-os em todas as suas necessidades materiais.<\/p>\n<p>Quando o bar\u00e3o feriu-se gravemente durante uma ca\u00e7ada, no castelo s\u00f3 se rezava por sua sa\u00fade. Mas logo veio a falecer. Joana ficou vi\u00fava aos vinte e oito anos de idade, com os filhos para criar. Dedicou-se, inteiramente, \u00e0 educa\u00e7\u00e3o das suas crian\u00e7as, abrindo espa\u00e7o em seus hor\u00e1rios apenas para a ora\u00e7\u00e3o e o trabalho. Nessa \u00e9poca, conheceu o futuro s\u00e3o Francisco de Sales, ent\u00e3o bispo de Genebra. Escolheu-o para ser seu diretor espiritual e fez-se preparar para a vida de religiosa.<\/p>\n<p>Passados nove anos de viuvez e depois de ter muito bem casado as filhas, deixou o futuro bar\u00e3o de Chantal, ent\u00e3o um adolescente de quinze anos, com o av\u00f4 Benigno no castelo de Dijon e retirou-se em um convento. No ano seguinte, em 1610, junto com Francisco de Sales, fundou a Congrega\u00e7\u00e3o da Visita\u00e7\u00e3o de Santa Maria, destinada \u00e0 assist\u00eancia aos doentes. Nessa empreitada juntaram-se, \u00e0 baronesa de Chantal, a senhora Jacqueline Fabre e a senhorita Brechard.<\/p>\n<p>Joana, ent\u00e3o, professou os votos e foi a primeira a vestir o h\u00e1bito da nova Ordem. Eleita a madre superiora, acrescentou Francisca ao nome de batismo e dedicou-se, exclusivamente, \u00e0 Obra, vivendo na sua primeira sede, em Anecy. Fundou mais setenta e cinco Casas para suas religiosas com toda a sua fortuna. Mas n\u00e3o sem dificuldades e sofrimentos, e sofrendo muitas persegui\u00e7\u00f5es em Paris, sem nunca esmorecer.<\/p>\n<p>Depois de uma dura agonia motivada por uma febre que p\u00f4s fim \u00e0 sua exist\u00eancia, morreu em Moulins no dia 13 de dezembro de 1641. Atualmente, as Irm\u00e3s da Visita\u00e7\u00e3o est\u00e3o espalhadas em todos os continentes e celebram, no dia 12 de agosto, santa Joana Francisca de Chantal, que foi canonizada em 1767 para ser venerada como modelo de perfei\u00e7\u00e3o evang\u00e9lica em todos os estados de vida.<\/p>\n<div id=\"themify_builder_content-10482\" data-postid=\"10482\" class=\"themify_builder_content themify_builder_content-10482 themify_builder themify_builder_front\">\n\t<\/div>\n<!-- \/themify_builder_content -->","protected":false},"excerpt":{"rendered":"<p>12 de Agosto Fundou a Congrega\u00e7\u00e3o da Visita\u00e7\u00e3o de Santa Maria Filha de um pol\u00edtico bem posicionado na Fran\u00e7a, Joana recusou matrim\u00f4nio com um fidalgo milion\u00e1rio, por ser ele protestante calvinista. Casou-se, ent\u00e3o, com o bar\u00e3o de Chantal, cat\u00f3lico fervoroso, com quem levou uma vida profundamente religiosa e feliz. Joana nasceu em Dijon, Fran\u00e7a, em [&hellip;]<\/p>\n","protected":false},"author":14,"featured_media":0,"comment_status":"open","ping_status":"open","sticky":false,"template":"","format":"standard","meta":{"ngg_post_thumbnail":0,"footnotes":""},"categories":[186],"tags":[],"yoast_head":"<!-- This site is optimized with the Yoast SEO plugin v23.5 - https:\/\/yoast.com\/wordpress\/plugins\/seo\/ -->\n<title>Santa Joana Francisca de Chantal - O Arcanjo no ar<\/title>\n<meta name=\"robots\" content=\"index, follow, max-snippet:-1, max-image-preview:large, max-video-preview:-1\" \/>\n<link rel=\"canonical\" href=\"https:\/\/www.oarcanjo.net\/site\/santa-joana-francisca-de-chantal-2\/\" \/>\n<meta property=\"og:locale\" content=\"pt_BR\" \/>\n<meta property=\"og:type\" content=\"article\" \/>\n<meta property=\"og:title\" content=\"Santa Joana Francisca de Chantal - O Arcanjo no ar\" \/>\n<meta property=\"og:description\" content=\"12 de Agosto Fundou a Congrega\u00e7\u00e3o da Visita\u00e7\u00e3o de Santa Maria Filha de um pol\u00edtico bem posicionado na Fran\u00e7a, Joana recusou matrim\u00f4nio com um fidalgo milion\u00e1rio, por ser ele protestante calvinista. Casou-se, ent\u00e3o, com o bar\u00e3o de Chantal, cat\u00f3lico fervoroso, com quem levou uma vida profundamente religiosa e feliz. Joana nasceu em Dijon, Fran\u00e7a, em [&hellip;]\" \/>\n<meta property=\"og:url\" content=\"https:\/\/www.oarcanjo.net\/site\/santa-joana-francisca-de-chantal-2\/\" \/>\n<meta property=\"og:site_name\" content=\"O Arcanjo no ar\" \/>\n<meta property=\"article:publisher\" content=\"https:\/\/www.facebook.com\/OArcanjoNoAr\/\" \/>\n<meta property=\"article:published_time\" content=\"2018-08-12T03:59:49+00:00\" \/>\n<meta property=\"article:modified_time\" content=\"2018-06-25T11:13:19+00:00\" \/>\n<meta property=\"og:image\" content=\"http:\/\/3.bp.blogspot.com\/_LLGsPvAD04A\/SyCnABAM_OI\/AAAAAAAACi0\/G82ecRZLplo\/s400\/Santa_Giovanna_Francesca_de_Chantal_B.jpg\" \/>\n<meta name=\"author\" content=\"danilo\" \/>\n<meta name=\"twitter:card\" content=\"summary_large_image\" \/>\n<meta name=\"twitter:label1\" content=\"Escrito por\" \/>\n\t<meta name=\"twitter:data1\" content=\"danilo\" \/>\n\t<meta name=\"twitter:label2\" content=\"Est. tempo de leitura\" \/>\n\t<meta name=\"twitter:data2\" content=\"2 minutos\" \/>\n<script type=\"application\/ld+json\" class=\"yoast-schema-graph\">{\"@context\":\"https:\/\/schema.org\",\"@graph\":[{\"@type\":\"Article\",\"@id\":\"https:\/\/www.oarcanjo.net\/site\/santa-joana-francisca-de-chantal-2\/#article\",\"isPartOf\":{\"@id\":\"https:\/\/www.oarcanjo.net\/site\/santa-joana-francisca-de-chantal-2\/\"},\"author\":{\"name\":\"danilo\",\"@id\":\"https:\/\/www.oarcanjo.net\/site\/#\/schema\/person\/5eb9480bedd2f3c97e430ce128c29c6c\"},\"headline\":\"Santa Joana Francisca de Chantal\",\"datePublished\":\"2018-08-12T03:59:49+00:00\",\"dateModified\":\"2018-06-25T11:13:19+00:00\",\"mainEntityOfPage\":{\"@id\":\"https:\/\/www.oarcanjo.net\/site\/santa-joana-francisca-de-chantal-2\/\"},\"wordCount\":451,\"commentCount\":0,\"publisher\":{\"@id\":\"https:\/\/www.oarcanjo.net\/site\/#organization\"},\"image\":{\"@id\":\"https:\/\/www.oarcanjo.net\/site\/santa-joana-francisca-de-chantal-2\/#primaryimage\"},\"thumbnailUrl\":\"http:\/\/3.bp.blogspot.com\/_LLGsPvAD04A\/SyCnABAM_OI\/AAAAAAAACi0\/G82ecRZLplo\/s400\/Santa_Giovanna_Francesca_de_Chantal_B.jpg\",\"articleSection\":[\"Testemunhos\"],\"inLanguage\":\"pt-BR\",\"potentialAction\":[{\"@type\":\"CommentAction\",\"name\":\"Comment\",\"target\":[\"https:\/\/www.oarcanjo.net\/site\/santa-joana-francisca-de-chantal-2\/#respond\"]}]},{\"@type\":\"WebPage\",\"@id\":\"https:\/\/www.oarcanjo.net\/site\/santa-joana-francisca-de-chantal-2\/\",\"url\":\"https:\/\/www.oarcanjo.net\/site\/santa-joana-francisca-de-chantal-2\/\",\"name\":\"Santa Joana Francisca de Chantal - O Arcanjo no ar\",\"isPartOf\":{\"@id\":\"https:\/\/www.oarcanjo.net\/site\/#website\"},\"primaryImageOfPage\":{\"@id\":\"https:\/\/www.oarcanjo.net\/site\/santa-joana-francisca-de-chantal-2\/#primaryimage\"},\"image\":{\"@id\":\"https:\/\/www.oarcanjo.net\/site\/santa-joana-francisca-de-chantal-2\/#primaryimage\"},\"thumbnailUrl\":\"http:\/\/3.bp.blogspot.com\/_LLGsPvAD04A\/SyCnABAM_OI\/AAAAAAAACi0\/G82ecRZLplo\/s400\/Santa_Giovanna_Francesca_de_Chantal_B.jpg\",\"datePublished\":\"2018-08-12T03:59:49+00:00\",\"dateModified\":\"2018-06-25T11:13:19+00:00\",\"breadcrumb\":{\"@id\":\"https:\/\/www.oarcanjo.net\/site\/santa-joana-francisca-de-chantal-2\/#breadcrumb\"},\"inLanguage\":\"pt-BR\",\"potentialAction\":[{\"@type\":\"ReadAction\",\"target\":[\"https:\/\/www.oarcanjo.net\/site\/santa-joana-francisca-de-chantal-2\/\"]}]},{\"@type\":\"ImageObject\",\"inLanguage\":\"pt-BR\",\"@id\":\"https:\/\/www.oarcanjo.net\/site\/santa-joana-francisca-de-chantal-2\/#primaryimage\",\"url\":\"http:\/\/3.bp.blogspot.com\/_LLGsPvAD04A\/SyCnABAM_OI\/AAAAAAAACi0\/G82ecRZLplo\/s400\/Santa_Giovanna_Francesca_de_Chantal_B.jpg\",\"contentUrl\":\"http:\/\/3.bp.blogspot.com\/_LLGsPvAD04A\/SyCnABAM_OI\/AAAAAAAACi0\/G82ecRZLplo\/s400\/Santa_Giovanna_Francesca_de_Chantal_B.jpg\"},{\"@type\":\"BreadcrumbList\",\"@id\":\"https:\/\/www.oarcanjo.net\/site\/santa-joana-francisca-de-chantal-2\/#breadcrumb\",\"itemListElement\":[{\"@type\":\"ListItem\",\"position\":1,\"name\":\"In\u00edcio\",\"item\":\"https:\/\/www.oarcanjo.net\/site\/\"},{\"@type\":\"ListItem\",\"position\":2,\"name\":\"Santa Joana Francisca de Chantal\"}]},{\"@type\":\"WebSite\",\"@id\":\"https:\/\/www.oarcanjo.net\/site\/#website\",\"url\":\"https:\/\/www.oarcanjo.net\/site\/\",\"name\":\"O Arcanjo no ar\",\"description\":\"Site da Par\u00f3quia S\u00e3o Miguel Arcanjo (Arquidiocese de SP)\",\"publisher\":{\"@id\":\"https:\/\/www.oarcanjo.net\/site\/#organization\"},\"potentialAction\":[{\"@type\":\"SearchAction\",\"target\":{\"@type\":\"EntryPoint\",\"urlTemplate\":\"https:\/\/www.oarcanjo.net\/site\/?s={search_term_string}\"},\"query-input\":{\"@type\":\"PropertyValueSpecification\",\"valueRequired\":true,\"valueName\":\"search_term_string\"}}],\"inLanguage\":\"pt-BR\"},{\"@type\":\"Organization\",\"@id\":\"https:\/\/www.oarcanjo.net\/site\/#organization\",\"name\":\"Par\u00f3quia S\u00e3o Miguel Arcanjo\",\"url\":\"https:\/\/www.oarcanjo.net\/site\/\",\"logo\":{\"@type\":\"ImageObject\",\"inLanguage\":\"pt-BR\",\"@id\":\"https:\/\/www.oarcanjo.net\/site\/#\/schema\/logo\/image\/\",\"url\":\"https:\/\/www.oarcanjo.net\/site\/wp-content\/uploads\/LogoOArcanjo.png\",\"contentUrl\":\"https:\/\/www.oarcanjo.net\/site\/wp-content\/uploads\/LogoOArcanjo.png\",\"width\":319,\"height\":99,\"caption\":\"Par\u00f3quia S\u00e3o Miguel Arcanjo\"},\"image\":{\"@id\":\"https:\/\/www.oarcanjo.net\/site\/#\/schema\/logo\/image\/\"},\"sameAs\":[\"https:\/\/www.facebook.com\/OArcanjoNoAr\/\"]},{\"@type\":\"Person\",\"@id\":\"https:\/\/www.oarcanjo.net\/site\/#\/schema\/person\/5eb9480bedd2f3c97e430ce128c29c6c\",\"name\":\"danilo\"}]}<\/script>\n<!-- \/ Yoast SEO plugin. -->","yoast_head_json":{"title":"Santa Joana Francisca de Chantal - O Arcanjo no ar","robots":{"index":"index","follow":"follow","max-snippet":"max-snippet:-1","max-image-preview":"max-image-preview:large","max-video-preview":"max-video-preview:-1"},"canonical":"https:\/\/www.oarcanjo.net\/site\/santa-joana-francisca-de-chantal-2\/","og_locale":"pt_BR","og_type":"article","og_title":"Santa Joana Francisca de Chantal - O Arcanjo no ar","og_description":"12 de Agosto Fundou a Congrega\u00e7\u00e3o da Visita\u00e7\u00e3o de Santa Maria Filha de um pol\u00edtico bem posicionado na Fran\u00e7a, Joana recusou matrim\u00f4nio com um fidalgo milion\u00e1rio, por ser ele protestante calvinista. Casou-se, ent\u00e3o, com o bar\u00e3o de Chantal, cat\u00f3lico fervoroso, com quem levou uma vida profundamente religiosa e feliz. Joana nasceu em Dijon, Fran\u00e7a, em [&hellip;]","og_url":"https:\/\/www.oarcanjo.net\/site\/santa-joana-francisca-de-chantal-2\/","og_site_name":"O Arcanjo no ar","article_publisher":"https:\/\/www.facebook.com\/OArcanjoNoAr\/","article_published_time":"2018-08-12T03:59:49+00:00","article_modified_time":"2018-06-25T11:13:19+00:00","og_image":[{"url":"http:\/\/3.bp.blogspot.com\/_LLGsPvAD04A\/SyCnABAM_OI\/AAAAAAAACi0\/G82ecRZLplo\/s400\/Santa_Giovanna_Francesca_de_Chantal_B.jpg"}],"author":"danilo","twitter_card":"summary_large_image","twitter_misc":{"Escrito por":"danilo","Est. tempo de leitura":"2 minutos"},"schema":{"@context":"https:\/\/schema.org","@graph":[{"@type":"Article","@id":"https:\/\/www.oarcanjo.net\/site\/santa-joana-francisca-de-chantal-2\/#article","isPartOf":{"@id":"https:\/\/www.oarcanjo.net\/site\/santa-joana-francisca-de-chantal-2\/"},"author":{"name":"danilo","@id":"https:\/\/www.oarcanjo.net\/site\/#\/schema\/person\/5eb9480bedd2f3c97e430ce128c29c6c"},"headline":"Santa Joana Francisca de Chantal","datePublished":"2018-08-12T03:59:49+00:00","dateModified":"2018-06-25T11:13:19+00:00","mainEntityOfPage":{"@id":"https:\/\/www.oarcanjo.net\/site\/santa-joana-francisca-de-chantal-2\/"},"wordCount":451,"commentCount":0,"publisher":{"@id":"https:\/\/www.oarcanjo.net\/site\/#organization"},"image":{"@id":"https:\/\/www.oarcanjo.net\/site\/santa-joana-francisca-de-chantal-2\/#primaryimage"},"thumbnailUrl":"http:\/\/3.bp.blogspot.com\/_LLGsPvAD04A\/SyCnABAM_OI\/AAAAAAAACi0\/G82ecRZLplo\/s400\/Santa_Giovanna_Francesca_de_Chantal_B.jpg","articleSection":["Testemunhos"],"inLanguage":"pt-BR","potentialAction":[{"@type":"CommentAction","name":"Comment","target":["https:\/\/www.oarcanjo.net\/site\/santa-joana-francisca-de-chantal-2\/#respond"]}]},{"@type":"WebPage","@id":"https:\/\/www.oarcanjo.net\/site\/santa-joana-francisca-de-chantal-2\/","url":"https:\/\/www.oarcanjo.net\/site\/santa-joana-francisca-de-chantal-2\/","name":"Santa Joana Francisca de Chantal - O Arcanjo no ar","isPartOf":{"@id":"https:\/\/www.oarcanjo.net\/site\/#website"},"primaryImageOfPage":{"@id":"https:\/\/www.oarcanjo.net\/site\/santa-joana-francisca-de-chantal-2\/#primaryimage"},"image":{"@id":"https:\/\/www.oarcanjo.net\/site\/santa-joana-francisca-de-chantal-2\/#primaryimage"},"thumbnailUrl":"http:\/\/3.bp.blogspot.com\/_LLGsPvAD04A\/SyCnABAM_OI\/AAAAAAAACi0\/G82ecRZLplo\/s400\/Santa_Giovanna_Francesca_de_Chantal_B.jpg","datePublished":"2018-08-12T03:59:49+00:00","dateModified":"2018-06-25T11:13:19+00:00","breadcrumb":{"@id":"https:\/\/www.oarcanjo.net\/site\/santa-joana-francisca-de-chantal-2\/#breadcrumb"},"inLanguage":"pt-BR","potentialAction":[{"@type":"ReadAction","target":["https:\/\/www.oarcanjo.net\/site\/santa-joana-francisca-de-chantal-2\/"]}]},{"@type":"ImageObject","inLanguage":"pt-BR","@id":"https:\/\/www.oarcanjo.net\/site\/santa-joana-francisca-de-chantal-2\/#primaryimage","url":"http:\/\/3.bp.blogspot.com\/_LLGsPvAD04A\/SyCnABAM_OI\/AAAAAAAACi0\/G82ecRZLplo\/s400\/Santa_Giovanna_Francesca_de_Chantal_B.jpg","contentUrl":"http:\/\/3.bp.blogspot.com\/_LLGsPvAD04A\/SyCnABAM_OI\/AAAAAAAACi0\/G82ecRZLplo\/s400\/Santa_Giovanna_Francesca_de_Chantal_B.jpg"},{"@type":"BreadcrumbList","@id":"https:\/\/www.oarcanjo.net\/site\/santa-joana-francisca-de-chantal-2\/#breadcrumb","itemListElement":[{"@type":"ListItem","position":1,"name":"In\u00edcio","item":"https:\/\/www.oarcanjo.net\/site\/"},{"@type":"ListItem","position":2,"name":"Santa Joana Francisca de Chantal"}]},{"@type":"WebSite","@id":"https:\/\/www.oarcanjo.net\/site\/#website","url":"https:\/\/www.oarcanjo.net\/site\/","name":"O Arcanjo no ar","description":"Site da Par\u00f3quia S\u00e3o Miguel Arcanjo (Arquidiocese de SP)","publisher":{"@id":"https:\/\/www.oarcanjo.net\/site\/#organization"},"potentialAction":[{"@type":"SearchAction","target":{"@type":"EntryPoint","urlTemplate":"https:\/\/www.oarcanjo.net\/site\/?s={search_term_string}"},"query-input":{"@type":"PropertyValueSpecification","valueRequired":true,"valueName":"search_term_string"}}],"inLanguage":"pt-BR"},{"@type":"Organization","@id":"https:\/\/www.oarcanjo.net\/site\/#organization","name":"Par\u00f3quia S\u00e3o Miguel Arcanjo","url":"https:\/\/www.oarcanjo.net\/site\/","logo":{"@type":"ImageObject","inLanguage":"pt-BR","@id":"https:\/\/www.oarcanjo.net\/site\/#\/schema\/logo\/image\/","url":"https:\/\/www.oarcanjo.net\/site\/wp-content\/uploads\/LogoOArcanjo.png","contentUrl":"https:\/\/www.oarcanjo.net\/site\/wp-content\/uploads\/LogoOArcanjo.png","width":319,"height":99,"caption":"Par\u00f3quia S\u00e3o Miguel Arcanjo"},"image":{"@id":"https:\/\/www.oarcanjo.net\/site\/#\/schema\/logo\/image\/"},"sameAs":["https:\/\/www.facebook.com\/OArcanjoNoAr\/"]},{"@type":"Person","@id":"https:\/\/www.oarcanjo.net\/site\/#\/schema\/person\/5eb9480bedd2f3c97e430ce128c29c6c","name":"danilo"}]}},"publishpress_future_action":{"enabled":false,"date":"2026-05-08 06:35:43","action":"category","newStatus":"draft","terms":[],"taxonomy":"category"},"publishpress_future_workflow_manual_trigger":{"enabledWorkflows":[]},"_links":{"self":[{"href":"https:\/\/www.oarcanjo.net\/site\/wp-json\/wp\/v2\/posts\/10482"}],"collection":[{"href":"https:\/\/www.oarcanjo.net\/site\/wp-json\/wp\/v2\/posts"}],"about":[{"href":"https:\/\/www.oarcanjo.net\/site\/wp-json\/wp\/v2\/types\/post"}],"author":[{"embeddable":true,"href":"https:\/\/www.oarcanjo.net\/site\/wp-json\/wp\/v2\/users\/14"}],"replies":[{"embeddable":true,"href":"https:\/\/www.oarcanjo.net\/site\/wp-json\/wp\/v2\/comments?post=10482"}],"version-history":[{"count":1,"href":"https:\/\/www.oarcanjo.net\/site\/wp-json\/wp\/v2\/posts\/10482\/revisions"}],"predecessor-version":[{"id":88838,"href":"https:\/\/www.oarcanjo.net\/site\/wp-json\/wp\/v2\/posts\/10482\/revisions\/88838"}],"wp:attachment":[{"href":"https:\/\/www.oarcanjo.net\/site\/wp-json\/wp\/v2\/media?parent=10482"}],"wp:term":[{"taxonomy":"category","embeddable":true,"href":"https:\/\/www.oarcanjo.net\/site\/wp-json\/wp\/v2\/categories?post=10482"},{"taxonomy":"post_tag","embeddable":true,"href":"https:\/\/www.oarcanjo.net\/site\/wp-json\/wp\/v2\/tags?post=10482"}],"curies":[{"name":"wp","href":"https:\/\/api.w.org\/{rel}","templated":true}]}}