
{"id":10484,"date":"2018-08-13T00:01:30","date_gmt":"2018-08-13T03:01:30","guid":{"rendered":"http:\/\/www.oarcanjo.net\/site\/?p=10484"},"modified":"2018-06-25T08:13:31","modified_gmt":"2018-06-25T11:13:31","slug":"sao-joao-berchmans","status":"publish","type":"post","link":"https:\/\/www.oarcanjo.net\/site\/sao-joao-berchmans\/","title":{"rendered":"S\u00e3o Jo\u00e3o Berchmans"},"content":{"rendered":"<p><img loading=\"lazy\" decoding=\"async\" src=\"http:\/\/t0.gstatic.com\/images?q=tbn:ANd9GcQ_A7ypeqVwKW2kGhNeZLhGcPy_Hi1HhaJCVK9wWAp04l-JZm0&amp;t=1&amp;usg=__E6dWn3DQkuXcyY4rChY430dgbWc=\" alt=\"\" width=\"172\" height=\"224\" \/><\/p>\n<p>13 de Agosto<\/p>\n<p>Jo\u00e3o nasceu em 12 de mar\u00e7o 1599, em Diest, uma pequena cidade localizada no Flandre, B\u00e9lgica. O modesto curtidor de peles e sapateiro Carlos Berchmans era seu pai. A sua m\u00e3e era Isabel, uma das filhas do l\u00edder daquele povoado. O casal, muito cat\u00f3lico, esmerou-se na cria\u00e7\u00e3o n\u00e3o s\u00f3 de Jo\u00e3o, mas tamb\u00e9m dos outros quatro filhos.<\/p>\n<p>Filho amoroso, irm\u00e3o am\u00e1vel e companheiro caridoso, amava os estudos demonstrando muita sabedoria e intelig\u00eancia desde a inf\u00e2ncia. Em 1609, sua m\u00e3e foi acometida de uma incur\u00e1vel e lenta doen\u00e7a. Seu pai enviou Jo\u00e3o, com os irm\u00e3os, para o internato dos padres premostratenses, onde a sua imensa capacidade para o aprendizado, principalmente de idiomas, aflorou. E, extremado devoto de Jesus e da Virgem Maria, ali decidiu que seria um sacerdote, iniciando seus estudos eclesi\u00e1sticos.<\/p>\n<p>Em 1612, quase teve de abandonar tudo para aprender uma profiss\u00e3o, pois seu pai, por problemas financeiros, n\u00e3o poderia mais pagar-lhe os estudos. Mas com a ajuda inicial de alguns familiares, que sabiam do seu grande potencial, Jo\u00e3o ficou. Entretanto ele tamb\u00e9m se mobilizou para estudar na Escola Grande de Malines: conseguiu ingressar na casa do c\u00f4nego superior-geral, onde trabalhava como seu camareiro e instrutor de alguns jovens da nobreza, dos quais esse c\u00f4nego era o orientador espiritual.<\/p>\n<p>Depois, ainda em Malines, foi estudar ret\u00f3rica no Col\u00e9gio dos Jesu\u00edtas, em 1615. Na ocasi\u00e3o, lendo a biografia de s\u00e3o Luiz Gonzaga, percebeu que Deus queria que ele abra\u00e7asse o carisma da Companhia de Jesus no seu sacerd\u00f3cio. Dedicou-se ao extremo nos estudos, avan\u00e7ando cada vez mais na vida espiritual, pela caridade, ora\u00e7\u00e3o e penit\u00eancia, ingressando na Congrega\u00e7\u00e3o Mariana. Seus mestres diziam-se impressionados, pois n\u00e3o havia melhor exemplo do que ele.<\/p>\n<p>As not\u00edcias que chegavam da Inglaterra, sobre a persegui\u00e7\u00e3o contra os jesu\u00edtas, n\u00e3o o desanimaram, completando o noviciado em 1618. No ano seguinte, foi para Roma, onde estudou filosofia e teologia, e l\u00e1 se destacou como um religioso com &#8220;odor de santidade&#8221;. O que Jo\u00e3o mais almejava na vida era poder viver na companhia de Jesus, para ingressar na gl\u00f3ria de Cristo na vida eterna. Para isto, viveu sem nunca ter transgredido um s\u00f3 de seus ensinamentos. O jovem Jo\u00e3o foi acometido de grave e repentina febre que o levou \u00e0 morte em apenas seis dias, no dia 13 de agosto de 1621, em Roma. O seu corpo repousa na igreja de Santo In\u00e1cio de Loyola, em Roma, It\u00e1lia. Mas a rel\u00edquia do seu cora\u00e7\u00e3o \u00e9 venerada na igreja dos Jesu\u00edtas em Louvin, B\u00e9lgica.<\/p>\n<p>Embora algumas localidades o celebrem em 26 de novembro, a sua festa foi determinada, pelo papa Le\u00e3o XIII, quando o canonizou, em 1888, para ocorrer dia de sua morte. S\u00e3o Jo\u00e3o Berchmans foi declarado &#8220;Padroeiro da Juventude Estudantil&#8221; por seu modelo de vida no seguimento de Cristo, por sua incondicional devo\u00e7\u00e3o a Nossa Senhora e pelo amor que dedicou aos estudos.<\/p>\n<div id=\"themify_builder_content-10484\" data-postid=\"10484\" class=\"themify_builder_content themify_builder_content-10484 themify_builder themify_builder_front\">\n\t<\/div>\n<!-- \/themify_builder_content -->","protected":false},"excerpt":{"rendered":"<p>13 de Agosto Jo\u00e3o nasceu em 12 de mar\u00e7o 1599, em Diest, uma pequena cidade localizada no Flandre, B\u00e9lgica. O modesto curtidor de peles e sapateiro Carlos Berchmans era seu pai. A sua m\u00e3e era Isabel, uma das filhas do l\u00edder daquele povoado. O casal, muito cat\u00f3lico, esmerou-se na cria\u00e7\u00e3o n\u00e3o s\u00f3 de Jo\u00e3o, mas [&hellip;]<\/p>\n","protected":false},"author":14,"featured_media":0,"comment_status":"open","ping_status":"open","sticky":false,"template":"","format":"standard","meta":{"ngg_post_thumbnail":0,"footnotes":""},"categories":[186],"tags":[],"yoast_head":"<!-- This site is optimized with the Yoast SEO plugin v23.5 - https:\/\/yoast.com\/wordpress\/plugins\/seo\/ -->\n<title>S\u00e3o Jo\u00e3o Berchmans - O Arcanjo no ar<\/title>\n<meta name=\"robots\" content=\"index, follow, max-snippet:-1, max-image-preview:large, max-video-preview:-1\" \/>\n<link rel=\"canonical\" href=\"https:\/\/www.oarcanjo.net\/site\/sao-joao-berchmans\/\" \/>\n<meta property=\"og:locale\" content=\"pt_BR\" \/>\n<meta property=\"og:type\" content=\"article\" \/>\n<meta property=\"og:title\" content=\"S\u00e3o Jo\u00e3o Berchmans - O Arcanjo no ar\" \/>\n<meta property=\"og:description\" content=\"13 de Agosto Jo\u00e3o nasceu em 12 de mar\u00e7o 1599, em Diest, uma pequena cidade localizada no Flandre, B\u00e9lgica. O modesto curtidor de peles e sapateiro Carlos Berchmans era seu pai. A sua m\u00e3e era Isabel, uma das filhas do l\u00edder daquele povoado. O casal, muito cat\u00f3lico, esmerou-se na cria\u00e7\u00e3o n\u00e3o s\u00f3 de Jo\u00e3o, mas [&hellip;]\" \/>\n<meta property=\"og:url\" content=\"https:\/\/www.oarcanjo.net\/site\/sao-joao-berchmans\/\" \/>\n<meta property=\"og:site_name\" content=\"O Arcanjo no ar\" \/>\n<meta property=\"article:publisher\" content=\"https:\/\/www.facebook.com\/OArcanjoNoAr\/\" \/>\n<meta property=\"article:published_time\" content=\"2018-08-13T03:01:30+00:00\" \/>\n<meta property=\"article:modified_time\" content=\"2018-06-25T11:13:31+00:00\" \/>\n<meta property=\"og:image\" content=\"http:\/\/t0.gstatic.com\/images?q=tbn:ANd9GcQ_A7ypeqVwKW2kGhNeZLhGcPy_Hi1HhaJCVK9wWAp04l-JZm0&amp;t=1&amp;usg=__E6dWn3DQkuXcyY4rChY430dgbWc=\" \/>\n<meta name=\"author\" content=\"danilo\" \/>\n<meta name=\"twitter:card\" content=\"summary_large_image\" \/>\n<meta name=\"twitter:label1\" content=\"Escrito por\" \/>\n\t<meta name=\"twitter:data1\" content=\"danilo\" \/>\n\t<meta name=\"twitter:label2\" content=\"Est. tempo de leitura\" \/>\n\t<meta name=\"twitter:data2\" content=\"3 minutos\" \/>\n<script type=\"application\/ld+json\" class=\"yoast-schema-graph\">{\"@context\":\"https:\/\/schema.org\",\"@graph\":[{\"@type\":\"Article\",\"@id\":\"https:\/\/www.oarcanjo.net\/site\/sao-joao-berchmans\/#article\",\"isPartOf\":{\"@id\":\"https:\/\/www.oarcanjo.net\/site\/sao-joao-berchmans\/\"},\"author\":{\"name\":\"danilo\",\"@id\":\"https:\/\/www.oarcanjo.net\/site\/#\/schema\/person\/5eb9480bedd2f3c97e430ce128c29c6c\"},\"headline\":\"S\u00e3o Jo\u00e3o Berchmans\",\"datePublished\":\"2018-08-13T03:01:30+00:00\",\"dateModified\":\"2018-06-25T11:13:31+00:00\",\"mainEntityOfPage\":{\"@id\":\"https:\/\/www.oarcanjo.net\/site\/sao-joao-berchmans\/\"},\"wordCount\":525,\"commentCount\":0,\"publisher\":{\"@id\":\"https:\/\/www.oarcanjo.net\/site\/#organization\"},\"image\":{\"@id\":\"https:\/\/www.oarcanjo.net\/site\/sao-joao-berchmans\/#primaryimage\"},\"thumbnailUrl\":\"http:\/\/t0.gstatic.com\/images?q=tbn:ANd9GcQ_A7ypeqVwKW2kGhNeZLhGcPy_Hi1HhaJCVK9wWAp04l-JZm0&amp;t=1&amp;usg=__E6dWn3DQkuXcyY4rChY430dgbWc=\",\"articleSection\":[\"Testemunhos\"],\"inLanguage\":\"pt-BR\",\"potentialAction\":[{\"@type\":\"CommentAction\",\"name\":\"Comment\",\"target\":[\"https:\/\/www.oarcanjo.net\/site\/sao-joao-berchmans\/#respond\"]}]},{\"@type\":\"WebPage\",\"@id\":\"https:\/\/www.oarcanjo.net\/site\/sao-joao-berchmans\/\",\"url\":\"https:\/\/www.oarcanjo.net\/site\/sao-joao-berchmans\/\",\"name\":\"S\u00e3o Jo\u00e3o Berchmans - O Arcanjo no ar\",\"isPartOf\":{\"@id\":\"https:\/\/www.oarcanjo.net\/site\/#website\"},\"primaryImageOfPage\":{\"@id\":\"https:\/\/www.oarcanjo.net\/site\/sao-joao-berchmans\/#primaryimage\"},\"image\":{\"@id\":\"https:\/\/www.oarcanjo.net\/site\/sao-joao-berchmans\/#primaryimage\"},\"thumbnailUrl\":\"http:\/\/t0.gstatic.com\/images?q=tbn:ANd9GcQ_A7ypeqVwKW2kGhNeZLhGcPy_Hi1HhaJCVK9wWAp04l-JZm0&amp;t=1&amp;usg=__E6dWn3DQkuXcyY4rChY430dgbWc=\",\"datePublished\":\"2018-08-13T03:01:30+00:00\",\"dateModified\":\"2018-06-25T11:13:31+00:00\",\"breadcrumb\":{\"@id\":\"https:\/\/www.oarcanjo.net\/site\/sao-joao-berchmans\/#breadcrumb\"},\"inLanguage\":\"pt-BR\",\"potentialAction\":[{\"@type\":\"ReadAction\",\"target\":[\"https:\/\/www.oarcanjo.net\/site\/sao-joao-berchmans\/\"]}]},{\"@type\":\"ImageObject\",\"inLanguage\":\"pt-BR\",\"@id\":\"https:\/\/www.oarcanjo.net\/site\/sao-joao-berchmans\/#primaryimage\",\"url\":\"http:\/\/t0.gstatic.com\/images?q=tbn:ANd9GcQ_A7ypeqVwKW2kGhNeZLhGcPy_Hi1HhaJCVK9wWAp04l-JZm0&amp;t=1&amp;usg=__E6dWn3DQkuXcyY4rChY430dgbWc=\",\"contentUrl\":\"http:\/\/t0.gstatic.com\/images?q=tbn:ANd9GcQ_A7ypeqVwKW2kGhNeZLhGcPy_Hi1HhaJCVK9wWAp04l-JZm0&amp;t=1&amp;usg=__E6dWn3DQkuXcyY4rChY430dgbWc=\"},{\"@type\":\"BreadcrumbList\",\"@id\":\"https:\/\/www.oarcanjo.net\/site\/sao-joao-berchmans\/#breadcrumb\",\"itemListElement\":[{\"@type\":\"ListItem\",\"position\":1,\"name\":\"In\u00edcio\",\"item\":\"https:\/\/www.oarcanjo.net\/site\/\"},{\"@type\":\"ListItem\",\"position\":2,\"name\":\"S\u00e3o Jo\u00e3o Berchmans\"}]},{\"@type\":\"WebSite\",\"@id\":\"https:\/\/www.oarcanjo.net\/site\/#website\",\"url\":\"https:\/\/www.oarcanjo.net\/site\/\",\"name\":\"O Arcanjo no ar\",\"description\":\"Site da Par\u00f3quia S\u00e3o Miguel Arcanjo (Arquidiocese de SP)\",\"publisher\":{\"@id\":\"https:\/\/www.oarcanjo.net\/site\/#organization\"},\"potentialAction\":[{\"@type\":\"SearchAction\",\"target\":{\"@type\":\"EntryPoint\",\"urlTemplate\":\"https:\/\/www.oarcanjo.net\/site\/?s={search_term_string}\"},\"query-input\":{\"@type\":\"PropertyValueSpecification\",\"valueRequired\":true,\"valueName\":\"search_term_string\"}}],\"inLanguage\":\"pt-BR\"},{\"@type\":\"Organization\",\"@id\":\"https:\/\/www.oarcanjo.net\/site\/#organization\",\"name\":\"Par\u00f3quia S\u00e3o Miguel Arcanjo\",\"url\":\"https:\/\/www.oarcanjo.net\/site\/\",\"logo\":{\"@type\":\"ImageObject\",\"inLanguage\":\"pt-BR\",\"@id\":\"https:\/\/www.oarcanjo.net\/site\/#\/schema\/logo\/image\/\",\"url\":\"https:\/\/www.oarcanjo.net\/site\/wp-content\/uploads\/LogoOArcanjo.png\",\"contentUrl\":\"https:\/\/www.oarcanjo.net\/site\/wp-content\/uploads\/LogoOArcanjo.png\",\"width\":319,\"height\":99,\"caption\":\"Par\u00f3quia S\u00e3o Miguel Arcanjo\"},\"image\":{\"@id\":\"https:\/\/www.oarcanjo.net\/site\/#\/schema\/logo\/image\/\"},\"sameAs\":[\"https:\/\/www.facebook.com\/OArcanjoNoAr\/\"]},{\"@type\":\"Person\",\"@id\":\"https:\/\/www.oarcanjo.net\/site\/#\/schema\/person\/5eb9480bedd2f3c97e430ce128c29c6c\",\"name\":\"danilo\"}]}<\/script>\n<!-- \/ Yoast SEO plugin. -->","yoast_head_json":{"title":"S\u00e3o Jo\u00e3o Berchmans - O Arcanjo no ar","robots":{"index":"index","follow":"follow","max-snippet":"max-snippet:-1","max-image-preview":"max-image-preview:large","max-video-preview":"max-video-preview:-1"},"canonical":"https:\/\/www.oarcanjo.net\/site\/sao-joao-berchmans\/","og_locale":"pt_BR","og_type":"article","og_title":"S\u00e3o Jo\u00e3o Berchmans - O Arcanjo no ar","og_description":"13 de Agosto Jo\u00e3o nasceu em 12 de mar\u00e7o 1599, em Diest, uma pequena cidade localizada no Flandre, B\u00e9lgica. O modesto curtidor de peles e sapateiro Carlos Berchmans era seu pai. A sua m\u00e3e era Isabel, uma das filhas do l\u00edder daquele povoado. O casal, muito cat\u00f3lico, esmerou-se na cria\u00e7\u00e3o n\u00e3o s\u00f3 de Jo\u00e3o, mas [&hellip;]","og_url":"https:\/\/www.oarcanjo.net\/site\/sao-joao-berchmans\/","og_site_name":"O Arcanjo no ar","article_publisher":"https:\/\/www.facebook.com\/OArcanjoNoAr\/","article_published_time":"2018-08-13T03:01:30+00:00","article_modified_time":"2018-06-25T11:13:31+00:00","og_image":[{"url":"http:\/\/t0.gstatic.com\/images?q=tbn:ANd9GcQ_A7ypeqVwKW2kGhNeZLhGcPy_Hi1HhaJCVK9wWAp04l-JZm0&amp;t=1&amp;usg=__E6dWn3DQkuXcyY4rChY430dgbWc="}],"author":"danilo","twitter_card":"summary_large_image","twitter_misc":{"Escrito por":"danilo","Est. tempo de leitura":"3 minutos"},"schema":{"@context":"https:\/\/schema.org","@graph":[{"@type":"Article","@id":"https:\/\/www.oarcanjo.net\/site\/sao-joao-berchmans\/#article","isPartOf":{"@id":"https:\/\/www.oarcanjo.net\/site\/sao-joao-berchmans\/"},"author":{"name":"danilo","@id":"https:\/\/www.oarcanjo.net\/site\/#\/schema\/person\/5eb9480bedd2f3c97e430ce128c29c6c"},"headline":"S\u00e3o Jo\u00e3o Berchmans","datePublished":"2018-08-13T03:01:30+00:00","dateModified":"2018-06-25T11:13:31+00:00","mainEntityOfPage":{"@id":"https:\/\/www.oarcanjo.net\/site\/sao-joao-berchmans\/"},"wordCount":525,"commentCount":0,"publisher":{"@id":"https:\/\/www.oarcanjo.net\/site\/#organization"},"image":{"@id":"https:\/\/www.oarcanjo.net\/site\/sao-joao-berchmans\/#primaryimage"},"thumbnailUrl":"http:\/\/t0.gstatic.com\/images?q=tbn:ANd9GcQ_A7ypeqVwKW2kGhNeZLhGcPy_Hi1HhaJCVK9wWAp04l-JZm0&amp;t=1&amp;usg=__E6dWn3DQkuXcyY4rChY430dgbWc=","articleSection":["Testemunhos"],"inLanguage":"pt-BR","potentialAction":[{"@type":"CommentAction","name":"Comment","target":["https:\/\/www.oarcanjo.net\/site\/sao-joao-berchmans\/#respond"]}]},{"@type":"WebPage","@id":"https:\/\/www.oarcanjo.net\/site\/sao-joao-berchmans\/","url":"https:\/\/www.oarcanjo.net\/site\/sao-joao-berchmans\/","name":"S\u00e3o Jo\u00e3o Berchmans - O Arcanjo no ar","isPartOf":{"@id":"https:\/\/www.oarcanjo.net\/site\/#website"},"primaryImageOfPage":{"@id":"https:\/\/www.oarcanjo.net\/site\/sao-joao-berchmans\/#primaryimage"},"image":{"@id":"https:\/\/www.oarcanjo.net\/site\/sao-joao-berchmans\/#primaryimage"},"thumbnailUrl":"http:\/\/t0.gstatic.com\/images?q=tbn:ANd9GcQ_A7ypeqVwKW2kGhNeZLhGcPy_Hi1HhaJCVK9wWAp04l-JZm0&amp;t=1&amp;usg=__E6dWn3DQkuXcyY4rChY430dgbWc=","datePublished":"2018-08-13T03:01:30+00:00","dateModified":"2018-06-25T11:13:31+00:00","breadcrumb":{"@id":"https:\/\/www.oarcanjo.net\/site\/sao-joao-berchmans\/#breadcrumb"},"inLanguage":"pt-BR","potentialAction":[{"@type":"ReadAction","target":["https:\/\/www.oarcanjo.net\/site\/sao-joao-berchmans\/"]}]},{"@type":"ImageObject","inLanguage":"pt-BR","@id":"https:\/\/www.oarcanjo.net\/site\/sao-joao-berchmans\/#primaryimage","url":"http:\/\/t0.gstatic.com\/images?q=tbn:ANd9GcQ_A7ypeqVwKW2kGhNeZLhGcPy_Hi1HhaJCVK9wWAp04l-JZm0&amp;t=1&amp;usg=__E6dWn3DQkuXcyY4rChY430dgbWc=","contentUrl":"http:\/\/t0.gstatic.com\/images?q=tbn:ANd9GcQ_A7ypeqVwKW2kGhNeZLhGcPy_Hi1HhaJCVK9wWAp04l-JZm0&amp;t=1&amp;usg=__E6dWn3DQkuXcyY4rChY430dgbWc="},{"@type":"BreadcrumbList","@id":"https:\/\/www.oarcanjo.net\/site\/sao-joao-berchmans\/#breadcrumb","itemListElement":[{"@type":"ListItem","position":1,"name":"In\u00edcio","item":"https:\/\/www.oarcanjo.net\/site\/"},{"@type":"ListItem","position":2,"name":"S\u00e3o Jo\u00e3o Berchmans"}]},{"@type":"WebSite","@id":"https:\/\/www.oarcanjo.net\/site\/#website","url":"https:\/\/www.oarcanjo.net\/site\/","name":"O Arcanjo no ar","description":"Site da Par\u00f3quia S\u00e3o Miguel Arcanjo (Arquidiocese de SP)","publisher":{"@id":"https:\/\/www.oarcanjo.net\/site\/#organization"},"potentialAction":[{"@type":"SearchAction","target":{"@type":"EntryPoint","urlTemplate":"https:\/\/www.oarcanjo.net\/site\/?s={search_term_string}"},"query-input":{"@type":"PropertyValueSpecification","valueRequired":true,"valueName":"search_term_string"}}],"inLanguage":"pt-BR"},{"@type":"Organization","@id":"https:\/\/www.oarcanjo.net\/site\/#organization","name":"Par\u00f3quia S\u00e3o Miguel Arcanjo","url":"https:\/\/www.oarcanjo.net\/site\/","logo":{"@type":"ImageObject","inLanguage":"pt-BR","@id":"https:\/\/www.oarcanjo.net\/site\/#\/schema\/logo\/image\/","url":"https:\/\/www.oarcanjo.net\/site\/wp-content\/uploads\/LogoOArcanjo.png","contentUrl":"https:\/\/www.oarcanjo.net\/site\/wp-content\/uploads\/LogoOArcanjo.png","width":319,"height":99,"caption":"Par\u00f3quia S\u00e3o Miguel Arcanjo"},"image":{"@id":"https:\/\/www.oarcanjo.net\/site\/#\/schema\/logo\/image\/"},"sameAs":["https:\/\/www.facebook.com\/OArcanjoNoAr\/"]},{"@type":"Person","@id":"https:\/\/www.oarcanjo.net\/site\/#\/schema\/person\/5eb9480bedd2f3c97e430ce128c29c6c","name":"danilo"}]}},"publishpress_future_action":{"enabled":false,"date":"2026-05-08 06:35:43","action":"category","newStatus":"draft","terms":[],"taxonomy":"category"},"publishpress_future_workflow_manual_trigger":{"enabledWorkflows":[]},"_links":{"self":[{"href":"https:\/\/www.oarcanjo.net\/site\/wp-json\/wp\/v2\/posts\/10484"}],"collection":[{"href":"https:\/\/www.oarcanjo.net\/site\/wp-json\/wp\/v2\/posts"}],"about":[{"href":"https:\/\/www.oarcanjo.net\/site\/wp-json\/wp\/v2\/types\/post"}],"author":[{"embeddable":true,"href":"https:\/\/www.oarcanjo.net\/site\/wp-json\/wp\/v2\/users\/14"}],"replies":[{"embeddable":true,"href":"https:\/\/www.oarcanjo.net\/site\/wp-json\/wp\/v2\/comments?post=10484"}],"version-history":[{"count":1,"href":"https:\/\/www.oarcanjo.net\/site\/wp-json\/wp\/v2\/posts\/10484\/revisions"}],"predecessor-version":[{"id":88839,"href":"https:\/\/www.oarcanjo.net\/site\/wp-json\/wp\/v2\/posts\/10484\/revisions\/88839"}],"wp:attachment":[{"href":"https:\/\/www.oarcanjo.net\/site\/wp-json\/wp\/v2\/media?parent=10484"}],"wp:term":[{"taxonomy":"category","embeddable":true,"href":"https:\/\/www.oarcanjo.net\/site\/wp-json\/wp\/v2\/categories?post=10484"},{"taxonomy":"post_tag","embeddable":true,"href":"https:\/\/www.oarcanjo.net\/site\/wp-json\/wp\/v2\/tags?post=10484"}],"curies":[{"name":"wp","href":"https:\/\/api.w.org\/{rel}","templated":true}]}}