
{"id":10486,"date":"2018-08-13T00:02:38","date_gmt":"2018-08-13T03:02:38","guid":{"rendered":"http:\/\/www.oarcanjo.net\/site\/?p=10486"},"modified":"2018-06-25T08:16:09","modified_gmt":"2018-06-25T11:16:09","slug":"sao-ponciano-e-santo-hipolito","status":"publish","type":"post","link":"https:\/\/www.oarcanjo.net\/site\/sao-ponciano-e-santo-hipolito\/","title":{"rendered":"S\u00e3o Ponciano e Santo Hip\u00f3lito"},"content":{"rendered":"<p><img loading=\"lazy\" decoding=\"async\" src=\"http:\/\/4.bp.blogspot.com\/_z-c0Sh5Zlrs\/SKIVtMFXfpI\/AAAAAAAABrw\/2SWZiWOEA9U\/s400\/S%C3%A3o+Ponciano+e+Santo+Hip%C3%B3lito.jpg\" alt=\"\" width=\"150\" height=\"190\" \/><\/p>\n<p>13 de Agosto<\/p>\n<p>Para o mundo profano este dia representa um instante negativo, mas os crist\u00e3os sabem que n\u00e3o \u00e9 verdade. Tanto que este dia lembra um momento hist\u00f3rico muito positivo para o cristianismo, protagonizado pelo gesto humilde e solid\u00e1rio de Ponciano e Hip\u00f3lito, papa e sacerdote, que viveram em Roma no s\u00e9culo III.<\/p>\n<p>Tudo come\u00e7ou sob o governo do imperador Alexandre Severo, que, condescendente, aceitou a diversidade religiosa, n\u00e3o perseguiu os crist\u00e3os e permitiu que a Igreja se reorganizasse. Durante essa tr\u00e9gua externa, a batalha foi travada internamente, no meio do clero cat\u00f3lico, ocasionando a primeira ruptura na Igreja de Roma, que contrap\u00f4s ao leg\u00edtimo pont\u00edfice um antipapa, no caso o pr\u00f3prio Hip\u00f3lito.<\/p>\n<p>Hip\u00f3lito era um sacerdote culto, austero, pouco tolerante e indulgente, sempre enxergando, ou mesmo temendo, que cada reforma pudesse violar a verdadeira doutrina crist\u00e3. Por esse extremado cuidado acusou de heresia o papa s\u00e3o Zeferino e o di\u00e1cono Calisto. Seu \u00edmpeto de guardi\u00e3o culminou quando este \u00faltimo foi eleito papa em 217. Hip\u00f3lito rebelou-se e acabou sendo indevidamente eleito papa pelos bispos seus partid\u00e1rios.<\/p>\n<p>Esse cisma manteve-se na Igreja at\u00e9 mesmo nos pontificados de Ubaldo I e Ponciano, que foi eleito em 230. Na ocasi\u00e3o, morrera em combate o imperador Alexandre Severo, sendo sucedido por Maximino, tirano que retomou a persegui\u00e7\u00e3o aos crist\u00e3os. E come\u00e7ou de forma singular: deparando-se com a exist\u00eancia de dois papas, deportou ambos, condenando-os a trabalhos for\u00e7ados numa mina de pedras da Sardenha.<\/p>\n<p>Ponciano foi o primeiro papa a ser deportado. Era um fato novo para a Igreja, que ele administrou com sabedoria, sagacidade e muita humildade. Para que seu rebanho n\u00e3o ficasse sem pastor, renunciou ao trono de Pedro, tornando-se, tamb\u00e9m, o primeiro papa da Igreja a usar este recurso extremo. Foi sucedido pelo papa Antero, de origem grega, que exerceu a fun\u00e7\u00e3o por apenas quarenta dias.<\/p>\n<p>Todavia seu gesto comoveu Hip\u00f3lito, que percebeu o sincero zelo apost\u00f3lico de Ponciano. Por isso tamb\u00e9m renunciou ao seu posto, interrompendo o prolongado cisma e reconciliando-se com a Igreja de Roma, antes de morrer, em 235, mesmo ano da morte de Ponciano.<\/p>\n<p>O cristianismo s\u00f3 se beneficiou porque Hip\u00f3lito tornou-se o mais importante fil\u00f3sofo crist\u00e3o do final do s\u00e9culo III. As suas obras mais conhecidas s\u00e3o &#8220;Teorias filos\u00f3ficas&#8221;, o &#8220;Livro de Daniel&#8221; e &#8220;A tradi\u00e7\u00e3o apost\u00f3lica&#8221;, que aborda temas importantes, como rito, disciplina e costumes crist\u00e3os da \u00e9poca. Papa Ponciano, por sua vez, instituiu o canto dos salmos, a reza do &#8220;confiteor Deo&#8221; antes de morrer e o uso do &#8220;Dominus vobiscum&#8221;. E, o fundamental: p\u00f4s fim \u00e0 heresia de Hip\u00f3lito.<\/p>\n<p>Os corpos desses dois m\u00e1rtires foram trasladados para Roma no dia 13 de agosto de 354, onde, com grande honra, foram sepultados. Santo Hip\u00f3lito no cemit\u00e9rio da via Tiburtina e o papa s\u00e3o Ponciano nas catacumbas de s\u00e3o Calisto. A festa lit\u00fargica foi mantida neste dia para a venera\u00e7\u00e3o de ambos.<\/p>\n<div id=\"themify_builder_content-10486\" data-postid=\"10486\" class=\"themify_builder_content themify_builder_content-10486 themify_builder themify_builder_front\">\n\t<\/div>\n<!-- \/themify_builder_content -->","protected":false},"excerpt":{"rendered":"<p>13 de Agosto Para o mundo profano este dia representa um instante negativo, mas os crist\u00e3os sabem que n\u00e3o \u00e9 verdade. Tanto que este dia lembra um momento hist\u00f3rico muito positivo para o cristianismo, protagonizado pelo gesto humilde e solid\u00e1rio de Ponciano e Hip\u00f3lito, papa e sacerdote, que viveram em Roma no s\u00e9culo III. Tudo [&hellip;]<\/p>\n","protected":false},"author":14,"featured_media":0,"comment_status":"open","ping_status":"open","sticky":false,"template":"","format":"standard","meta":{"ngg_post_thumbnail":0,"footnotes":""},"categories":[186],"tags":[],"yoast_head":"<!-- This site is optimized with the Yoast SEO plugin v23.5 - https:\/\/yoast.com\/wordpress\/plugins\/seo\/ -->\n<title>S\u00e3o Ponciano e Santo Hip\u00f3lito - O Arcanjo no ar<\/title>\n<meta name=\"robots\" content=\"index, follow, max-snippet:-1, max-image-preview:large, max-video-preview:-1\" \/>\n<link rel=\"canonical\" href=\"https:\/\/www.oarcanjo.net\/site\/sao-ponciano-e-santo-hipolito\/\" \/>\n<meta property=\"og:locale\" content=\"pt_BR\" \/>\n<meta property=\"og:type\" content=\"article\" \/>\n<meta property=\"og:title\" content=\"S\u00e3o Ponciano e Santo Hip\u00f3lito - O Arcanjo no ar\" \/>\n<meta property=\"og:description\" content=\"13 de Agosto Para o mundo profano este dia representa um instante negativo, mas os crist\u00e3os sabem que n\u00e3o \u00e9 verdade. Tanto que este dia lembra um momento hist\u00f3rico muito positivo para o cristianismo, protagonizado pelo gesto humilde e solid\u00e1rio de Ponciano e Hip\u00f3lito, papa e sacerdote, que viveram em Roma no s\u00e9culo III. Tudo [&hellip;]\" \/>\n<meta property=\"og:url\" content=\"https:\/\/www.oarcanjo.net\/site\/sao-ponciano-e-santo-hipolito\/\" \/>\n<meta property=\"og:site_name\" content=\"O Arcanjo no ar\" \/>\n<meta property=\"article:publisher\" content=\"https:\/\/www.facebook.com\/OArcanjoNoAr\/\" \/>\n<meta property=\"article:published_time\" content=\"2018-08-13T03:02:38+00:00\" \/>\n<meta property=\"article:modified_time\" content=\"2018-06-25T11:16:09+00:00\" \/>\n<meta property=\"og:image\" content=\"http:\/\/4.bp.blogspot.com\/_z-c0Sh5Zlrs\/SKIVtMFXfpI\/AAAAAAAABrw\/2SWZiWOEA9U\/s400\/S%C3%A3o+Ponciano+e+Santo+Hip%C3%B3lito.jpg\" \/>\n<meta name=\"author\" content=\"danilo\" \/>\n<meta name=\"twitter:card\" content=\"summary_large_image\" \/>\n<meta name=\"twitter:label1\" content=\"Escrito por\" \/>\n\t<meta name=\"twitter:data1\" content=\"danilo\" \/>\n\t<meta name=\"twitter:label2\" content=\"Est. tempo de leitura\" \/>\n\t<meta name=\"twitter:data2\" content=\"3 minutos\" \/>\n<script type=\"application\/ld+json\" class=\"yoast-schema-graph\">{\"@context\":\"https:\/\/schema.org\",\"@graph\":[{\"@type\":\"Article\",\"@id\":\"https:\/\/www.oarcanjo.net\/site\/sao-ponciano-e-santo-hipolito\/#article\",\"isPartOf\":{\"@id\":\"https:\/\/www.oarcanjo.net\/site\/sao-ponciano-e-santo-hipolito\/\"},\"author\":{\"name\":\"danilo\",\"@id\":\"https:\/\/www.oarcanjo.net\/site\/#\/schema\/person\/5eb9480bedd2f3c97e430ce128c29c6c\"},\"headline\":\"S\u00e3o Ponciano e Santo Hip\u00f3lito\",\"datePublished\":\"2018-08-13T03:02:38+00:00\",\"dateModified\":\"2018-06-25T11:16:09+00:00\",\"mainEntityOfPage\":{\"@id\":\"https:\/\/www.oarcanjo.net\/site\/sao-ponciano-e-santo-hipolito\/\"},\"wordCount\":529,\"commentCount\":0,\"publisher\":{\"@id\":\"https:\/\/www.oarcanjo.net\/site\/#organization\"},\"image\":{\"@id\":\"https:\/\/www.oarcanjo.net\/site\/sao-ponciano-e-santo-hipolito\/#primaryimage\"},\"thumbnailUrl\":\"http:\/\/4.bp.blogspot.com\/_z-c0Sh5Zlrs\/SKIVtMFXfpI\/AAAAAAAABrw\/2SWZiWOEA9U\/s400\/S%C3%A3o+Ponciano+e+Santo+Hip%C3%B3lito.jpg\",\"articleSection\":[\"Testemunhos\"],\"inLanguage\":\"pt-BR\",\"potentialAction\":[{\"@type\":\"CommentAction\",\"name\":\"Comment\",\"target\":[\"https:\/\/www.oarcanjo.net\/site\/sao-ponciano-e-santo-hipolito\/#respond\"]}]},{\"@type\":\"WebPage\",\"@id\":\"https:\/\/www.oarcanjo.net\/site\/sao-ponciano-e-santo-hipolito\/\",\"url\":\"https:\/\/www.oarcanjo.net\/site\/sao-ponciano-e-santo-hipolito\/\",\"name\":\"S\u00e3o Ponciano e Santo Hip\u00f3lito - O Arcanjo no ar\",\"isPartOf\":{\"@id\":\"https:\/\/www.oarcanjo.net\/site\/#website\"},\"primaryImageOfPage\":{\"@id\":\"https:\/\/www.oarcanjo.net\/site\/sao-ponciano-e-santo-hipolito\/#primaryimage\"},\"image\":{\"@id\":\"https:\/\/www.oarcanjo.net\/site\/sao-ponciano-e-santo-hipolito\/#primaryimage\"},\"thumbnailUrl\":\"http:\/\/4.bp.blogspot.com\/_z-c0Sh5Zlrs\/SKIVtMFXfpI\/AAAAAAAABrw\/2SWZiWOEA9U\/s400\/S%C3%A3o+Ponciano+e+Santo+Hip%C3%B3lito.jpg\",\"datePublished\":\"2018-08-13T03:02:38+00:00\",\"dateModified\":\"2018-06-25T11:16:09+00:00\",\"breadcrumb\":{\"@id\":\"https:\/\/www.oarcanjo.net\/site\/sao-ponciano-e-santo-hipolito\/#breadcrumb\"},\"inLanguage\":\"pt-BR\",\"potentialAction\":[{\"@type\":\"ReadAction\",\"target\":[\"https:\/\/www.oarcanjo.net\/site\/sao-ponciano-e-santo-hipolito\/\"]}]},{\"@type\":\"ImageObject\",\"inLanguage\":\"pt-BR\",\"@id\":\"https:\/\/www.oarcanjo.net\/site\/sao-ponciano-e-santo-hipolito\/#primaryimage\",\"url\":\"http:\/\/4.bp.blogspot.com\/_z-c0Sh5Zlrs\/SKIVtMFXfpI\/AAAAAAAABrw\/2SWZiWOEA9U\/s400\/S%C3%A3o+Ponciano+e+Santo+Hip%C3%B3lito.jpg\",\"contentUrl\":\"http:\/\/4.bp.blogspot.com\/_z-c0Sh5Zlrs\/SKIVtMFXfpI\/AAAAAAAABrw\/2SWZiWOEA9U\/s400\/S%C3%A3o+Ponciano+e+Santo+Hip%C3%B3lito.jpg\"},{\"@type\":\"BreadcrumbList\",\"@id\":\"https:\/\/www.oarcanjo.net\/site\/sao-ponciano-e-santo-hipolito\/#breadcrumb\",\"itemListElement\":[{\"@type\":\"ListItem\",\"position\":1,\"name\":\"In\u00edcio\",\"item\":\"https:\/\/www.oarcanjo.net\/site\/\"},{\"@type\":\"ListItem\",\"position\":2,\"name\":\"S\u00e3o Ponciano e Santo Hip\u00f3lito\"}]},{\"@type\":\"WebSite\",\"@id\":\"https:\/\/www.oarcanjo.net\/site\/#website\",\"url\":\"https:\/\/www.oarcanjo.net\/site\/\",\"name\":\"O Arcanjo no ar\",\"description\":\"Site da Par\u00f3quia S\u00e3o Miguel Arcanjo (Arquidiocese de SP)\",\"publisher\":{\"@id\":\"https:\/\/www.oarcanjo.net\/site\/#organization\"},\"potentialAction\":[{\"@type\":\"SearchAction\",\"target\":{\"@type\":\"EntryPoint\",\"urlTemplate\":\"https:\/\/www.oarcanjo.net\/site\/?s={search_term_string}\"},\"query-input\":{\"@type\":\"PropertyValueSpecification\",\"valueRequired\":true,\"valueName\":\"search_term_string\"}}],\"inLanguage\":\"pt-BR\"},{\"@type\":\"Organization\",\"@id\":\"https:\/\/www.oarcanjo.net\/site\/#organization\",\"name\":\"Par\u00f3quia S\u00e3o Miguel Arcanjo\",\"url\":\"https:\/\/www.oarcanjo.net\/site\/\",\"logo\":{\"@type\":\"ImageObject\",\"inLanguage\":\"pt-BR\",\"@id\":\"https:\/\/www.oarcanjo.net\/site\/#\/schema\/logo\/image\/\",\"url\":\"https:\/\/www.oarcanjo.net\/site\/wp-content\/uploads\/LogoOArcanjo.png\",\"contentUrl\":\"https:\/\/www.oarcanjo.net\/site\/wp-content\/uploads\/LogoOArcanjo.png\",\"width\":319,\"height\":99,\"caption\":\"Par\u00f3quia S\u00e3o Miguel Arcanjo\"},\"image\":{\"@id\":\"https:\/\/www.oarcanjo.net\/site\/#\/schema\/logo\/image\/\"},\"sameAs\":[\"https:\/\/www.facebook.com\/OArcanjoNoAr\/\"]},{\"@type\":\"Person\",\"@id\":\"https:\/\/www.oarcanjo.net\/site\/#\/schema\/person\/5eb9480bedd2f3c97e430ce128c29c6c\",\"name\":\"danilo\"}]}<\/script>\n<!-- \/ Yoast SEO plugin. -->","yoast_head_json":{"title":"S\u00e3o Ponciano e Santo Hip\u00f3lito - O Arcanjo no ar","robots":{"index":"index","follow":"follow","max-snippet":"max-snippet:-1","max-image-preview":"max-image-preview:large","max-video-preview":"max-video-preview:-1"},"canonical":"https:\/\/www.oarcanjo.net\/site\/sao-ponciano-e-santo-hipolito\/","og_locale":"pt_BR","og_type":"article","og_title":"S\u00e3o Ponciano e Santo Hip\u00f3lito - O Arcanjo no ar","og_description":"13 de Agosto Para o mundo profano este dia representa um instante negativo, mas os crist\u00e3os sabem que n\u00e3o \u00e9 verdade. Tanto que este dia lembra um momento hist\u00f3rico muito positivo para o cristianismo, protagonizado pelo gesto humilde e solid\u00e1rio de Ponciano e Hip\u00f3lito, papa e sacerdote, que viveram em Roma no s\u00e9culo III. Tudo [&hellip;]","og_url":"https:\/\/www.oarcanjo.net\/site\/sao-ponciano-e-santo-hipolito\/","og_site_name":"O Arcanjo no ar","article_publisher":"https:\/\/www.facebook.com\/OArcanjoNoAr\/","article_published_time":"2018-08-13T03:02:38+00:00","article_modified_time":"2018-06-25T11:16:09+00:00","og_image":[{"url":"http:\/\/4.bp.blogspot.com\/_z-c0Sh5Zlrs\/SKIVtMFXfpI\/AAAAAAAABrw\/2SWZiWOEA9U\/s400\/S%C3%A3o+Ponciano+e+Santo+Hip%C3%B3lito.jpg"}],"author":"danilo","twitter_card":"summary_large_image","twitter_misc":{"Escrito por":"danilo","Est. tempo de leitura":"3 minutos"},"schema":{"@context":"https:\/\/schema.org","@graph":[{"@type":"Article","@id":"https:\/\/www.oarcanjo.net\/site\/sao-ponciano-e-santo-hipolito\/#article","isPartOf":{"@id":"https:\/\/www.oarcanjo.net\/site\/sao-ponciano-e-santo-hipolito\/"},"author":{"name":"danilo","@id":"https:\/\/www.oarcanjo.net\/site\/#\/schema\/person\/5eb9480bedd2f3c97e430ce128c29c6c"},"headline":"S\u00e3o Ponciano e Santo Hip\u00f3lito","datePublished":"2018-08-13T03:02:38+00:00","dateModified":"2018-06-25T11:16:09+00:00","mainEntityOfPage":{"@id":"https:\/\/www.oarcanjo.net\/site\/sao-ponciano-e-santo-hipolito\/"},"wordCount":529,"commentCount":0,"publisher":{"@id":"https:\/\/www.oarcanjo.net\/site\/#organization"},"image":{"@id":"https:\/\/www.oarcanjo.net\/site\/sao-ponciano-e-santo-hipolito\/#primaryimage"},"thumbnailUrl":"http:\/\/4.bp.blogspot.com\/_z-c0Sh5Zlrs\/SKIVtMFXfpI\/AAAAAAAABrw\/2SWZiWOEA9U\/s400\/S%C3%A3o+Ponciano+e+Santo+Hip%C3%B3lito.jpg","articleSection":["Testemunhos"],"inLanguage":"pt-BR","potentialAction":[{"@type":"CommentAction","name":"Comment","target":["https:\/\/www.oarcanjo.net\/site\/sao-ponciano-e-santo-hipolito\/#respond"]}]},{"@type":"WebPage","@id":"https:\/\/www.oarcanjo.net\/site\/sao-ponciano-e-santo-hipolito\/","url":"https:\/\/www.oarcanjo.net\/site\/sao-ponciano-e-santo-hipolito\/","name":"S\u00e3o Ponciano e Santo Hip\u00f3lito - O Arcanjo no ar","isPartOf":{"@id":"https:\/\/www.oarcanjo.net\/site\/#website"},"primaryImageOfPage":{"@id":"https:\/\/www.oarcanjo.net\/site\/sao-ponciano-e-santo-hipolito\/#primaryimage"},"image":{"@id":"https:\/\/www.oarcanjo.net\/site\/sao-ponciano-e-santo-hipolito\/#primaryimage"},"thumbnailUrl":"http:\/\/4.bp.blogspot.com\/_z-c0Sh5Zlrs\/SKIVtMFXfpI\/AAAAAAAABrw\/2SWZiWOEA9U\/s400\/S%C3%A3o+Ponciano+e+Santo+Hip%C3%B3lito.jpg","datePublished":"2018-08-13T03:02:38+00:00","dateModified":"2018-06-25T11:16:09+00:00","breadcrumb":{"@id":"https:\/\/www.oarcanjo.net\/site\/sao-ponciano-e-santo-hipolito\/#breadcrumb"},"inLanguage":"pt-BR","potentialAction":[{"@type":"ReadAction","target":["https:\/\/www.oarcanjo.net\/site\/sao-ponciano-e-santo-hipolito\/"]}]},{"@type":"ImageObject","inLanguage":"pt-BR","@id":"https:\/\/www.oarcanjo.net\/site\/sao-ponciano-e-santo-hipolito\/#primaryimage","url":"http:\/\/4.bp.blogspot.com\/_z-c0Sh5Zlrs\/SKIVtMFXfpI\/AAAAAAAABrw\/2SWZiWOEA9U\/s400\/S%C3%A3o+Ponciano+e+Santo+Hip%C3%B3lito.jpg","contentUrl":"http:\/\/4.bp.blogspot.com\/_z-c0Sh5Zlrs\/SKIVtMFXfpI\/AAAAAAAABrw\/2SWZiWOEA9U\/s400\/S%C3%A3o+Ponciano+e+Santo+Hip%C3%B3lito.jpg"},{"@type":"BreadcrumbList","@id":"https:\/\/www.oarcanjo.net\/site\/sao-ponciano-e-santo-hipolito\/#breadcrumb","itemListElement":[{"@type":"ListItem","position":1,"name":"In\u00edcio","item":"https:\/\/www.oarcanjo.net\/site\/"},{"@type":"ListItem","position":2,"name":"S\u00e3o Ponciano e Santo Hip\u00f3lito"}]},{"@type":"WebSite","@id":"https:\/\/www.oarcanjo.net\/site\/#website","url":"https:\/\/www.oarcanjo.net\/site\/","name":"O Arcanjo no ar","description":"Site da Par\u00f3quia S\u00e3o Miguel Arcanjo (Arquidiocese de SP)","publisher":{"@id":"https:\/\/www.oarcanjo.net\/site\/#organization"},"potentialAction":[{"@type":"SearchAction","target":{"@type":"EntryPoint","urlTemplate":"https:\/\/www.oarcanjo.net\/site\/?s={search_term_string}"},"query-input":{"@type":"PropertyValueSpecification","valueRequired":true,"valueName":"search_term_string"}}],"inLanguage":"pt-BR"},{"@type":"Organization","@id":"https:\/\/www.oarcanjo.net\/site\/#organization","name":"Par\u00f3quia S\u00e3o Miguel Arcanjo","url":"https:\/\/www.oarcanjo.net\/site\/","logo":{"@type":"ImageObject","inLanguage":"pt-BR","@id":"https:\/\/www.oarcanjo.net\/site\/#\/schema\/logo\/image\/","url":"https:\/\/www.oarcanjo.net\/site\/wp-content\/uploads\/LogoOArcanjo.png","contentUrl":"https:\/\/www.oarcanjo.net\/site\/wp-content\/uploads\/LogoOArcanjo.png","width":319,"height":99,"caption":"Par\u00f3quia S\u00e3o Miguel Arcanjo"},"image":{"@id":"https:\/\/www.oarcanjo.net\/site\/#\/schema\/logo\/image\/"},"sameAs":["https:\/\/www.facebook.com\/OArcanjoNoAr\/"]},{"@type":"Person","@id":"https:\/\/www.oarcanjo.net\/site\/#\/schema\/person\/5eb9480bedd2f3c97e430ce128c29c6c","name":"danilo"}]}},"publishpress_future_action":{"enabled":false,"date":"2026-05-08 06:35:08","action":"category","newStatus":"draft","terms":[],"taxonomy":"category"},"publishpress_future_workflow_manual_trigger":{"enabledWorkflows":[]},"_links":{"self":[{"href":"https:\/\/www.oarcanjo.net\/site\/wp-json\/wp\/v2\/posts\/10486"}],"collection":[{"href":"https:\/\/www.oarcanjo.net\/site\/wp-json\/wp\/v2\/posts"}],"about":[{"href":"https:\/\/www.oarcanjo.net\/site\/wp-json\/wp\/v2\/types\/post"}],"author":[{"embeddable":true,"href":"https:\/\/www.oarcanjo.net\/site\/wp-json\/wp\/v2\/users\/14"}],"replies":[{"embeddable":true,"href":"https:\/\/www.oarcanjo.net\/site\/wp-json\/wp\/v2\/comments?post=10486"}],"version-history":[{"count":1,"href":"https:\/\/www.oarcanjo.net\/site\/wp-json\/wp\/v2\/posts\/10486\/revisions"}],"predecessor-version":[{"id":88860,"href":"https:\/\/www.oarcanjo.net\/site\/wp-json\/wp\/v2\/posts\/10486\/revisions\/88860"}],"wp:attachment":[{"href":"https:\/\/www.oarcanjo.net\/site\/wp-json\/wp\/v2\/media?parent=10486"}],"wp:term":[{"taxonomy":"category","embeddable":true,"href":"https:\/\/www.oarcanjo.net\/site\/wp-json\/wp\/v2\/categories?post=10486"},{"taxonomy":"post_tag","embeddable":true,"href":"https:\/\/www.oarcanjo.net\/site\/wp-json\/wp\/v2\/tags?post=10486"}],"curies":[{"name":"wp","href":"https:\/\/api.w.org\/{rel}","templated":true}]}}