
{"id":10488,"date":"2018-08-13T00:04:08","date_gmt":"2018-08-13T03:04:08","guid":{"rendered":"http:\/\/www.oarcanjo.net\/site\/?p=10488"},"modified":"2018-06-25T08:16:13","modified_gmt":"2018-06-25T11:16:13","slug":"bem-aventurado-jacob-gapp","status":"publish","type":"post","link":"https:\/\/www.oarcanjo.net\/site\/bem-aventurado-jacob-gapp\/","title":{"rendered":"Bem Aventurado Jacob Gapp"},"content":{"rendered":"<p><img loading=\"lazy\" decoding=\"async\" src=\"http:\/\/t3.gstatic.com\/images?q=tbn:3a2DWxR90faafM:http:\/\/img213.imageshack.us\/img213\/3526\/jakobgappvx3.jpg&amp;t=1\" alt=\"\" width=\"188\" height=\"268\" \/><\/p>\n<p>13 de Agosto<\/p>\n<p>Jacob Gapp nasceu em Wattens, na regi\u00e3o do Tirol, na \u00c1ustria, em 26 de julho de 1897. Foi volunt\u00e1rio na Primeira Guerra Mundial, transcorrida de 1914 a 1918, caindo prisioneiro das tropas italianas ao final do conflito. No ano seguinte, estando em liberdade, voltou a ser volunt\u00e1rio, mas dessa vez numa congrega\u00e7\u00e3o religiosa: a Sociedade de Maria.<\/p>\n<p>Essa Ordem, fundada pelo franc\u00eas padre Guilherme Chaminade, tinha por objetivo a educa\u00e7\u00e3o da juventude e espalhou-se por v\u00e1rios pa\u00edses, inclusive a \u00c1ustria. Os integrantes eram chamados marianistas, que depois tornaram-se conhecidos em todo o mundo e o seu fundador foi canonizado pela Igreja.<\/p>\n<p>Jacob iniciou o seu noviciado em 1920 e foi estudar na Fran\u00e7a e na Su\u00ed\u00e7a. Dez anos depois, j\u00e1 sacerdote consagrado, voltou para sua terra natal. Em 1933, Adolf Hitler chegou ao poder na Alemanha, instaurando um Estado totalit\u00e1rio, inspirado na superioridade da &#8220;ra\u00e7a ariana&#8221;. O seu violento expansionismo acabou atingindo a \u00c1ustria, em 1938, onde a popula\u00e7\u00e3o, amedrontada e amea\u00e7ada, passou a denunciar e entregar todos os judeus e antinazistas, numa tentativa desesperada de evitar a repres\u00e1lia do cruel ex\u00e9rcito alem\u00e3o.<\/p>\n<p>Jacob Gapp era um desses antinazistas convictos e poderia ser preso a qualquer momento. Mas isso n\u00e3o o intimidava. Tinha uma radical avers\u00e3o \u00e0 vis\u00e3o racista, tamb\u00e9m condenada pelo papa Pio XI por meio da famosa enc\u00edclica &#8220;Mit Brennender Sorge&#8221; de 1937. Jacob pregava, abertamente, que o cristianismo e o nazismo eram incompat\u00edveis, n\u00e3o havendo a menor possibilidade de entendimento entre os dois.<\/p>\n<p>Perseguido pela Gestapo, a ag\u00eancia de espionagem nazista, Jacob fugiu da \u00c1ustria, passando pela Fran\u00e7a e fixando-se na Espanha, em uma comunidade marianista de Val\u00eancia. Por\u00e9m os implac\u00e1veis espi\u00f5es nazistas perseguiram-no at\u00e9 l\u00e1, sendo preso e deportado para Berlim.<\/p>\n<p>Na capital alem\u00e3, Jacob enfrentou sete longos meses de c\u00e1rcere. Mas seu julgamento, que n\u00e3o durou mais de duas horas, culminou com sua condena\u00e7\u00e3o \u00e0 morte. Em 13 de agosto de 1943, na penitenci\u00e1ria de Ploetzansee, Jacob Gapp foi decapitado.<\/p>\n<p>Poucas horas antes da execu\u00e7\u00e3o, escreveu cartas animadoras a seus familiares e superiores: &#8220;Considero este dia como o mais belo de minha vida. Atravessei duras provas, mas agora estou feliz&#8221;. O papa Jo\u00e3o Paulo II proclamou bem-aventurado Jacob Gapp em 1996, designando o dia de sua morte para o seu culto.<\/p>\n<div id=\"themify_builder_content-10488\" data-postid=\"10488\" class=\"themify_builder_content themify_builder_content-10488 themify_builder themify_builder_front\">\n\t<\/div>\n<!-- \/themify_builder_content -->","protected":false},"excerpt":{"rendered":"<p>13 de Agosto Jacob Gapp nasceu em Wattens, na regi\u00e3o do Tirol, na \u00c1ustria, em 26 de julho de 1897. Foi volunt\u00e1rio na Primeira Guerra Mundial, transcorrida de 1914 a 1918, caindo prisioneiro das tropas italianas ao final do conflito. No ano seguinte, estando em liberdade, voltou a ser volunt\u00e1rio, mas dessa vez numa congrega\u00e7\u00e3o [&hellip;]<\/p>\n","protected":false},"author":14,"featured_media":0,"comment_status":"open","ping_status":"open","sticky":false,"template":"","format":"standard","meta":{"ngg_post_thumbnail":0,"footnotes":""},"categories":[186],"tags":[],"yoast_head":"<!-- This site is optimized with the Yoast SEO plugin v23.5 - https:\/\/yoast.com\/wordpress\/plugins\/seo\/ -->\n<title>Bem Aventurado Jacob Gapp - O Arcanjo no ar<\/title>\n<meta name=\"robots\" content=\"index, follow, max-snippet:-1, max-image-preview:large, max-video-preview:-1\" \/>\n<link rel=\"canonical\" href=\"https:\/\/www.oarcanjo.net\/site\/bem-aventurado-jacob-gapp\/\" \/>\n<meta property=\"og:locale\" content=\"pt_BR\" \/>\n<meta property=\"og:type\" content=\"article\" \/>\n<meta property=\"og:title\" content=\"Bem Aventurado Jacob Gapp - O Arcanjo no ar\" \/>\n<meta property=\"og:description\" content=\"13 de Agosto Jacob Gapp nasceu em Wattens, na regi\u00e3o do Tirol, na \u00c1ustria, em 26 de julho de 1897. Foi volunt\u00e1rio na Primeira Guerra Mundial, transcorrida de 1914 a 1918, caindo prisioneiro das tropas italianas ao final do conflito. No ano seguinte, estando em liberdade, voltou a ser volunt\u00e1rio, mas dessa vez numa congrega\u00e7\u00e3o [&hellip;]\" \/>\n<meta property=\"og:url\" content=\"https:\/\/www.oarcanjo.net\/site\/bem-aventurado-jacob-gapp\/\" \/>\n<meta property=\"og:site_name\" content=\"O Arcanjo no ar\" \/>\n<meta property=\"article:publisher\" content=\"https:\/\/www.facebook.com\/OArcanjoNoAr\/\" \/>\n<meta property=\"article:published_time\" content=\"2018-08-13T03:04:08+00:00\" \/>\n<meta property=\"article:modified_time\" content=\"2018-06-25T11:16:13+00:00\" \/>\n<meta property=\"og:image\" content=\"http:\/\/t3.gstatic.com\/images?q=tbn:3a2DWxR90faafM:http:\/\/img213.imageshack.us\/img213\/3526\/jakobgappvx3.jpg&amp;t=1\" \/>\n<meta name=\"author\" content=\"danilo\" \/>\n<meta name=\"twitter:card\" content=\"summary_large_image\" \/>\n<meta name=\"twitter:label1\" content=\"Escrito por\" \/>\n\t<meta name=\"twitter:data1\" content=\"danilo\" \/>\n\t<meta name=\"twitter:label2\" content=\"Est. tempo de leitura\" \/>\n\t<meta name=\"twitter:data2\" content=\"2 minutos\" \/>\n<script type=\"application\/ld+json\" class=\"yoast-schema-graph\">{\"@context\":\"https:\/\/schema.org\",\"@graph\":[{\"@type\":\"Article\",\"@id\":\"https:\/\/www.oarcanjo.net\/site\/bem-aventurado-jacob-gapp\/#article\",\"isPartOf\":{\"@id\":\"https:\/\/www.oarcanjo.net\/site\/bem-aventurado-jacob-gapp\/\"},\"author\":{\"name\":\"danilo\",\"@id\":\"https:\/\/www.oarcanjo.net\/site\/#\/schema\/person\/5eb9480bedd2f3c97e430ce128c29c6c\"},\"headline\":\"Bem Aventurado Jacob Gapp\",\"datePublished\":\"2018-08-13T03:04:08+00:00\",\"dateModified\":\"2018-06-25T11:16:13+00:00\",\"mainEntityOfPage\":{\"@id\":\"https:\/\/www.oarcanjo.net\/site\/bem-aventurado-jacob-gapp\/\"},\"wordCount\":405,\"commentCount\":0,\"publisher\":{\"@id\":\"https:\/\/www.oarcanjo.net\/site\/#organization\"},\"image\":{\"@id\":\"https:\/\/www.oarcanjo.net\/site\/bem-aventurado-jacob-gapp\/#primaryimage\"},\"thumbnailUrl\":\"http:\/\/t3.gstatic.com\/images?q=tbn:3a2DWxR90faafM:http:\/\/img213.imageshack.us\/img213\/3526\/jakobgappvx3.jpg&amp;t=1\",\"articleSection\":[\"Testemunhos\"],\"inLanguage\":\"pt-BR\",\"potentialAction\":[{\"@type\":\"CommentAction\",\"name\":\"Comment\",\"target\":[\"https:\/\/www.oarcanjo.net\/site\/bem-aventurado-jacob-gapp\/#respond\"]}]},{\"@type\":\"WebPage\",\"@id\":\"https:\/\/www.oarcanjo.net\/site\/bem-aventurado-jacob-gapp\/\",\"url\":\"https:\/\/www.oarcanjo.net\/site\/bem-aventurado-jacob-gapp\/\",\"name\":\"Bem Aventurado Jacob Gapp - O Arcanjo no ar\",\"isPartOf\":{\"@id\":\"https:\/\/www.oarcanjo.net\/site\/#website\"},\"primaryImageOfPage\":{\"@id\":\"https:\/\/www.oarcanjo.net\/site\/bem-aventurado-jacob-gapp\/#primaryimage\"},\"image\":{\"@id\":\"https:\/\/www.oarcanjo.net\/site\/bem-aventurado-jacob-gapp\/#primaryimage\"},\"thumbnailUrl\":\"http:\/\/t3.gstatic.com\/images?q=tbn:3a2DWxR90faafM:http:\/\/img213.imageshack.us\/img213\/3526\/jakobgappvx3.jpg&amp;t=1\",\"datePublished\":\"2018-08-13T03:04:08+00:00\",\"dateModified\":\"2018-06-25T11:16:13+00:00\",\"breadcrumb\":{\"@id\":\"https:\/\/www.oarcanjo.net\/site\/bem-aventurado-jacob-gapp\/#breadcrumb\"},\"inLanguage\":\"pt-BR\",\"potentialAction\":[{\"@type\":\"ReadAction\",\"target\":[\"https:\/\/www.oarcanjo.net\/site\/bem-aventurado-jacob-gapp\/\"]}]},{\"@type\":\"ImageObject\",\"inLanguage\":\"pt-BR\",\"@id\":\"https:\/\/www.oarcanjo.net\/site\/bem-aventurado-jacob-gapp\/#primaryimage\",\"url\":\"http:\/\/t3.gstatic.com\/images?q=tbn:3a2DWxR90faafM:http:\/\/img213.imageshack.us\/img213\/3526\/jakobgappvx3.jpg&amp;t=1\",\"contentUrl\":\"http:\/\/t3.gstatic.com\/images?q=tbn:3a2DWxR90faafM:http:\/\/img213.imageshack.us\/img213\/3526\/jakobgappvx3.jpg&amp;t=1\"},{\"@type\":\"BreadcrumbList\",\"@id\":\"https:\/\/www.oarcanjo.net\/site\/bem-aventurado-jacob-gapp\/#breadcrumb\",\"itemListElement\":[{\"@type\":\"ListItem\",\"position\":1,\"name\":\"In\u00edcio\",\"item\":\"https:\/\/www.oarcanjo.net\/site\/\"},{\"@type\":\"ListItem\",\"position\":2,\"name\":\"Bem Aventurado Jacob Gapp\"}]},{\"@type\":\"WebSite\",\"@id\":\"https:\/\/www.oarcanjo.net\/site\/#website\",\"url\":\"https:\/\/www.oarcanjo.net\/site\/\",\"name\":\"O Arcanjo no ar\",\"description\":\"Site da Par\u00f3quia S\u00e3o Miguel Arcanjo (Arquidiocese de SP)\",\"publisher\":{\"@id\":\"https:\/\/www.oarcanjo.net\/site\/#organization\"},\"potentialAction\":[{\"@type\":\"SearchAction\",\"target\":{\"@type\":\"EntryPoint\",\"urlTemplate\":\"https:\/\/www.oarcanjo.net\/site\/?s={search_term_string}\"},\"query-input\":{\"@type\":\"PropertyValueSpecification\",\"valueRequired\":true,\"valueName\":\"search_term_string\"}}],\"inLanguage\":\"pt-BR\"},{\"@type\":\"Organization\",\"@id\":\"https:\/\/www.oarcanjo.net\/site\/#organization\",\"name\":\"Par\u00f3quia S\u00e3o Miguel Arcanjo\",\"url\":\"https:\/\/www.oarcanjo.net\/site\/\",\"logo\":{\"@type\":\"ImageObject\",\"inLanguage\":\"pt-BR\",\"@id\":\"https:\/\/www.oarcanjo.net\/site\/#\/schema\/logo\/image\/\",\"url\":\"https:\/\/www.oarcanjo.net\/site\/wp-content\/uploads\/LogoOArcanjo.png\",\"contentUrl\":\"https:\/\/www.oarcanjo.net\/site\/wp-content\/uploads\/LogoOArcanjo.png\",\"width\":319,\"height\":99,\"caption\":\"Par\u00f3quia S\u00e3o Miguel Arcanjo\"},\"image\":{\"@id\":\"https:\/\/www.oarcanjo.net\/site\/#\/schema\/logo\/image\/\"},\"sameAs\":[\"https:\/\/www.facebook.com\/OArcanjoNoAr\/\"]},{\"@type\":\"Person\",\"@id\":\"https:\/\/www.oarcanjo.net\/site\/#\/schema\/person\/5eb9480bedd2f3c97e430ce128c29c6c\",\"name\":\"danilo\"}]}<\/script>\n<!-- \/ Yoast SEO plugin. -->","yoast_head_json":{"title":"Bem Aventurado Jacob Gapp - O Arcanjo no ar","robots":{"index":"index","follow":"follow","max-snippet":"max-snippet:-1","max-image-preview":"max-image-preview:large","max-video-preview":"max-video-preview:-1"},"canonical":"https:\/\/www.oarcanjo.net\/site\/bem-aventurado-jacob-gapp\/","og_locale":"pt_BR","og_type":"article","og_title":"Bem Aventurado Jacob Gapp - O Arcanjo no ar","og_description":"13 de Agosto Jacob Gapp nasceu em Wattens, na regi\u00e3o do Tirol, na \u00c1ustria, em 26 de julho de 1897. Foi volunt\u00e1rio na Primeira Guerra Mundial, transcorrida de 1914 a 1918, caindo prisioneiro das tropas italianas ao final do conflito. No ano seguinte, estando em liberdade, voltou a ser volunt\u00e1rio, mas dessa vez numa congrega\u00e7\u00e3o [&hellip;]","og_url":"https:\/\/www.oarcanjo.net\/site\/bem-aventurado-jacob-gapp\/","og_site_name":"O Arcanjo no ar","article_publisher":"https:\/\/www.facebook.com\/OArcanjoNoAr\/","article_published_time":"2018-08-13T03:04:08+00:00","article_modified_time":"2018-06-25T11:16:13+00:00","og_image":[{"url":"http:\/\/t3.gstatic.com\/images?q=tbn:3a2DWxR90faafM:http:\/\/img213.imageshack.us\/img213\/3526\/jakobgappvx3.jpg&amp;t=1"}],"author":"danilo","twitter_card":"summary_large_image","twitter_misc":{"Escrito por":"danilo","Est. tempo de leitura":"2 minutos"},"schema":{"@context":"https:\/\/schema.org","@graph":[{"@type":"Article","@id":"https:\/\/www.oarcanjo.net\/site\/bem-aventurado-jacob-gapp\/#article","isPartOf":{"@id":"https:\/\/www.oarcanjo.net\/site\/bem-aventurado-jacob-gapp\/"},"author":{"name":"danilo","@id":"https:\/\/www.oarcanjo.net\/site\/#\/schema\/person\/5eb9480bedd2f3c97e430ce128c29c6c"},"headline":"Bem Aventurado Jacob Gapp","datePublished":"2018-08-13T03:04:08+00:00","dateModified":"2018-06-25T11:16:13+00:00","mainEntityOfPage":{"@id":"https:\/\/www.oarcanjo.net\/site\/bem-aventurado-jacob-gapp\/"},"wordCount":405,"commentCount":0,"publisher":{"@id":"https:\/\/www.oarcanjo.net\/site\/#organization"},"image":{"@id":"https:\/\/www.oarcanjo.net\/site\/bem-aventurado-jacob-gapp\/#primaryimage"},"thumbnailUrl":"http:\/\/t3.gstatic.com\/images?q=tbn:3a2DWxR90faafM:http:\/\/img213.imageshack.us\/img213\/3526\/jakobgappvx3.jpg&amp;t=1","articleSection":["Testemunhos"],"inLanguage":"pt-BR","potentialAction":[{"@type":"CommentAction","name":"Comment","target":["https:\/\/www.oarcanjo.net\/site\/bem-aventurado-jacob-gapp\/#respond"]}]},{"@type":"WebPage","@id":"https:\/\/www.oarcanjo.net\/site\/bem-aventurado-jacob-gapp\/","url":"https:\/\/www.oarcanjo.net\/site\/bem-aventurado-jacob-gapp\/","name":"Bem Aventurado Jacob Gapp - O Arcanjo no ar","isPartOf":{"@id":"https:\/\/www.oarcanjo.net\/site\/#website"},"primaryImageOfPage":{"@id":"https:\/\/www.oarcanjo.net\/site\/bem-aventurado-jacob-gapp\/#primaryimage"},"image":{"@id":"https:\/\/www.oarcanjo.net\/site\/bem-aventurado-jacob-gapp\/#primaryimage"},"thumbnailUrl":"http:\/\/t3.gstatic.com\/images?q=tbn:3a2DWxR90faafM:http:\/\/img213.imageshack.us\/img213\/3526\/jakobgappvx3.jpg&amp;t=1","datePublished":"2018-08-13T03:04:08+00:00","dateModified":"2018-06-25T11:16:13+00:00","breadcrumb":{"@id":"https:\/\/www.oarcanjo.net\/site\/bem-aventurado-jacob-gapp\/#breadcrumb"},"inLanguage":"pt-BR","potentialAction":[{"@type":"ReadAction","target":["https:\/\/www.oarcanjo.net\/site\/bem-aventurado-jacob-gapp\/"]}]},{"@type":"ImageObject","inLanguage":"pt-BR","@id":"https:\/\/www.oarcanjo.net\/site\/bem-aventurado-jacob-gapp\/#primaryimage","url":"http:\/\/t3.gstatic.com\/images?q=tbn:3a2DWxR90faafM:http:\/\/img213.imageshack.us\/img213\/3526\/jakobgappvx3.jpg&amp;t=1","contentUrl":"http:\/\/t3.gstatic.com\/images?q=tbn:3a2DWxR90faafM:http:\/\/img213.imageshack.us\/img213\/3526\/jakobgappvx3.jpg&amp;t=1"},{"@type":"BreadcrumbList","@id":"https:\/\/www.oarcanjo.net\/site\/bem-aventurado-jacob-gapp\/#breadcrumb","itemListElement":[{"@type":"ListItem","position":1,"name":"In\u00edcio","item":"https:\/\/www.oarcanjo.net\/site\/"},{"@type":"ListItem","position":2,"name":"Bem Aventurado Jacob Gapp"}]},{"@type":"WebSite","@id":"https:\/\/www.oarcanjo.net\/site\/#website","url":"https:\/\/www.oarcanjo.net\/site\/","name":"O Arcanjo no ar","description":"Site da Par\u00f3quia S\u00e3o Miguel Arcanjo (Arquidiocese de SP)","publisher":{"@id":"https:\/\/www.oarcanjo.net\/site\/#organization"},"potentialAction":[{"@type":"SearchAction","target":{"@type":"EntryPoint","urlTemplate":"https:\/\/www.oarcanjo.net\/site\/?s={search_term_string}"},"query-input":{"@type":"PropertyValueSpecification","valueRequired":true,"valueName":"search_term_string"}}],"inLanguage":"pt-BR"},{"@type":"Organization","@id":"https:\/\/www.oarcanjo.net\/site\/#organization","name":"Par\u00f3quia S\u00e3o Miguel Arcanjo","url":"https:\/\/www.oarcanjo.net\/site\/","logo":{"@type":"ImageObject","inLanguage":"pt-BR","@id":"https:\/\/www.oarcanjo.net\/site\/#\/schema\/logo\/image\/","url":"https:\/\/www.oarcanjo.net\/site\/wp-content\/uploads\/LogoOArcanjo.png","contentUrl":"https:\/\/www.oarcanjo.net\/site\/wp-content\/uploads\/LogoOArcanjo.png","width":319,"height":99,"caption":"Par\u00f3quia S\u00e3o Miguel Arcanjo"},"image":{"@id":"https:\/\/www.oarcanjo.net\/site\/#\/schema\/logo\/image\/"},"sameAs":["https:\/\/www.facebook.com\/OArcanjoNoAr\/"]},{"@type":"Person","@id":"https:\/\/www.oarcanjo.net\/site\/#\/schema\/person\/5eb9480bedd2f3c97e430ce128c29c6c","name":"danilo"}]}},"publishpress_future_action":{"enabled":false,"date":"2026-05-08 06:35:09","action":"category","newStatus":"draft","terms":[],"taxonomy":"category"},"publishpress_future_workflow_manual_trigger":{"enabledWorkflows":[]},"_links":{"self":[{"href":"https:\/\/www.oarcanjo.net\/site\/wp-json\/wp\/v2\/posts\/10488"}],"collection":[{"href":"https:\/\/www.oarcanjo.net\/site\/wp-json\/wp\/v2\/posts"}],"about":[{"href":"https:\/\/www.oarcanjo.net\/site\/wp-json\/wp\/v2\/types\/post"}],"author":[{"embeddable":true,"href":"https:\/\/www.oarcanjo.net\/site\/wp-json\/wp\/v2\/users\/14"}],"replies":[{"embeddable":true,"href":"https:\/\/www.oarcanjo.net\/site\/wp-json\/wp\/v2\/comments?post=10488"}],"version-history":[{"count":1,"href":"https:\/\/www.oarcanjo.net\/site\/wp-json\/wp\/v2\/posts\/10488\/revisions"}],"predecessor-version":[{"id":88861,"href":"https:\/\/www.oarcanjo.net\/site\/wp-json\/wp\/v2\/posts\/10488\/revisions\/88861"}],"wp:attachment":[{"href":"https:\/\/www.oarcanjo.net\/site\/wp-json\/wp\/v2\/media?parent=10488"}],"wp:term":[{"taxonomy":"category","embeddable":true,"href":"https:\/\/www.oarcanjo.net\/site\/wp-json\/wp\/v2\/categories?post=10488"},{"taxonomy":"post_tag","embeddable":true,"href":"https:\/\/www.oarcanjo.net\/site\/wp-json\/wp\/v2\/tags?post=10488"}],"curies":[{"name":"wp","href":"https:\/\/api.w.org\/{rel}","templated":true}]}}