
{"id":10490,"date":"2018-08-14T00:05:38","date_gmt":"2018-08-14T03:05:38","guid":{"rendered":"http:\/\/www.oarcanjo.net\/site\/?p=10490"},"modified":"2018-06-25T08:16:17","modified_gmt":"2018-06-25T11:16:17","slug":"sao-maximiliano-maria-kolbe-martir-da-caridade","status":"publish","type":"post","link":"https:\/\/www.oarcanjo.net\/site\/sao-maximiliano-maria-kolbe-martir-da-caridade\/","title":{"rendered":"S\u00e3o Maximiliano Maria Kolbe &#8211; M\u00e1rtir da Caridade"},"content":{"rendered":"<p><img loading=\"lazy\" decoding=\"async\" src=\"http:\/\/1.bp.blogspot.com\/_OHXkT5-29Y0\/SKRB3vykvfI\/AAAAAAAAAPs\/fV_TT7xsfHM\/s400\/kolbe.jpg\" alt=\"\" width=\"273\" height=\"388\" \/><\/p>\n<p>14 de Agosto<\/p>\n<p>Fundou o apostolado mariano<br \/>\n&#8220;Mil\u00edcia da Imaculada&#8221;<\/p>\n<p><img loading=\"lazy\" decoding=\"async\" src=\"http:\/\/www.tendafranciscana.org.br\/img28.jpg\" alt=\"\" width=\"194\" height=\"250\" \/><img loading=\"lazy\" decoding=\"async\" src=\"http:\/\/3.bp.blogspot.com\/_ZtwlJou4KeQ\/SKQdwNjwcMI\/AAAAAAAAAn0\/caQHVutaLSk\/s320\/maximiliano1.bmp\" alt=\"\" width=\"276\" height=\"305\" \/><img loading=\"lazy\" decoding=\"async\" src=\"http:\/\/3.bp.blogspot.com\/_-DO8ynliStA\/SAfuUweSKVI\/AAAAAAAAAWQ\/uwJK18Ewlkk\/s400\/Sao_maximiliano_kolbe.jpg\" alt=\"\" width=\"246\" height=\"345\" \/><\/p>\n<p>Grande devoto de Maria Imaculada e seu ardoroso ap\u00f3stolo, Frei Maximiliano foi encarcerado pelos nazistas num campo de concentra\u00e7\u00e3o, onde deu a vida para ajudar outros a bem morrer<\/p>\n<p>S\u00e3o Maximiliano Kolbe nasceu no dia 8 de janeiro de 1894 em Zdunska Wola (Pol\u00f4nia). Seus pais, J\u00falio e Mariana Dabrowska, eram pobres artes\u00e3os mas l\u00eddimos crist\u00e3os, devot\u00edssimos da Virgem Maria. No batismo recebeu o nome de Raimundo. Teve quatro irm\u00e3os, dois falecidos muito novos.<\/p>\n<p>O pequeno Raimundo era muito vivo e arteiro. Um dia em que a m\u00e3e o repreendeu mais veementemente por alguma falta, resolveu mudar de vida. Contar\u00e1 depois: <em>&#8220;Nessa noite eu perguntei \u00e0 M\u00e3e de Deus o que seria de mim. Ent\u00e3o Ela apareceu-me com duas coroas, uma branca, outra vermelha. Perguntou-me qual das duas eu escolheria. A branca significava que eu deveria preservar a pureza; e a vermelha, que me tornaria m\u00e1rtir. Escolhi as duas. A partir de ent\u00e3o, profunda mudan\u00e7a operou-se em minha vida&#8221;.<\/em><\/p>\n<p>Em 1907, ele e seu irm\u00e3o mais velho, Francisco, entraram para o semin\u00e1rio menor dos franciscanos em Lwow, onde recebeu o nome de Maximiliano. Foi depois enviado para o <em>Col\u00e9gio Ser\u00e1fico Internacional, <\/em>em Roma, cursando filosofia na<em> Universidade Gregoriana<\/em>.<\/p>\n<p>Ao emitir os votos perp\u00e9tuos em 1914, Maximiliano acrescentou ao seu o nome de Maria.<\/p>\n<p><strong>Mil\u00edcia da Imaculada:<em> converter os pecadores<br \/>\n<\/em><\/strong><br \/>\nNo ano de 1917, a ma\u00e7onaria mundial celebrava o segundo centen\u00e1rio de sua funda\u00e7\u00e3o, mediante comemora\u00e7\u00f5es principalmente em Roma. Grupos de exaltados carbon\u00e1rios desfilavam pelas ruas da Cidade Eterna, empunhando bandeiras negras com a figura de satan\u00e1s em atitude de esmagar S\u00e3o Miguel Arcanjo.<\/p>\n<div>Isso provocou a mais profunda indigna\u00e7\u00e3o em Frei Maximiliano que, em contrapartida, fundou com seis de seus condisc\u00edpulos uma associa\u00e7\u00e3o, <strong>a <\/strong><em><strong>Mil\u00edcia da Imaculada<\/strong>,<\/em> com o fim de <em>&#8220;<strong>converter pecadores, hereges e cism\u00e1ticos, particularmente franco-ma\u00e7ons, e trazer todos os homens ao amor de Maria Imaculada<\/strong>&#8220;.<br \/>\n<\/em><br \/>\nEm abril de 1918 ele foi ordenado, e no ano seguinte, com uma b\u00ean\u00e7\u00e3o de Bento XV para a <em>Mil\u00edcia da Imaculada<\/em>, voltou para a Pol\u00f4nia.<\/div>\n<p>Em Crac\u00f3via lecionou Hist\u00f3ria Eclesi\u00e1stica no semin\u00e1rio maior dos franciscanos. Em janeiro de 1922, come\u00e7ou a publicar o mens\u00e1rio &#8220;Rycerz Niepokalanej&#8221; (Cavaleiro da Imaculada). Era seu objetivo &#8220;<em>iluminar a verdade e mostrar o verdadeiro caminho para a felicidade&#8221;.<\/em><\/p>\n<p><strong>\u00a0<\/strong>Nesse mesmo ano transferiu-se para Grodno, onde recebeu candidatos, na qualidade de irm\u00e3os leigos, para se dedicarem \u00e0 boa imprensa.<\/p>\n<p><strong><em>A grandiosa obra <\/em>Cidade de Maria<em><br \/>\n<\/em><\/strong><br \/>\nEm 1927 o Pr\u00edncipe Jo\u00e3o Drucko-Lubecki cedeu-lhe um terreno perto de Vars\u00f3via, onde os frades come\u00e7aram a construir o que seria a <em>Cidade da Imaculada. <\/em>Essa obra gigantesca ,Frei Maximiliano a levou avante sem dinheiro, confiando somente em Nossa Senhora: <em>&#8220;Dinheiro? Vir\u00e1 de um modo ou de outro. Maria prover\u00e1. Este \u00e9 um neg\u00f3cio d&#8217;Ela e de seu Filho<\/em>&#8220;. E n\u00e3o foi decepcionado.<\/p>\n<div>Nas novas instala\u00e7\u00f5es, a tiragem do &#8220;Cavaleiro da Imaculada&#8221; passaria de 5 mil exemplares mensais \u00e0 impressionante cifra de 750 mil. Em 1935, iniciou tamb\u00e9m a publica\u00e7\u00e3o de um di\u00e1rio cat\u00f3lico, &#8220;O Pequeno Di\u00e1rio&#8221;, com tiragem de 137 mil exemplares, ampliada para 225 mil nos domingos e feriados. No dia 8 de dezembro de 1938, instalou na <em><strong>Cidade de Maria<\/strong><\/em> uma esta\u00e7\u00e3o de r\u00e1dio.<\/div>\n<p>Mas n\u00e3o parou a\u00ed. Em 1939, a referida &#8220;cidade&#8221; contaria com 762 habitantes, sendo 13 sacerdotes, 18 novi\u00e7os, 527 irm\u00e3os leigos, 122 rapazes no semin\u00e1rio menor e 82 candidatos ao sacerd\u00f3cio. Figuravam entre seus habitantes m\u00e9dicos, dentistas, agricultores, mec\u00e2nicos, alfaiates, construtores, impressores, jardineiros, cozinheiros, e mesmo um corpo de bombeiros. Era inteiramente auto-suficiente.<\/p>\n<p>O bem que fez toda essa organiza\u00e7\u00e3o foi enorme. Vig\u00e1rios de todas as partes do pa\u00eds constataram intenso reafervoramento da piedade na Pol\u00f4nia antes da Segunda Guerra Mundial, atribu\u00edda \u00e0 literatura produzida por Frei Kolbe. Uma campanha contra o aborto, em 1938, pareceu despertar a consci\u00eancia da na\u00e7\u00e3o. Mais de um milh\u00e3o de pessoas alinharam-se ent\u00e3o junto aos estandartes de Maria Imaculada.<\/p>\n<p><strong>Frei Maximiliano fundou tamb\u00e9m uma <em>Cidade de Maria<\/em> no Jap\u00e3o<\/strong> e publicou o &#8220;Cavaleiro da Imaculada&#8221; na l\u00edngua do pa\u00eds. Tentou igualmente fundar outra na \u00cdndia, mas seus superiores chamaram-no de volta \u00e0 Pol\u00f4nia antes de poder concretizar seu plano. De volta ao seu pa\u00eds, continuou suas atividades na <em>Cidade de Maria<\/em>.<\/p>\n<p>Depois da segunda guerra mundial, os bispos da Pol\u00f4nia enviaram carta oficial \u00e0 Santa S\u00e9, afirmando que a revista de Frei Maximiliano Kolbe havia preparado a na\u00e7\u00e3o polonesa para suportar aquele conflito internacional e sobreviver aos seus horrores.<\/p>\n<p><strong><em>Sob o terror da ocupa\u00e7\u00e3o nazista<br \/>\n<\/em><\/strong><br \/>\nNo dia 13 de setembro de 1939, a <em>Cidade de Maria<\/em> foi ocupada pelos invasores alem\u00e3es, e a maior parte de seus habitantes, entre eles Frei Maximiliano, foram deportados para a Alemanha, sendo libertos no fim desse ano.<\/p>\n<p>Come\u00e7ou ent\u00e3o a organizar abrigo para 3 mil refugiados de guerra. Os frades dividiam com eles tudo o que possu\u00edam.<\/p>\n<p>Na \u00fanica edi\u00e7\u00e3o do &#8220;Cavaleiro da Imaculada&#8221; que lhe foi permitido publicar durante a ocupa\u00e7\u00e3o alem\u00e3, Frei Maximiliano afirmou: <em>&#8220;<strong>Ningu\u00e9m no mundo pode mudar a verdade<\/strong>. O que podemos e devemos fazer \u00e9 procur\u00e1-la e servi-la quando a tenhamos encontrado. O conflito real de hoje \u00e9 um conflito interno. Mais al\u00e9m dos ex\u00e9rcitos de ocupa\u00e7\u00e3o e das hecatombes dos campos de extermina\u00e7\u00e3o,<strong> h\u00e1 dois inimigos irreconcili\u00e1veis no mais profundo de cada alma: o bem e o mal, o pecado e o amor<\/strong>. De que nos adiantam vit\u00f3rias nos campos de batalha, se somos derrotados no mais profundo de nossas almas?&#8221;<\/em><\/p>\n<p>Isso provocou sua pris\u00e3o, em fevereiro de 1941, sendo enviado ao c\u00e1rcere de Pawiak, em Vars\u00f3via, onde sofreu in\u00fameras inj\u00farias.<\/p>\n<p>O governador-substituto da pris\u00e3o, Conrado Henlein, respondendo \u00e0 pergunta de por que os alem\u00e3es estavam exterminando o clero polon\u00eas, fez diante dos bispos poloneses esta afirma\u00e7\u00e3o: <em>&#8220;Voc\u00eas, poloneses, t\u00eam esta mentalidade: a Igreja e a na\u00e7\u00e3o formam uma s\u00f3 coisa. N\u00f3s temos que acabar com isso. E \u00e9 por essa raz\u00e3o que golpeamos uma vez a Igreja e outra vez o povo, para vos exterminar&#8221;.<\/em><\/p>\n<p>Em maio desse ano, Frei Maximiliano foi deportado para o campo de concentra\u00e7\u00e3o de \u00d3swiecim, cujo comandante Fritzsch, saudou sarcasticamente os rec\u00e9m-chegados, dizendo: <em>&#8220;Aviso-vos que viestes n\u00e3o para um sanat\u00f3rio, mas para um campo de concentra\u00e7\u00e3o alem\u00e3o, do qual a \u00fanica sa\u00edda \u00e9 o forno cremat\u00f3rio&#8221;. <\/em><\/p>\n<div><em>\u00a0<\/em><br \/>\nFrei Maximiliano aproveitava todas as oportunidades para dar assist\u00eancia religiosa aos seus compatriotas. Dizia-lhes: <em>&#8220;Tende confian\u00e7a na Imaculada. Ela vos h\u00e1 de ajudar a perseverar&#8221;.<\/em><\/div>\n<p><em><strong>O verdadeiro amor: dar a vida por seu amigo<\/strong><br \/>\n<\/em><br \/>\nEm fins de julho de 1941, fugiu um prisioneiro do bloco em que estava Frei Maximiliano. Em puni\u00e7\u00e3o, o comandante Fritzsch condenou \u00e0 morte dez prisioneiros.<\/p>\n<p>Um dos dez, Francisco Gajowniczek, come\u00e7ou a chorar desesperado: <em>&#8220;Oh, minha pobre mulher, meus pobres filhos, eu n\u00e3o os verei mais&#8221;!<\/em> Frei Maximiliano saiu da forma\u00e7\u00e3o e se dirigiu ao comandante do campo, seguindo-se este di\u00e1logo:<\/p>\n<p>\u2014 <em>O que voc\u00ea quer<\/em>? \u2013 perguntou o alem\u00e3o.<\/p>\n<p>\u2014 <em>Quero morrer no lugar de um dos condenados<\/em>.<\/p>\n<p>\u2014 <em>Por qu\u00ea<\/em>?<\/p>\n<p>\u2014 <em>Porque sou solteiro, e este homem tem esposa e filhos<\/em>.<\/p>\n<p>\u2014 <em>Qual a sua profiss\u00e3o<\/em>?<\/p>\n<p>\u2014 <em>Sou padre cat\u00f3lico<\/em>.<\/p>\n<p>\u2014 <em>Aprovado<\/em>.<\/p>\n<p>Mas a raz\u00e3o dada por Frei Kolbe n\u00e3o era a \u00fanica, ou talvez nem a principal que o levou a esse ato her\u00f3ico de caridade. Queria assistir na terr\u00edvel morte os outros nove prisioneiros. E foi o que fez.<\/p>\n<p>Ele caminhou para o &#8220;bunker da fome&#8221; entoando sua prece preferida: <em>&#8220;Permiti que eu vos louve, \u00f3 Virgem Sagrada. [&#8230;] Permiti que para V\u00f3s e s\u00f3 para V\u00f3s eu viva, trabalhe, sofra, me sacrifique e morra. Permiti que eu contribua, cada vez mais e ainda muito mais, para a vossa exalta\u00e7\u00e3o&#8221;.<br \/>\n<\/em><br \/>\nNa pris\u00e3o subterr\u00e2nea, onde faltava ar, alimento e \u00e1gua, ouviam-se ora\u00e7\u00f5es, c\u00e2nticos religiosos, o ros\u00e1rio recitado, o que contagiava os prisioneiros das celas vizinhas. Bruno Borgowiec, prisioneiro que servia de int\u00e9rprete e auxiliar aos alem\u00e3es, e que foi testemunha ocular dessa terr\u00edvel agonia, declarou: <em>&#8220;<strong>Eu tinha a impress\u00e3o de estar numa igreja<\/strong>&#8220;. <\/em><\/p>\n<p>\u00c0 medida que os prisioneiros se tornavam mais fracos, a ora\u00e7\u00e3o passava a ser quase murmurada. Entrementes, um ap\u00f3s outro iam morrendo, at\u00e9 que ficou s\u00f3 Frei Kolbe. Ele tinha um olhar vivo e penetrante, que seus verdugos n\u00e3o podiam suportar, de maneira que vociferavam: <em>&#8220;Olha para o ch\u00e3o, n\u00e3o para n\u00f3s<\/em>&#8220;. Quinze dias ap\u00f3s seu internamento naquele <em>bunker<\/em> de horror, Frei Kolbe ainda continuava vivo. Foi-lhe ent\u00e3o aplicada uma inje\u00e7\u00e3o de \u00e1cido carb\u00f3lico na veia, que o matou.<\/p>\n<p>Depois da guerra, jornais de todo o mundo trouxeram artigos sobre o &#8220;santo de nossos tempos&#8221;, o &#8220;gigante na santidade&#8221;. Biografias foram escritas, e por toda parte houve testemunhos de curas obtidas por sua intercess\u00e3o. O que levou \u00e0 sua beatifica\u00e7\u00e3o em 1971 e subseq\u00fcente canoniza\u00e7\u00e3o em 1982.<\/p>\n<div id=\"themify_builder_content-10490\" data-postid=\"10490\" class=\"themify_builder_content themify_builder_content-10490 themify_builder themify_builder_front\">\n\t<\/div>\n<!-- \/themify_builder_content -->","protected":false},"excerpt":{"rendered":"<p>14 de Agosto Fundou o apostolado mariano &#8220;Mil\u00edcia da Imaculada&#8221; Grande devoto de Maria Imaculada e seu ardoroso ap\u00f3stolo, Frei Maximiliano foi encarcerado pelos nazistas num campo de concentra\u00e7\u00e3o, onde deu a vida para ajudar outros a bem morrer S\u00e3o Maximiliano Kolbe nasceu no dia 8 de janeiro de 1894 em Zdunska Wola (Pol\u00f4nia). Seus [&hellip;]<\/p>\n","protected":false},"author":14,"featured_media":0,"comment_status":"open","ping_status":"open","sticky":false,"template":"","format":"standard","meta":{"ngg_post_thumbnail":0,"footnotes":""},"categories":[186],"tags":[],"yoast_head":"<!-- This site is optimized with the Yoast SEO plugin v23.5 - https:\/\/yoast.com\/wordpress\/plugins\/seo\/ -->\n<title>S\u00e3o Maximiliano Maria Kolbe - M\u00e1rtir da Caridade - O Arcanjo no ar<\/title>\n<meta name=\"robots\" content=\"index, follow, max-snippet:-1, max-image-preview:large, max-video-preview:-1\" \/>\n<link rel=\"canonical\" href=\"https:\/\/www.oarcanjo.net\/site\/sao-maximiliano-maria-kolbe-martir-da-caridade\/\" \/>\n<meta property=\"og:locale\" content=\"pt_BR\" \/>\n<meta property=\"og:type\" content=\"article\" \/>\n<meta property=\"og:title\" content=\"S\u00e3o Maximiliano Maria Kolbe - M\u00e1rtir da Caridade - O Arcanjo no ar\" \/>\n<meta property=\"og:description\" content=\"14 de Agosto Fundou o apostolado mariano &#8220;Mil\u00edcia da Imaculada&#8221; Grande devoto de Maria Imaculada e seu ardoroso ap\u00f3stolo, Frei Maximiliano foi encarcerado pelos nazistas num campo de concentra\u00e7\u00e3o, onde deu a vida para ajudar outros a bem morrer S\u00e3o Maximiliano Kolbe nasceu no dia 8 de janeiro de 1894 em Zdunska Wola (Pol\u00f4nia). Seus [&hellip;]\" \/>\n<meta property=\"og:url\" content=\"https:\/\/www.oarcanjo.net\/site\/sao-maximiliano-maria-kolbe-martir-da-caridade\/\" \/>\n<meta property=\"og:site_name\" content=\"O Arcanjo no ar\" \/>\n<meta property=\"article:publisher\" content=\"https:\/\/www.facebook.com\/OArcanjoNoAr\/\" \/>\n<meta property=\"article:published_time\" content=\"2018-08-14T03:05:38+00:00\" \/>\n<meta property=\"article:modified_time\" content=\"2018-06-25T11:16:17+00:00\" \/>\n<meta property=\"og:image\" content=\"http:\/\/1.bp.blogspot.com\/_OHXkT5-29Y0\/SKRB3vykvfI\/AAAAAAAAAPs\/fV_TT7xsfHM\/s400\/kolbe.jpg\" \/>\n<meta name=\"author\" content=\"danilo\" \/>\n<meta name=\"twitter:card\" content=\"summary_large_image\" \/>\n<meta name=\"twitter:label1\" content=\"Escrito por\" \/>\n\t<meta name=\"twitter:data1\" content=\"danilo\" \/>\n\t<meta name=\"twitter:label2\" content=\"Est. tempo de leitura\" \/>\n\t<meta name=\"twitter:data2\" content=\"8 minutos\" \/>\n<script type=\"application\/ld+json\" class=\"yoast-schema-graph\">{\"@context\":\"https:\/\/schema.org\",\"@graph\":[{\"@type\":\"Article\",\"@id\":\"https:\/\/www.oarcanjo.net\/site\/sao-maximiliano-maria-kolbe-martir-da-caridade\/#article\",\"isPartOf\":{\"@id\":\"https:\/\/www.oarcanjo.net\/site\/sao-maximiliano-maria-kolbe-martir-da-caridade\/\"},\"author\":{\"name\":\"danilo\",\"@id\":\"https:\/\/www.oarcanjo.net\/site\/#\/schema\/person\/5eb9480bedd2f3c97e430ce128c29c6c\"},\"headline\":\"S\u00e3o Maximiliano Maria Kolbe &#8211; M\u00e1rtir da Caridade\",\"datePublished\":\"2018-08-14T03:05:38+00:00\",\"dateModified\":\"2018-06-25T11:16:17+00:00\",\"mainEntityOfPage\":{\"@id\":\"https:\/\/www.oarcanjo.net\/site\/sao-maximiliano-maria-kolbe-martir-da-caridade\/\"},\"wordCount\":1559,\"commentCount\":2,\"publisher\":{\"@id\":\"https:\/\/www.oarcanjo.net\/site\/#organization\"},\"image\":{\"@id\":\"https:\/\/www.oarcanjo.net\/site\/sao-maximiliano-maria-kolbe-martir-da-caridade\/#primaryimage\"},\"thumbnailUrl\":\"http:\/\/1.bp.blogspot.com\/_OHXkT5-29Y0\/SKRB3vykvfI\/AAAAAAAAAPs\/fV_TT7xsfHM\/s400\/kolbe.jpg\",\"articleSection\":[\"Testemunhos\"],\"inLanguage\":\"pt-BR\",\"potentialAction\":[{\"@type\":\"CommentAction\",\"name\":\"Comment\",\"target\":[\"https:\/\/www.oarcanjo.net\/site\/sao-maximiliano-maria-kolbe-martir-da-caridade\/#respond\"]}]},{\"@type\":\"WebPage\",\"@id\":\"https:\/\/www.oarcanjo.net\/site\/sao-maximiliano-maria-kolbe-martir-da-caridade\/\",\"url\":\"https:\/\/www.oarcanjo.net\/site\/sao-maximiliano-maria-kolbe-martir-da-caridade\/\",\"name\":\"S\u00e3o Maximiliano Maria Kolbe - M\u00e1rtir da Caridade - O Arcanjo no ar\",\"isPartOf\":{\"@id\":\"https:\/\/www.oarcanjo.net\/site\/#website\"},\"primaryImageOfPage\":{\"@id\":\"https:\/\/www.oarcanjo.net\/site\/sao-maximiliano-maria-kolbe-martir-da-caridade\/#primaryimage\"},\"image\":{\"@id\":\"https:\/\/www.oarcanjo.net\/site\/sao-maximiliano-maria-kolbe-martir-da-caridade\/#primaryimage\"},\"thumbnailUrl\":\"http:\/\/1.bp.blogspot.com\/_OHXkT5-29Y0\/SKRB3vykvfI\/AAAAAAAAAPs\/fV_TT7xsfHM\/s400\/kolbe.jpg\",\"datePublished\":\"2018-08-14T03:05:38+00:00\",\"dateModified\":\"2018-06-25T11:16:17+00:00\",\"breadcrumb\":{\"@id\":\"https:\/\/www.oarcanjo.net\/site\/sao-maximiliano-maria-kolbe-martir-da-caridade\/#breadcrumb\"},\"inLanguage\":\"pt-BR\",\"potentialAction\":[{\"@type\":\"ReadAction\",\"target\":[\"https:\/\/www.oarcanjo.net\/site\/sao-maximiliano-maria-kolbe-martir-da-caridade\/\"]}]},{\"@type\":\"ImageObject\",\"inLanguage\":\"pt-BR\",\"@id\":\"https:\/\/www.oarcanjo.net\/site\/sao-maximiliano-maria-kolbe-martir-da-caridade\/#primaryimage\",\"url\":\"http:\/\/1.bp.blogspot.com\/_OHXkT5-29Y0\/SKRB3vykvfI\/AAAAAAAAAPs\/fV_TT7xsfHM\/s400\/kolbe.jpg\",\"contentUrl\":\"http:\/\/1.bp.blogspot.com\/_OHXkT5-29Y0\/SKRB3vykvfI\/AAAAAAAAAPs\/fV_TT7xsfHM\/s400\/kolbe.jpg\"},{\"@type\":\"BreadcrumbList\",\"@id\":\"https:\/\/www.oarcanjo.net\/site\/sao-maximiliano-maria-kolbe-martir-da-caridade\/#breadcrumb\",\"itemListElement\":[{\"@type\":\"ListItem\",\"position\":1,\"name\":\"In\u00edcio\",\"item\":\"https:\/\/www.oarcanjo.net\/site\/\"},{\"@type\":\"ListItem\",\"position\":2,\"name\":\"S\u00e3o Maximiliano Maria Kolbe &#8211; M\u00e1rtir da Caridade\"}]},{\"@type\":\"WebSite\",\"@id\":\"https:\/\/www.oarcanjo.net\/site\/#website\",\"url\":\"https:\/\/www.oarcanjo.net\/site\/\",\"name\":\"O Arcanjo no ar\",\"description\":\"Site da Par\u00f3quia S\u00e3o Miguel Arcanjo (Arquidiocese de SP)\",\"publisher\":{\"@id\":\"https:\/\/www.oarcanjo.net\/site\/#organization\"},\"potentialAction\":[{\"@type\":\"SearchAction\",\"target\":{\"@type\":\"EntryPoint\",\"urlTemplate\":\"https:\/\/www.oarcanjo.net\/site\/?s={search_term_string}\"},\"query-input\":{\"@type\":\"PropertyValueSpecification\",\"valueRequired\":true,\"valueName\":\"search_term_string\"}}],\"inLanguage\":\"pt-BR\"},{\"@type\":\"Organization\",\"@id\":\"https:\/\/www.oarcanjo.net\/site\/#organization\",\"name\":\"Par\u00f3quia S\u00e3o Miguel Arcanjo\",\"url\":\"https:\/\/www.oarcanjo.net\/site\/\",\"logo\":{\"@type\":\"ImageObject\",\"inLanguage\":\"pt-BR\",\"@id\":\"https:\/\/www.oarcanjo.net\/site\/#\/schema\/logo\/image\/\",\"url\":\"https:\/\/www.oarcanjo.net\/site\/wp-content\/uploads\/LogoOArcanjo.png\",\"contentUrl\":\"https:\/\/www.oarcanjo.net\/site\/wp-content\/uploads\/LogoOArcanjo.png\",\"width\":319,\"height\":99,\"caption\":\"Par\u00f3quia S\u00e3o Miguel Arcanjo\"},\"image\":{\"@id\":\"https:\/\/www.oarcanjo.net\/site\/#\/schema\/logo\/image\/\"},\"sameAs\":[\"https:\/\/www.facebook.com\/OArcanjoNoAr\/\"]},{\"@type\":\"Person\",\"@id\":\"https:\/\/www.oarcanjo.net\/site\/#\/schema\/person\/5eb9480bedd2f3c97e430ce128c29c6c\",\"name\":\"danilo\"}]}<\/script>\n<!-- \/ Yoast SEO plugin. -->","yoast_head_json":{"title":"S\u00e3o Maximiliano Maria Kolbe - M\u00e1rtir da Caridade - O Arcanjo no ar","robots":{"index":"index","follow":"follow","max-snippet":"max-snippet:-1","max-image-preview":"max-image-preview:large","max-video-preview":"max-video-preview:-1"},"canonical":"https:\/\/www.oarcanjo.net\/site\/sao-maximiliano-maria-kolbe-martir-da-caridade\/","og_locale":"pt_BR","og_type":"article","og_title":"S\u00e3o Maximiliano Maria Kolbe - M\u00e1rtir da Caridade - O Arcanjo no ar","og_description":"14 de Agosto Fundou o apostolado mariano &#8220;Mil\u00edcia da Imaculada&#8221; Grande devoto de Maria Imaculada e seu ardoroso ap\u00f3stolo, Frei Maximiliano foi encarcerado pelos nazistas num campo de concentra\u00e7\u00e3o, onde deu a vida para ajudar outros a bem morrer S\u00e3o Maximiliano Kolbe nasceu no dia 8 de janeiro de 1894 em Zdunska Wola (Pol\u00f4nia). Seus [&hellip;]","og_url":"https:\/\/www.oarcanjo.net\/site\/sao-maximiliano-maria-kolbe-martir-da-caridade\/","og_site_name":"O Arcanjo no ar","article_publisher":"https:\/\/www.facebook.com\/OArcanjoNoAr\/","article_published_time":"2018-08-14T03:05:38+00:00","article_modified_time":"2018-06-25T11:16:17+00:00","og_image":[{"url":"http:\/\/1.bp.blogspot.com\/_OHXkT5-29Y0\/SKRB3vykvfI\/AAAAAAAAAPs\/fV_TT7xsfHM\/s400\/kolbe.jpg"}],"author":"danilo","twitter_card":"summary_large_image","twitter_misc":{"Escrito por":"danilo","Est. tempo de leitura":"8 minutos"},"schema":{"@context":"https:\/\/schema.org","@graph":[{"@type":"Article","@id":"https:\/\/www.oarcanjo.net\/site\/sao-maximiliano-maria-kolbe-martir-da-caridade\/#article","isPartOf":{"@id":"https:\/\/www.oarcanjo.net\/site\/sao-maximiliano-maria-kolbe-martir-da-caridade\/"},"author":{"name":"danilo","@id":"https:\/\/www.oarcanjo.net\/site\/#\/schema\/person\/5eb9480bedd2f3c97e430ce128c29c6c"},"headline":"S\u00e3o Maximiliano Maria Kolbe &#8211; M\u00e1rtir da Caridade","datePublished":"2018-08-14T03:05:38+00:00","dateModified":"2018-06-25T11:16:17+00:00","mainEntityOfPage":{"@id":"https:\/\/www.oarcanjo.net\/site\/sao-maximiliano-maria-kolbe-martir-da-caridade\/"},"wordCount":1559,"commentCount":2,"publisher":{"@id":"https:\/\/www.oarcanjo.net\/site\/#organization"},"image":{"@id":"https:\/\/www.oarcanjo.net\/site\/sao-maximiliano-maria-kolbe-martir-da-caridade\/#primaryimage"},"thumbnailUrl":"http:\/\/1.bp.blogspot.com\/_OHXkT5-29Y0\/SKRB3vykvfI\/AAAAAAAAAPs\/fV_TT7xsfHM\/s400\/kolbe.jpg","articleSection":["Testemunhos"],"inLanguage":"pt-BR","potentialAction":[{"@type":"CommentAction","name":"Comment","target":["https:\/\/www.oarcanjo.net\/site\/sao-maximiliano-maria-kolbe-martir-da-caridade\/#respond"]}]},{"@type":"WebPage","@id":"https:\/\/www.oarcanjo.net\/site\/sao-maximiliano-maria-kolbe-martir-da-caridade\/","url":"https:\/\/www.oarcanjo.net\/site\/sao-maximiliano-maria-kolbe-martir-da-caridade\/","name":"S\u00e3o Maximiliano Maria Kolbe - M\u00e1rtir da Caridade - O Arcanjo no ar","isPartOf":{"@id":"https:\/\/www.oarcanjo.net\/site\/#website"},"primaryImageOfPage":{"@id":"https:\/\/www.oarcanjo.net\/site\/sao-maximiliano-maria-kolbe-martir-da-caridade\/#primaryimage"},"image":{"@id":"https:\/\/www.oarcanjo.net\/site\/sao-maximiliano-maria-kolbe-martir-da-caridade\/#primaryimage"},"thumbnailUrl":"http:\/\/1.bp.blogspot.com\/_OHXkT5-29Y0\/SKRB3vykvfI\/AAAAAAAAAPs\/fV_TT7xsfHM\/s400\/kolbe.jpg","datePublished":"2018-08-14T03:05:38+00:00","dateModified":"2018-06-25T11:16:17+00:00","breadcrumb":{"@id":"https:\/\/www.oarcanjo.net\/site\/sao-maximiliano-maria-kolbe-martir-da-caridade\/#breadcrumb"},"inLanguage":"pt-BR","potentialAction":[{"@type":"ReadAction","target":["https:\/\/www.oarcanjo.net\/site\/sao-maximiliano-maria-kolbe-martir-da-caridade\/"]}]},{"@type":"ImageObject","inLanguage":"pt-BR","@id":"https:\/\/www.oarcanjo.net\/site\/sao-maximiliano-maria-kolbe-martir-da-caridade\/#primaryimage","url":"http:\/\/1.bp.blogspot.com\/_OHXkT5-29Y0\/SKRB3vykvfI\/AAAAAAAAAPs\/fV_TT7xsfHM\/s400\/kolbe.jpg","contentUrl":"http:\/\/1.bp.blogspot.com\/_OHXkT5-29Y0\/SKRB3vykvfI\/AAAAAAAAAPs\/fV_TT7xsfHM\/s400\/kolbe.jpg"},{"@type":"BreadcrumbList","@id":"https:\/\/www.oarcanjo.net\/site\/sao-maximiliano-maria-kolbe-martir-da-caridade\/#breadcrumb","itemListElement":[{"@type":"ListItem","position":1,"name":"In\u00edcio","item":"https:\/\/www.oarcanjo.net\/site\/"},{"@type":"ListItem","position":2,"name":"S\u00e3o Maximiliano Maria Kolbe &#8211; M\u00e1rtir da Caridade"}]},{"@type":"WebSite","@id":"https:\/\/www.oarcanjo.net\/site\/#website","url":"https:\/\/www.oarcanjo.net\/site\/","name":"O Arcanjo no ar","description":"Site da Par\u00f3quia S\u00e3o Miguel Arcanjo (Arquidiocese de SP)","publisher":{"@id":"https:\/\/www.oarcanjo.net\/site\/#organization"},"potentialAction":[{"@type":"SearchAction","target":{"@type":"EntryPoint","urlTemplate":"https:\/\/www.oarcanjo.net\/site\/?s={search_term_string}"},"query-input":{"@type":"PropertyValueSpecification","valueRequired":true,"valueName":"search_term_string"}}],"inLanguage":"pt-BR"},{"@type":"Organization","@id":"https:\/\/www.oarcanjo.net\/site\/#organization","name":"Par\u00f3quia S\u00e3o Miguel Arcanjo","url":"https:\/\/www.oarcanjo.net\/site\/","logo":{"@type":"ImageObject","inLanguage":"pt-BR","@id":"https:\/\/www.oarcanjo.net\/site\/#\/schema\/logo\/image\/","url":"https:\/\/www.oarcanjo.net\/site\/wp-content\/uploads\/LogoOArcanjo.png","contentUrl":"https:\/\/www.oarcanjo.net\/site\/wp-content\/uploads\/LogoOArcanjo.png","width":319,"height":99,"caption":"Par\u00f3quia S\u00e3o Miguel Arcanjo"},"image":{"@id":"https:\/\/www.oarcanjo.net\/site\/#\/schema\/logo\/image\/"},"sameAs":["https:\/\/www.facebook.com\/OArcanjoNoAr\/"]},{"@type":"Person","@id":"https:\/\/www.oarcanjo.net\/site\/#\/schema\/person\/5eb9480bedd2f3c97e430ce128c29c6c","name":"danilo"}]}},"publishpress_future_action":{"enabled":false,"date":"2026-05-08 06:36:04","action":"category","newStatus":"draft","terms":[],"taxonomy":"category"},"publishpress_future_workflow_manual_trigger":{"enabledWorkflows":[]},"_links":{"self":[{"href":"https:\/\/www.oarcanjo.net\/site\/wp-json\/wp\/v2\/posts\/10490"}],"collection":[{"href":"https:\/\/www.oarcanjo.net\/site\/wp-json\/wp\/v2\/posts"}],"about":[{"href":"https:\/\/www.oarcanjo.net\/site\/wp-json\/wp\/v2\/types\/post"}],"author":[{"embeddable":true,"href":"https:\/\/www.oarcanjo.net\/site\/wp-json\/wp\/v2\/users\/14"}],"replies":[{"embeddable":true,"href":"https:\/\/www.oarcanjo.net\/site\/wp-json\/wp\/v2\/comments?post=10490"}],"version-history":[{"count":1,"href":"https:\/\/www.oarcanjo.net\/site\/wp-json\/wp\/v2\/posts\/10490\/revisions"}],"predecessor-version":[{"id":88862,"href":"https:\/\/www.oarcanjo.net\/site\/wp-json\/wp\/v2\/posts\/10490\/revisions\/88862"}],"wp:attachment":[{"href":"https:\/\/www.oarcanjo.net\/site\/wp-json\/wp\/v2\/media?parent=10490"}],"wp:term":[{"taxonomy":"category","embeddable":true,"href":"https:\/\/www.oarcanjo.net\/site\/wp-json\/wp\/v2\/categories?post=10490"},{"taxonomy":"post_tag","embeddable":true,"href":"https:\/\/www.oarcanjo.net\/site\/wp-json\/wp\/v2\/tags?post=10490"}],"curies":[{"name":"wp","href":"https:\/\/api.w.org\/{rel}","templated":true}]}}