
{"id":10494,"date":"2010-08-10T09:07:39","date_gmt":"2010-08-10T12:07:39","guid":{"rendered":"http:\/\/www.oarcanjo.net\/site\/?p=10494"},"modified":"2010-08-16T00:08:22","modified_gmt":"2010-08-16T03:08:22","slug":"barraca-dos-brinquedos-funciona-no-domingo","status":"publish","type":"post","link":"https:\/\/www.oarcanjo.net\/site\/barraca-dos-brinquedos-funciona-no-domingo\/","title":{"rendered":"Barraca dos Brinquedos funciona no domingo"},"content":{"rendered":"<p>A tradicional Barraca dos Brinquedos coloca \u00e0 venda v\u00e1rios artigos, a pre\u00e7os baixos, pra crian\u00e7ada no pr\u00f3ximo domingo, dia 15 de agosto, na par\u00f3quia S\u00e3o Miguel Arcanjo.<\/p>\n<p>Na parte da manh\u00e3, estar\u00e1 aberta das 7h30 \u00e0s 12h e na parte da tarde, a partir das 17h.<\/p>\n<p>A renda \u00e9 revertida para a organiza\u00e7\u00e3o da Festa de S\u00e3o Miguel, que acontece no dia 29 de setembro.<\/p>\n<p>Fa\u00e7a a alegria das crian\u00e7as e colabore com nossa festa! Participe!<\/p>\n<div id=\"themify_builder_content-10494\" data-postid=\"10494\" class=\"themify_builder_content themify_builder_content-10494 themify_builder themify_builder_front\">\n\t<\/div>\n<!-- \/themify_builder_content -->","protected":false},"excerpt":{"rendered":"<p>A tradicional Barraca dos Brinquedos coloca \u00e0 venda v\u00e1rios artigos, a pre\u00e7os baixos, pra crian\u00e7ada no pr\u00f3ximo domingo, dia 15 de agosto, na par\u00f3quia S\u00e3o Miguel Arcanjo. Na parte da manh\u00e3, estar\u00e1 aberta das 7h30 \u00e0s 12h e na parte da tarde, a partir das 17h. A renda \u00e9 revertida para a organiza\u00e7\u00e3o da Festa [&hellip;]<\/p>\n","protected":false},"author":5,"featured_media":0,"comment_status":"open","ping_status":"open","sticky":false,"template":"","format":"standard","meta":{"ngg_post_thumbnail":0,"footnotes":""},"categories":[8],"tags":[1693],"yoast_head":"<!-- This site is optimized with the Yoast SEO plugin v23.5 - https:\/\/yoast.com\/wordpress\/plugins\/seo\/ -->\n<title>Barraca dos Brinquedos funciona no domingo - O Arcanjo no ar<\/title>\n<meta name=\"robots\" content=\"index, follow, max-snippet:-1, max-image-preview:large, max-video-preview:-1\" \/>\n<link rel=\"canonical\" href=\"https:\/\/www.oarcanjo.net\/site\/barraca-dos-brinquedos-funciona-no-domingo\/\" \/>\n<meta property=\"og:locale\" content=\"pt_BR\" \/>\n<meta property=\"og:type\" content=\"article\" \/>\n<meta property=\"og:title\" content=\"Barraca dos Brinquedos funciona no domingo - O Arcanjo no ar\" \/>\n<meta property=\"og:description\" content=\"A tradicional Barraca dos Brinquedos coloca \u00e0 venda v\u00e1rios artigos, a pre\u00e7os baixos, pra crian\u00e7ada no pr\u00f3ximo domingo, dia 15 de agosto, na par\u00f3quia S\u00e3o Miguel Arcanjo. Na parte da manh\u00e3, estar\u00e1 aberta das 7h30 \u00e0s 12h e na parte da tarde, a partir das 17h. A renda \u00e9 revertida para a organiza\u00e7\u00e3o da Festa [&hellip;]\" \/>\n<meta property=\"og:url\" content=\"https:\/\/www.oarcanjo.net\/site\/barraca-dos-brinquedos-funciona-no-domingo\/\" \/>\n<meta property=\"og:site_name\" content=\"O Arcanjo no ar\" \/>\n<meta property=\"article:publisher\" content=\"https:\/\/www.facebook.com\/OArcanjoNoAr\/\" \/>\n<meta property=\"article:published_time\" content=\"2010-08-10T12:07:39+00:00\" \/>\n<meta property=\"article:modified_time\" content=\"2010-08-16T03:08:22+00:00\" \/>\n<meta property=\"og:image\" content=\"https:\/\/www.oarcanjo.net\/site\/wp-content\/uploads\/logo-o-arcanjo-no-ar-facebook.png\" \/>\n\t<meta property=\"og:image:width\" content=\"300\" \/>\n\t<meta property=\"og:image:height\" content=\"300\" \/>\n\t<meta property=\"og:image:type\" content=\"image\/png\" \/>\n<meta name=\"author\" content=\"editor\" \/>\n<meta name=\"twitter:card\" content=\"summary_large_image\" \/>\n<meta name=\"twitter:label1\" content=\"Escrito por\" \/>\n\t<meta name=\"twitter:data1\" content=\"editor\" \/>\n<script type=\"application\/ld+json\" class=\"yoast-schema-graph\">{\"@context\":\"https:\/\/schema.org\",\"@graph\":[{\"@type\":\"Article\",\"@id\":\"https:\/\/www.oarcanjo.net\/site\/barraca-dos-brinquedos-funciona-no-domingo\/#article\",\"isPartOf\":{\"@id\":\"https:\/\/www.oarcanjo.net\/site\/barraca-dos-brinquedos-funciona-no-domingo\/\"},\"author\":{\"name\":\"editor\",\"@id\":\"https:\/\/www.oarcanjo.net\/site\/#\/schema\/person\/f7024d007863202483a31326673a0838\"},\"headline\":\"Barraca dos Brinquedos funciona no domingo\",\"datePublished\":\"2010-08-10T12:07:39+00:00\",\"dateModified\":\"2010-08-16T03:08:22+00:00\",\"mainEntityOfPage\":{\"@id\":\"https:\/\/www.oarcanjo.net\/site\/barraca-dos-brinquedos-funciona-no-domingo\/\"},\"wordCount\":88,\"commentCount\":0,\"publisher\":{\"@id\":\"https:\/\/www.oarcanjo.net\/site\/#organization\"},\"keywords\":[\"Barraca dos Brinquedos\"],\"articleSection\":[\"Not\u00edcias\"],\"inLanguage\":\"pt-BR\",\"potentialAction\":[{\"@type\":\"CommentAction\",\"name\":\"Comment\",\"target\":[\"https:\/\/www.oarcanjo.net\/site\/barraca-dos-brinquedos-funciona-no-domingo\/#respond\"]}]},{\"@type\":\"WebPage\",\"@id\":\"https:\/\/www.oarcanjo.net\/site\/barraca-dos-brinquedos-funciona-no-domingo\/\",\"url\":\"https:\/\/www.oarcanjo.net\/site\/barraca-dos-brinquedos-funciona-no-domingo\/\",\"name\":\"Barraca dos Brinquedos funciona no domingo - O Arcanjo no ar\",\"isPartOf\":{\"@id\":\"https:\/\/www.oarcanjo.net\/site\/#website\"},\"datePublished\":\"2010-08-10T12:07:39+00:00\",\"dateModified\":\"2010-08-16T03:08:22+00:00\",\"breadcrumb\":{\"@id\":\"https:\/\/www.oarcanjo.net\/site\/barraca-dos-brinquedos-funciona-no-domingo\/#breadcrumb\"},\"inLanguage\":\"pt-BR\",\"potentialAction\":[{\"@type\":\"ReadAction\",\"target\":[\"https:\/\/www.oarcanjo.net\/site\/barraca-dos-brinquedos-funciona-no-domingo\/\"]}]},{\"@type\":\"BreadcrumbList\",\"@id\":\"https:\/\/www.oarcanjo.net\/site\/barraca-dos-brinquedos-funciona-no-domingo\/#breadcrumb\",\"itemListElement\":[{\"@type\":\"ListItem\",\"position\":1,\"name\":\"In\u00edcio\",\"item\":\"https:\/\/www.oarcanjo.net\/site\/\"},{\"@type\":\"ListItem\",\"position\":2,\"name\":\"Barraca dos Brinquedos funciona no domingo\"}]},{\"@type\":\"WebSite\",\"@id\":\"https:\/\/www.oarcanjo.net\/site\/#website\",\"url\":\"https:\/\/www.oarcanjo.net\/site\/\",\"name\":\"O Arcanjo no ar\",\"description\":\"Site da Par\u00f3quia S\u00e3o Miguel Arcanjo (Arquidiocese de SP)\",\"publisher\":{\"@id\":\"https:\/\/www.oarcanjo.net\/site\/#organization\"},\"potentialAction\":[{\"@type\":\"SearchAction\",\"target\":{\"@type\":\"EntryPoint\",\"urlTemplate\":\"https:\/\/www.oarcanjo.net\/site\/?s={search_term_string}\"},\"query-input\":{\"@type\":\"PropertyValueSpecification\",\"valueRequired\":true,\"valueName\":\"search_term_string\"}}],\"inLanguage\":\"pt-BR\"},{\"@type\":\"Organization\",\"@id\":\"https:\/\/www.oarcanjo.net\/site\/#organization\",\"name\":\"Par\u00f3quia S\u00e3o Miguel Arcanjo\",\"url\":\"https:\/\/www.oarcanjo.net\/site\/\",\"logo\":{\"@type\":\"ImageObject\",\"inLanguage\":\"pt-BR\",\"@id\":\"https:\/\/www.oarcanjo.net\/site\/#\/schema\/logo\/image\/\",\"url\":\"https:\/\/www.oarcanjo.net\/site\/wp-content\/uploads\/LogoOArcanjo.png\",\"contentUrl\":\"https:\/\/www.oarcanjo.net\/site\/wp-content\/uploads\/LogoOArcanjo.png\",\"width\":319,\"height\":99,\"caption\":\"Par\u00f3quia S\u00e3o Miguel Arcanjo\"},\"image\":{\"@id\":\"https:\/\/www.oarcanjo.net\/site\/#\/schema\/logo\/image\/\"},\"sameAs\":[\"https:\/\/www.facebook.com\/OArcanjoNoAr\/\"]},{\"@type\":\"Person\",\"@id\":\"https:\/\/www.oarcanjo.net\/site\/#\/schema\/person\/f7024d007863202483a31326673a0838\",\"name\":\"editor\",\"sameAs\":[\"http:\/\/www.oarcanjo.net\"]}]}<\/script>\n<!-- \/ Yoast SEO plugin. -->","yoast_head_json":{"title":"Barraca dos Brinquedos funciona no domingo - O Arcanjo no ar","robots":{"index":"index","follow":"follow","max-snippet":"max-snippet:-1","max-image-preview":"max-image-preview:large","max-video-preview":"max-video-preview:-1"},"canonical":"https:\/\/www.oarcanjo.net\/site\/barraca-dos-brinquedos-funciona-no-domingo\/","og_locale":"pt_BR","og_type":"article","og_title":"Barraca dos Brinquedos funciona no domingo - O Arcanjo no ar","og_description":"A tradicional Barraca dos Brinquedos coloca \u00e0 venda v\u00e1rios artigos, a pre\u00e7os baixos, pra crian\u00e7ada no pr\u00f3ximo domingo, dia 15 de agosto, na par\u00f3quia S\u00e3o Miguel Arcanjo. Na parte da manh\u00e3, estar\u00e1 aberta das 7h30 \u00e0s 12h e na parte da tarde, a partir das 17h. A renda \u00e9 revertida para a organiza\u00e7\u00e3o da Festa [&hellip;]","og_url":"https:\/\/www.oarcanjo.net\/site\/barraca-dos-brinquedos-funciona-no-domingo\/","og_site_name":"O Arcanjo no ar","article_publisher":"https:\/\/www.facebook.com\/OArcanjoNoAr\/","article_published_time":"2010-08-10T12:07:39+00:00","article_modified_time":"2010-08-16T03:08:22+00:00","og_image":[{"width":300,"height":300,"url":"https:\/\/www.oarcanjo.net\/site\/wp-content\/uploads\/logo-o-arcanjo-no-ar-facebook.png","type":"image\/png"}],"author":"editor","twitter_card":"summary_large_image","twitter_misc":{"Escrito por":"editor"},"schema":{"@context":"https:\/\/schema.org","@graph":[{"@type":"Article","@id":"https:\/\/www.oarcanjo.net\/site\/barraca-dos-brinquedos-funciona-no-domingo\/#article","isPartOf":{"@id":"https:\/\/www.oarcanjo.net\/site\/barraca-dos-brinquedos-funciona-no-domingo\/"},"author":{"name":"editor","@id":"https:\/\/www.oarcanjo.net\/site\/#\/schema\/person\/f7024d007863202483a31326673a0838"},"headline":"Barraca dos Brinquedos funciona no domingo","datePublished":"2010-08-10T12:07:39+00:00","dateModified":"2010-08-16T03:08:22+00:00","mainEntityOfPage":{"@id":"https:\/\/www.oarcanjo.net\/site\/barraca-dos-brinquedos-funciona-no-domingo\/"},"wordCount":88,"commentCount":0,"publisher":{"@id":"https:\/\/www.oarcanjo.net\/site\/#organization"},"keywords":["Barraca dos Brinquedos"],"articleSection":["Not\u00edcias"],"inLanguage":"pt-BR","potentialAction":[{"@type":"CommentAction","name":"Comment","target":["https:\/\/www.oarcanjo.net\/site\/barraca-dos-brinquedos-funciona-no-domingo\/#respond"]}]},{"@type":"WebPage","@id":"https:\/\/www.oarcanjo.net\/site\/barraca-dos-brinquedos-funciona-no-domingo\/","url":"https:\/\/www.oarcanjo.net\/site\/barraca-dos-brinquedos-funciona-no-domingo\/","name":"Barraca dos Brinquedos funciona no domingo - O Arcanjo no ar","isPartOf":{"@id":"https:\/\/www.oarcanjo.net\/site\/#website"},"datePublished":"2010-08-10T12:07:39+00:00","dateModified":"2010-08-16T03:08:22+00:00","breadcrumb":{"@id":"https:\/\/www.oarcanjo.net\/site\/barraca-dos-brinquedos-funciona-no-domingo\/#breadcrumb"},"inLanguage":"pt-BR","potentialAction":[{"@type":"ReadAction","target":["https:\/\/www.oarcanjo.net\/site\/barraca-dos-brinquedos-funciona-no-domingo\/"]}]},{"@type":"BreadcrumbList","@id":"https:\/\/www.oarcanjo.net\/site\/barraca-dos-brinquedos-funciona-no-domingo\/#breadcrumb","itemListElement":[{"@type":"ListItem","position":1,"name":"In\u00edcio","item":"https:\/\/www.oarcanjo.net\/site\/"},{"@type":"ListItem","position":2,"name":"Barraca dos Brinquedos funciona no domingo"}]},{"@type":"WebSite","@id":"https:\/\/www.oarcanjo.net\/site\/#website","url":"https:\/\/www.oarcanjo.net\/site\/","name":"O Arcanjo no ar","description":"Site da Par\u00f3quia S\u00e3o Miguel Arcanjo (Arquidiocese de SP)","publisher":{"@id":"https:\/\/www.oarcanjo.net\/site\/#organization"},"potentialAction":[{"@type":"SearchAction","target":{"@type":"EntryPoint","urlTemplate":"https:\/\/www.oarcanjo.net\/site\/?s={search_term_string}"},"query-input":{"@type":"PropertyValueSpecification","valueRequired":true,"valueName":"search_term_string"}}],"inLanguage":"pt-BR"},{"@type":"Organization","@id":"https:\/\/www.oarcanjo.net\/site\/#organization","name":"Par\u00f3quia S\u00e3o Miguel Arcanjo","url":"https:\/\/www.oarcanjo.net\/site\/","logo":{"@type":"ImageObject","inLanguage":"pt-BR","@id":"https:\/\/www.oarcanjo.net\/site\/#\/schema\/logo\/image\/","url":"https:\/\/www.oarcanjo.net\/site\/wp-content\/uploads\/LogoOArcanjo.png","contentUrl":"https:\/\/www.oarcanjo.net\/site\/wp-content\/uploads\/LogoOArcanjo.png","width":319,"height":99,"caption":"Par\u00f3quia S\u00e3o Miguel Arcanjo"},"image":{"@id":"https:\/\/www.oarcanjo.net\/site\/#\/schema\/logo\/image\/"},"sameAs":["https:\/\/www.facebook.com\/OArcanjoNoAr\/"]},{"@type":"Person","@id":"https:\/\/www.oarcanjo.net\/site\/#\/schema\/person\/f7024d007863202483a31326673a0838","name":"editor","sameAs":["http:\/\/www.oarcanjo.net"]}]}},"publishpress_future_action":{"enabled":false,"date":"2026-05-09 10:25:34","action":"category","newStatus":"draft","terms":[],"taxonomy":"category"},"publishpress_future_workflow_manual_trigger":{"enabledWorkflows":[]},"_links":{"self":[{"href":"https:\/\/www.oarcanjo.net\/site\/wp-json\/wp\/v2\/posts\/10494"}],"collection":[{"href":"https:\/\/www.oarcanjo.net\/site\/wp-json\/wp\/v2\/posts"}],"about":[{"href":"https:\/\/www.oarcanjo.net\/site\/wp-json\/wp\/v2\/types\/post"}],"author":[{"embeddable":true,"href":"https:\/\/www.oarcanjo.net\/site\/wp-json\/wp\/v2\/users\/5"}],"replies":[{"embeddable":true,"href":"https:\/\/www.oarcanjo.net\/site\/wp-json\/wp\/v2\/comments?post=10494"}],"version-history":[{"count":0,"href":"https:\/\/www.oarcanjo.net\/site\/wp-json\/wp\/v2\/posts\/10494\/revisions"}],"wp:attachment":[{"href":"https:\/\/www.oarcanjo.net\/site\/wp-json\/wp\/v2\/media?parent=10494"}],"wp:term":[{"taxonomy":"category","embeddable":true,"href":"https:\/\/www.oarcanjo.net\/site\/wp-json\/wp\/v2\/categories?post=10494"},{"taxonomy":"post_tag","embeddable":true,"href":"https:\/\/www.oarcanjo.net\/site\/wp-json\/wp\/v2\/tags?post=10494"}],"curies":[{"name":"wp","href":"https:\/\/api.w.org\/{rel}","templated":true}]}}