
{"id":10508,"date":"2010-08-12T08:39:19","date_gmt":"2010-08-12T11:39:19","guid":{"rendered":"http:\/\/www.oarcanjo.net\/site\/?p=10508"},"modified":"2010-08-12T08:44:11","modified_gmt":"2010-08-12T11:44:11","slug":"o-proximo","status":"publish","type":"post","link":"https:\/\/www.oarcanjo.net\/site\/o-proximo\/","title":{"rendered":"O Pr\u00f3ximo"},"content":{"rendered":"<p>Pe. Alfredo J. Gon\u00e7alves, CS<\/p>\n<p>O conceito de \u201cpr\u00f3ximo\u201d na tradi\u00e7\u00e3o judaico-crist\u00e3 \u2013 Antigo Testamento e Novo Testamento \u2013 est\u00e1 fortemente marcado pela condi\u00e7\u00e3o do necessitado. O povo hebreu escravo no Egito, os camponeses sobrecarregados de impostos no tempo da monarquia e dos profetas, os exilados na Babil\u00f4nia, enfim, os oprimidos em geral s\u00e3o exemplos que ilustram essa concep\u00e7\u00e3o. Dois aspectos podem ser destacados. Primeiro, os quatro verbos na primeira pessoa do singular, atribu\u00eddos a Jav\u00e9 no Livro do \u00caxodo, \u201ceu vi a afli\u00e7\u00e3o do meu povo, eu ouvi seu clamor, eu conhe\u00e7o seu sofrimento e eu desci para libert\u00e1-lo\u201d, representam a experi\u00eancia fundante de um Deus que est\u00e1 atento, \u00e9 sens\u00edvel e solid\u00e1rio, com aqueles que sofrem, caminhando com eles ao longo de sua hist\u00f3ria (Ex 3,7-10; Dt 26,5-10). Em segundo lugar, o profetismo em Israel sublinha essa mesma preocupa\u00e7\u00e3o de Deus para com os marginalizados e exclu\u00eddos. Tr\u00eas express\u00f5es acompanham geralmente os aforismos e senten\u00e7as prof\u00e9ticos: de in\u00edcio, \u201clembra-te\u201d, que foste escravo no Egito, como podes agora escravizar teus pr\u00f3prios irm\u00e3os; em seguida, \u201co direito e a justi\u00e7a\u201d que voc\u00eas n\u00e3o podem esquecer, termos que tamb\u00e9m aparecem com frequ\u00eancia nos livros sapienciais; enfim, o bin\u00f4mio \u201cden\u00fancia e an\u00fancio\u201d, que, por um lado, desvenda mecanismos de opress\u00e3o e, por outro, aponta o sonho da Jerusal\u00e9m Celeste (Is 65, 17ss). De outro lado, nas p\u00e1ginas veterotestament\u00e1rias desfila com frequ\u00eancia a trilogia \u201cdo \u00f3rf\u00e3o, da vi\u00fava e do estrangeiro\u201d. Numa palavra, o termo \u201cpr\u00f3ximo\u201d define aquele que, pelas mais diversas circunst\u00e2ncias, tem sua vida amea\u00e7ada e que, por isso mesmo, passa a ter como porta-vozes os enviados de Deus: os profetas, os ju\u00edzes, e assim por diante. Sua confian\u00e7a se desloca para Deus e seus representantes. Na trajet\u00f3ria hist\u00f3rica de Jesus n\u00e3o \u00e9 diferente. Pr\u00f3ximo equivale ao pobre evang\u00e9lico: algu\u00e9m que nada mais espera da sociedade, do mundo, dos homens, da pol\u00edtica ou da hist\u00f3ria e que, em tais condi\u00e7\u00f5es de abandono, apela para o poder e a miseric\u00f3rdia de Deus. Devida \u00e0 precariedade de sua vida, o pr\u00f3ximo ou pobre, abre-se \u00e0 irrup\u00e7\u00e3o de Deus na hist\u00f3ria. Est\u00e1 predisposto a aderir com maior facilidade \u00e0s transforma\u00e7\u00f5es socioecon\u00f4micas ou pol\u00edtico-culturais. Diferentemente de quem nasce em ber\u00e7o de ouro e que normalmente rejeita a id\u00e9ia de mudan\u00e7a, o pr\u00f3ximo ou pobre tende a ver nela novas oportunidades de vida. Enquanto um \u00e9 avesso \u00e0s transforma\u00e7\u00f5es, o outro muitas vezes as anseia. Para o rico, o soberbo, o orgulhoso ou o auto-suficiente, o tempo deve permanecer fechado. A tese de Francis Fukuyama sobre \u201co fim da hist\u00f3ria\u201d representa bem esse mundo cerrado ao futuro. Inversamente, para o indefeso e o fraco, que s\u00f3 v\u00ea salva\u00e7\u00e3o em Deus, a hist\u00f3ria \u00e9 um terreno sempre aberto a novas semeaduras, novos plantios e novas colheitas. A esperan\u00e7a encontra-se num futuro a ser permanentemente recriado. \u201cA cria\u00e7\u00e3o inteira geme e sofre de dores de parto\u201d, escrever\u00e1 o ap\u00f3stolo Paulo aos crist\u00e3os de Roma (Rm 8,18-25). Nos relatos dos quatro evangelistas, desfilam v\u00e1rios rostos concretos que encarnam o pr\u00f3ximo e o pobre. Basta consultar, entre tantos epis\u00f3dios, as c\u00e9lebres p\u00e1ginas do Ju\u00edzo Final, das Bem-aventuran\u00e7as, do Programa de Jesus (respectivamente em Mt 25,31-46; Mt 5,1-12; Lc 4,16-20). Mas \u00e9 no epis\u00f3dio do Bom Samaritano que transparece de forma mais explicita a quest\u00e3o do pr\u00f3ximo. A discuss\u00e3o sobre o maior mandamento leva \u00e0 pergunta do doutor da lei, sobre \u201cquem \u00e9 meu pr\u00f3ximo?\u201d, a qual orientar\u00e1 a par\u00e1bola de Jesus. Comentando o epis\u00f3dio, Edward Schillebeeckx diz que \u201cLucas inverte a no\u00e7\u00e3o de pr\u00f3ximo: o pr\u00f3ximo n\u00e3o \u00e9 tanto o objeto da a\u00e7\u00e3o; para o outro, o ser pr\u00f3ximo e auxiliador \u00e9 o pr\u00f3prio sujeito que age. A rela\u00e7\u00e3o entre \u201cpr\u00f3ximos\u201d nasce apenas quando algu\u00e9m ajuda e auxilia outro algu\u00e9m, quando se aproxima do outro. Caridade crist\u00e3 \u00e9 isso: realiza-se aproximando-se de algu\u00e9m, fazendo-lhe o bem, estabelecendo contato, comunica\u00e7\u00e3o benfazeja, criando amizade\u201d (SCHILLEBEECKX, E. Jesus hist\u00f3ria de um vivente, Ed. Paulus, S\u00e3o Paulo, 2008, p\u00e1g. 247). E o autor insiste em que \u201cfelicidade e futuro eram prometidos a quem j\u00e1 n\u00e3o tinha mais esperan\u00e7a no futuro\u201d. Em outras palavras, a condi\u00e7\u00e3o para haver \u201cpr\u00f3ximo\u201d \u00e9 que algu\u00e9m se desinstale, saia de si mesmo, e v\u00e1 ao encontro de quem se encontra necessitado. A no\u00e7\u00e3o de \u201cpr\u00f3ximo\u201d s\u00f3 existe diante de uma situa\u00e7\u00e3o concreta de amea\u00e7a, a qual cria a possibilidade de estender a m\u00e3o ao indefeso, doente, fr\u00e1gil, pobre, exclu\u00eddo. N\u00e3o se trata, portanto, de uma atitude passiva de algu\u00e9m que espera ajuda, e sim de um protagonismo ativo que interrompe seus afazeres e sua viagem para acolher e defender aquele \u201cque est\u00e1 ca\u00eddo \u00e0 beira da estrada\u201d. Entre o sacerdote, o levita e o samaritano da par\u00e1bola, \u201cquem foi o pr\u00f3ximo?\u201d \u2013 pergunta Jesus. \u201cAquele que usou de miseric\u00f3rdia para com ele\u201d \u2013 responde o interlocutor. Ou seja, aquele foi capaz de desviar-se de sua rota di\u00e1ria e colocar seu tempo e seu dinheiro a servi\u00e7o do necessitado. Pr\u00f3ximo \u00e9 aquele que se antecipa, que toma posi\u00e7\u00e3o diante dos fatos, e n\u00e3o aquele que aguarda ser atendido. O conceito de proximidade implica uma postura de ir ao encontro. Numa perspectiva scalabriniana, \u201cpr\u00f3ximo\u201d n\u00e3o \u00e9 o imigrante, o refugiado, o mar\u00edtimo, o exilado, o deportado ou o itinerante. Pr\u00f3ximos s\u00e3o aqueles que se aproximam desses rostos para defender seus direitos b\u00e1sicos e apontar-lhes a possibilidade de uma p\u00e1tria sem fronteiras, de uma cidadania universal. Podemos concluir dizendo que J. B. Scalabrini \u00e9 o prot\u00f3tipo do \u201cpr\u00f3ximo\u201d para o migrante ca\u00eddo \u00e0 beira da estrada, da vida e da hist\u00f3ria.<\/p>\n<div id=\"themify_builder_content-10508\" data-postid=\"10508\" class=\"themify_builder_content themify_builder_content-10508 themify_builder themify_builder_front\">\n\t<\/div>\n<!-- \/themify_builder_content -->","protected":false},"excerpt":{"rendered":"<p>Pe. Alfredo J. Gon\u00e7alves, CS O conceito de \u201cpr\u00f3ximo\u201d na tradi\u00e7\u00e3o judaico-crist\u00e3 \u2013 Antigo Testamento e Novo Testamento \u2013 est\u00e1 fortemente marcado pela condi\u00e7\u00e3o do necessitado. O povo hebreu escravo no Egito, os camponeses sobrecarregados de impostos no tempo da monarquia e dos profetas, os exilados na Babil\u00f4nia, enfim, os oprimidos em geral s\u00e3o exemplos [&hellip;]<\/p>\n","protected":false},"author":15,"featured_media":0,"comment_status":"open","ping_status":"open","sticky":false,"template":"","format":"standard","meta":{"ngg_post_thumbnail":0,"footnotes":""},"categories":[9],"tags":[],"yoast_head":"<!-- This site is optimized with the Yoast SEO plugin v23.5 - https:\/\/yoast.com\/wordpress\/plugins\/seo\/ -->\n<title>O Pr\u00f3ximo - O Arcanjo no ar<\/title>\n<meta name=\"robots\" content=\"index, follow, max-snippet:-1, max-image-preview:large, max-video-preview:-1\" \/>\n<link rel=\"canonical\" href=\"https:\/\/www.oarcanjo.net\/site\/o-proximo\/\" \/>\n<meta property=\"og:locale\" content=\"pt_BR\" \/>\n<meta property=\"og:type\" content=\"article\" \/>\n<meta property=\"og:title\" content=\"O Pr\u00f3ximo - O Arcanjo no ar\" \/>\n<meta property=\"og:description\" content=\"Pe. Alfredo J. Gon\u00e7alves, CS O conceito de \u201cpr\u00f3ximo\u201d na tradi\u00e7\u00e3o judaico-crist\u00e3 \u2013 Antigo Testamento e Novo Testamento \u2013 est\u00e1 fortemente marcado pela condi\u00e7\u00e3o do necessitado. O povo hebreu escravo no Egito, os camponeses sobrecarregados de impostos no tempo da monarquia e dos profetas, os exilados na Babil\u00f4nia, enfim, os oprimidos em geral s\u00e3o exemplos [&hellip;]\" \/>\n<meta property=\"og:url\" content=\"https:\/\/www.oarcanjo.net\/site\/o-proximo\/\" \/>\n<meta property=\"og:site_name\" content=\"O Arcanjo no ar\" \/>\n<meta property=\"article:publisher\" content=\"https:\/\/www.facebook.com\/OArcanjoNoAr\/\" \/>\n<meta property=\"article:published_time\" content=\"2010-08-12T11:39:19+00:00\" \/>\n<meta property=\"article:modified_time\" content=\"2010-08-12T11:44:11+00:00\" \/>\n<meta property=\"og:image\" content=\"https:\/\/www.oarcanjo.net\/site\/wp-content\/uploads\/logo-o-arcanjo-no-ar-facebook.png\" \/>\n\t<meta property=\"og:image:width\" content=\"300\" \/>\n\t<meta property=\"og:image:height\" content=\"300\" \/>\n\t<meta property=\"og:image:type\" content=\"image\/png\" \/>\n<meta name=\"author\" content=\"Alexandre Nunes\" \/>\n<meta name=\"twitter:card\" content=\"summary_large_image\" \/>\n<meta name=\"twitter:label1\" content=\"Escrito por\" \/>\n\t<meta name=\"twitter:data1\" content=\"Alexandre Nunes\" \/>\n\t<meta name=\"twitter:label2\" content=\"Est. tempo de leitura\" \/>\n\t<meta name=\"twitter:data2\" content=\"5 minutos\" \/>\n<script type=\"application\/ld+json\" class=\"yoast-schema-graph\">{\"@context\":\"https:\/\/schema.org\",\"@graph\":[{\"@type\":\"Article\",\"@id\":\"https:\/\/www.oarcanjo.net\/site\/o-proximo\/#article\",\"isPartOf\":{\"@id\":\"https:\/\/www.oarcanjo.net\/site\/o-proximo\/\"},\"author\":{\"name\":\"Alexandre Nunes\",\"@id\":\"https:\/\/www.oarcanjo.net\/site\/#\/schema\/person\/0a2ae077c1a09b69d29928e3b9f1c0d1\"},\"headline\":\"O Pr\u00f3ximo\",\"datePublished\":\"2010-08-12T11:39:19+00:00\",\"dateModified\":\"2010-08-12T11:44:11+00:00\",\"mainEntityOfPage\":{\"@id\":\"https:\/\/www.oarcanjo.net\/site\/o-proximo\/\"},\"wordCount\":1033,\"commentCount\":3,\"publisher\":{\"@id\":\"https:\/\/www.oarcanjo.net\/site\/#organization\"},\"articleSection\":[\"Reflex\u00f5es\"],\"inLanguage\":\"pt-BR\",\"potentialAction\":[{\"@type\":\"CommentAction\",\"name\":\"Comment\",\"target\":[\"https:\/\/www.oarcanjo.net\/site\/o-proximo\/#respond\"]}]},{\"@type\":\"WebPage\",\"@id\":\"https:\/\/www.oarcanjo.net\/site\/o-proximo\/\",\"url\":\"https:\/\/www.oarcanjo.net\/site\/o-proximo\/\",\"name\":\"O Pr\u00f3ximo - O Arcanjo no ar\",\"isPartOf\":{\"@id\":\"https:\/\/www.oarcanjo.net\/site\/#website\"},\"datePublished\":\"2010-08-12T11:39:19+00:00\",\"dateModified\":\"2010-08-12T11:44:11+00:00\",\"breadcrumb\":{\"@id\":\"https:\/\/www.oarcanjo.net\/site\/o-proximo\/#breadcrumb\"},\"inLanguage\":\"pt-BR\",\"potentialAction\":[{\"@type\":\"ReadAction\",\"target\":[\"https:\/\/www.oarcanjo.net\/site\/o-proximo\/\"]}]},{\"@type\":\"BreadcrumbList\",\"@id\":\"https:\/\/www.oarcanjo.net\/site\/o-proximo\/#breadcrumb\",\"itemListElement\":[{\"@type\":\"ListItem\",\"position\":1,\"name\":\"In\u00edcio\",\"item\":\"https:\/\/www.oarcanjo.net\/site\/\"},{\"@type\":\"ListItem\",\"position\":2,\"name\":\"O Pr\u00f3ximo\"}]},{\"@type\":\"WebSite\",\"@id\":\"https:\/\/www.oarcanjo.net\/site\/#website\",\"url\":\"https:\/\/www.oarcanjo.net\/site\/\",\"name\":\"O Arcanjo no ar\",\"description\":\"Site da Par\u00f3quia S\u00e3o Miguel Arcanjo (Arquidiocese de SP)\",\"publisher\":{\"@id\":\"https:\/\/www.oarcanjo.net\/site\/#organization\"},\"potentialAction\":[{\"@type\":\"SearchAction\",\"target\":{\"@type\":\"EntryPoint\",\"urlTemplate\":\"https:\/\/www.oarcanjo.net\/site\/?s={search_term_string}\"},\"query-input\":{\"@type\":\"PropertyValueSpecification\",\"valueRequired\":true,\"valueName\":\"search_term_string\"}}],\"inLanguage\":\"pt-BR\"},{\"@type\":\"Organization\",\"@id\":\"https:\/\/www.oarcanjo.net\/site\/#organization\",\"name\":\"Par\u00f3quia S\u00e3o Miguel Arcanjo\",\"url\":\"https:\/\/www.oarcanjo.net\/site\/\",\"logo\":{\"@type\":\"ImageObject\",\"inLanguage\":\"pt-BR\",\"@id\":\"https:\/\/www.oarcanjo.net\/site\/#\/schema\/logo\/image\/\",\"url\":\"https:\/\/www.oarcanjo.net\/site\/wp-content\/uploads\/LogoOArcanjo.png\",\"contentUrl\":\"https:\/\/www.oarcanjo.net\/site\/wp-content\/uploads\/LogoOArcanjo.png\",\"width\":319,\"height\":99,\"caption\":\"Par\u00f3quia S\u00e3o Miguel Arcanjo\"},\"image\":{\"@id\":\"https:\/\/www.oarcanjo.net\/site\/#\/schema\/logo\/image\/\"},\"sameAs\":[\"https:\/\/www.facebook.com\/OArcanjoNoAr\/\"]},{\"@type\":\"Person\",\"@id\":\"https:\/\/www.oarcanjo.net\/site\/#\/schema\/person\/0a2ae077c1a09b69d29928e3b9f1c0d1\",\"name\":\"Alexandre Nunes\",\"sameAs\":[\"http:\/\/alexandrenu.com\"]}]}<\/script>\n<!-- \/ Yoast SEO plugin. -->","yoast_head_json":{"title":"O Pr\u00f3ximo - O Arcanjo no ar","robots":{"index":"index","follow":"follow","max-snippet":"max-snippet:-1","max-image-preview":"max-image-preview:large","max-video-preview":"max-video-preview:-1"},"canonical":"https:\/\/www.oarcanjo.net\/site\/o-proximo\/","og_locale":"pt_BR","og_type":"article","og_title":"O Pr\u00f3ximo - O Arcanjo no ar","og_description":"Pe. Alfredo J. Gon\u00e7alves, CS O conceito de \u201cpr\u00f3ximo\u201d na tradi\u00e7\u00e3o judaico-crist\u00e3 \u2013 Antigo Testamento e Novo Testamento \u2013 est\u00e1 fortemente marcado pela condi\u00e7\u00e3o do necessitado. O povo hebreu escravo no Egito, os camponeses sobrecarregados de impostos no tempo da monarquia e dos profetas, os exilados na Babil\u00f4nia, enfim, os oprimidos em geral s\u00e3o exemplos [&hellip;]","og_url":"https:\/\/www.oarcanjo.net\/site\/o-proximo\/","og_site_name":"O Arcanjo no ar","article_publisher":"https:\/\/www.facebook.com\/OArcanjoNoAr\/","article_published_time":"2010-08-12T11:39:19+00:00","article_modified_time":"2010-08-12T11:44:11+00:00","og_image":[{"width":300,"height":300,"url":"https:\/\/www.oarcanjo.net\/site\/wp-content\/uploads\/logo-o-arcanjo-no-ar-facebook.png","type":"image\/png"}],"author":"Alexandre Nunes","twitter_card":"summary_large_image","twitter_misc":{"Escrito por":"Alexandre Nunes","Est. tempo de leitura":"5 minutos"},"schema":{"@context":"https:\/\/schema.org","@graph":[{"@type":"Article","@id":"https:\/\/www.oarcanjo.net\/site\/o-proximo\/#article","isPartOf":{"@id":"https:\/\/www.oarcanjo.net\/site\/o-proximo\/"},"author":{"name":"Alexandre Nunes","@id":"https:\/\/www.oarcanjo.net\/site\/#\/schema\/person\/0a2ae077c1a09b69d29928e3b9f1c0d1"},"headline":"O Pr\u00f3ximo","datePublished":"2010-08-12T11:39:19+00:00","dateModified":"2010-08-12T11:44:11+00:00","mainEntityOfPage":{"@id":"https:\/\/www.oarcanjo.net\/site\/o-proximo\/"},"wordCount":1033,"commentCount":3,"publisher":{"@id":"https:\/\/www.oarcanjo.net\/site\/#organization"},"articleSection":["Reflex\u00f5es"],"inLanguage":"pt-BR","potentialAction":[{"@type":"CommentAction","name":"Comment","target":["https:\/\/www.oarcanjo.net\/site\/o-proximo\/#respond"]}]},{"@type":"WebPage","@id":"https:\/\/www.oarcanjo.net\/site\/o-proximo\/","url":"https:\/\/www.oarcanjo.net\/site\/o-proximo\/","name":"O Pr\u00f3ximo - O Arcanjo no ar","isPartOf":{"@id":"https:\/\/www.oarcanjo.net\/site\/#website"},"datePublished":"2010-08-12T11:39:19+00:00","dateModified":"2010-08-12T11:44:11+00:00","breadcrumb":{"@id":"https:\/\/www.oarcanjo.net\/site\/o-proximo\/#breadcrumb"},"inLanguage":"pt-BR","potentialAction":[{"@type":"ReadAction","target":["https:\/\/www.oarcanjo.net\/site\/o-proximo\/"]}]},{"@type":"BreadcrumbList","@id":"https:\/\/www.oarcanjo.net\/site\/o-proximo\/#breadcrumb","itemListElement":[{"@type":"ListItem","position":1,"name":"In\u00edcio","item":"https:\/\/www.oarcanjo.net\/site\/"},{"@type":"ListItem","position":2,"name":"O Pr\u00f3ximo"}]},{"@type":"WebSite","@id":"https:\/\/www.oarcanjo.net\/site\/#website","url":"https:\/\/www.oarcanjo.net\/site\/","name":"O Arcanjo no ar","description":"Site da Par\u00f3quia S\u00e3o Miguel Arcanjo (Arquidiocese de SP)","publisher":{"@id":"https:\/\/www.oarcanjo.net\/site\/#organization"},"potentialAction":[{"@type":"SearchAction","target":{"@type":"EntryPoint","urlTemplate":"https:\/\/www.oarcanjo.net\/site\/?s={search_term_string}"},"query-input":{"@type":"PropertyValueSpecification","valueRequired":true,"valueName":"search_term_string"}}],"inLanguage":"pt-BR"},{"@type":"Organization","@id":"https:\/\/www.oarcanjo.net\/site\/#organization","name":"Par\u00f3quia S\u00e3o Miguel Arcanjo","url":"https:\/\/www.oarcanjo.net\/site\/","logo":{"@type":"ImageObject","inLanguage":"pt-BR","@id":"https:\/\/www.oarcanjo.net\/site\/#\/schema\/logo\/image\/","url":"https:\/\/www.oarcanjo.net\/site\/wp-content\/uploads\/LogoOArcanjo.png","contentUrl":"https:\/\/www.oarcanjo.net\/site\/wp-content\/uploads\/LogoOArcanjo.png","width":319,"height":99,"caption":"Par\u00f3quia S\u00e3o Miguel Arcanjo"},"image":{"@id":"https:\/\/www.oarcanjo.net\/site\/#\/schema\/logo\/image\/"},"sameAs":["https:\/\/www.facebook.com\/OArcanjoNoAr\/"]},{"@type":"Person","@id":"https:\/\/www.oarcanjo.net\/site\/#\/schema\/person\/0a2ae077c1a09b69d29928e3b9f1c0d1","name":"Alexandre Nunes","sameAs":["http:\/\/alexandrenu.com"]}]}},"publishpress_future_action":{"enabled":false,"date":"2026-05-10 05:39:01","action":"category","newStatus":"draft","terms":[],"taxonomy":"category"},"publishpress_future_workflow_manual_trigger":{"enabledWorkflows":[]},"_links":{"self":[{"href":"https:\/\/www.oarcanjo.net\/site\/wp-json\/wp\/v2\/posts\/10508"}],"collection":[{"href":"https:\/\/www.oarcanjo.net\/site\/wp-json\/wp\/v2\/posts"}],"about":[{"href":"https:\/\/www.oarcanjo.net\/site\/wp-json\/wp\/v2\/types\/post"}],"author":[{"embeddable":true,"href":"https:\/\/www.oarcanjo.net\/site\/wp-json\/wp\/v2\/users\/15"}],"replies":[{"embeddable":true,"href":"https:\/\/www.oarcanjo.net\/site\/wp-json\/wp\/v2\/comments?post=10508"}],"version-history":[{"count":0,"href":"https:\/\/www.oarcanjo.net\/site\/wp-json\/wp\/v2\/posts\/10508\/revisions"}],"wp:attachment":[{"href":"https:\/\/www.oarcanjo.net\/site\/wp-json\/wp\/v2\/media?parent=10508"}],"wp:term":[{"taxonomy":"category","embeddable":true,"href":"https:\/\/www.oarcanjo.net\/site\/wp-json\/wp\/v2\/categories?post=10508"},{"taxonomy":"post_tag","embeddable":true,"href":"https:\/\/www.oarcanjo.net\/site\/wp-json\/wp\/v2\/tags?post=10508"}],"curies":[{"name":"wp","href":"https:\/\/api.w.org\/{rel}","templated":true}]}}