
{"id":10513,"date":"2018-08-16T00:19:12","date_gmt":"2018-08-16T03:19:12","guid":{"rendered":"http:\/\/www.oarcanjo.net\/site\/?p=10513"},"modified":"2018-06-25T08:16:40","modified_gmt":"2018-06-25T11:16:40","slug":"sao-joao-francisco-regis","status":"publish","type":"post","link":"https:\/\/www.oarcanjo.net\/site\/sao-joao-francisco-regis\/","title":{"rendered":"S\u00e3o Jo\u00e3o Francisco R\u00e9gis"},"content":{"rendered":"<p><img loading=\"lazy\" decoding=\"async\" src=\"http:\/\/2.bp.blogspot.com\/_LLGsPvAD04A\/TBftkuJ2VII\/AAAAAAAAIXk\/B-8ztV150gY\/s1600\/S%C3%A3o+Giovanni_Francesco_Regis_B.jpg\" alt=\"\" width=\"330\" height=\"470\" \/><\/p>\n<p>16 de Agosto<\/p>\n<p>Francisco R\u00e9gis nasceu, em 31 de janeiro de 1597, numa pequena aldeia de Narbone, na Fran\u00e7a. Filho de um rico comerciante, foi educado num col\u00e9gio dirigido por sacerdotes jesu\u00edtas desde pequeno. Nada mais natural que entrasse para a Companhia de Jesus quando, em 1616, decidiu-se pela vida religiosa. Desejava, ardentemente, seguir o exemplo dos jesu\u00edtas mission\u00e1rios que evangelizavam em terras pag\u00e3s estrangeiras.<\/p>\n<p>Tornou-se rapidamente respeitado e admirado pela dedica\u00e7\u00e3o na catequiza\u00e7\u00e3o que fazia diretamente ao povo, auxiliando os sacerdotes, assim como nas escolas que a Companhia de Jesus dirigia. Aos trinta e tr\u00eas anos, ordenou-se sacerdote, tomando o nome de Jo\u00e3o Francisco. S\u00f3 ent\u00e3o o seu contagiante trabalho disseminou-se pela cidade, por meio das obras dedicadas aos marginalizados, necessitados e doentes. Essa era a miss\u00e3o important\u00edssima que o aguardava l\u00e1 mesmo, na sua terra natal: atender aos pobres e doentes e converter os pecadores.<\/p>\n<p>Entre os anos 1630 e 1640, duas epidemias de pestes assolaram a comunidade. Francisco R\u00e9gis era incans\u00e1vel no atendimento aos doentes pobres e suas fam\u00edlias. Nesse per\u00edodo, conscientizou-se de que a Fran\u00e7a precisava da sua a\u00e7\u00e3o apost\u00f3lica e n\u00e3o o exterior. Assim, tornou-se um valente mission\u00e1rio jesu\u00edta, e o mais freq\u00fcente sacerdote visitador de c\u00e1rceres e hospitais. Os registros relatam \u00e0s centenas os doentes que salvou e os pag\u00e3os que converteu ao mesmo tempo.<\/p>\n<p>Bispos de seu tempo relataram que ele era dotado de um carisma muito especial. Onde pregava os ensinamentos de Cristo, as pessoas, invariavelmente, se convertiam. Conseguiu, com o auxilio da Virgem M\u00e3e, como ele mesmo dizia, converter aldeias inteiras com o seu apostolado. Foram dez anos empregados nesse fatigante e prof\u00edcuo trabalho mission\u00e1rio.<\/p>\n<p>Francisco R\u00e9gis foi designado para chefiar a miss\u00e3o enviada \u00e0 La Louvesc, na diocese de Dauphine. Antes de iniciar a viagem, quis despedir-se dos companheiros jesu\u00edtas. Percebera, apesar da pouca idade, que sua morte estava muito pr\u00f3xima. A viagem at\u00e9 l\u00e1 foi um tremendo sacrif\u00edcio. Al\u00e9m de atravessar altas montanhas, o caminho foi trilhado debaixo de um rigoroso inverno.<\/p>\n<p>Chegou a La Louvesc doente e perigosamente febril. Mas, como havia uma enorme multid\u00e3o de fi\u00e9is que desejavam ouvir seus serm\u00f5es, pregou por tr\u00eas dias seguidos. Os intervalos de descanso foram utilizados para o atendimento no confession\u00e1rio. Finalmente, abatido por uma enorme fraqueza, que evoluiu para uma pneumonia fulminante, faleceu no dia 31 de dezembro de 1640, aos quarenta e tr\u00eas anos de idade.<\/p>\n<p>O papa Clemente XII canonizou-o em 1737. S\u00e3o Jo\u00e3o Francisco R\u00e9gis, ou apenas s\u00e3o Francisco R\u00e9gis, como era chamado, teve sua festa marcada para o dia 16 de agosto.<\/p>\n<div id=\"themify_builder_content-10513\" data-postid=\"10513\" class=\"themify_builder_content themify_builder_content-10513 themify_builder themify_builder_front\">\n\t<\/div>\n<!-- \/themify_builder_content -->","protected":false},"excerpt":{"rendered":"<p>16 de Agosto Francisco R\u00e9gis nasceu, em 31 de janeiro de 1597, numa pequena aldeia de Narbone, na Fran\u00e7a. Filho de um rico comerciante, foi educado num col\u00e9gio dirigido por sacerdotes jesu\u00edtas desde pequeno. Nada mais natural que entrasse para a Companhia de Jesus quando, em 1616, decidiu-se pela vida religiosa. Desejava, ardentemente, seguir o [&hellip;]<\/p>\n","protected":false},"author":14,"featured_media":0,"comment_status":"open","ping_status":"open","sticky":false,"template":"","format":"standard","meta":{"ngg_post_thumbnail":0,"footnotes":""},"categories":[186],"tags":[],"yoast_head":"<!-- This site is optimized with the Yoast SEO plugin v23.5 - https:\/\/yoast.com\/wordpress\/plugins\/seo\/ -->\n<title>S\u00e3o Jo\u00e3o Francisco R\u00e9gis - O Arcanjo no ar<\/title>\n<meta name=\"robots\" content=\"index, follow, max-snippet:-1, max-image-preview:large, max-video-preview:-1\" \/>\n<link rel=\"canonical\" href=\"https:\/\/www.oarcanjo.net\/site\/sao-joao-francisco-regis\/\" \/>\n<meta property=\"og:locale\" content=\"pt_BR\" \/>\n<meta property=\"og:type\" content=\"article\" \/>\n<meta property=\"og:title\" content=\"S\u00e3o Jo\u00e3o Francisco R\u00e9gis - O Arcanjo no ar\" \/>\n<meta property=\"og:description\" content=\"16 de Agosto Francisco R\u00e9gis nasceu, em 31 de janeiro de 1597, numa pequena aldeia de Narbone, na Fran\u00e7a. Filho de um rico comerciante, foi educado num col\u00e9gio dirigido por sacerdotes jesu\u00edtas desde pequeno. Nada mais natural que entrasse para a Companhia de Jesus quando, em 1616, decidiu-se pela vida religiosa. Desejava, ardentemente, seguir o [&hellip;]\" \/>\n<meta property=\"og:url\" content=\"https:\/\/www.oarcanjo.net\/site\/sao-joao-francisco-regis\/\" \/>\n<meta property=\"og:site_name\" content=\"O Arcanjo no ar\" \/>\n<meta property=\"article:publisher\" content=\"https:\/\/www.facebook.com\/OArcanjoNoAr\/\" \/>\n<meta property=\"article:published_time\" content=\"2018-08-16T03:19:12+00:00\" \/>\n<meta property=\"article:modified_time\" content=\"2018-06-25T11:16:40+00:00\" \/>\n<meta property=\"og:image\" content=\"http:\/\/2.bp.blogspot.com\/_LLGsPvAD04A\/TBftkuJ2VII\/AAAAAAAAIXk\/B-8ztV150gY\/s1600\/S%C3%A3o+Giovanni_Francesco_Regis_B.jpg\" \/>\n<meta name=\"author\" content=\"danilo\" \/>\n<meta name=\"twitter:card\" content=\"summary_large_image\" \/>\n<meta name=\"twitter:label1\" content=\"Escrito por\" \/>\n\t<meta name=\"twitter:data1\" content=\"danilo\" \/>\n\t<meta name=\"twitter:label2\" content=\"Est. tempo de leitura\" \/>\n\t<meta name=\"twitter:data2\" content=\"2 minutos\" \/>\n<script type=\"application\/ld+json\" class=\"yoast-schema-graph\">{\"@context\":\"https:\/\/schema.org\",\"@graph\":[{\"@type\":\"Article\",\"@id\":\"https:\/\/www.oarcanjo.net\/site\/sao-joao-francisco-regis\/#article\",\"isPartOf\":{\"@id\":\"https:\/\/www.oarcanjo.net\/site\/sao-joao-francisco-regis\/\"},\"author\":{\"name\":\"danilo\",\"@id\":\"https:\/\/www.oarcanjo.net\/site\/#\/schema\/person\/5eb9480bedd2f3c97e430ce128c29c6c\"},\"headline\":\"S\u00e3o Jo\u00e3o Francisco R\u00e9gis\",\"datePublished\":\"2018-08-16T03:19:12+00:00\",\"dateModified\":\"2018-06-25T11:16:40+00:00\",\"mainEntityOfPage\":{\"@id\":\"https:\/\/www.oarcanjo.net\/site\/sao-joao-francisco-regis\/\"},\"wordCount\":469,\"commentCount\":0,\"publisher\":{\"@id\":\"https:\/\/www.oarcanjo.net\/site\/#organization\"},\"image\":{\"@id\":\"https:\/\/www.oarcanjo.net\/site\/sao-joao-francisco-regis\/#primaryimage\"},\"thumbnailUrl\":\"http:\/\/2.bp.blogspot.com\/_LLGsPvAD04A\/TBftkuJ2VII\/AAAAAAAAIXk\/B-8ztV150gY\/s1600\/S%C3%A3o+Giovanni_Francesco_Regis_B.jpg\",\"articleSection\":[\"Testemunhos\"],\"inLanguage\":\"pt-BR\",\"potentialAction\":[{\"@type\":\"CommentAction\",\"name\":\"Comment\",\"target\":[\"https:\/\/www.oarcanjo.net\/site\/sao-joao-francisco-regis\/#respond\"]}]},{\"@type\":\"WebPage\",\"@id\":\"https:\/\/www.oarcanjo.net\/site\/sao-joao-francisco-regis\/\",\"url\":\"https:\/\/www.oarcanjo.net\/site\/sao-joao-francisco-regis\/\",\"name\":\"S\u00e3o Jo\u00e3o Francisco R\u00e9gis - O Arcanjo no ar\",\"isPartOf\":{\"@id\":\"https:\/\/www.oarcanjo.net\/site\/#website\"},\"primaryImageOfPage\":{\"@id\":\"https:\/\/www.oarcanjo.net\/site\/sao-joao-francisco-regis\/#primaryimage\"},\"image\":{\"@id\":\"https:\/\/www.oarcanjo.net\/site\/sao-joao-francisco-regis\/#primaryimage\"},\"thumbnailUrl\":\"http:\/\/2.bp.blogspot.com\/_LLGsPvAD04A\/TBftkuJ2VII\/AAAAAAAAIXk\/B-8ztV150gY\/s1600\/S%C3%A3o+Giovanni_Francesco_Regis_B.jpg\",\"datePublished\":\"2018-08-16T03:19:12+00:00\",\"dateModified\":\"2018-06-25T11:16:40+00:00\",\"breadcrumb\":{\"@id\":\"https:\/\/www.oarcanjo.net\/site\/sao-joao-francisco-regis\/#breadcrumb\"},\"inLanguage\":\"pt-BR\",\"potentialAction\":[{\"@type\":\"ReadAction\",\"target\":[\"https:\/\/www.oarcanjo.net\/site\/sao-joao-francisco-regis\/\"]}]},{\"@type\":\"ImageObject\",\"inLanguage\":\"pt-BR\",\"@id\":\"https:\/\/www.oarcanjo.net\/site\/sao-joao-francisco-regis\/#primaryimage\",\"url\":\"http:\/\/2.bp.blogspot.com\/_LLGsPvAD04A\/TBftkuJ2VII\/AAAAAAAAIXk\/B-8ztV150gY\/s1600\/S%C3%A3o+Giovanni_Francesco_Regis_B.jpg\",\"contentUrl\":\"http:\/\/2.bp.blogspot.com\/_LLGsPvAD04A\/TBftkuJ2VII\/AAAAAAAAIXk\/B-8ztV150gY\/s1600\/S%C3%A3o+Giovanni_Francesco_Regis_B.jpg\"},{\"@type\":\"BreadcrumbList\",\"@id\":\"https:\/\/www.oarcanjo.net\/site\/sao-joao-francisco-regis\/#breadcrumb\",\"itemListElement\":[{\"@type\":\"ListItem\",\"position\":1,\"name\":\"In\u00edcio\",\"item\":\"https:\/\/www.oarcanjo.net\/site\/\"},{\"@type\":\"ListItem\",\"position\":2,\"name\":\"S\u00e3o Jo\u00e3o Francisco R\u00e9gis\"}]},{\"@type\":\"WebSite\",\"@id\":\"https:\/\/www.oarcanjo.net\/site\/#website\",\"url\":\"https:\/\/www.oarcanjo.net\/site\/\",\"name\":\"O Arcanjo no ar\",\"description\":\"Site da Par\u00f3quia S\u00e3o Miguel Arcanjo (Arquidiocese de SP)\",\"publisher\":{\"@id\":\"https:\/\/www.oarcanjo.net\/site\/#organization\"},\"potentialAction\":[{\"@type\":\"SearchAction\",\"target\":{\"@type\":\"EntryPoint\",\"urlTemplate\":\"https:\/\/www.oarcanjo.net\/site\/?s={search_term_string}\"},\"query-input\":{\"@type\":\"PropertyValueSpecification\",\"valueRequired\":true,\"valueName\":\"search_term_string\"}}],\"inLanguage\":\"pt-BR\"},{\"@type\":\"Organization\",\"@id\":\"https:\/\/www.oarcanjo.net\/site\/#organization\",\"name\":\"Par\u00f3quia S\u00e3o Miguel Arcanjo\",\"url\":\"https:\/\/www.oarcanjo.net\/site\/\",\"logo\":{\"@type\":\"ImageObject\",\"inLanguage\":\"pt-BR\",\"@id\":\"https:\/\/www.oarcanjo.net\/site\/#\/schema\/logo\/image\/\",\"url\":\"https:\/\/www.oarcanjo.net\/site\/wp-content\/uploads\/LogoOArcanjo.png\",\"contentUrl\":\"https:\/\/www.oarcanjo.net\/site\/wp-content\/uploads\/LogoOArcanjo.png\",\"width\":319,\"height\":99,\"caption\":\"Par\u00f3quia S\u00e3o Miguel Arcanjo\"},\"image\":{\"@id\":\"https:\/\/www.oarcanjo.net\/site\/#\/schema\/logo\/image\/\"},\"sameAs\":[\"https:\/\/www.facebook.com\/OArcanjoNoAr\/\"]},{\"@type\":\"Person\",\"@id\":\"https:\/\/www.oarcanjo.net\/site\/#\/schema\/person\/5eb9480bedd2f3c97e430ce128c29c6c\",\"name\":\"danilo\"}]}<\/script>\n<!-- \/ Yoast SEO plugin. -->","yoast_head_json":{"title":"S\u00e3o Jo\u00e3o Francisco R\u00e9gis - O Arcanjo no ar","robots":{"index":"index","follow":"follow","max-snippet":"max-snippet:-1","max-image-preview":"max-image-preview:large","max-video-preview":"max-video-preview:-1"},"canonical":"https:\/\/www.oarcanjo.net\/site\/sao-joao-francisco-regis\/","og_locale":"pt_BR","og_type":"article","og_title":"S\u00e3o Jo\u00e3o Francisco R\u00e9gis - O Arcanjo no ar","og_description":"16 de Agosto Francisco R\u00e9gis nasceu, em 31 de janeiro de 1597, numa pequena aldeia de Narbone, na Fran\u00e7a. Filho de um rico comerciante, foi educado num col\u00e9gio dirigido por sacerdotes jesu\u00edtas desde pequeno. Nada mais natural que entrasse para a Companhia de Jesus quando, em 1616, decidiu-se pela vida religiosa. Desejava, ardentemente, seguir o [&hellip;]","og_url":"https:\/\/www.oarcanjo.net\/site\/sao-joao-francisco-regis\/","og_site_name":"O Arcanjo no ar","article_publisher":"https:\/\/www.facebook.com\/OArcanjoNoAr\/","article_published_time":"2018-08-16T03:19:12+00:00","article_modified_time":"2018-06-25T11:16:40+00:00","og_image":[{"url":"http:\/\/2.bp.blogspot.com\/_LLGsPvAD04A\/TBftkuJ2VII\/AAAAAAAAIXk\/B-8ztV150gY\/s1600\/S%C3%A3o+Giovanni_Francesco_Regis_B.jpg"}],"author":"danilo","twitter_card":"summary_large_image","twitter_misc":{"Escrito por":"danilo","Est. tempo de leitura":"2 minutos"},"schema":{"@context":"https:\/\/schema.org","@graph":[{"@type":"Article","@id":"https:\/\/www.oarcanjo.net\/site\/sao-joao-francisco-regis\/#article","isPartOf":{"@id":"https:\/\/www.oarcanjo.net\/site\/sao-joao-francisco-regis\/"},"author":{"name":"danilo","@id":"https:\/\/www.oarcanjo.net\/site\/#\/schema\/person\/5eb9480bedd2f3c97e430ce128c29c6c"},"headline":"S\u00e3o Jo\u00e3o Francisco R\u00e9gis","datePublished":"2018-08-16T03:19:12+00:00","dateModified":"2018-06-25T11:16:40+00:00","mainEntityOfPage":{"@id":"https:\/\/www.oarcanjo.net\/site\/sao-joao-francisco-regis\/"},"wordCount":469,"commentCount":0,"publisher":{"@id":"https:\/\/www.oarcanjo.net\/site\/#organization"},"image":{"@id":"https:\/\/www.oarcanjo.net\/site\/sao-joao-francisco-regis\/#primaryimage"},"thumbnailUrl":"http:\/\/2.bp.blogspot.com\/_LLGsPvAD04A\/TBftkuJ2VII\/AAAAAAAAIXk\/B-8ztV150gY\/s1600\/S%C3%A3o+Giovanni_Francesco_Regis_B.jpg","articleSection":["Testemunhos"],"inLanguage":"pt-BR","potentialAction":[{"@type":"CommentAction","name":"Comment","target":["https:\/\/www.oarcanjo.net\/site\/sao-joao-francisco-regis\/#respond"]}]},{"@type":"WebPage","@id":"https:\/\/www.oarcanjo.net\/site\/sao-joao-francisco-regis\/","url":"https:\/\/www.oarcanjo.net\/site\/sao-joao-francisco-regis\/","name":"S\u00e3o Jo\u00e3o Francisco R\u00e9gis - O Arcanjo no ar","isPartOf":{"@id":"https:\/\/www.oarcanjo.net\/site\/#website"},"primaryImageOfPage":{"@id":"https:\/\/www.oarcanjo.net\/site\/sao-joao-francisco-regis\/#primaryimage"},"image":{"@id":"https:\/\/www.oarcanjo.net\/site\/sao-joao-francisco-regis\/#primaryimage"},"thumbnailUrl":"http:\/\/2.bp.blogspot.com\/_LLGsPvAD04A\/TBftkuJ2VII\/AAAAAAAAIXk\/B-8ztV150gY\/s1600\/S%C3%A3o+Giovanni_Francesco_Regis_B.jpg","datePublished":"2018-08-16T03:19:12+00:00","dateModified":"2018-06-25T11:16:40+00:00","breadcrumb":{"@id":"https:\/\/www.oarcanjo.net\/site\/sao-joao-francisco-regis\/#breadcrumb"},"inLanguage":"pt-BR","potentialAction":[{"@type":"ReadAction","target":["https:\/\/www.oarcanjo.net\/site\/sao-joao-francisco-regis\/"]}]},{"@type":"ImageObject","inLanguage":"pt-BR","@id":"https:\/\/www.oarcanjo.net\/site\/sao-joao-francisco-regis\/#primaryimage","url":"http:\/\/2.bp.blogspot.com\/_LLGsPvAD04A\/TBftkuJ2VII\/AAAAAAAAIXk\/B-8ztV150gY\/s1600\/S%C3%A3o+Giovanni_Francesco_Regis_B.jpg","contentUrl":"http:\/\/2.bp.blogspot.com\/_LLGsPvAD04A\/TBftkuJ2VII\/AAAAAAAAIXk\/B-8ztV150gY\/s1600\/S%C3%A3o+Giovanni_Francesco_Regis_B.jpg"},{"@type":"BreadcrumbList","@id":"https:\/\/www.oarcanjo.net\/site\/sao-joao-francisco-regis\/#breadcrumb","itemListElement":[{"@type":"ListItem","position":1,"name":"In\u00edcio","item":"https:\/\/www.oarcanjo.net\/site\/"},{"@type":"ListItem","position":2,"name":"S\u00e3o Jo\u00e3o Francisco R\u00e9gis"}]},{"@type":"WebSite","@id":"https:\/\/www.oarcanjo.net\/site\/#website","url":"https:\/\/www.oarcanjo.net\/site\/","name":"O Arcanjo no ar","description":"Site da Par\u00f3quia S\u00e3o Miguel Arcanjo (Arquidiocese de SP)","publisher":{"@id":"https:\/\/www.oarcanjo.net\/site\/#organization"},"potentialAction":[{"@type":"SearchAction","target":{"@type":"EntryPoint","urlTemplate":"https:\/\/www.oarcanjo.net\/site\/?s={search_term_string}"},"query-input":{"@type":"PropertyValueSpecification","valueRequired":true,"valueName":"search_term_string"}}],"inLanguage":"pt-BR"},{"@type":"Organization","@id":"https:\/\/www.oarcanjo.net\/site\/#organization","name":"Par\u00f3quia S\u00e3o Miguel Arcanjo","url":"https:\/\/www.oarcanjo.net\/site\/","logo":{"@type":"ImageObject","inLanguage":"pt-BR","@id":"https:\/\/www.oarcanjo.net\/site\/#\/schema\/logo\/image\/","url":"https:\/\/www.oarcanjo.net\/site\/wp-content\/uploads\/LogoOArcanjo.png","contentUrl":"https:\/\/www.oarcanjo.net\/site\/wp-content\/uploads\/LogoOArcanjo.png","width":319,"height":99,"caption":"Par\u00f3quia S\u00e3o Miguel Arcanjo"},"image":{"@id":"https:\/\/www.oarcanjo.net\/site\/#\/schema\/logo\/image\/"},"sameAs":["https:\/\/www.facebook.com\/OArcanjoNoAr\/"]},{"@type":"Person","@id":"https:\/\/www.oarcanjo.net\/site\/#\/schema\/person\/5eb9480bedd2f3c97e430ce128c29c6c","name":"danilo"}]}},"publishpress_future_action":{"enabled":false,"date":"2026-05-08 07:01:05","action":"category","newStatus":"draft","terms":[],"taxonomy":"category"},"publishpress_future_workflow_manual_trigger":{"enabledWorkflows":[]},"_links":{"self":[{"href":"https:\/\/www.oarcanjo.net\/site\/wp-json\/wp\/v2\/posts\/10513"}],"collection":[{"href":"https:\/\/www.oarcanjo.net\/site\/wp-json\/wp\/v2\/posts"}],"about":[{"href":"https:\/\/www.oarcanjo.net\/site\/wp-json\/wp\/v2\/types\/post"}],"author":[{"embeddable":true,"href":"https:\/\/www.oarcanjo.net\/site\/wp-json\/wp\/v2\/users\/14"}],"replies":[{"embeddable":true,"href":"https:\/\/www.oarcanjo.net\/site\/wp-json\/wp\/v2\/comments?post=10513"}],"version-history":[{"count":1,"href":"https:\/\/www.oarcanjo.net\/site\/wp-json\/wp\/v2\/posts\/10513\/revisions"}],"predecessor-version":[{"id":88865,"href":"https:\/\/www.oarcanjo.net\/site\/wp-json\/wp\/v2\/posts\/10513\/revisions\/88865"}],"wp:attachment":[{"href":"https:\/\/www.oarcanjo.net\/site\/wp-json\/wp\/v2\/media?parent=10513"}],"wp:term":[{"taxonomy":"category","embeddable":true,"href":"https:\/\/www.oarcanjo.net\/site\/wp-json\/wp\/v2\/categories?post=10513"},{"taxonomy":"post_tag","embeddable":true,"href":"https:\/\/www.oarcanjo.net\/site\/wp-json\/wp\/v2\/tags?post=10513"}],"curies":[{"name":"wp","href":"https:\/\/api.w.org\/{rel}","templated":true}]}}