
{"id":10516,"date":"2018-08-16T00:21:31","date_gmt":"2018-08-16T03:21:31","guid":{"rendered":"http:\/\/www.oarcanjo.net\/site\/?p=10516"},"modified":"2018-06-25T08:16:44","modified_gmt":"2018-06-25T11:16:44","slug":"santo-estevao-da-hungria","status":"publish","type":"post","link":"https:\/\/www.oarcanjo.net\/site\/santo-estevao-da-hungria\/","title":{"rendered":"Santo Estev\u00e3o da Hungria"},"content":{"rendered":"<p><img loading=\"lazy\" decoding=\"async\" src=\"http:\/\/2.bp.blogspot.com\/_L-aIG-7AW7I\/SZwle1eiQhI\/AAAAAAAADxU\/hOtRDzxE0cI\/s1600\/Santo+Estevao,+missao+providencial.jpg\" alt=\"\" width=\"384\" height=\"516\" \/><\/p>\n<p>16 de Agosto<\/p>\n<p>No final do primeiro mil\u00eanio, a Europa foi invadida pelos b\u00e1rbaros n\u00f4mades vindos da \u00c1sia, que acabaram dominados pelos reis da Alemanha e da Fran\u00e7a. As tribos magiares, como eram chamadas, instalaram-se na regi\u00e3o da Pan\u00f4nia, atual Hungria, e l\u00e1 conheceram o cristianismo. A partir desse contato, aos poucos foram se convertendo e abra\u00e7aram a religi\u00e3o cat\u00f3lica.<\/p>\n<p>O duque Gesa, casando com uma princesa crist\u00e3, permitiu que os filhos fossem educados no seguimento de Cristo. O seu primog\u00eanito, Vaik, que nascera em 969, ao completar dez de idade, foi batizado e recebeu o nome Est\u00eav\u00e3o. Na cerim\u00f4nia, o futuro herdeiro do trono teve a felicidade de ver seu pai, convertido, recebendo o mesmo sacramento.<\/p>\n<p>Mas o velho rei morreu sem conseguir o que mais desejava, unir seu povo numa \u00fanica na\u00e7\u00e3o crist\u00e3. Esse m\u00e9rito ficou para seu filho Est\u00eav\u00e3o I, que passou para a hist\u00f3ria da humanidade como um excelente estadista, pois unificou as trinta e nove tribos, at\u00e9 ent\u00e3o hostis entre si, fundando o povo h\u00fangaro. Ele tamb\u00e9m consolidou o cristianismo como \u00fanica religi\u00e3o deste povo e ingressou para o elenco dos &#8220;reis apost\u00f3licos&#8221;.<\/p>\n<p>Casou-se com a piedosa e culta princesa Gisela, irm\u00e3 do imperador da Baviera, Henrique II, agora todos venerados pela Igreja. Tendo como orientador espiritual e conselheiro o bispo de Praga, Adalberto, confiou aos monges beneditinos de Cluny a miss\u00e3o de ensinar ao povo a doutrina crist\u00e3.<\/p>\n<p>Depois, conseguiu do papa Silvestre II a funda\u00e7\u00e3o de uma hierarquia aut\u00f4noma para a Igreja h\u00fangara. Para tanto, enviou a Roma o monge Astric, que o papa consagrou bispo com a fun\u00e7\u00e3o de consagrar outros bispos h\u00fangaros.<\/p>\n<p>Com o aux\u00edlio da rainha Gisela, Est\u00eav\u00e3o I fundou muitos mosteiros e espalhou in\u00fameras igrejas pelas dioceses que foram surgindo. Caridoso e generoso, fundou hospitais, asilos e creches para a popula\u00e7\u00e3o pobre, atendendo, especialmente, os abandonados e marginalizados. Humilde, fazia quest\u00e3o de tratar pessoalmente dos doentes, tendo adquirido o dom da cura. Corajoso e diplom\u00e1tico, soube consolidar as rela\u00e7\u00f5es com os pa\u00edses vizinhos, mesmo mantendo v\u00ednculos com o imperador de Biz\u00e2ncio, adquirindo tamb\u00e9m o dom da sabedoria. Assim, transformou a na\u00e7\u00e3o pr\u00f3spera e o povo h\u00fangaro num dos mais fervorosos seguidores da Igreja Cat\u00f3lica.<\/p>\n<p>No dia da Assun\u00e7\u00e3o de Maria, em 15 de agosto de 1038, o rei Est\u00eav\u00e3o I morreu. Logo passou a ser venerado pelo povo h\u00fangaro, que fez do seu t\u00famulo local de intensa peregrina\u00e7\u00e3o de fi\u00e9is, que iam agradecer ou pedir sua intercess\u00e3o para gra\u00e7as e milagres. A fama de sua santidade ganhou for\u00e7a no mundo crist\u00e3o, sendo inclu\u00eddo no livro dos santos, em 1083, pelo papa Greg\u00f3rio VII. A festa de santo Est\u00eav\u00e3o da Hungria, ap\u00f3s a reforma do calend\u00e1rio da Igreja de Roma, passou as ser celebrada no dia 16 de agosto, um dia ap\u00f3s a sua morte.<\/p>\n<div id=\"themify_builder_content-10516\" data-postid=\"10516\" class=\"themify_builder_content themify_builder_content-10516 themify_builder themify_builder_front\">\n\t<\/div>\n<!-- \/themify_builder_content -->","protected":false},"excerpt":{"rendered":"<p>16 de Agosto No final do primeiro mil\u00eanio, a Europa foi invadida pelos b\u00e1rbaros n\u00f4mades vindos da \u00c1sia, que acabaram dominados pelos reis da Alemanha e da Fran\u00e7a. As tribos magiares, como eram chamadas, instalaram-se na regi\u00e3o da Pan\u00f4nia, atual Hungria, e l\u00e1 conheceram o cristianismo. A partir desse contato, aos poucos foram se convertendo [&hellip;]<\/p>\n","protected":false},"author":14,"featured_media":0,"comment_status":"open","ping_status":"open","sticky":false,"template":"","format":"standard","meta":{"ngg_post_thumbnail":0,"footnotes":""},"categories":[186],"tags":[],"yoast_head":"<!-- This site is optimized with the Yoast SEO plugin v23.5 - https:\/\/yoast.com\/wordpress\/plugins\/seo\/ -->\n<title>Santo Estev\u00e3o da Hungria - O Arcanjo no ar<\/title>\n<meta name=\"robots\" content=\"index, follow, max-snippet:-1, max-image-preview:large, max-video-preview:-1\" \/>\n<link rel=\"canonical\" href=\"https:\/\/www.oarcanjo.net\/site\/santo-estevao-da-hungria\/\" \/>\n<meta property=\"og:locale\" content=\"pt_BR\" \/>\n<meta property=\"og:type\" content=\"article\" \/>\n<meta property=\"og:title\" content=\"Santo Estev\u00e3o da Hungria - O Arcanjo no ar\" \/>\n<meta property=\"og:description\" content=\"16 de Agosto No final do primeiro mil\u00eanio, a Europa foi invadida pelos b\u00e1rbaros n\u00f4mades vindos da \u00c1sia, que acabaram dominados pelos reis da Alemanha e da Fran\u00e7a. As tribos magiares, como eram chamadas, instalaram-se na regi\u00e3o da Pan\u00f4nia, atual Hungria, e l\u00e1 conheceram o cristianismo. A partir desse contato, aos poucos foram se convertendo [&hellip;]\" \/>\n<meta property=\"og:url\" content=\"https:\/\/www.oarcanjo.net\/site\/santo-estevao-da-hungria\/\" \/>\n<meta property=\"og:site_name\" content=\"O Arcanjo no ar\" \/>\n<meta property=\"article:publisher\" content=\"https:\/\/www.facebook.com\/OArcanjoNoAr\/\" \/>\n<meta property=\"article:published_time\" content=\"2018-08-16T03:21:31+00:00\" \/>\n<meta property=\"article:modified_time\" content=\"2018-06-25T11:16:44+00:00\" \/>\n<meta property=\"og:image\" content=\"http:\/\/2.bp.blogspot.com\/_L-aIG-7AW7I\/SZwle1eiQhI\/AAAAAAAADxU\/hOtRDzxE0cI\/s1600\/Santo+Estevao,+missao+providencial.jpg\" \/>\n<meta name=\"author\" content=\"danilo\" \/>\n<meta name=\"twitter:card\" content=\"summary_large_image\" \/>\n<meta name=\"twitter:label1\" content=\"Escrito por\" \/>\n\t<meta name=\"twitter:data1\" content=\"danilo\" \/>\n\t<meta name=\"twitter:label2\" content=\"Est. tempo de leitura\" \/>\n\t<meta name=\"twitter:data2\" content=\"3 minutos\" \/>\n<script type=\"application\/ld+json\" class=\"yoast-schema-graph\">{\"@context\":\"https:\/\/schema.org\",\"@graph\":[{\"@type\":\"Article\",\"@id\":\"https:\/\/www.oarcanjo.net\/site\/santo-estevao-da-hungria\/#article\",\"isPartOf\":{\"@id\":\"https:\/\/www.oarcanjo.net\/site\/santo-estevao-da-hungria\/\"},\"author\":{\"name\":\"danilo\",\"@id\":\"https:\/\/www.oarcanjo.net\/site\/#\/schema\/person\/5eb9480bedd2f3c97e430ce128c29c6c\"},\"headline\":\"Santo Estev\u00e3o da Hungria\",\"datePublished\":\"2018-08-16T03:21:31+00:00\",\"dateModified\":\"2018-06-25T11:16:44+00:00\",\"mainEntityOfPage\":{\"@id\":\"https:\/\/www.oarcanjo.net\/site\/santo-estevao-da-hungria\/\"},\"wordCount\":527,\"commentCount\":0,\"publisher\":{\"@id\":\"https:\/\/www.oarcanjo.net\/site\/#organization\"},\"image\":{\"@id\":\"https:\/\/www.oarcanjo.net\/site\/santo-estevao-da-hungria\/#primaryimage\"},\"thumbnailUrl\":\"http:\/\/2.bp.blogspot.com\/_L-aIG-7AW7I\/SZwle1eiQhI\/AAAAAAAADxU\/hOtRDzxE0cI\/s1600\/Santo+Estevao,+missao+providencial.jpg\",\"articleSection\":[\"Testemunhos\"],\"inLanguage\":\"pt-BR\",\"potentialAction\":[{\"@type\":\"CommentAction\",\"name\":\"Comment\",\"target\":[\"https:\/\/www.oarcanjo.net\/site\/santo-estevao-da-hungria\/#respond\"]}]},{\"@type\":\"WebPage\",\"@id\":\"https:\/\/www.oarcanjo.net\/site\/santo-estevao-da-hungria\/\",\"url\":\"https:\/\/www.oarcanjo.net\/site\/santo-estevao-da-hungria\/\",\"name\":\"Santo Estev\u00e3o da Hungria - O Arcanjo no ar\",\"isPartOf\":{\"@id\":\"https:\/\/www.oarcanjo.net\/site\/#website\"},\"primaryImageOfPage\":{\"@id\":\"https:\/\/www.oarcanjo.net\/site\/santo-estevao-da-hungria\/#primaryimage\"},\"image\":{\"@id\":\"https:\/\/www.oarcanjo.net\/site\/santo-estevao-da-hungria\/#primaryimage\"},\"thumbnailUrl\":\"http:\/\/2.bp.blogspot.com\/_L-aIG-7AW7I\/SZwle1eiQhI\/AAAAAAAADxU\/hOtRDzxE0cI\/s1600\/Santo+Estevao,+missao+providencial.jpg\",\"datePublished\":\"2018-08-16T03:21:31+00:00\",\"dateModified\":\"2018-06-25T11:16:44+00:00\",\"breadcrumb\":{\"@id\":\"https:\/\/www.oarcanjo.net\/site\/santo-estevao-da-hungria\/#breadcrumb\"},\"inLanguage\":\"pt-BR\",\"potentialAction\":[{\"@type\":\"ReadAction\",\"target\":[\"https:\/\/www.oarcanjo.net\/site\/santo-estevao-da-hungria\/\"]}]},{\"@type\":\"ImageObject\",\"inLanguage\":\"pt-BR\",\"@id\":\"https:\/\/www.oarcanjo.net\/site\/santo-estevao-da-hungria\/#primaryimage\",\"url\":\"http:\/\/2.bp.blogspot.com\/_L-aIG-7AW7I\/SZwle1eiQhI\/AAAAAAAADxU\/hOtRDzxE0cI\/s1600\/Santo+Estevao,+missao+providencial.jpg\",\"contentUrl\":\"http:\/\/2.bp.blogspot.com\/_L-aIG-7AW7I\/SZwle1eiQhI\/AAAAAAAADxU\/hOtRDzxE0cI\/s1600\/Santo+Estevao,+missao+providencial.jpg\"},{\"@type\":\"BreadcrumbList\",\"@id\":\"https:\/\/www.oarcanjo.net\/site\/santo-estevao-da-hungria\/#breadcrumb\",\"itemListElement\":[{\"@type\":\"ListItem\",\"position\":1,\"name\":\"In\u00edcio\",\"item\":\"https:\/\/www.oarcanjo.net\/site\/\"},{\"@type\":\"ListItem\",\"position\":2,\"name\":\"Santo Estev\u00e3o da Hungria\"}]},{\"@type\":\"WebSite\",\"@id\":\"https:\/\/www.oarcanjo.net\/site\/#website\",\"url\":\"https:\/\/www.oarcanjo.net\/site\/\",\"name\":\"O Arcanjo no ar\",\"description\":\"Site da Par\u00f3quia S\u00e3o Miguel Arcanjo (Arquidiocese de SP)\",\"publisher\":{\"@id\":\"https:\/\/www.oarcanjo.net\/site\/#organization\"},\"potentialAction\":[{\"@type\":\"SearchAction\",\"target\":{\"@type\":\"EntryPoint\",\"urlTemplate\":\"https:\/\/www.oarcanjo.net\/site\/?s={search_term_string}\"},\"query-input\":{\"@type\":\"PropertyValueSpecification\",\"valueRequired\":true,\"valueName\":\"search_term_string\"}}],\"inLanguage\":\"pt-BR\"},{\"@type\":\"Organization\",\"@id\":\"https:\/\/www.oarcanjo.net\/site\/#organization\",\"name\":\"Par\u00f3quia S\u00e3o Miguel Arcanjo\",\"url\":\"https:\/\/www.oarcanjo.net\/site\/\",\"logo\":{\"@type\":\"ImageObject\",\"inLanguage\":\"pt-BR\",\"@id\":\"https:\/\/www.oarcanjo.net\/site\/#\/schema\/logo\/image\/\",\"url\":\"https:\/\/www.oarcanjo.net\/site\/wp-content\/uploads\/LogoOArcanjo.png\",\"contentUrl\":\"https:\/\/www.oarcanjo.net\/site\/wp-content\/uploads\/LogoOArcanjo.png\",\"width\":319,\"height\":99,\"caption\":\"Par\u00f3quia S\u00e3o Miguel Arcanjo\"},\"image\":{\"@id\":\"https:\/\/www.oarcanjo.net\/site\/#\/schema\/logo\/image\/\"},\"sameAs\":[\"https:\/\/www.facebook.com\/OArcanjoNoAr\/\"]},{\"@type\":\"Person\",\"@id\":\"https:\/\/www.oarcanjo.net\/site\/#\/schema\/person\/5eb9480bedd2f3c97e430ce128c29c6c\",\"name\":\"danilo\"}]}<\/script>\n<!-- \/ Yoast SEO plugin. -->","yoast_head_json":{"title":"Santo Estev\u00e3o da Hungria - O Arcanjo no ar","robots":{"index":"index","follow":"follow","max-snippet":"max-snippet:-1","max-image-preview":"max-image-preview:large","max-video-preview":"max-video-preview:-1"},"canonical":"https:\/\/www.oarcanjo.net\/site\/santo-estevao-da-hungria\/","og_locale":"pt_BR","og_type":"article","og_title":"Santo Estev\u00e3o da Hungria - O Arcanjo no ar","og_description":"16 de Agosto No final do primeiro mil\u00eanio, a Europa foi invadida pelos b\u00e1rbaros n\u00f4mades vindos da \u00c1sia, que acabaram dominados pelos reis da Alemanha e da Fran\u00e7a. As tribos magiares, como eram chamadas, instalaram-se na regi\u00e3o da Pan\u00f4nia, atual Hungria, e l\u00e1 conheceram o cristianismo. A partir desse contato, aos poucos foram se convertendo [&hellip;]","og_url":"https:\/\/www.oarcanjo.net\/site\/santo-estevao-da-hungria\/","og_site_name":"O Arcanjo no ar","article_publisher":"https:\/\/www.facebook.com\/OArcanjoNoAr\/","article_published_time":"2018-08-16T03:21:31+00:00","article_modified_time":"2018-06-25T11:16:44+00:00","og_image":[{"url":"http:\/\/2.bp.blogspot.com\/_L-aIG-7AW7I\/SZwle1eiQhI\/AAAAAAAADxU\/hOtRDzxE0cI\/s1600\/Santo+Estevao,+missao+providencial.jpg"}],"author":"danilo","twitter_card":"summary_large_image","twitter_misc":{"Escrito por":"danilo","Est. tempo de leitura":"3 minutos"},"schema":{"@context":"https:\/\/schema.org","@graph":[{"@type":"Article","@id":"https:\/\/www.oarcanjo.net\/site\/santo-estevao-da-hungria\/#article","isPartOf":{"@id":"https:\/\/www.oarcanjo.net\/site\/santo-estevao-da-hungria\/"},"author":{"name":"danilo","@id":"https:\/\/www.oarcanjo.net\/site\/#\/schema\/person\/5eb9480bedd2f3c97e430ce128c29c6c"},"headline":"Santo Estev\u00e3o da Hungria","datePublished":"2018-08-16T03:21:31+00:00","dateModified":"2018-06-25T11:16:44+00:00","mainEntityOfPage":{"@id":"https:\/\/www.oarcanjo.net\/site\/santo-estevao-da-hungria\/"},"wordCount":527,"commentCount":0,"publisher":{"@id":"https:\/\/www.oarcanjo.net\/site\/#organization"},"image":{"@id":"https:\/\/www.oarcanjo.net\/site\/santo-estevao-da-hungria\/#primaryimage"},"thumbnailUrl":"http:\/\/2.bp.blogspot.com\/_L-aIG-7AW7I\/SZwle1eiQhI\/AAAAAAAADxU\/hOtRDzxE0cI\/s1600\/Santo+Estevao,+missao+providencial.jpg","articleSection":["Testemunhos"],"inLanguage":"pt-BR","potentialAction":[{"@type":"CommentAction","name":"Comment","target":["https:\/\/www.oarcanjo.net\/site\/santo-estevao-da-hungria\/#respond"]}]},{"@type":"WebPage","@id":"https:\/\/www.oarcanjo.net\/site\/santo-estevao-da-hungria\/","url":"https:\/\/www.oarcanjo.net\/site\/santo-estevao-da-hungria\/","name":"Santo Estev\u00e3o da Hungria - O Arcanjo no ar","isPartOf":{"@id":"https:\/\/www.oarcanjo.net\/site\/#website"},"primaryImageOfPage":{"@id":"https:\/\/www.oarcanjo.net\/site\/santo-estevao-da-hungria\/#primaryimage"},"image":{"@id":"https:\/\/www.oarcanjo.net\/site\/santo-estevao-da-hungria\/#primaryimage"},"thumbnailUrl":"http:\/\/2.bp.blogspot.com\/_L-aIG-7AW7I\/SZwle1eiQhI\/AAAAAAAADxU\/hOtRDzxE0cI\/s1600\/Santo+Estevao,+missao+providencial.jpg","datePublished":"2018-08-16T03:21:31+00:00","dateModified":"2018-06-25T11:16:44+00:00","breadcrumb":{"@id":"https:\/\/www.oarcanjo.net\/site\/santo-estevao-da-hungria\/#breadcrumb"},"inLanguage":"pt-BR","potentialAction":[{"@type":"ReadAction","target":["https:\/\/www.oarcanjo.net\/site\/santo-estevao-da-hungria\/"]}]},{"@type":"ImageObject","inLanguage":"pt-BR","@id":"https:\/\/www.oarcanjo.net\/site\/santo-estevao-da-hungria\/#primaryimage","url":"http:\/\/2.bp.blogspot.com\/_L-aIG-7AW7I\/SZwle1eiQhI\/AAAAAAAADxU\/hOtRDzxE0cI\/s1600\/Santo+Estevao,+missao+providencial.jpg","contentUrl":"http:\/\/2.bp.blogspot.com\/_L-aIG-7AW7I\/SZwle1eiQhI\/AAAAAAAADxU\/hOtRDzxE0cI\/s1600\/Santo+Estevao,+missao+providencial.jpg"},{"@type":"BreadcrumbList","@id":"https:\/\/www.oarcanjo.net\/site\/santo-estevao-da-hungria\/#breadcrumb","itemListElement":[{"@type":"ListItem","position":1,"name":"In\u00edcio","item":"https:\/\/www.oarcanjo.net\/site\/"},{"@type":"ListItem","position":2,"name":"Santo Estev\u00e3o da Hungria"}]},{"@type":"WebSite","@id":"https:\/\/www.oarcanjo.net\/site\/#website","url":"https:\/\/www.oarcanjo.net\/site\/","name":"O Arcanjo no ar","description":"Site da Par\u00f3quia S\u00e3o Miguel Arcanjo (Arquidiocese de SP)","publisher":{"@id":"https:\/\/www.oarcanjo.net\/site\/#organization"},"potentialAction":[{"@type":"SearchAction","target":{"@type":"EntryPoint","urlTemplate":"https:\/\/www.oarcanjo.net\/site\/?s={search_term_string}"},"query-input":{"@type":"PropertyValueSpecification","valueRequired":true,"valueName":"search_term_string"}}],"inLanguage":"pt-BR"},{"@type":"Organization","@id":"https:\/\/www.oarcanjo.net\/site\/#organization","name":"Par\u00f3quia S\u00e3o Miguel Arcanjo","url":"https:\/\/www.oarcanjo.net\/site\/","logo":{"@type":"ImageObject","inLanguage":"pt-BR","@id":"https:\/\/www.oarcanjo.net\/site\/#\/schema\/logo\/image\/","url":"https:\/\/www.oarcanjo.net\/site\/wp-content\/uploads\/LogoOArcanjo.png","contentUrl":"https:\/\/www.oarcanjo.net\/site\/wp-content\/uploads\/LogoOArcanjo.png","width":319,"height":99,"caption":"Par\u00f3quia S\u00e3o Miguel Arcanjo"},"image":{"@id":"https:\/\/www.oarcanjo.net\/site\/#\/schema\/logo\/image\/"},"sameAs":["https:\/\/www.facebook.com\/OArcanjoNoAr\/"]},{"@type":"Person","@id":"https:\/\/www.oarcanjo.net\/site\/#\/schema\/person\/5eb9480bedd2f3c97e430ce128c29c6c","name":"danilo"}]}},"publishpress_future_action":{"enabled":false,"date":"2026-05-08 07:28:11","action":"category","newStatus":"draft","terms":[],"taxonomy":"category"},"publishpress_future_workflow_manual_trigger":{"enabledWorkflows":[]},"_links":{"self":[{"href":"https:\/\/www.oarcanjo.net\/site\/wp-json\/wp\/v2\/posts\/10516"}],"collection":[{"href":"https:\/\/www.oarcanjo.net\/site\/wp-json\/wp\/v2\/posts"}],"about":[{"href":"https:\/\/www.oarcanjo.net\/site\/wp-json\/wp\/v2\/types\/post"}],"author":[{"embeddable":true,"href":"https:\/\/www.oarcanjo.net\/site\/wp-json\/wp\/v2\/users\/14"}],"replies":[{"embeddable":true,"href":"https:\/\/www.oarcanjo.net\/site\/wp-json\/wp\/v2\/comments?post=10516"}],"version-history":[{"count":1,"href":"https:\/\/www.oarcanjo.net\/site\/wp-json\/wp\/v2\/posts\/10516\/revisions"}],"predecessor-version":[{"id":88866,"href":"https:\/\/www.oarcanjo.net\/site\/wp-json\/wp\/v2\/posts\/10516\/revisions\/88866"}],"wp:attachment":[{"href":"https:\/\/www.oarcanjo.net\/site\/wp-json\/wp\/v2\/media?parent=10516"}],"wp:term":[{"taxonomy":"category","embeddable":true,"href":"https:\/\/www.oarcanjo.net\/site\/wp-json\/wp\/v2\/categories?post=10516"},{"taxonomy":"post_tag","embeddable":true,"href":"https:\/\/www.oarcanjo.net\/site\/wp-json\/wp\/v2\/tags?post=10516"}],"curies":[{"name":"wp","href":"https:\/\/api.w.org\/{rel}","templated":true}]}}