
{"id":10518,"date":"2018-08-16T00:23:10","date_gmt":"2018-08-16T03:23:10","guid":{"rendered":"http:\/\/www.oarcanjo.net\/site\/?p=10518"},"modified":"2018-06-25T08:16:50","modified_gmt":"2018-06-25T11:16:50","slug":"sao-roque","status":"publish","type":"post","link":"https:\/\/www.oarcanjo.net\/site\/sao-roque\/","title":{"rendered":"S\u00e3o Roque"},"content":{"rendered":"<p><img loading=\"lazy\" decoding=\"async\" src=\"http:\/\/spb.fotolog.com\/photo\/11\/1\/116\/oracoes\/1218868204281_f.jpg\" alt=\"\" width=\"242\" height=\"347\" \/><\/p>\n<p>16 de Agosto<\/p>\n<p>Roque nasceu no ano de 1295, na cidade de Montpellier, Fran\u00e7a, em uma fam\u00edlia rica, da nobreza da regi\u00e3o. Outros dados sobre sua vida e descend\u00eancia n\u00e3o s\u00e3o precisos. Ao certo, o que sabemos \u00e9 que ficou \u00f3rf\u00e3o na adolesc\u00eancia e que vendeu toda a heran\u00e7a e distribuiu o que arrecadou entre os pobres. Depois disso, viveu como peregrino andante. Percorreu a Fran\u00e7a com destino a Roma.<\/p>\n<p>Mas antes disso Roque deparou com regi\u00f5es infestadas pela chamada peste negra, que devastou quase todas as popula\u00e7\u00f5es da Europa no final do s\u00e9culo XIII e in\u00edcio do XIV. Era comum ver, \u00e0 beira das estradas, pequenos povoados s\u00f3 de doentes que foram isolados do conv\u00edvio das cidades para evitar o cont\u00e1gio do restante da popula\u00e7\u00e3o ainda s\u00e3. L\u00e1 eles viviam at\u00e9 morrer, abandonados \u00e0 pr\u00f3pria sorte e sofrendo dores terr\u00edveis. Enxergando nas pobres criaturas o verdadeiro rosto de Cristo, Roque atirou-se de corpo e alma na miss\u00e3o de trat\u00e1-los. Iluminado pelo Santo Esp\u00edrito, em pouco tempo adquiriu o dom da cura, fazendo in\u00fameros prod\u00edgios.<\/p>\n<p>Fez isso durante dois anos, ganhando fama de santidade. Depois partiu para Roma, onde durante tr\u00eas dias rezou sobre os t\u00famulos de s\u00e3o Pedro e s\u00e3o Paulo. Depois, por mais alguns anos, peregrinou por toda a It\u00e1lia setentrional, onde encontrou um vasto campo de a\u00e7\u00e3o junto aos doentes incur\u00e1veis. Cuidando deles, descuidou-se de si pr\u00f3prio. Certo dia, percebeu uma ferida na perna e viu que fora contaminado pela peste. Assim, decidiu refugiar-se, sozinho, em um bosque, onde foi amparado por Deus.<\/p>\n<p>Roque foi encontrado por um c\u00e3o, que passou a levar-lhe algum alimento todos os dias, at\u00e9 que seu dono, curioso, um dia o seguiu. Comovido, constatou que era seu c\u00e3o que socorria o pobre doente.<\/p>\n<p>O homem, que n\u00e3o reconheceu em Roque o peregrino milagreiro, a partir daquele momento, cuidou da sua recupera\u00e7\u00e3o. Restabelecido, voltou para Montpellier, que, na ocasi\u00e3o, estava em guerra. Confundido como espi\u00e3o, foi preso e levado para o c\u00e1rcere, onde sofreu calado durante cinco anos. No c\u00e1rcere, continuou praticando a caridade e pregando a palavra de Cristo, convertendo muitos prisioneiros e aliviando suas afli\u00e7\u00f5es, at\u00e9 morrer.<\/p>\n<p>Diz a tradi\u00e7\u00e3o que, quando o carcereiro, manco de nascen\u00e7a, tocou com o p\u00e9 o seu corpo, para constatar se realmente estava morto, ficou imediatamente curado e come\u00e7ou a andar normalmente. Esse teria sido o primeiro milagre de Roque, ap\u00f3s seu falecimento, ocorrido em 16 de agosto de 1327, na pris\u00e3o de seu pa\u00eds de origem.<\/p>\n<p>O seu culto foi reconhecido em 1584 pelo papa Greg\u00f3rio XIII, que manteve a sua festa no dia de sua morte. Hoje, as rel\u00edquias de s\u00e3o Roque s\u00e3o veneradas na bel\u00edssima bas\u00edlica dedicada a ele em Veneza, It\u00e1lia, sendo considerado o santo Protetor contra as Pestes.<\/p>\n<h1>Museu de S\u00e3o Roque<\/h1>\n<h2>Hist\u00f3ria<\/h2>\n<h3>\n<div>\n<p>O Museu de S\u00e3o Roque est\u00e1 instalado no espa\u00e7o da antiga Casa Professa da Companhia de Jesus em Lisboa, edif\u00edcio cont\u00edguo \u00e0 Igreja de S\u00e3o Roque. Abriu ao p\u00fablico em 1905, com a designa\u00e7\u00e3o de Museu do Tesouro da Capela de S\u00e3o Jo\u00e3o Baptista, em evoca\u00e7\u00e3o da importante colec\u00e7\u00e3o de arte italiana que est\u00e1 na origem da sua cria\u00e7\u00e3o. Na d\u00e9cada de trinta o \u00e2mbito do museu foi alargado, passando este a exibir uma maior diversidade de pe\u00e7as, surgindo com a designa\u00e7\u00e3o de Museu de Arte Sacra de S\u00e3o Roque. Nos anos sessenta ganhou um novo sentido ao ser-lhe, explicitamente, associada a Igreja de S\u00e3o Roque, introduzindo-se, deste modo, o conceito de Museu de Monumento. J\u00e1 nos anos noventa procurou-se refor\u00e7ar esta liga\u00e7\u00e3o atrav\u00e9s da cria\u00e7\u00e3o de novos n\u00facleos expositivos. Mais recentemente, o museu viu a sua \u00e1rea aumentar, o que permitiu diversificar o acervo em exposi\u00e7\u00e3o e criar novas estruturas de apoio. Tendo em vista refor\u00e7ar a liga\u00e7\u00e3o museu\/igreja, procedeu-se \u00e0 recupera\u00e7\u00e3o de elementos arquitect\u00f3nicos da antiga Casa Professa de S\u00e3o Roque como o claustro e zonas de passagem entre os dois espa\u00e7os.<\/p>\n<p><img loading=\"lazy\" decoding=\"async\" src=\"http:\/\/marcasdasciencias.fc.ul.pt\/imagem\/db_marcadasciencias\/imagens\/original\/2165.jpg\" alt=\"\" width=\"387\" height=\"516\" \/><img loading=\"lazy\" decoding=\"async\" src=\"http:\/\/4.bp.blogspot.com\/_tCgjEu6TbHQ\/TD4Y_9HcYHI\/AAAAAAAALDI\/hwfxU4fQqG0\/s1600\/igreja-de-sao-roque.jpg\" alt=\"\" width=\"415\" height=\"332\" \/><\/p>\n<\/div>\n<\/h3>\n<div id=\"themify_builder_content-10518\" data-postid=\"10518\" class=\"themify_builder_content themify_builder_content-10518 themify_builder themify_builder_front\">\n\t<\/div>\n<!-- \/themify_builder_content -->","protected":false},"excerpt":{"rendered":"<p>16 de Agosto Roque nasceu no ano de 1295, na cidade de Montpellier, Fran\u00e7a, em uma fam\u00edlia rica, da nobreza da regi\u00e3o. Outros dados sobre sua vida e descend\u00eancia n\u00e3o s\u00e3o precisos. Ao certo, o que sabemos \u00e9 que ficou \u00f3rf\u00e3o na adolesc\u00eancia e que vendeu toda a heran\u00e7a e distribuiu o que arrecadou entre [&hellip;]<\/p>\n","protected":false},"author":14,"featured_media":0,"comment_status":"open","ping_status":"open","sticky":false,"template":"","format":"standard","meta":{"ngg_post_thumbnail":0,"footnotes":""},"categories":[186],"tags":[],"yoast_head":"<!-- This site is optimized with the Yoast SEO plugin v23.5 - https:\/\/yoast.com\/wordpress\/plugins\/seo\/ -->\n<title>S\u00e3o Roque - O Arcanjo no ar<\/title>\n<meta name=\"robots\" content=\"index, follow, max-snippet:-1, max-image-preview:large, max-video-preview:-1\" \/>\n<link rel=\"canonical\" href=\"https:\/\/www.oarcanjo.net\/site\/sao-roque\/\" \/>\n<meta property=\"og:locale\" content=\"pt_BR\" \/>\n<meta property=\"og:type\" content=\"article\" \/>\n<meta property=\"og:title\" content=\"S\u00e3o Roque - O Arcanjo no ar\" \/>\n<meta property=\"og:description\" content=\"16 de Agosto Roque nasceu no ano de 1295, na cidade de Montpellier, Fran\u00e7a, em uma fam\u00edlia rica, da nobreza da regi\u00e3o. Outros dados sobre sua vida e descend\u00eancia n\u00e3o s\u00e3o precisos. Ao certo, o que sabemos \u00e9 que ficou \u00f3rf\u00e3o na adolesc\u00eancia e que vendeu toda a heran\u00e7a e distribuiu o que arrecadou entre [&hellip;]\" \/>\n<meta property=\"og:url\" content=\"https:\/\/www.oarcanjo.net\/site\/sao-roque\/\" \/>\n<meta property=\"og:site_name\" content=\"O Arcanjo no ar\" \/>\n<meta property=\"article:publisher\" content=\"https:\/\/www.facebook.com\/OArcanjoNoAr\/\" \/>\n<meta property=\"article:published_time\" content=\"2018-08-16T03:23:10+00:00\" \/>\n<meta property=\"article:modified_time\" content=\"2018-06-25T11:16:50+00:00\" \/>\n<meta property=\"og:image\" content=\"http:\/\/spb.fotolog.com\/photo\/11\/1\/116\/oracoes\/1218868204281_f.jpg\" \/>\n<meta name=\"author\" content=\"danilo\" \/>\n<meta name=\"twitter:card\" content=\"summary_large_image\" \/>\n<meta name=\"twitter:label1\" content=\"Escrito por\" \/>\n\t<meta name=\"twitter:data1\" content=\"danilo\" \/>\n\t<meta name=\"twitter:label2\" content=\"Est. tempo de leitura\" \/>\n\t<meta name=\"twitter:data2\" content=\"4 minutos\" \/>\n<script type=\"application\/ld+json\" class=\"yoast-schema-graph\">{\"@context\":\"https:\/\/schema.org\",\"@graph\":[{\"@type\":\"Article\",\"@id\":\"https:\/\/www.oarcanjo.net\/site\/sao-roque\/#article\",\"isPartOf\":{\"@id\":\"https:\/\/www.oarcanjo.net\/site\/sao-roque\/\"},\"author\":{\"name\":\"danilo\",\"@id\":\"https:\/\/www.oarcanjo.net\/site\/#\/schema\/person\/5eb9480bedd2f3c97e430ce128c29c6c\"},\"headline\":\"S\u00e3o Roque\",\"datePublished\":\"2018-08-16T03:23:10+00:00\",\"dateModified\":\"2018-06-25T11:16:50+00:00\",\"mainEntityOfPage\":{\"@id\":\"https:\/\/www.oarcanjo.net\/site\/sao-roque\/\"},\"wordCount\":725,\"commentCount\":0,\"publisher\":{\"@id\":\"https:\/\/www.oarcanjo.net\/site\/#organization\"},\"image\":{\"@id\":\"https:\/\/www.oarcanjo.net\/site\/sao-roque\/#primaryimage\"},\"thumbnailUrl\":\"http:\/\/spb.fotolog.com\/photo\/11\/1\/116\/oracoes\/1218868204281_f.jpg\",\"articleSection\":[\"Testemunhos\"],\"inLanguage\":\"pt-BR\",\"potentialAction\":[{\"@type\":\"CommentAction\",\"name\":\"Comment\",\"target\":[\"https:\/\/www.oarcanjo.net\/site\/sao-roque\/#respond\"]}]},{\"@type\":\"WebPage\",\"@id\":\"https:\/\/www.oarcanjo.net\/site\/sao-roque\/\",\"url\":\"https:\/\/www.oarcanjo.net\/site\/sao-roque\/\",\"name\":\"S\u00e3o Roque - O Arcanjo no ar\",\"isPartOf\":{\"@id\":\"https:\/\/www.oarcanjo.net\/site\/#website\"},\"primaryImageOfPage\":{\"@id\":\"https:\/\/www.oarcanjo.net\/site\/sao-roque\/#primaryimage\"},\"image\":{\"@id\":\"https:\/\/www.oarcanjo.net\/site\/sao-roque\/#primaryimage\"},\"thumbnailUrl\":\"http:\/\/spb.fotolog.com\/photo\/11\/1\/116\/oracoes\/1218868204281_f.jpg\",\"datePublished\":\"2018-08-16T03:23:10+00:00\",\"dateModified\":\"2018-06-25T11:16:50+00:00\",\"breadcrumb\":{\"@id\":\"https:\/\/www.oarcanjo.net\/site\/sao-roque\/#breadcrumb\"},\"inLanguage\":\"pt-BR\",\"potentialAction\":[{\"@type\":\"ReadAction\",\"target\":[\"https:\/\/www.oarcanjo.net\/site\/sao-roque\/\"]}]},{\"@type\":\"ImageObject\",\"inLanguage\":\"pt-BR\",\"@id\":\"https:\/\/www.oarcanjo.net\/site\/sao-roque\/#primaryimage\",\"url\":\"http:\/\/spb.fotolog.com\/photo\/11\/1\/116\/oracoes\/1218868204281_f.jpg\",\"contentUrl\":\"http:\/\/spb.fotolog.com\/photo\/11\/1\/116\/oracoes\/1218868204281_f.jpg\"},{\"@type\":\"BreadcrumbList\",\"@id\":\"https:\/\/www.oarcanjo.net\/site\/sao-roque\/#breadcrumb\",\"itemListElement\":[{\"@type\":\"ListItem\",\"position\":1,\"name\":\"In\u00edcio\",\"item\":\"https:\/\/www.oarcanjo.net\/site\/\"},{\"@type\":\"ListItem\",\"position\":2,\"name\":\"S\u00e3o Roque\"}]},{\"@type\":\"WebSite\",\"@id\":\"https:\/\/www.oarcanjo.net\/site\/#website\",\"url\":\"https:\/\/www.oarcanjo.net\/site\/\",\"name\":\"O Arcanjo no ar\",\"description\":\"Site da Par\u00f3quia S\u00e3o Miguel Arcanjo (Arquidiocese de SP)\",\"publisher\":{\"@id\":\"https:\/\/www.oarcanjo.net\/site\/#organization\"},\"potentialAction\":[{\"@type\":\"SearchAction\",\"target\":{\"@type\":\"EntryPoint\",\"urlTemplate\":\"https:\/\/www.oarcanjo.net\/site\/?s={search_term_string}\"},\"query-input\":{\"@type\":\"PropertyValueSpecification\",\"valueRequired\":true,\"valueName\":\"search_term_string\"}}],\"inLanguage\":\"pt-BR\"},{\"@type\":\"Organization\",\"@id\":\"https:\/\/www.oarcanjo.net\/site\/#organization\",\"name\":\"Par\u00f3quia S\u00e3o Miguel Arcanjo\",\"url\":\"https:\/\/www.oarcanjo.net\/site\/\",\"logo\":{\"@type\":\"ImageObject\",\"inLanguage\":\"pt-BR\",\"@id\":\"https:\/\/www.oarcanjo.net\/site\/#\/schema\/logo\/image\/\",\"url\":\"https:\/\/www.oarcanjo.net\/site\/wp-content\/uploads\/LogoOArcanjo.png\",\"contentUrl\":\"https:\/\/www.oarcanjo.net\/site\/wp-content\/uploads\/LogoOArcanjo.png\",\"width\":319,\"height\":99,\"caption\":\"Par\u00f3quia S\u00e3o Miguel Arcanjo\"},\"image\":{\"@id\":\"https:\/\/www.oarcanjo.net\/site\/#\/schema\/logo\/image\/\"},\"sameAs\":[\"https:\/\/www.facebook.com\/OArcanjoNoAr\/\"]},{\"@type\":\"Person\",\"@id\":\"https:\/\/www.oarcanjo.net\/site\/#\/schema\/person\/5eb9480bedd2f3c97e430ce128c29c6c\",\"name\":\"danilo\"}]}<\/script>\n<!-- \/ Yoast SEO plugin. -->","yoast_head_json":{"title":"S\u00e3o Roque - O Arcanjo no ar","robots":{"index":"index","follow":"follow","max-snippet":"max-snippet:-1","max-image-preview":"max-image-preview:large","max-video-preview":"max-video-preview:-1"},"canonical":"https:\/\/www.oarcanjo.net\/site\/sao-roque\/","og_locale":"pt_BR","og_type":"article","og_title":"S\u00e3o Roque - O Arcanjo no ar","og_description":"16 de Agosto Roque nasceu no ano de 1295, na cidade de Montpellier, Fran\u00e7a, em uma fam\u00edlia rica, da nobreza da regi\u00e3o. Outros dados sobre sua vida e descend\u00eancia n\u00e3o s\u00e3o precisos. Ao certo, o que sabemos \u00e9 que ficou \u00f3rf\u00e3o na adolesc\u00eancia e que vendeu toda a heran\u00e7a e distribuiu o que arrecadou entre [&hellip;]","og_url":"https:\/\/www.oarcanjo.net\/site\/sao-roque\/","og_site_name":"O Arcanjo no ar","article_publisher":"https:\/\/www.facebook.com\/OArcanjoNoAr\/","article_published_time":"2018-08-16T03:23:10+00:00","article_modified_time":"2018-06-25T11:16:50+00:00","og_image":[{"url":"http:\/\/spb.fotolog.com\/photo\/11\/1\/116\/oracoes\/1218868204281_f.jpg"}],"author":"danilo","twitter_card":"summary_large_image","twitter_misc":{"Escrito por":"danilo","Est. tempo de leitura":"4 minutos"},"schema":{"@context":"https:\/\/schema.org","@graph":[{"@type":"Article","@id":"https:\/\/www.oarcanjo.net\/site\/sao-roque\/#article","isPartOf":{"@id":"https:\/\/www.oarcanjo.net\/site\/sao-roque\/"},"author":{"name":"danilo","@id":"https:\/\/www.oarcanjo.net\/site\/#\/schema\/person\/5eb9480bedd2f3c97e430ce128c29c6c"},"headline":"S\u00e3o Roque","datePublished":"2018-08-16T03:23:10+00:00","dateModified":"2018-06-25T11:16:50+00:00","mainEntityOfPage":{"@id":"https:\/\/www.oarcanjo.net\/site\/sao-roque\/"},"wordCount":725,"commentCount":0,"publisher":{"@id":"https:\/\/www.oarcanjo.net\/site\/#organization"},"image":{"@id":"https:\/\/www.oarcanjo.net\/site\/sao-roque\/#primaryimage"},"thumbnailUrl":"http:\/\/spb.fotolog.com\/photo\/11\/1\/116\/oracoes\/1218868204281_f.jpg","articleSection":["Testemunhos"],"inLanguage":"pt-BR","potentialAction":[{"@type":"CommentAction","name":"Comment","target":["https:\/\/www.oarcanjo.net\/site\/sao-roque\/#respond"]}]},{"@type":"WebPage","@id":"https:\/\/www.oarcanjo.net\/site\/sao-roque\/","url":"https:\/\/www.oarcanjo.net\/site\/sao-roque\/","name":"S\u00e3o Roque - O Arcanjo no ar","isPartOf":{"@id":"https:\/\/www.oarcanjo.net\/site\/#website"},"primaryImageOfPage":{"@id":"https:\/\/www.oarcanjo.net\/site\/sao-roque\/#primaryimage"},"image":{"@id":"https:\/\/www.oarcanjo.net\/site\/sao-roque\/#primaryimage"},"thumbnailUrl":"http:\/\/spb.fotolog.com\/photo\/11\/1\/116\/oracoes\/1218868204281_f.jpg","datePublished":"2018-08-16T03:23:10+00:00","dateModified":"2018-06-25T11:16:50+00:00","breadcrumb":{"@id":"https:\/\/www.oarcanjo.net\/site\/sao-roque\/#breadcrumb"},"inLanguage":"pt-BR","potentialAction":[{"@type":"ReadAction","target":["https:\/\/www.oarcanjo.net\/site\/sao-roque\/"]}]},{"@type":"ImageObject","inLanguage":"pt-BR","@id":"https:\/\/www.oarcanjo.net\/site\/sao-roque\/#primaryimage","url":"http:\/\/spb.fotolog.com\/photo\/11\/1\/116\/oracoes\/1218868204281_f.jpg","contentUrl":"http:\/\/spb.fotolog.com\/photo\/11\/1\/116\/oracoes\/1218868204281_f.jpg"},{"@type":"BreadcrumbList","@id":"https:\/\/www.oarcanjo.net\/site\/sao-roque\/#breadcrumb","itemListElement":[{"@type":"ListItem","position":1,"name":"In\u00edcio","item":"https:\/\/www.oarcanjo.net\/site\/"},{"@type":"ListItem","position":2,"name":"S\u00e3o Roque"}]},{"@type":"WebSite","@id":"https:\/\/www.oarcanjo.net\/site\/#website","url":"https:\/\/www.oarcanjo.net\/site\/","name":"O Arcanjo no ar","description":"Site da Par\u00f3quia S\u00e3o Miguel Arcanjo (Arquidiocese de SP)","publisher":{"@id":"https:\/\/www.oarcanjo.net\/site\/#organization"},"potentialAction":[{"@type":"SearchAction","target":{"@type":"EntryPoint","urlTemplate":"https:\/\/www.oarcanjo.net\/site\/?s={search_term_string}"},"query-input":{"@type":"PropertyValueSpecification","valueRequired":true,"valueName":"search_term_string"}}],"inLanguage":"pt-BR"},{"@type":"Organization","@id":"https:\/\/www.oarcanjo.net\/site\/#organization","name":"Par\u00f3quia S\u00e3o Miguel Arcanjo","url":"https:\/\/www.oarcanjo.net\/site\/","logo":{"@type":"ImageObject","inLanguage":"pt-BR","@id":"https:\/\/www.oarcanjo.net\/site\/#\/schema\/logo\/image\/","url":"https:\/\/www.oarcanjo.net\/site\/wp-content\/uploads\/LogoOArcanjo.png","contentUrl":"https:\/\/www.oarcanjo.net\/site\/wp-content\/uploads\/LogoOArcanjo.png","width":319,"height":99,"caption":"Par\u00f3quia S\u00e3o Miguel Arcanjo"},"image":{"@id":"https:\/\/www.oarcanjo.net\/site\/#\/schema\/logo\/image\/"},"sameAs":["https:\/\/www.facebook.com\/OArcanjoNoAr\/"]},{"@type":"Person","@id":"https:\/\/www.oarcanjo.net\/site\/#\/schema\/person\/5eb9480bedd2f3c97e430ce128c29c6c","name":"danilo"}]}},"publishpress_future_action":{"enabled":false,"date":"2026-05-08 06:13:15","action":"category","newStatus":"draft","terms":[],"taxonomy":"category"},"publishpress_future_workflow_manual_trigger":{"enabledWorkflows":[]},"_links":{"self":[{"href":"https:\/\/www.oarcanjo.net\/site\/wp-json\/wp\/v2\/posts\/10518"}],"collection":[{"href":"https:\/\/www.oarcanjo.net\/site\/wp-json\/wp\/v2\/posts"}],"about":[{"href":"https:\/\/www.oarcanjo.net\/site\/wp-json\/wp\/v2\/types\/post"}],"author":[{"embeddable":true,"href":"https:\/\/www.oarcanjo.net\/site\/wp-json\/wp\/v2\/users\/14"}],"replies":[{"embeddable":true,"href":"https:\/\/www.oarcanjo.net\/site\/wp-json\/wp\/v2\/comments?post=10518"}],"version-history":[{"count":1,"href":"https:\/\/www.oarcanjo.net\/site\/wp-json\/wp\/v2\/posts\/10518\/revisions"}],"predecessor-version":[{"id":88867,"href":"https:\/\/www.oarcanjo.net\/site\/wp-json\/wp\/v2\/posts\/10518\/revisions\/88867"}],"wp:attachment":[{"href":"https:\/\/www.oarcanjo.net\/site\/wp-json\/wp\/v2\/media?parent=10518"}],"wp:term":[{"taxonomy":"category","embeddable":true,"href":"https:\/\/www.oarcanjo.net\/site\/wp-json\/wp\/v2\/categories?post=10518"},{"taxonomy":"post_tag","embeddable":true,"href":"https:\/\/www.oarcanjo.net\/site\/wp-json\/wp\/v2\/tags?post=10518"}],"curies":[{"name":"wp","href":"https:\/\/api.w.org\/{rel}","templated":true}]}}