
{"id":10522,"date":"2018-08-17T00:32:44","date_gmt":"2018-08-17T03:32:44","guid":{"rendered":"http:\/\/www.oarcanjo.net\/site\/?p=10522"},"modified":"2018-06-25T08:13:51","modified_gmt":"2018-06-25T11:13:51","slug":"sao-jacinto","status":"publish","type":"post","link":"https:\/\/www.oarcanjo.net\/site\/sao-jacinto\/","title":{"rendered":"S\u00e3o Jacinto"},"content":{"rendered":"<p><img loading=\"lazy\" decoding=\"async\" src=\"http:\/\/www.portalangels.com\/santo_do_dia\/S1708B.gif\" alt=\"\" width=\"156\" height=\"199\" \/><\/p>\n<p>17 de Agosto<\/p>\n<p>Batizado com o nome de Jacko, ele nasceu em 1183, na antiga Kramien, hoje Crac\u00f3via, na Pol\u00f4nia. Alguns bi\u00f3grafos dizem que pertencia \u00e0 piedosa fam\u00edlia Odrovaz, da pequena nobreza local. Desde cedo, aprendeu a bondade e a caridade, despertando, assim, sua voca\u00e7\u00e3o religiosa. Antes de ingressar na Ordem dos Predicadores de S\u00e3o Domingos, ele era c\u00f4nego na sua cidade natal.<\/p>\n<p>Foi em Roma que conheceu Domingos de Gusm\u00e3o, fundador de uma nova Ordem, a dos padres predicadores. Pediu seu ingresso e foi aceito na nova congrega\u00e7\u00e3o. Depois de um breve noviciado, conclu\u00eddo em Bolonha, provavelmente em 1221, vestiu o h\u00e1bito dominicano e tomou o nome de frei Jacinto. Na ocasi\u00e3o, foi o pr\u00f3prio s\u00e3o Domingos que o enviou de volta \u00e0 sua p\u00e1tria com um companheiro, frei Henrique da Mor\u00e1via.<\/p>\n<p>Assim iniciou sua miss\u00e3o de grande pregador. O trabalho que ele teria de desenvolver na Pol\u00f4nia fora claramente fixado pelo fundador. Jacinto fundou, em Crac\u00f3via, um mosteiro da Ordem de S\u00e3o Domingos. Depois de pregar por toda a diocese, mandou alguns dominicanos mission\u00e1rios para a Pr\u00fassia, Su\u00e9cia e Dinamarca, pois esses pa\u00edses pag\u00e3os careciam de evangeliza\u00e7\u00e3o.<\/p>\n<p>O grande afluxo de religiosos \u00e0 nova Ordem permitiu, em 1225, por ocasi\u00e3o do cap\u00edtulo provincial, que se decidisse a funda\u00e7\u00e3o de cinco novos mosteiros na Pol\u00f4nia e na Bo\u00eamia.<\/p>\n<p>Passados tr\u00eas anos, ap\u00f3s ter participado do cap\u00edtulo geral da Ordem em Paris, foi para Kiev, na R\u00fassia, onde desenvolveu mais uma eficiente miss\u00e3o evangelizadora, levando a Ordem dos dominicanos para aquela regi\u00e3o.<\/p>\n<p>Jacinto foi um incans\u00e1vel pregador da Palavra de Cristo e um dos mais pr\u00f3digos colaboradores do estabelecimento da nova Ordem naquelas regi\u00f5es t\u00e3o distantes de Roma. Foram quarenta anos de intensa vida mission\u00e1ria.<\/p>\n<p>No ano dia 15 de agosto 1257, morreu no Mosteiro de Crac\u00f3via, Pol\u00f4nia, consumido pelas fadigas, aos setenta e dois anos de idade. Considerado pelos bi\u00f3grafos uma das gl\u00f3rias da Ordem Dominicana, foi canonizado em 1524 pelo papa Clemente VII.<\/p>\n<p>A festa de s\u00e3o Jacinto, o &#8220;ap\u00f3stolo da Pol\u00f4nia&#8221;, era tradicionalmente celebrada um dia depois da sua morte, mas, em raz\u00e3o da venera\u00e7\u00e3o da Assun\u00e7\u00e3o de Maria, foi transferida para o dia 17 de agosto.<\/p>\n<div id=\"themify_builder_content-10522\" data-postid=\"10522\" class=\"themify_builder_content themify_builder_content-10522 themify_builder themify_builder_front\">\n\t<\/div>\n<!-- \/themify_builder_content -->","protected":false},"excerpt":{"rendered":"<p>17 de Agosto Batizado com o nome de Jacko, ele nasceu em 1183, na antiga Kramien, hoje Crac\u00f3via, na Pol\u00f4nia. Alguns bi\u00f3grafos dizem que pertencia \u00e0 piedosa fam\u00edlia Odrovaz, da pequena nobreza local. Desde cedo, aprendeu a bondade e a caridade, despertando, assim, sua voca\u00e7\u00e3o religiosa. Antes de ingressar na Ordem dos Predicadores de S\u00e3o [&hellip;]<\/p>\n","protected":false},"author":14,"featured_media":0,"comment_status":"open","ping_status":"open","sticky":false,"template":"","format":"standard","meta":{"ngg_post_thumbnail":0,"footnotes":""},"categories":[186],"tags":[],"yoast_head":"<!-- This site is optimized with the Yoast SEO plugin v23.5 - https:\/\/yoast.com\/wordpress\/plugins\/seo\/ -->\n<title>S\u00e3o Jacinto - O Arcanjo no ar<\/title>\n<meta name=\"robots\" content=\"index, follow, max-snippet:-1, max-image-preview:large, max-video-preview:-1\" \/>\n<link rel=\"canonical\" href=\"https:\/\/www.oarcanjo.net\/site\/sao-jacinto\/\" \/>\n<meta property=\"og:locale\" content=\"pt_BR\" \/>\n<meta property=\"og:type\" content=\"article\" \/>\n<meta property=\"og:title\" content=\"S\u00e3o Jacinto - O Arcanjo no ar\" \/>\n<meta property=\"og:description\" content=\"17 de Agosto Batizado com o nome de Jacko, ele nasceu em 1183, na antiga Kramien, hoje Crac\u00f3via, na Pol\u00f4nia. Alguns bi\u00f3grafos dizem que pertencia \u00e0 piedosa fam\u00edlia Odrovaz, da pequena nobreza local. Desde cedo, aprendeu a bondade e a caridade, despertando, assim, sua voca\u00e7\u00e3o religiosa. Antes de ingressar na Ordem dos Predicadores de S\u00e3o [&hellip;]\" \/>\n<meta property=\"og:url\" content=\"https:\/\/www.oarcanjo.net\/site\/sao-jacinto\/\" \/>\n<meta property=\"og:site_name\" content=\"O Arcanjo no ar\" \/>\n<meta property=\"article:publisher\" content=\"https:\/\/www.facebook.com\/OArcanjoNoAr\/\" \/>\n<meta property=\"article:published_time\" content=\"2018-08-17T03:32:44+00:00\" \/>\n<meta property=\"article:modified_time\" content=\"2018-06-25T11:13:51+00:00\" \/>\n<meta property=\"og:image\" content=\"http:\/\/www.portalangels.com\/santo_do_dia\/S1708B.gif\" \/>\n<meta name=\"author\" content=\"danilo\" \/>\n<meta name=\"twitter:card\" content=\"summary_large_image\" \/>\n<meta name=\"twitter:label1\" content=\"Escrito por\" \/>\n\t<meta name=\"twitter:data1\" content=\"danilo\" \/>\n\t<meta name=\"twitter:label2\" content=\"Est. tempo de leitura\" \/>\n\t<meta name=\"twitter:data2\" content=\"2 minutos\" \/>\n<script type=\"application\/ld+json\" class=\"yoast-schema-graph\">{\"@context\":\"https:\/\/schema.org\",\"@graph\":[{\"@type\":\"Article\",\"@id\":\"https:\/\/www.oarcanjo.net\/site\/sao-jacinto\/#article\",\"isPartOf\":{\"@id\":\"https:\/\/www.oarcanjo.net\/site\/sao-jacinto\/\"},\"author\":{\"name\":\"danilo\",\"@id\":\"https:\/\/www.oarcanjo.net\/site\/#\/schema\/person\/5eb9480bedd2f3c97e430ce128c29c6c\"},\"headline\":\"S\u00e3o Jacinto\",\"datePublished\":\"2018-08-17T03:32:44+00:00\",\"dateModified\":\"2018-06-25T11:13:51+00:00\",\"mainEntityOfPage\":{\"@id\":\"https:\/\/www.oarcanjo.net\/site\/sao-jacinto\/\"},\"wordCount\":404,\"commentCount\":0,\"publisher\":{\"@id\":\"https:\/\/www.oarcanjo.net\/site\/#organization\"},\"image\":{\"@id\":\"https:\/\/www.oarcanjo.net\/site\/sao-jacinto\/#primaryimage\"},\"thumbnailUrl\":\"http:\/\/www.portalangels.com\/santo_do_dia\/S1708B.gif\",\"articleSection\":[\"Testemunhos\"],\"inLanguage\":\"pt-BR\",\"potentialAction\":[{\"@type\":\"CommentAction\",\"name\":\"Comment\",\"target\":[\"https:\/\/www.oarcanjo.net\/site\/sao-jacinto\/#respond\"]}]},{\"@type\":\"WebPage\",\"@id\":\"https:\/\/www.oarcanjo.net\/site\/sao-jacinto\/\",\"url\":\"https:\/\/www.oarcanjo.net\/site\/sao-jacinto\/\",\"name\":\"S\u00e3o Jacinto - O Arcanjo no ar\",\"isPartOf\":{\"@id\":\"https:\/\/www.oarcanjo.net\/site\/#website\"},\"primaryImageOfPage\":{\"@id\":\"https:\/\/www.oarcanjo.net\/site\/sao-jacinto\/#primaryimage\"},\"image\":{\"@id\":\"https:\/\/www.oarcanjo.net\/site\/sao-jacinto\/#primaryimage\"},\"thumbnailUrl\":\"http:\/\/www.portalangels.com\/santo_do_dia\/S1708B.gif\",\"datePublished\":\"2018-08-17T03:32:44+00:00\",\"dateModified\":\"2018-06-25T11:13:51+00:00\",\"breadcrumb\":{\"@id\":\"https:\/\/www.oarcanjo.net\/site\/sao-jacinto\/#breadcrumb\"},\"inLanguage\":\"pt-BR\",\"potentialAction\":[{\"@type\":\"ReadAction\",\"target\":[\"https:\/\/www.oarcanjo.net\/site\/sao-jacinto\/\"]}]},{\"@type\":\"ImageObject\",\"inLanguage\":\"pt-BR\",\"@id\":\"https:\/\/www.oarcanjo.net\/site\/sao-jacinto\/#primaryimage\",\"url\":\"http:\/\/www.portalangels.com\/santo_do_dia\/S1708B.gif\",\"contentUrl\":\"http:\/\/www.portalangels.com\/santo_do_dia\/S1708B.gif\"},{\"@type\":\"BreadcrumbList\",\"@id\":\"https:\/\/www.oarcanjo.net\/site\/sao-jacinto\/#breadcrumb\",\"itemListElement\":[{\"@type\":\"ListItem\",\"position\":1,\"name\":\"In\u00edcio\",\"item\":\"https:\/\/www.oarcanjo.net\/site\/\"},{\"@type\":\"ListItem\",\"position\":2,\"name\":\"S\u00e3o Jacinto\"}]},{\"@type\":\"WebSite\",\"@id\":\"https:\/\/www.oarcanjo.net\/site\/#website\",\"url\":\"https:\/\/www.oarcanjo.net\/site\/\",\"name\":\"O Arcanjo no ar\",\"description\":\"Site da Par\u00f3quia S\u00e3o Miguel Arcanjo (Arquidiocese de SP)\",\"publisher\":{\"@id\":\"https:\/\/www.oarcanjo.net\/site\/#organization\"},\"potentialAction\":[{\"@type\":\"SearchAction\",\"target\":{\"@type\":\"EntryPoint\",\"urlTemplate\":\"https:\/\/www.oarcanjo.net\/site\/?s={search_term_string}\"},\"query-input\":{\"@type\":\"PropertyValueSpecification\",\"valueRequired\":true,\"valueName\":\"search_term_string\"}}],\"inLanguage\":\"pt-BR\"},{\"@type\":\"Organization\",\"@id\":\"https:\/\/www.oarcanjo.net\/site\/#organization\",\"name\":\"Par\u00f3quia S\u00e3o Miguel Arcanjo\",\"url\":\"https:\/\/www.oarcanjo.net\/site\/\",\"logo\":{\"@type\":\"ImageObject\",\"inLanguage\":\"pt-BR\",\"@id\":\"https:\/\/www.oarcanjo.net\/site\/#\/schema\/logo\/image\/\",\"url\":\"https:\/\/www.oarcanjo.net\/site\/wp-content\/uploads\/LogoOArcanjo.png\",\"contentUrl\":\"https:\/\/www.oarcanjo.net\/site\/wp-content\/uploads\/LogoOArcanjo.png\",\"width\":319,\"height\":99,\"caption\":\"Par\u00f3quia S\u00e3o Miguel Arcanjo\"},\"image\":{\"@id\":\"https:\/\/www.oarcanjo.net\/site\/#\/schema\/logo\/image\/\"},\"sameAs\":[\"https:\/\/www.facebook.com\/OArcanjoNoAr\/\"]},{\"@type\":\"Person\",\"@id\":\"https:\/\/www.oarcanjo.net\/site\/#\/schema\/person\/5eb9480bedd2f3c97e430ce128c29c6c\",\"name\":\"danilo\"}]}<\/script>\n<!-- \/ Yoast SEO plugin. -->","yoast_head_json":{"title":"S\u00e3o Jacinto - O Arcanjo no ar","robots":{"index":"index","follow":"follow","max-snippet":"max-snippet:-1","max-image-preview":"max-image-preview:large","max-video-preview":"max-video-preview:-1"},"canonical":"https:\/\/www.oarcanjo.net\/site\/sao-jacinto\/","og_locale":"pt_BR","og_type":"article","og_title":"S\u00e3o Jacinto - O Arcanjo no ar","og_description":"17 de Agosto Batizado com o nome de Jacko, ele nasceu em 1183, na antiga Kramien, hoje Crac\u00f3via, na Pol\u00f4nia. Alguns bi\u00f3grafos dizem que pertencia \u00e0 piedosa fam\u00edlia Odrovaz, da pequena nobreza local. Desde cedo, aprendeu a bondade e a caridade, despertando, assim, sua voca\u00e7\u00e3o religiosa. Antes de ingressar na Ordem dos Predicadores de S\u00e3o [&hellip;]","og_url":"https:\/\/www.oarcanjo.net\/site\/sao-jacinto\/","og_site_name":"O Arcanjo no ar","article_publisher":"https:\/\/www.facebook.com\/OArcanjoNoAr\/","article_published_time":"2018-08-17T03:32:44+00:00","article_modified_time":"2018-06-25T11:13:51+00:00","og_image":[{"url":"http:\/\/www.portalangels.com\/santo_do_dia\/S1708B.gif"}],"author":"danilo","twitter_card":"summary_large_image","twitter_misc":{"Escrito por":"danilo","Est. tempo de leitura":"2 minutos"},"schema":{"@context":"https:\/\/schema.org","@graph":[{"@type":"Article","@id":"https:\/\/www.oarcanjo.net\/site\/sao-jacinto\/#article","isPartOf":{"@id":"https:\/\/www.oarcanjo.net\/site\/sao-jacinto\/"},"author":{"name":"danilo","@id":"https:\/\/www.oarcanjo.net\/site\/#\/schema\/person\/5eb9480bedd2f3c97e430ce128c29c6c"},"headline":"S\u00e3o Jacinto","datePublished":"2018-08-17T03:32:44+00:00","dateModified":"2018-06-25T11:13:51+00:00","mainEntityOfPage":{"@id":"https:\/\/www.oarcanjo.net\/site\/sao-jacinto\/"},"wordCount":404,"commentCount":0,"publisher":{"@id":"https:\/\/www.oarcanjo.net\/site\/#organization"},"image":{"@id":"https:\/\/www.oarcanjo.net\/site\/sao-jacinto\/#primaryimage"},"thumbnailUrl":"http:\/\/www.portalangels.com\/santo_do_dia\/S1708B.gif","articleSection":["Testemunhos"],"inLanguage":"pt-BR","potentialAction":[{"@type":"CommentAction","name":"Comment","target":["https:\/\/www.oarcanjo.net\/site\/sao-jacinto\/#respond"]}]},{"@type":"WebPage","@id":"https:\/\/www.oarcanjo.net\/site\/sao-jacinto\/","url":"https:\/\/www.oarcanjo.net\/site\/sao-jacinto\/","name":"S\u00e3o Jacinto - O Arcanjo no ar","isPartOf":{"@id":"https:\/\/www.oarcanjo.net\/site\/#website"},"primaryImageOfPage":{"@id":"https:\/\/www.oarcanjo.net\/site\/sao-jacinto\/#primaryimage"},"image":{"@id":"https:\/\/www.oarcanjo.net\/site\/sao-jacinto\/#primaryimage"},"thumbnailUrl":"http:\/\/www.portalangels.com\/santo_do_dia\/S1708B.gif","datePublished":"2018-08-17T03:32:44+00:00","dateModified":"2018-06-25T11:13:51+00:00","breadcrumb":{"@id":"https:\/\/www.oarcanjo.net\/site\/sao-jacinto\/#breadcrumb"},"inLanguage":"pt-BR","potentialAction":[{"@type":"ReadAction","target":["https:\/\/www.oarcanjo.net\/site\/sao-jacinto\/"]}]},{"@type":"ImageObject","inLanguage":"pt-BR","@id":"https:\/\/www.oarcanjo.net\/site\/sao-jacinto\/#primaryimage","url":"http:\/\/www.portalangels.com\/santo_do_dia\/S1708B.gif","contentUrl":"http:\/\/www.portalangels.com\/santo_do_dia\/S1708B.gif"},{"@type":"BreadcrumbList","@id":"https:\/\/www.oarcanjo.net\/site\/sao-jacinto\/#breadcrumb","itemListElement":[{"@type":"ListItem","position":1,"name":"In\u00edcio","item":"https:\/\/www.oarcanjo.net\/site\/"},{"@type":"ListItem","position":2,"name":"S\u00e3o Jacinto"}]},{"@type":"WebSite","@id":"https:\/\/www.oarcanjo.net\/site\/#website","url":"https:\/\/www.oarcanjo.net\/site\/","name":"O Arcanjo no ar","description":"Site da Par\u00f3quia S\u00e3o Miguel Arcanjo (Arquidiocese de SP)","publisher":{"@id":"https:\/\/www.oarcanjo.net\/site\/#organization"},"potentialAction":[{"@type":"SearchAction","target":{"@type":"EntryPoint","urlTemplate":"https:\/\/www.oarcanjo.net\/site\/?s={search_term_string}"},"query-input":{"@type":"PropertyValueSpecification","valueRequired":true,"valueName":"search_term_string"}}],"inLanguage":"pt-BR"},{"@type":"Organization","@id":"https:\/\/www.oarcanjo.net\/site\/#organization","name":"Par\u00f3quia S\u00e3o Miguel Arcanjo","url":"https:\/\/www.oarcanjo.net\/site\/","logo":{"@type":"ImageObject","inLanguage":"pt-BR","@id":"https:\/\/www.oarcanjo.net\/site\/#\/schema\/logo\/image\/","url":"https:\/\/www.oarcanjo.net\/site\/wp-content\/uploads\/LogoOArcanjo.png","contentUrl":"https:\/\/www.oarcanjo.net\/site\/wp-content\/uploads\/LogoOArcanjo.png","width":319,"height":99,"caption":"Par\u00f3quia S\u00e3o Miguel Arcanjo"},"image":{"@id":"https:\/\/www.oarcanjo.net\/site\/#\/schema\/logo\/image\/"},"sameAs":["https:\/\/www.facebook.com\/OArcanjoNoAr\/"]},{"@type":"Person","@id":"https:\/\/www.oarcanjo.net\/site\/#\/schema\/person\/5eb9480bedd2f3c97e430ce128c29c6c","name":"danilo"}]}},"publishpress_future_action":{"enabled":false,"date":"2026-05-08 06:12:08","action":"category","newStatus":"draft","terms":[],"taxonomy":"category"},"publishpress_future_workflow_manual_trigger":{"enabledWorkflows":[]},"_links":{"self":[{"href":"https:\/\/www.oarcanjo.net\/site\/wp-json\/wp\/v2\/posts\/10522"}],"collection":[{"href":"https:\/\/www.oarcanjo.net\/site\/wp-json\/wp\/v2\/posts"}],"about":[{"href":"https:\/\/www.oarcanjo.net\/site\/wp-json\/wp\/v2\/types\/post"}],"author":[{"embeddable":true,"href":"https:\/\/www.oarcanjo.net\/site\/wp-json\/wp\/v2\/users\/14"}],"replies":[{"embeddable":true,"href":"https:\/\/www.oarcanjo.net\/site\/wp-json\/wp\/v2\/comments?post=10522"}],"version-history":[{"count":1,"href":"https:\/\/www.oarcanjo.net\/site\/wp-json\/wp\/v2\/posts\/10522\/revisions"}],"predecessor-version":[{"id":88841,"href":"https:\/\/www.oarcanjo.net\/site\/wp-json\/wp\/v2\/posts\/10522\/revisions\/88841"}],"wp:attachment":[{"href":"https:\/\/www.oarcanjo.net\/site\/wp-json\/wp\/v2\/media?parent=10522"}],"wp:term":[{"taxonomy":"category","embeddable":true,"href":"https:\/\/www.oarcanjo.net\/site\/wp-json\/wp\/v2\/categories?post=10522"},{"taxonomy":"post_tag","embeddable":true,"href":"https:\/\/www.oarcanjo.net\/site\/wp-json\/wp\/v2\/tags?post=10522"}],"curies":[{"name":"wp","href":"https:\/\/api.w.org\/{rel}","templated":true}]}}