
{"id":10524,"date":"2018-08-18T00:34:56","date_gmt":"2018-08-18T03:34:56","guid":{"rendered":"http:\/\/www.oarcanjo.net\/site\/?p=10524"},"modified":"2018-06-25T08:13:56","modified_gmt":"2018-06-25T11:13:56","slug":"santo-alberto-hurtado-cruchaga","status":"publish","type":"post","link":"https:\/\/www.oarcanjo.net\/site\/santo-alberto-hurtado-cruchaga\/","title":{"rendered":"Santo Alberto Hurtado Cruchaga"},"content":{"rendered":"<p><img loading=\"lazy\" decoding=\"async\" src=\"http:\/\/www.elamaule.cl\/tmp_images\/122\/noticia_6058_normal.jpg\" alt=\"\" width=\"349\" height=\"500\" \/><\/p>\n<p>18 de Agosto<\/p>\n<p>Nasceu em Vi\u00f1a del Mar (Chile), no dia 22 de janeiro de 1901. Aos quatro anos ficou \u00f3rf\u00e3o de pai. Foi obrigado a experimentar a pobreza durante sua inf\u00e2ncia. Recebeu de sua m\u00e3e a f\u00e9 e a coragem para enfrentar os desafios de uma vida \u00e1rdua. Gra\u00e7as a uma bolsa de estudos, p\u00f4de freq\u00fcentar o Col\u00e9gio dos Jesu\u00edtas em Santiago. Trabalhando para sustentar a m\u00e3e e o irm\u00e3o, conseguiu formar-se em direito. Desde cedo, preocupou-se com os mais necessitados.<\/p>\n<p>Com 22 anos, entrou no noviciado da Companhia de Jesus em Chill\u00e1n, realizando o sonho de ser jesu\u00edta. Em 1925, foi mandado para C\u00f3rdoba (Argentina) para completar os estudos human\u00edsticos. Recebeu a ordena\u00e7\u00e3o sacerdotal em Louvain (B\u00e9lgica) no dia 24 de agosto de 1933. Estudou na B\u00e9lgica e na Espanha, formando-se em filosofia, teologia, pedagogia e psicologia.<\/p>\n<p>Retornou ao Chile em 1936, distinguindo-se como professor na universidade e guia espiritual da juventude. Escritor, publicou tr\u00eas livros sobre a doutrina social da Igreja. Para atender os pobres, abriu uma obra exemplar, &#8220;El Hogar de Cristo&#8221;, Lar de Cristo, oferecendo aos desabrigados um ambiente digno e acolhedor.<\/p>\n<p>Em plena atividade sacerdotal, padre Alberto suportou fortes dores e, aceitando seus sofrimentos com plena conformidade, veio a falecer, v\u00edtima de um c\u00e2ncer de p\u00e2ncreas, em 18 de agosto de 1952.<\/p>\n<p>A medita\u00e7\u00e3o constante sobre a vida do Divino Mestre explica o ardor com que se dedicava a todos e a paix\u00e3o pelos pobres. Revelou um not\u00e1vel equil\u00edbrio, conforme a espiritualidade inaciana, sabendo ser &#8220;contemplativo na a\u00e7\u00e3o&#8221;. Era da adora\u00e7\u00e3o do Cristo presente na eucaristia que hauria sua for\u00e7a, seu discernimento e seu incans\u00e1vel zelo apost\u00f3lico.<br \/>\nO Padre Hurtado foi beatificado por Jo\u00e3o Paulo II em 16 de outubro de 1994 e canonizado por Bento XVI em 23 de outubro de 2005. A ele s\u00e3o atribu\u00eddos dois milagres: a recupera\u00e7\u00e3o de Mar\u00eda Alicia Cabezas Urrutia, v\u00edtima de morte cerebral parcial, devido a tr\u00eas hemorragias cerebrais e infarto cerebral, e a recupera\u00e7\u00e3o de Vivianne Galleguillos Fuentes, tamb\u00e9m com problemas cerebrais devido a um acidente automobil\u00edstico.<br \/>\nNo dia 23 de outubro de 2005 foi proclamado santo pelo papa Bento XVI.<\/p>\n<p><img loading=\"lazy\" decoding=\"async\" src=\"http:\/\/cacina.files.wordpress.com\/2009\/08\/hurtado_pala.jpg\" alt=\"\" width=\"377\" height=\"500\" \/><\/p>\n<div id=\"themify_builder_content-10524\" data-postid=\"10524\" class=\"themify_builder_content themify_builder_content-10524 themify_builder themify_builder_front\">\n\t<\/div>\n<!-- \/themify_builder_content -->","protected":false},"excerpt":{"rendered":"<p>18 de Agosto Nasceu em Vi\u00f1a del Mar (Chile), no dia 22 de janeiro de 1901. Aos quatro anos ficou \u00f3rf\u00e3o de pai. Foi obrigado a experimentar a pobreza durante sua inf\u00e2ncia. Recebeu de sua m\u00e3e a f\u00e9 e a coragem para enfrentar os desafios de uma vida \u00e1rdua. Gra\u00e7as a uma bolsa de estudos, [&hellip;]<\/p>\n","protected":false},"author":14,"featured_media":0,"comment_status":"open","ping_status":"open","sticky":false,"template":"","format":"standard","meta":{"ngg_post_thumbnail":0,"footnotes":""},"categories":[186],"tags":[],"yoast_head":"<!-- This site is optimized with the Yoast SEO plugin v23.5 - https:\/\/yoast.com\/wordpress\/plugins\/seo\/ -->\n<title>Santo Alberto Hurtado Cruchaga - O Arcanjo no ar<\/title>\n<meta name=\"robots\" content=\"index, follow, max-snippet:-1, max-image-preview:large, max-video-preview:-1\" \/>\n<link rel=\"canonical\" href=\"https:\/\/www.oarcanjo.net\/site\/santo-alberto-hurtado-cruchaga\/\" \/>\n<meta property=\"og:locale\" content=\"pt_BR\" \/>\n<meta property=\"og:type\" content=\"article\" \/>\n<meta property=\"og:title\" content=\"Santo Alberto Hurtado Cruchaga - O Arcanjo no ar\" \/>\n<meta property=\"og:description\" content=\"18 de Agosto Nasceu em Vi\u00f1a del Mar (Chile), no dia 22 de janeiro de 1901. Aos quatro anos ficou \u00f3rf\u00e3o de pai. Foi obrigado a experimentar a pobreza durante sua inf\u00e2ncia. Recebeu de sua m\u00e3e a f\u00e9 e a coragem para enfrentar os desafios de uma vida \u00e1rdua. Gra\u00e7as a uma bolsa de estudos, [&hellip;]\" \/>\n<meta property=\"og:url\" content=\"https:\/\/www.oarcanjo.net\/site\/santo-alberto-hurtado-cruchaga\/\" \/>\n<meta property=\"og:site_name\" content=\"O Arcanjo no ar\" \/>\n<meta property=\"article:publisher\" content=\"https:\/\/www.facebook.com\/OArcanjoNoAr\/\" \/>\n<meta property=\"article:published_time\" content=\"2018-08-18T03:34:56+00:00\" \/>\n<meta property=\"article:modified_time\" content=\"2018-06-25T11:13:56+00:00\" \/>\n<meta property=\"og:image\" content=\"http:\/\/www.elamaule.cl\/tmp_images\/122\/noticia_6058_normal.jpg\" \/>\n<meta name=\"author\" content=\"danilo\" \/>\n<meta name=\"twitter:card\" content=\"summary_large_image\" \/>\n<meta name=\"twitter:label1\" content=\"Escrito por\" \/>\n\t<meta name=\"twitter:data1\" content=\"danilo\" \/>\n\t<meta name=\"twitter:label2\" content=\"Est. tempo de leitura\" \/>\n\t<meta name=\"twitter:data2\" content=\"2 minutos\" \/>\n<script type=\"application\/ld+json\" class=\"yoast-schema-graph\">{\"@context\":\"https:\/\/schema.org\",\"@graph\":[{\"@type\":\"Article\",\"@id\":\"https:\/\/www.oarcanjo.net\/site\/santo-alberto-hurtado-cruchaga\/#article\",\"isPartOf\":{\"@id\":\"https:\/\/www.oarcanjo.net\/site\/santo-alberto-hurtado-cruchaga\/\"},\"author\":{\"name\":\"danilo\",\"@id\":\"https:\/\/www.oarcanjo.net\/site\/#\/schema\/person\/5eb9480bedd2f3c97e430ce128c29c6c\"},\"headline\":\"Santo Alberto Hurtado Cruchaga\",\"datePublished\":\"2018-08-18T03:34:56+00:00\",\"dateModified\":\"2018-06-25T11:13:56+00:00\",\"mainEntityOfPage\":{\"@id\":\"https:\/\/www.oarcanjo.net\/site\/santo-alberto-hurtado-cruchaga\/\"},\"wordCount\":384,\"commentCount\":0,\"publisher\":{\"@id\":\"https:\/\/www.oarcanjo.net\/site\/#organization\"},\"image\":{\"@id\":\"https:\/\/www.oarcanjo.net\/site\/santo-alberto-hurtado-cruchaga\/#primaryimage\"},\"thumbnailUrl\":\"http:\/\/www.elamaule.cl\/tmp_images\/122\/noticia_6058_normal.jpg\",\"articleSection\":[\"Testemunhos\"],\"inLanguage\":\"pt-BR\",\"potentialAction\":[{\"@type\":\"CommentAction\",\"name\":\"Comment\",\"target\":[\"https:\/\/www.oarcanjo.net\/site\/santo-alberto-hurtado-cruchaga\/#respond\"]}]},{\"@type\":\"WebPage\",\"@id\":\"https:\/\/www.oarcanjo.net\/site\/santo-alberto-hurtado-cruchaga\/\",\"url\":\"https:\/\/www.oarcanjo.net\/site\/santo-alberto-hurtado-cruchaga\/\",\"name\":\"Santo Alberto Hurtado Cruchaga - O Arcanjo no ar\",\"isPartOf\":{\"@id\":\"https:\/\/www.oarcanjo.net\/site\/#website\"},\"primaryImageOfPage\":{\"@id\":\"https:\/\/www.oarcanjo.net\/site\/santo-alberto-hurtado-cruchaga\/#primaryimage\"},\"image\":{\"@id\":\"https:\/\/www.oarcanjo.net\/site\/santo-alberto-hurtado-cruchaga\/#primaryimage\"},\"thumbnailUrl\":\"http:\/\/www.elamaule.cl\/tmp_images\/122\/noticia_6058_normal.jpg\",\"datePublished\":\"2018-08-18T03:34:56+00:00\",\"dateModified\":\"2018-06-25T11:13:56+00:00\",\"breadcrumb\":{\"@id\":\"https:\/\/www.oarcanjo.net\/site\/santo-alberto-hurtado-cruchaga\/#breadcrumb\"},\"inLanguage\":\"pt-BR\",\"potentialAction\":[{\"@type\":\"ReadAction\",\"target\":[\"https:\/\/www.oarcanjo.net\/site\/santo-alberto-hurtado-cruchaga\/\"]}]},{\"@type\":\"ImageObject\",\"inLanguage\":\"pt-BR\",\"@id\":\"https:\/\/www.oarcanjo.net\/site\/santo-alberto-hurtado-cruchaga\/#primaryimage\",\"url\":\"http:\/\/www.elamaule.cl\/tmp_images\/122\/noticia_6058_normal.jpg\",\"contentUrl\":\"http:\/\/www.elamaule.cl\/tmp_images\/122\/noticia_6058_normal.jpg\"},{\"@type\":\"BreadcrumbList\",\"@id\":\"https:\/\/www.oarcanjo.net\/site\/santo-alberto-hurtado-cruchaga\/#breadcrumb\",\"itemListElement\":[{\"@type\":\"ListItem\",\"position\":1,\"name\":\"In\u00edcio\",\"item\":\"https:\/\/www.oarcanjo.net\/site\/\"},{\"@type\":\"ListItem\",\"position\":2,\"name\":\"Santo Alberto Hurtado Cruchaga\"}]},{\"@type\":\"WebSite\",\"@id\":\"https:\/\/www.oarcanjo.net\/site\/#website\",\"url\":\"https:\/\/www.oarcanjo.net\/site\/\",\"name\":\"O Arcanjo no ar\",\"description\":\"Site da Par\u00f3quia S\u00e3o Miguel Arcanjo (Arquidiocese de SP)\",\"publisher\":{\"@id\":\"https:\/\/www.oarcanjo.net\/site\/#organization\"},\"potentialAction\":[{\"@type\":\"SearchAction\",\"target\":{\"@type\":\"EntryPoint\",\"urlTemplate\":\"https:\/\/www.oarcanjo.net\/site\/?s={search_term_string}\"},\"query-input\":{\"@type\":\"PropertyValueSpecification\",\"valueRequired\":true,\"valueName\":\"search_term_string\"}}],\"inLanguage\":\"pt-BR\"},{\"@type\":\"Organization\",\"@id\":\"https:\/\/www.oarcanjo.net\/site\/#organization\",\"name\":\"Par\u00f3quia S\u00e3o Miguel Arcanjo\",\"url\":\"https:\/\/www.oarcanjo.net\/site\/\",\"logo\":{\"@type\":\"ImageObject\",\"inLanguage\":\"pt-BR\",\"@id\":\"https:\/\/www.oarcanjo.net\/site\/#\/schema\/logo\/image\/\",\"url\":\"https:\/\/www.oarcanjo.net\/site\/wp-content\/uploads\/LogoOArcanjo.png\",\"contentUrl\":\"https:\/\/www.oarcanjo.net\/site\/wp-content\/uploads\/LogoOArcanjo.png\",\"width\":319,\"height\":99,\"caption\":\"Par\u00f3quia S\u00e3o Miguel Arcanjo\"},\"image\":{\"@id\":\"https:\/\/www.oarcanjo.net\/site\/#\/schema\/logo\/image\/\"},\"sameAs\":[\"https:\/\/www.facebook.com\/OArcanjoNoAr\/\"]},{\"@type\":\"Person\",\"@id\":\"https:\/\/www.oarcanjo.net\/site\/#\/schema\/person\/5eb9480bedd2f3c97e430ce128c29c6c\",\"name\":\"danilo\"}]}<\/script>\n<!-- \/ Yoast SEO plugin. -->","yoast_head_json":{"title":"Santo Alberto Hurtado Cruchaga - O Arcanjo no ar","robots":{"index":"index","follow":"follow","max-snippet":"max-snippet:-1","max-image-preview":"max-image-preview:large","max-video-preview":"max-video-preview:-1"},"canonical":"https:\/\/www.oarcanjo.net\/site\/santo-alberto-hurtado-cruchaga\/","og_locale":"pt_BR","og_type":"article","og_title":"Santo Alberto Hurtado Cruchaga - O Arcanjo no ar","og_description":"18 de Agosto Nasceu em Vi\u00f1a del Mar (Chile), no dia 22 de janeiro de 1901. Aos quatro anos ficou \u00f3rf\u00e3o de pai. Foi obrigado a experimentar a pobreza durante sua inf\u00e2ncia. Recebeu de sua m\u00e3e a f\u00e9 e a coragem para enfrentar os desafios de uma vida \u00e1rdua. Gra\u00e7as a uma bolsa de estudos, [&hellip;]","og_url":"https:\/\/www.oarcanjo.net\/site\/santo-alberto-hurtado-cruchaga\/","og_site_name":"O Arcanjo no ar","article_publisher":"https:\/\/www.facebook.com\/OArcanjoNoAr\/","article_published_time":"2018-08-18T03:34:56+00:00","article_modified_time":"2018-06-25T11:13:56+00:00","og_image":[{"url":"http:\/\/www.elamaule.cl\/tmp_images\/122\/noticia_6058_normal.jpg"}],"author":"danilo","twitter_card":"summary_large_image","twitter_misc":{"Escrito por":"danilo","Est. tempo de leitura":"2 minutos"},"schema":{"@context":"https:\/\/schema.org","@graph":[{"@type":"Article","@id":"https:\/\/www.oarcanjo.net\/site\/santo-alberto-hurtado-cruchaga\/#article","isPartOf":{"@id":"https:\/\/www.oarcanjo.net\/site\/santo-alberto-hurtado-cruchaga\/"},"author":{"name":"danilo","@id":"https:\/\/www.oarcanjo.net\/site\/#\/schema\/person\/5eb9480bedd2f3c97e430ce128c29c6c"},"headline":"Santo Alberto Hurtado Cruchaga","datePublished":"2018-08-18T03:34:56+00:00","dateModified":"2018-06-25T11:13:56+00:00","mainEntityOfPage":{"@id":"https:\/\/www.oarcanjo.net\/site\/santo-alberto-hurtado-cruchaga\/"},"wordCount":384,"commentCount":0,"publisher":{"@id":"https:\/\/www.oarcanjo.net\/site\/#organization"},"image":{"@id":"https:\/\/www.oarcanjo.net\/site\/santo-alberto-hurtado-cruchaga\/#primaryimage"},"thumbnailUrl":"http:\/\/www.elamaule.cl\/tmp_images\/122\/noticia_6058_normal.jpg","articleSection":["Testemunhos"],"inLanguage":"pt-BR","potentialAction":[{"@type":"CommentAction","name":"Comment","target":["https:\/\/www.oarcanjo.net\/site\/santo-alberto-hurtado-cruchaga\/#respond"]}]},{"@type":"WebPage","@id":"https:\/\/www.oarcanjo.net\/site\/santo-alberto-hurtado-cruchaga\/","url":"https:\/\/www.oarcanjo.net\/site\/santo-alberto-hurtado-cruchaga\/","name":"Santo Alberto Hurtado Cruchaga - O Arcanjo no ar","isPartOf":{"@id":"https:\/\/www.oarcanjo.net\/site\/#website"},"primaryImageOfPage":{"@id":"https:\/\/www.oarcanjo.net\/site\/santo-alberto-hurtado-cruchaga\/#primaryimage"},"image":{"@id":"https:\/\/www.oarcanjo.net\/site\/santo-alberto-hurtado-cruchaga\/#primaryimage"},"thumbnailUrl":"http:\/\/www.elamaule.cl\/tmp_images\/122\/noticia_6058_normal.jpg","datePublished":"2018-08-18T03:34:56+00:00","dateModified":"2018-06-25T11:13:56+00:00","breadcrumb":{"@id":"https:\/\/www.oarcanjo.net\/site\/santo-alberto-hurtado-cruchaga\/#breadcrumb"},"inLanguage":"pt-BR","potentialAction":[{"@type":"ReadAction","target":["https:\/\/www.oarcanjo.net\/site\/santo-alberto-hurtado-cruchaga\/"]}]},{"@type":"ImageObject","inLanguage":"pt-BR","@id":"https:\/\/www.oarcanjo.net\/site\/santo-alberto-hurtado-cruchaga\/#primaryimage","url":"http:\/\/www.elamaule.cl\/tmp_images\/122\/noticia_6058_normal.jpg","contentUrl":"http:\/\/www.elamaule.cl\/tmp_images\/122\/noticia_6058_normal.jpg"},{"@type":"BreadcrumbList","@id":"https:\/\/www.oarcanjo.net\/site\/santo-alberto-hurtado-cruchaga\/#breadcrumb","itemListElement":[{"@type":"ListItem","position":1,"name":"In\u00edcio","item":"https:\/\/www.oarcanjo.net\/site\/"},{"@type":"ListItem","position":2,"name":"Santo Alberto Hurtado Cruchaga"}]},{"@type":"WebSite","@id":"https:\/\/www.oarcanjo.net\/site\/#website","url":"https:\/\/www.oarcanjo.net\/site\/","name":"O Arcanjo no ar","description":"Site da Par\u00f3quia S\u00e3o Miguel Arcanjo (Arquidiocese de SP)","publisher":{"@id":"https:\/\/www.oarcanjo.net\/site\/#organization"},"potentialAction":[{"@type":"SearchAction","target":{"@type":"EntryPoint","urlTemplate":"https:\/\/www.oarcanjo.net\/site\/?s={search_term_string}"},"query-input":{"@type":"PropertyValueSpecification","valueRequired":true,"valueName":"search_term_string"}}],"inLanguage":"pt-BR"},{"@type":"Organization","@id":"https:\/\/www.oarcanjo.net\/site\/#organization","name":"Par\u00f3quia S\u00e3o Miguel Arcanjo","url":"https:\/\/www.oarcanjo.net\/site\/","logo":{"@type":"ImageObject","inLanguage":"pt-BR","@id":"https:\/\/www.oarcanjo.net\/site\/#\/schema\/logo\/image\/","url":"https:\/\/www.oarcanjo.net\/site\/wp-content\/uploads\/LogoOArcanjo.png","contentUrl":"https:\/\/www.oarcanjo.net\/site\/wp-content\/uploads\/LogoOArcanjo.png","width":319,"height":99,"caption":"Par\u00f3quia S\u00e3o Miguel Arcanjo"},"image":{"@id":"https:\/\/www.oarcanjo.net\/site\/#\/schema\/logo\/image\/"},"sameAs":["https:\/\/www.facebook.com\/OArcanjoNoAr\/"]},{"@type":"Person","@id":"https:\/\/www.oarcanjo.net\/site\/#\/schema\/person\/5eb9480bedd2f3c97e430ce128c29c6c","name":"danilo"}]}},"publishpress_future_action":{"enabled":false,"date":"2026-05-08 06:12:29","action":"category","newStatus":"draft","terms":[],"taxonomy":"category"},"publishpress_future_workflow_manual_trigger":{"enabledWorkflows":[]},"_links":{"self":[{"href":"https:\/\/www.oarcanjo.net\/site\/wp-json\/wp\/v2\/posts\/10524"}],"collection":[{"href":"https:\/\/www.oarcanjo.net\/site\/wp-json\/wp\/v2\/posts"}],"about":[{"href":"https:\/\/www.oarcanjo.net\/site\/wp-json\/wp\/v2\/types\/post"}],"author":[{"embeddable":true,"href":"https:\/\/www.oarcanjo.net\/site\/wp-json\/wp\/v2\/users\/14"}],"replies":[{"embeddable":true,"href":"https:\/\/www.oarcanjo.net\/site\/wp-json\/wp\/v2\/comments?post=10524"}],"version-history":[{"count":1,"href":"https:\/\/www.oarcanjo.net\/site\/wp-json\/wp\/v2\/posts\/10524\/revisions"}],"predecessor-version":[{"id":88842,"href":"https:\/\/www.oarcanjo.net\/site\/wp-json\/wp\/v2\/posts\/10524\/revisions\/88842"}],"wp:attachment":[{"href":"https:\/\/www.oarcanjo.net\/site\/wp-json\/wp\/v2\/media?parent=10524"}],"wp:term":[{"taxonomy":"category","embeddable":true,"href":"https:\/\/www.oarcanjo.net\/site\/wp-json\/wp\/v2\/categories?post=10524"},{"taxonomy":"post_tag","embeddable":true,"href":"https:\/\/www.oarcanjo.net\/site\/wp-json\/wp\/v2\/tags?post=10524"}],"curies":[{"name":"wp","href":"https:\/\/api.w.org\/{rel}","templated":true}]}}