
{"id":105246,"date":"2021-01-15T09:54:44","date_gmt":"2021-01-15T12:54:44","guid":{"rendered":"https:\/\/www.oarcanjo.net\/site\/?p=105246"},"modified":"2021-01-15T09:54:44","modified_gmt":"2021-01-15T12:54:44","slug":"so-um-coracao-musica-de-antonio-cardoso-homenageia-o-pe-julio","status":"publish","type":"post","link":"https:\/\/www.oarcanjo.net\/site\/so-um-coracao-musica-de-antonio-cardoso-homenageia-o-pe-julio\/","title":{"rendered":"&#8220;S\u00f3 um cora\u00e7\u00e3o&#8221;: m\u00fasica de Antonio Cardoso homenageia o Pe. Julio"},"content":{"rendered":"<p><em>Pe. Luis Miguel Modino<br \/>\nREPAM &#8211; Rede Eclesial Panamaz\u00f4nica<\/em><\/p>\n<p><iframe loading=\"lazy\" width=\"700\" height=\"394\" src=\"https:\/\/www.youtube.com\/embed\/U-zfkkci7z8?rel=0\" frameborder=\"0\" allow=\"accelerometer; autoplay; clipboard-write; encrypted-media; gyroscope; picture-in-picture\" allowfullscreen><\/iframe><\/p>\n<p>S\u00f3 um cora\u00e7\u00e3o, um cora\u00e7\u00e3o que ajuda a restaurar, a colocar de p\u00e9 a tantos homens e mulheres que perderam tudo, e tudo \u00e9 tudo mesmo! Essas palavras nos falam do padre J\u00falio Lancellotti, algu\u00e9m a quem Ant\u00f4nio Cardoso quis homenagear com uma can\u00e7\u00e3o, uma m\u00fasica que, segundo ele, \u201cfoi uma das poucas can\u00e7\u00f5es que eu escrevi na minha vida sem mudar uma frase, ela saiu, simplesmente fluiu\u201d.<\/p>\n<p>Cardoso afirma que \u201cas can\u00e7\u00f5es, elas s\u00e3o como uma inspira\u00e7\u00e3o divina, quando a gente se entrega, quando a gente abre o cora\u00e7\u00e3o, tudo isso flui na vida do poeta\u201d. Ant\u00f4nio Cardoso, que se define como \u201cmission\u00e1rio, apesar de muitos me chamarem de artista\u201d, destaca que \u201ca gente tamb\u00e9m tem que se deixar tocar, se sensibilizar pelos acontecimentos\u201d. Segundo ele, \u201cuma das coisas que tem aflorado muito na pandemia s\u00e3o as desigualdades\u201d, algo lembrado constantemente pelo Papa Francisco.<\/p>\n<p>No Brasil, \u201ctem extravasado ainda mais essa desigualdade, o que faz com que algumas pessoas se transformem quase em her\u00f3is\u201d. Mesmo que \u201cn\u00f3s n\u00e3o estejamos precisando de her\u00f3is, porque h\u00e1 uma grande diferen\u00e7a entre voca\u00e7\u00e3o e profiss\u00e3o\u201d, o padre J\u00falio Lancellotti, com 72 anos de idade, \u00e9 algu\u00e9m que todos os dias \u201cvem falando dessa trag\u00e9dia humana que S\u00e3o Paulo vem atravessando h\u00e1 muitos anos, h\u00e1 muitos governos, mas que tem sido mais dif\u00edcil ainda neste tempo de pandemia, e isso tornou este homem um s\u00edmbolo de um vocacionado\u201d, afirma. Para ele \u201ctodos n\u00f3s somos chamados a viver nossa voca\u00e7\u00e3o, mas alguns com um pouco mais de coragem se lan\u00e7am mais na linha de frente\u201d.<\/p>\n<p>Diante da m\u00fasica, o padre J\u00falio ficou emocionado, segundo o compositor. A can\u00e7\u00e3o foi ilustrada por v\u00eddeo com imagens do dia a dia do padre Lancellotti. Para Ant\u00f4nio Cardoso, que j\u00e1 tem uma caminhada de 40 anos no mundo art\u00edstico, \u201cS\u00f3 um cora\u00e7\u00e3o\u201d \u00e9 \u201cuma dessa can\u00e7\u00f5es que brota e que se transforma numa ora\u00e7\u00e3o, que nos impele a viver com fidelidade o chamado da constru\u00e7\u00e3o do Reino\u201d.<\/p>\n<p>Ele repara nas palavras que dizem \u201cquando a gente perde tudo, e tudo \u00e9 tudo mesmo, a\u00ed a gente fica sem ch\u00e3o\u201d. A\u00ed \u00e9 mostrado que \u201cmuita gente j\u00e1 viveu isso no mundo da sa\u00fade, no mundo econ\u00f4mico, muitos pais de fam\u00edlia que ficaram desempregados e foram para a rua, o mundo das drogas, pais e m\u00e3es que lutam para restaurar seus filhos e n\u00e3o conseguem\u201d, afirma o compositor baiano afincado em S\u00e3o Paulo. Ele tamb\u00e9m lembra \u201cdaqueles que est\u00e3o trabalhando com os ind\u00edgenas, que veem aquela trag\u00e9dia humana acontecendo, especialmente com as invas\u00f5es de reservas ind\u00edgenas\u201d.<\/p>\n<p>Ant\u00f4nio Cardoso reconhece o valor \u201cdessa gente simples, que dialoga de outra maneira, o vocabul\u00e1rio \u00e9 outro\u201d. Diante disso, ele afirma que \u201ceu sinto que a cada momento a nossa humanidade vem sendo transformada e a gente precisa ter esse esp\u00edrito ungido, pelo Esp\u00edrito da Verdade, para que a gente possa verdadeiramente se lan\u00e7ar a essa linha de frente\u201d. Ainda mais, ele diz que \u201csou muito grato ao Papai do C\u00e9u, que est\u00e1 sempre me instigando para que eu possa dar a minha contribui\u00e7\u00e3o \u00e0queles que est\u00e3o muito mais na linha de frente do que eu. Eu s\u00f3 fa\u00e7o traduzir em palavras e em can\u00e7\u00f5es o que a maioria j\u00e1 est\u00e1 trabalhando\u201d.<\/p>\n<p>Para o compositor, esse tempo de pandemia est\u00e1 sendo um per\u00edodo dif\u00edcil. Descobrir como poder satisfazer as necessidades familiares, como \u201cpai de fam\u00edlia, eu tenho que arrumar um jeito de sustentar, colocar minha filha na escola, e n\u00e3o \u00e9 f\u00e1cil isso em tempos normais, imagine numa pandemia\u201d. Junto com a carga emocional que surge diante da intoler\u00e2ncia, das pessoas que n\u00e3o aceitam a vacina, das pessoas negacionistas, mesmo com o povo morrendo, j\u00e1 s\u00e3o mais de 200 mil pessoas, o mundo do trabalho vivendo uma trag\u00e9dia incr\u00edvel, reflete algu\u00e9m que afirma e canta que diante dessa realidade: \u201cS\u00f3 um cora\u00e7\u00e3o pode entender o que se passa com voc\u00ea. Pois n\u00e3o h\u00e1 palavras para explicar a solid\u00e3o de algu\u00e9m que perdeu tudo\u201d.<\/p>\n<div id=\"themify_builder_content-105246\" data-postid=\"105246\" class=\"themify_builder_content themify_builder_content-105246 themify_builder themify_builder_front\">\n\t<\/div>\n<!-- \/themify_builder_content -->","protected":false},"excerpt":{"rendered":"<p>O cantor, compositor e evangelizador Ant\u00f4nio Cardoso homenageia o padre J\u00falio Lancellotti com a can\u00e7\u00e3o \u201cS\u00f3 um cora\u00e7\u00e3o\u201d<\/p>\n","protected":false},"author":5,"featured_media":105247,"comment_status":"open","ping_status":"open","sticky":false,"template":"","format":"standard","meta":{"ngg_post_thumbnail":0,"footnotes":""},"categories":[3,8,280],"tags":[],"yoast_head":"<!-- This site is optimized with the Yoast SEO plugin v23.5 - https:\/\/yoast.com\/wordpress\/plugins\/seo\/ -->\n<title>&quot;S\u00f3 um cora\u00e7\u00e3o&quot;: m\u00fasica de Antonio Cardoso homenageia o Pe. Julio - O Arcanjo no ar<\/title>\n<meta name=\"robots\" content=\"index, follow, max-snippet:-1, max-image-preview:large, max-video-preview:-1\" \/>\n<link rel=\"canonical\" href=\"https:\/\/www.oarcanjo.net\/site\/so-um-coracao-musica-de-antonio-cardoso-homenageia-o-pe-julio\/\" \/>\n<meta property=\"og:locale\" content=\"pt_BR\" \/>\n<meta property=\"og:type\" content=\"article\" \/>\n<meta property=\"og:title\" content=\"&quot;S\u00f3 um cora\u00e7\u00e3o&quot;: m\u00fasica de Antonio Cardoso homenageia o Pe. Julio - O Arcanjo no ar\" \/>\n<meta property=\"og:description\" content=\"O cantor, compositor e evangelizador Ant\u00f4nio Cardoso homenageia o padre J\u00falio Lancellotti com a can\u00e7\u00e3o \u201cS\u00f3 um cora\u00e7\u00e3o\u201d\" \/>\n<meta property=\"og:url\" content=\"https:\/\/www.oarcanjo.net\/site\/so-um-coracao-musica-de-antonio-cardoso-homenageia-o-pe-julio\/\" \/>\n<meta property=\"og:site_name\" content=\"O Arcanjo no ar\" \/>\n<meta property=\"article:publisher\" content=\"https:\/\/www.facebook.com\/OArcanjoNoAr\/\" \/>\n<meta property=\"article:published_time\" content=\"2021-01-15T12:54:44+00:00\" \/>\n<meta property=\"og:image\" content=\"https:\/\/www.oarcanjo.net\/site\/wp-content\/uploads\/CantoSoUmCoracao.jpg\" \/>\n\t<meta property=\"og:image:width\" content=\"1280\" \/>\n\t<meta property=\"og:image:height\" content=\"720\" \/>\n\t<meta property=\"og:image:type\" content=\"image\/jpeg\" \/>\n<meta name=\"author\" content=\"editor\" \/>\n<meta name=\"twitter:card\" content=\"summary_large_image\" \/>\n<meta name=\"twitter:label1\" content=\"Escrito por\" \/>\n\t<meta name=\"twitter:data1\" content=\"editor\" \/>\n\t<meta name=\"twitter:label2\" content=\"Est. tempo de leitura\" \/>\n\t<meta name=\"twitter:data2\" content=\"4 minutos\" \/>\n<script type=\"application\/ld+json\" class=\"yoast-schema-graph\">{\"@context\":\"https:\/\/schema.org\",\"@graph\":[{\"@type\":\"Article\",\"@id\":\"https:\/\/www.oarcanjo.net\/site\/so-um-coracao-musica-de-antonio-cardoso-homenageia-o-pe-julio\/#article\",\"isPartOf\":{\"@id\":\"https:\/\/www.oarcanjo.net\/site\/so-um-coracao-musica-de-antonio-cardoso-homenageia-o-pe-julio\/\"},\"author\":{\"name\":\"editor\",\"@id\":\"https:\/\/www.oarcanjo.net\/site\/#\/schema\/person\/f7024d007863202483a31326673a0838\"},\"headline\":\"&#8220;S\u00f3 um cora\u00e7\u00e3o&#8221;: m\u00fasica de Antonio Cardoso homenageia o Pe. Julio\",\"datePublished\":\"2021-01-15T12:54:44+00:00\",\"dateModified\":\"2021-01-15T12:54:44+00:00\",\"mainEntityOfPage\":{\"@id\":\"https:\/\/www.oarcanjo.net\/site\/so-um-coracao-musica-de-antonio-cardoso-homenageia-o-pe-julio\/\"},\"wordCount\":751,\"commentCount\":0,\"publisher\":{\"@id\":\"https:\/\/www.oarcanjo.net\/site\/#organization\"},\"image\":{\"@id\":\"https:\/\/www.oarcanjo.net\/site\/so-um-coracao-musica-de-antonio-cardoso-homenageia-o-pe-julio\/#primaryimage\"},\"thumbnailUrl\":\"https:\/\/www.oarcanjo.net\/site\/wp-content\/uploads\/CantoSoUmCoracao.jpg\",\"articleSection\":[\"Destaques\",\"Not\u00edcias\",\"V\u00eddeos\"],\"inLanguage\":\"pt-BR\",\"potentialAction\":[{\"@type\":\"CommentAction\",\"name\":\"Comment\",\"target\":[\"https:\/\/www.oarcanjo.net\/site\/so-um-coracao-musica-de-antonio-cardoso-homenageia-o-pe-julio\/#respond\"]}]},{\"@type\":\"WebPage\",\"@id\":\"https:\/\/www.oarcanjo.net\/site\/so-um-coracao-musica-de-antonio-cardoso-homenageia-o-pe-julio\/\",\"url\":\"https:\/\/www.oarcanjo.net\/site\/so-um-coracao-musica-de-antonio-cardoso-homenageia-o-pe-julio\/\",\"name\":\"\\\"S\u00f3 um cora\u00e7\u00e3o\\\": m\u00fasica de Antonio Cardoso homenageia o Pe. Julio - O Arcanjo no ar\",\"isPartOf\":{\"@id\":\"https:\/\/www.oarcanjo.net\/site\/#website\"},\"primaryImageOfPage\":{\"@id\":\"https:\/\/www.oarcanjo.net\/site\/so-um-coracao-musica-de-antonio-cardoso-homenageia-o-pe-julio\/#primaryimage\"},\"image\":{\"@id\":\"https:\/\/www.oarcanjo.net\/site\/so-um-coracao-musica-de-antonio-cardoso-homenageia-o-pe-julio\/#primaryimage\"},\"thumbnailUrl\":\"https:\/\/www.oarcanjo.net\/site\/wp-content\/uploads\/CantoSoUmCoracao.jpg\",\"datePublished\":\"2021-01-15T12:54:44+00:00\",\"dateModified\":\"2021-01-15T12:54:44+00:00\",\"breadcrumb\":{\"@id\":\"https:\/\/www.oarcanjo.net\/site\/so-um-coracao-musica-de-antonio-cardoso-homenageia-o-pe-julio\/#breadcrumb\"},\"inLanguage\":\"pt-BR\",\"potentialAction\":[{\"@type\":\"ReadAction\",\"target\":[\"https:\/\/www.oarcanjo.net\/site\/so-um-coracao-musica-de-antonio-cardoso-homenageia-o-pe-julio\/\"]}]},{\"@type\":\"ImageObject\",\"inLanguage\":\"pt-BR\",\"@id\":\"https:\/\/www.oarcanjo.net\/site\/so-um-coracao-musica-de-antonio-cardoso-homenageia-o-pe-julio\/#primaryimage\",\"url\":\"https:\/\/www.oarcanjo.net\/site\/wp-content\/uploads\/CantoSoUmCoracao.jpg\",\"contentUrl\":\"https:\/\/www.oarcanjo.net\/site\/wp-content\/uploads\/CantoSoUmCoracao.jpg\",\"width\":1280,\"height\":720},{\"@type\":\"BreadcrumbList\",\"@id\":\"https:\/\/www.oarcanjo.net\/site\/so-um-coracao-musica-de-antonio-cardoso-homenageia-o-pe-julio\/#breadcrumb\",\"itemListElement\":[{\"@type\":\"ListItem\",\"position\":1,\"name\":\"In\u00edcio\",\"item\":\"https:\/\/www.oarcanjo.net\/site\/\"},{\"@type\":\"ListItem\",\"position\":2,\"name\":\"&#8220;S\u00f3 um cora\u00e7\u00e3o&#8221;: m\u00fasica de Antonio Cardoso homenageia o Pe. Julio\"}]},{\"@type\":\"WebSite\",\"@id\":\"https:\/\/www.oarcanjo.net\/site\/#website\",\"url\":\"https:\/\/www.oarcanjo.net\/site\/\",\"name\":\"O Arcanjo no ar\",\"description\":\"Site da Par\u00f3quia S\u00e3o Miguel Arcanjo (Arquidiocese de SP)\",\"publisher\":{\"@id\":\"https:\/\/www.oarcanjo.net\/site\/#organization\"},\"potentialAction\":[{\"@type\":\"SearchAction\",\"target\":{\"@type\":\"EntryPoint\",\"urlTemplate\":\"https:\/\/www.oarcanjo.net\/site\/?s={search_term_string}\"},\"query-input\":{\"@type\":\"PropertyValueSpecification\",\"valueRequired\":true,\"valueName\":\"search_term_string\"}}],\"inLanguage\":\"pt-BR\"},{\"@type\":\"Organization\",\"@id\":\"https:\/\/www.oarcanjo.net\/site\/#organization\",\"name\":\"Par\u00f3quia S\u00e3o Miguel Arcanjo\",\"url\":\"https:\/\/www.oarcanjo.net\/site\/\",\"logo\":{\"@type\":\"ImageObject\",\"inLanguage\":\"pt-BR\",\"@id\":\"https:\/\/www.oarcanjo.net\/site\/#\/schema\/logo\/image\/\",\"url\":\"https:\/\/www.oarcanjo.net\/site\/wp-content\/uploads\/LogoOArcanjo.png\",\"contentUrl\":\"https:\/\/www.oarcanjo.net\/site\/wp-content\/uploads\/LogoOArcanjo.png\",\"width\":319,\"height\":99,\"caption\":\"Par\u00f3quia S\u00e3o Miguel Arcanjo\"},\"image\":{\"@id\":\"https:\/\/www.oarcanjo.net\/site\/#\/schema\/logo\/image\/\"},\"sameAs\":[\"https:\/\/www.facebook.com\/OArcanjoNoAr\/\"]},{\"@type\":\"Person\",\"@id\":\"https:\/\/www.oarcanjo.net\/site\/#\/schema\/person\/f7024d007863202483a31326673a0838\",\"name\":\"editor\",\"sameAs\":[\"http:\/\/www.oarcanjo.net\"]}]}<\/script>\n<!-- \/ Yoast SEO plugin. -->","yoast_head_json":{"title":"\"S\u00f3 um cora\u00e7\u00e3o\": m\u00fasica de Antonio Cardoso homenageia o Pe. Julio - O Arcanjo no ar","robots":{"index":"index","follow":"follow","max-snippet":"max-snippet:-1","max-image-preview":"max-image-preview:large","max-video-preview":"max-video-preview:-1"},"canonical":"https:\/\/www.oarcanjo.net\/site\/so-um-coracao-musica-de-antonio-cardoso-homenageia-o-pe-julio\/","og_locale":"pt_BR","og_type":"article","og_title":"\"S\u00f3 um cora\u00e7\u00e3o\": m\u00fasica de Antonio Cardoso homenageia o Pe. Julio - O Arcanjo no ar","og_description":"O cantor, compositor e evangelizador Ant\u00f4nio Cardoso homenageia o padre J\u00falio Lancellotti com a can\u00e7\u00e3o \u201cS\u00f3 um cora\u00e7\u00e3o\u201d","og_url":"https:\/\/www.oarcanjo.net\/site\/so-um-coracao-musica-de-antonio-cardoso-homenageia-o-pe-julio\/","og_site_name":"O Arcanjo no ar","article_publisher":"https:\/\/www.facebook.com\/OArcanjoNoAr\/","article_published_time":"2021-01-15T12:54:44+00:00","og_image":[{"width":1280,"height":720,"url":"https:\/\/www.oarcanjo.net\/site\/wp-content\/uploads\/CantoSoUmCoracao.jpg","type":"image\/jpeg"}],"author":"editor","twitter_card":"summary_large_image","twitter_misc":{"Escrito por":"editor","Est. tempo de leitura":"4 minutos"},"schema":{"@context":"https:\/\/schema.org","@graph":[{"@type":"Article","@id":"https:\/\/www.oarcanjo.net\/site\/so-um-coracao-musica-de-antonio-cardoso-homenageia-o-pe-julio\/#article","isPartOf":{"@id":"https:\/\/www.oarcanjo.net\/site\/so-um-coracao-musica-de-antonio-cardoso-homenageia-o-pe-julio\/"},"author":{"name":"editor","@id":"https:\/\/www.oarcanjo.net\/site\/#\/schema\/person\/f7024d007863202483a31326673a0838"},"headline":"&#8220;S\u00f3 um cora\u00e7\u00e3o&#8221;: m\u00fasica de Antonio Cardoso homenageia o Pe. Julio","datePublished":"2021-01-15T12:54:44+00:00","dateModified":"2021-01-15T12:54:44+00:00","mainEntityOfPage":{"@id":"https:\/\/www.oarcanjo.net\/site\/so-um-coracao-musica-de-antonio-cardoso-homenageia-o-pe-julio\/"},"wordCount":751,"commentCount":0,"publisher":{"@id":"https:\/\/www.oarcanjo.net\/site\/#organization"},"image":{"@id":"https:\/\/www.oarcanjo.net\/site\/so-um-coracao-musica-de-antonio-cardoso-homenageia-o-pe-julio\/#primaryimage"},"thumbnailUrl":"https:\/\/www.oarcanjo.net\/site\/wp-content\/uploads\/CantoSoUmCoracao.jpg","articleSection":["Destaques","Not\u00edcias","V\u00eddeos"],"inLanguage":"pt-BR","potentialAction":[{"@type":"CommentAction","name":"Comment","target":["https:\/\/www.oarcanjo.net\/site\/so-um-coracao-musica-de-antonio-cardoso-homenageia-o-pe-julio\/#respond"]}]},{"@type":"WebPage","@id":"https:\/\/www.oarcanjo.net\/site\/so-um-coracao-musica-de-antonio-cardoso-homenageia-o-pe-julio\/","url":"https:\/\/www.oarcanjo.net\/site\/so-um-coracao-musica-de-antonio-cardoso-homenageia-o-pe-julio\/","name":"\"S\u00f3 um cora\u00e7\u00e3o\": m\u00fasica de Antonio Cardoso homenageia o Pe. Julio - O Arcanjo no ar","isPartOf":{"@id":"https:\/\/www.oarcanjo.net\/site\/#website"},"primaryImageOfPage":{"@id":"https:\/\/www.oarcanjo.net\/site\/so-um-coracao-musica-de-antonio-cardoso-homenageia-o-pe-julio\/#primaryimage"},"image":{"@id":"https:\/\/www.oarcanjo.net\/site\/so-um-coracao-musica-de-antonio-cardoso-homenageia-o-pe-julio\/#primaryimage"},"thumbnailUrl":"https:\/\/www.oarcanjo.net\/site\/wp-content\/uploads\/CantoSoUmCoracao.jpg","datePublished":"2021-01-15T12:54:44+00:00","dateModified":"2021-01-15T12:54:44+00:00","breadcrumb":{"@id":"https:\/\/www.oarcanjo.net\/site\/so-um-coracao-musica-de-antonio-cardoso-homenageia-o-pe-julio\/#breadcrumb"},"inLanguage":"pt-BR","potentialAction":[{"@type":"ReadAction","target":["https:\/\/www.oarcanjo.net\/site\/so-um-coracao-musica-de-antonio-cardoso-homenageia-o-pe-julio\/"]}]},{"@type":"ImageObject","inLanguage":"pt-BR","@id":"https:\/\/www.oarcanjo.net\/site\/so-um-coracao-musica-de-antonio-cardoso-homenageia-o-pe-julio\/#primaryimage","url":"https:\/\/www.oarcanjo.net\/site\/wp-content\/uploads\/CantoSoUmCoracao.jpg","contentUrl":"https:\/\/www.oarcanjo.net\/site\/wp-content\/uploads\/CantoSoUmCoracao.jpg","width":1280,"height":720},{"@type":"BreadcrumbList","@id":"https:\/\/www.oarcanjo.net\/site\/so-um-coracao-musica-de-antonio-cardoso-homenageia-o-pe-julio\/#breadcrumb","itemListElement":[{"@type":"ListItem","position":1,"name":"In\u00edcio","item":"https:\/\/www.oarcanjo.net\/site\/"},{"@type":"ListItem","position":2,"name":"&#8220;S\u00f3 um cora\u00e7\u00e3o&#8221;: m\u00fasica de Antonio Cardoso homenageia o Pe. Julio"}]},{"@type":"WebSite","@id":"https:\/\/www.oarcanjo.net\/site\/#website","url":"https:\/\/www.oarcanjo.net\/site\/","name":"O Arcanjo no ar","description":"Site da Par\u00f3quia S\u00e3o Miguel Arcanjo (Arquidiocese de SP)","publisher":{"@id":"https:\/\/www.oarcanjo.net\/site\/#organization"},"potentialAction":[{"@type":"SearchAction","target":{"@type":"EntryPoint","urlTemplate":"https:\/\/www.oarcanjo.net\/site\/?s={search_term_string}"},"query-input":{"@type":"PropertyValueSpecification","valueRequired":true,"valueName":"search_term_string"}}],"inLanguage":"pt-BR"},{"@type":"Organization","@id":"https:\/\/www.oarcanjo.net\/site\/#organization","name":"Par\u00f3quia S\u00e3o Miguel Arcanjo","url":"https:\/\/www.oarcanjo.net\/site\/","logo":{"@type":"ImageObject","inLanguage":"pt-BR","@id":"https:\/\/www.oarcanjo.net\/site\/#\/schema\/logo\/image\/","url":"https:\/\/www.oarcanjo.net\/site\/wp-content\/uploads\/LogoOArcanjo.png","contentUrl":"https:\/\/www.oarcanjo.net\/site\/wp-content\/uploads\/LogoOArcanjo.png","width":319,"height":99,"caption":"Par\u00f3quia S\u00e3o Miguel Arcanjo"},"image":{"@id":"https:\/\/www.oarcanjo.net\/site\/#\/schema\/logo\/image\/"},"sameAs":["https:\/\/www.facebook.com\/OArcanjoNoAr\/"]},{"@type":"Person","@id":"https:\/\/www.oarcanjo.net\/site\/#\/schema\/person\/f7024d007863202483a31326673a0838","name":"editor","sameAs":["http:\/\/www.oarcanjo.net"]}]}},"publishpress_future_action":{"enabled":false,"date":"2026-05-08 17:05:35","action":"category","newStatus":"draft","terms":[],"taxonomy":"category"},"publishpress_future_workflow_manual_trigger":{"enabledWorkflows":[]},"_links":{"self":[{"href":"https:\/\/www.oarcanjo.net\/site\/wp-json\/wp\/v2\/posts\/105246"}],"collection":[{"href":"https:\/\/www.oarcanjo.net\/site\/wp-json\/wp\/v2\/posts"}],"about":[{"href":"https:\/\/www.oarcanjo.net\/site\/wp-json\/wp\/v2\/types\/post"}],"author":[{"embeddable":true,"href":"https:\/\/www.oarcanjo.net\/site\/wp-json\/wp\/v2\/users\/5"}],"replies":[{"embeddable":true,"href":"https:\/\/www.oarcanjo.net\/site\/wp-json\/wp\/v2\/comments?post=105246"}],"version-history":[{"count":2,"href":"https:\/\/www.oarcanjo.net\/site\/wp-json\/wp\/v2\/posts\/105246\/revisions"}],"predecessor-version":[{"id":105249,"href":"https:\/\/www.oarcanjo.net\/site\/wp-json\/wp\/v2\/posts\/105246\/revisions\/105249"}],"wp:featuredmedia":[{"embeddable":true,"href":"https:\/\/www.oarcanjo.net\/site\/wp-json\/wp\/v2\/media\/105247"}],"wp:attachment":[{"href":"https:\/\/www.oarcanjo.net\/site\/wp-json\/wp\/v2\/media?parent=105246"}],"wp:term":[{"taxonomy":"category","embeddable":true,"href":"https:\/\/www.oarcanjo.net\/site\/wp-json\/wp\/v2\/categories?post=105246"},{"taxonomy":"post_tag","embeddable":true,"href":"https:\/\/www.oarcanjo.net\/site\/wp-json\/wp\/v2\/tags?post=105246"}],"curies":[{"name":"wp","href":"https:\/\/api.w.org\/{rel}","templated":true}]}}