
{"id":10526,"date":"2018-08-18T00:42:04","date_gmt":"2018-08-18T03:42:04","guid":{"rendered":"http:\/\/www.oarcanjo.net\/site\/?p=10526"},"modified":"2018-06-25T08:14:03","modified_gmt":"2018-06-25T11:14:03","slug":"santa-helena","status":"publish","type":"post","link":"https:\/\/www.oarcanjo.net\/site\/santa-helena\/","title":{"rendered":"Santa Helena"},"content":{"rendered":"<p><img loading=\"lazy\" decoding=\"async\" src=\"http:\/\/www.mexconnect.com\/mex_\/travel\/jking\/images\/sntaelena3.jpg\" alt=\"\" width=\"315\" height=\"390\" \/><\/p>\n<p>18 de Agosto<\/p>\n<p>Fl\u00e1via J\u00falia Helena, esse era o seu nome completo. Nasceu em meados do s\u00e9culo III, na Bit\u00ednia, \u00c1sia Menor. Era descendente de uma fam\u00edlia pleb\u00e9ia e tornou-se uma bela jovem, inteligente e bondosa. Trabalhava numa importante hospedaria na sua cidade natal quando conheceu o tribuno Const\u00e2ncio Cloro. Apaixonados, casaram-se. Mas quando o imperador Maximiano nomeou-o co-regente, portanto seu sucessor, exigiu que ele abandonasse Helena e se casasse com sua enteada Teodora. Isso era poss\u00edvel porque a lei romana n\u00e3o reconhecia o casamento entre nobres e plebeus.<\/p>\n<p>O ambicioso Const\u00e2ncio obedeceu. Entretanto levou consigo para Roma o filho Constantino, que nascera em 274 da uni\u00e3o com Helena, que ficou separada do filho por quatorze anos. Com a morte do pai em 306, Constantino mandou buscar a m\u00e3e para junto de si na Corte. Ela j\u00e1 se havia convertido e tornado uma crist\u00e3 fervorosa e piedosa.<\/p>\n<p>O jovem Constantino, auxiliado pela sabedoria de Helena, conseguiu assumir o trono como o leg\u00edtimo sucessor do pai. Primeiro, tornou-se governador; depois, o supremo e incontest\u00e1vel imperador de Roma, recebendo o nome de Constantino, o Grande. Para tanto, teve de vencer seu pior advers\u00e1rio, Max\u00eancio, na hist\u00f3rica batalha travada, em 312, \u00e0s portas de Roma.<\/p>\n<p>Conta a hist\u00f3ria que, durante a batalha contra Max\u00eancio, seu ex\u00e9rcito estava em desvantagem. Influenciado por Helena, que tentava convert\u00ea-lo, Constantino teve uma vis\u00e3o. Apareceu-lhe uma cruz luminosa no c\u00e9u com os seguintes dizeres: &#8220;Com este sinal vencer\u00e1s&#8221;. Imediatamente, mandou pintar a cruz em todas as bandeiras e, milagrosamente, venceu a batalha. Nesse mesmo dia, o imperador mandou cessar, imediatamente, toda e qualquer persegui\u00e7\u00e3o contra os crist\u00e3os e editou o famoso decreto de Mil\u00e3o, em 313, pelo qual concedeu liberdade de culto aos crist\u00e3os e deu a Helena o honroso t\u00edtulo de &#8220;Augusta&#8221;.<\/p>\n<p>Helena passou a dedicar-se \u00e0 expans\u00e3o da evangeliza\u00e7\u00e3o e crescimento do cristianismo em todos os dom\u00ednios romanos. \u00c0s custas do Imp\u00e9rio, patrocinou a constru\u00e7\u00e3o de igrejas cat\u00f3licas nos lugares dos templos pag\u00e3os, de mosteiros de monges e monjas e ajudou a organizar as obras de assist\u00eancia aos pobres e doentes. Depois, apesar de idosa e cansada, foi em peregrina\u00e7\u00e3o para a Palestina, visitar os lugares da Paix\u00e3o de Cristo. L\u00e1 supervisionou a constru\u00e7\u00e3o das importantes bas\u00edlicas erguidas nos lugares santos, dentre elas a da Natividade e a do Santo Sepulcro, que existem at\u00e9 hoje. Conta a tradi\u00e7\u00e3o que Helena ajudou, em Jerusal\u00e9m, o bispo Mac\u00e1rio a identificar a verdadeira cruz de Jesus, quando as tr\u00eas foram encontradas. Para isso, levaram ao local uma mulher agonizante, que se curou milagrosamente ao tocar aquela que era a verdadeira.<\/p>\n<p>Pressentindo que o fim estava pr\u00f3ximo, voltou para junto de seu filho, Constantino, morrendo em seus bra\u00e7os, aos oitenta anos de idade, num ano incerto entre 328 e 330. O culto a santa Helena, celebrado no dia 18 de agosto, \u00e9 um dos mais antigos da Igreja Cat\u00f3lica. Algumas de suas rel\u00edquias s\u00e3o veneradas na bas\u00edlica dedicada a ela em Roma.<\/p>\n<div id=\"themify_builder_content-10526\" data-postid=\"10526\" class=\"themify_builder_content themify_builder_content-10526 themify_builder themify_builder_front\">\n\t<\/div>\n<!-- \/themify_builder_content -->","protected":false},"excerpt":{"rendered":"<p>18 de Agosto Fl\u00e1via J\u00falia Helena, esse era o seu nome completo. Nasceu em meados do s\u00e9culo III, na Bit\u00ednia, \u00c1sia Menor. Era descendente de uma fam\u00edlia pleb\u00e9ia e tornou-se uma bela jovem, inteligente e bondosa. Trabalhava numa importante hospedaria na sua cidade natal quando conheceu o tribuno Const\u00e2ncio Cloro. Apaixonados, casaram-se. Mas quando o [&hellip;]<\/p>\n","protected":false},"author":14,"featured_media":0,"comment_status":"open","ping_status":"open","sticky":false,"template":"","format":"standard","meta":{"ngg_post_thumbnail":0,"footnotes":""},"categories":[186],"tags":[],"yoast_head":"<!-- This site is optimized with the Yoast SEO plugin v23.5 - https:\/\/yoast.com\/wordpress\/plugins\/seo\/ -->\n<title>Santa Helena - O Arcanjo no ar<\/title>\n<meta name=\"robots\" content=\"index, follow, max-snippet:-1, max-image-preview:large, max-video-preview:-1\" \/>\n<link rel=\"canonical\" href=\"https:\/\/www.oarcanjo.net\/site\/santa-helena\/\" \/>\n<meta property=\"og:locale\" content=\"pt_BR\" \/>\n<meta property=\"og:type\" content=\"article\" \/>\n<meta property=\"og:title\" content=\"Santa Helena - O Arcanjo no ar\" \/>\n<meta property=\"og:description\" content=\"18 de Agosto Fl\u00e1via J\u00falia Helena, esse era o seu nome completo. Nasceu em meados do s\u00e9culo III, na Bit\u00ednia, \u00c1sia Menor. Era descendente de uma fam\u00edlia pleb\u00e9ia e tornou-se uma bela jovem, inteligente e bondosa. Trabalhava numa importante hospedaria na sua cidade natal quando conheceu o tribuno Const\u00e2ncio Cloro. Apaixonados, casaram-se. Mas quando o [&hellip;]\" \/>\n<meta property=\"og:url\" content=\"https:\/\/www.oarcanjo.net\/site\/santa-helena\/\" \/>\n<meta property=\"og:site_name\" content=\"O Arcanjo no ar\" \/>\n<meta property=\"article:publisher\" content=\"https:\/\/www.facebook.com\/OArcanjoNoAr\/\" \/>\n<meta property=\"article:published_time\" content=\"2018-08-18T03:42:04+00:00\" \/>\n<meta property=\"article:modified_time\" content=\"2018-06-25T11:14:03+00:00\" \/>\n<meta property=\"og:image\" content=\"http:\/\/www.mexconnect.com\/mex_\/travel\/jking\/images\/sntaelena3.jpg\" \/>\n<meta name=\"author\" content=\"danilo\" \/>\n<meta name=\"twitter:card\" content=\"summary_large_image\" \/>\n<meta name=\"twitter:label1\" content=\"Escrito por\" \/>\n\t<meta name=\"twitter:data1\" content=\"danilo\" \/>\n\t<meta name=\"twitter:label2\" content=\"Est. tempo de leitura\" \/>\n\t<meta name=\"twitter:data2\" content=\"3 minutos\" \/>\n<script type=\"application\/ld+json\" class=\"yoast-schema-graph\">{\"@context\":\"https:\/\/schema.org\",\"@graph\":[{\"@type\":\"Article\",\"@id\":\"https:\/\/www.oarcanjo.net\/site\/santa-helena\/#article\",\"isPartOf\":{\"@id\":\"https:\/\/www.oarcanjo.net\/site\/santa-helena\/\"},\"author\":{\"name\":\"danilo\",\"@id\":\"https:\/\/www.oarcanjo.net\/site\/#\/schema\/person\/5eb9480bedd2f3c97e430ce128c29c6c\"},\"headline\":\"Santa Helena\",\"datePublished\":\"2018-08-18T03:42:04+00:00\",\"dateModified\":\"2018-06-25T11:14:03+00:00\",\"mainEntityOfPage\":{\"@id\":\"https:\/\/www.oarcanjo.net\/site\/santa-helena\/\"},\"wordCount\":535,\"commentCount\":1,\"publisher\":{\"@id\":\"https:\/\/www.oarcanjo.net\/site\/#organization\"},\"image\":{\"@id\":\"https:\/\/www.oarcanjo.net\/site\/santa-helena\/#primaryimage\"},\"thumbnailUrl\":\"http:\/\/www.mexconnect.com\/mex_\/travel\/jking\/images\/sntaelena3.jpg\",\"articleSection\":[\"Testemunhos\"],\"inLanguage\":\"pt-BR\",\"potentialAction\":[{\"@type\":\"CommentAction\",\"name\":\"Comment\",\"target\":[\"https:\/\/www.oarcanjo.net\/site\/santa-helena\/#respond\"]}]},{\"@type\":\"WebPage\",\"@id\":\"https:\/\/www.oarcanjo.net\/site\/santa-helena\/\",\"url\":\"https:\/\/www.oarcanjo.net\/site\/santa-helena\/\",\"name\":\"Santa Helena - O Arcanjo no ar\",\"isPartOf\":{\"@id\":\"https:\/\/www.oarcanjo.net\/site\/#website\"},\"primaryImageOfPage\":{\"@id\":\"https:\/\/www.oarcanjo.net\/site\/santa-helena\/#primaryimage\"},\"image\":{\"@id\":\"https:\/\/www.oarcanjo.net\/site\/santa-helena\/#primaryimage\"},\"thumbnailUrl\":\"http:\/\/www.mexconnect.com\/mex_\/travel\/jking\/images\/sntaelena3.jpg\",\"datePublished\":\"2018-08-18T03:42:04+00:00\",\"dateModified\":\"2018-06-25T11:14:03+00:00\",\"breadcrumb\":{\"@id\":\"https:\/\/www.oarcanjo.net\/site\/santa-helena\/#breadcrumb\"},\"inLanguage\":\"pt-BR\",\"potentialAction\":[{\"@type\":\"ReadAction\",\"target\":[\"https:\/\/www.oarcanjo.net\/site\/santa-helena\/\"]}]},{\"@type\":\"ImageObject\",\"inLanguage\":\"pt-BR\",\"@id\":\"https:\/\/www.oarcanjo.net\/site\/santa-helena\/#primaryimage\",\"url\":\"http:\/\/www.mexconnect.com\/mex_\/travel\/jking\/images\/sntaelena3.jpg\",\"contentUrl\":\"http:\/\/www.mexconnect.com\/mex_\/travel\/jking\/images\/sntaelena3.jpg\"},{\"@type\":\"BreadcrumbList\",\"@id\":\"https:\/\/www.oarcanjo.net\/site\/santa-helena\/#breadcrumb\",\"itemListElement\":[{\"@type\":\"ListItem\",\"position\":1,\"name\":\"In\u00edcio\",\"item\":\"https:\/\/www.oarcanjo.net\/site\/\"},{\"@type\":\"ListItem\",\"position\":2,\"name\":\"Santa Helena\"}]},{\"@type\":\"WebSite\",\"@id\":\"https:\/\/www.oarcanjo.net\/site\/#website\",\"url\":\"https:\/\/www.oarcanjo.net\/site\/\",\"name\":\"O Arcanjo no ar\",\"description\":\"Site da Par\u00f3quia S\u00e3o Miguel Arcanjo (Arquidiocese de SP)\",\"publisher\":{\"@id\":\"https:\/\/www.oarcanjo.net\/site\/#organization\"},\"potentialAction\":[{\"@type\":\"SearchAction\",\"target\":{\"@type\":\"EntryPoint\",\"urlTemplate\":\"https:\/\/www.oarcanjo.net\/site\/?s={search_term_string}\"},\"query-input\":{\"@type\":\"PropertyValueSpecification\",\"valueRequired\":true,\"valueName\":\"search_term_string\"}}],\"inLanguage\":\"pt-BR\"},{\"@type\":\"Organization\",\"@id\":\"https:\/\/www.oarcanjo.net\/site\/#organization\",\"name\":\"Par\u00f3quia S\u00e3o Miguel Arcanjo\",\"url\":\"https:\/\/www.oarcanjo.net\/site\/\",\"logo\":{\"@type\":\"ImageObject\",\"inLanguage\":\"pt-BR\",\"@id\":\"https:\/\/www.oarcanjo.net\/site\/#\/schema\/logo\/image\/\",\"url\":\"https:\/\/www.oarcanjo.net\/site\/wp-content\/uploads\/LogoOArcanjo.png\",\"contentUrl\":\"https:\/\/www.oarcanjo.net\/site\/wp-content\/uploads\/LogoOArcanjo.png\",\"width\":319,\"height\":99,\"caption\":\"Par\u00f3quia S\u00e3o Miguel Arcanjo\"},\"image\":{\"@id\":\"https:\/\/www.oarcanjo.net\/site\/#\/schema\/logo\/image\/\"},\"sameAs\":[\"https:\/\/www.facebook.com\/OArcanjoNoAr\/\"]},{\"@type\":\"Person\",\"@id\":\"https:\/\/www.oarcanjo.net\/site\/#\/schema\/person\/5eb9480bedd2f3c97e430ce128c29c6c\",\"name\":\"danilo\"}]}<\/script>\n<!-- \/ Yoast SEO plugin. -->","yoast_head_json":{"title":"Santa Helena - O Arcanjo no ar","robots":{"index":"index","follow":"follow","max-snippet":"max-snippet:-1","max-image-preview":"max-image-preview:large","max-video-preview":"max-video-preview:-1"},"canonical":"https:\/\/www.oarcanjo.net\/site\/santa-helena\/","og_locale":"pt_BR","og_type":"article","og_title":"Santa Helena - O Arcanjo no ar","og_description":"18 de Agosto Fl\u00e1via J\u00falia Helena, esse era o seu nome completo. Nasceu em meados do s\u00e9culo III, na Bit\u00ednia, \u00c1sia Menor. Era descendente de uma fam\u00edlia pleb\u00e9ia e tornou-se uma bela jovem, inteligente e bondosa. Trabalhava numa importante hospedaria na sua cidade natal quando conheceu o tribuno Const\u00e2ncio Cloro. Apaixonados, casaram-se. Mas quando o [&hellip;]","og_url":"https:\/\/www.oarcanjo.net\/site\/santa-helena\/","og_site_name":"O Arcanjo no ar","article_publisher":"https:\/\/www.facebook.com\/OArcanjoNoAr\/","article_published_time":"2018-08-18T03:42:04+00:00","article_modified_time":"2018-06-25T11:14:03+00:00","og_image":[{"url":"http:\/\/www.mexconnect.com\/mex_\/travel\/jking\/images\/sntaelena3.jpg"}],"author":"danilo","twitter_card":"summary_large_image","twitter_misc":{"Escrito por":"danilo","Est. tempo de leitura":"3 minutos"},"schema":{"@context":"https:\/\/schema.org","@graph":[{"@type":"Article","@id":"https:\/\/www.oarcanjo.net\/site\/santa-helena\/#article","isPartOf":{"@id":"https:\/\/www.oarcanjo.net\/site\/santa-helena\/"},"author":{"name":"danilo","@id":"https:\/\/www.oarcanjo.net\/site\/#\/schema\/person\/5eb9480bedd2f3c97e430ce128c29c6c"},"headline":"Santa Helena","datePublished":"2018-08-18T03:42:04+00:00","dateModified":"2018-06-25T11:14:03+00:00","mainEntityOfPage":{"@id":"https:\/\/www.oarcanjo.net\/site\/santa-helena\/"},"wordCount":535,"commentCount":1,"publisher":{"@id":"https:\/\/www.oarcanjo.net\/site\/#organization"},"image":{"@id":"https:\/\/www.oarcanjo.net\/site\/santa-helena\/#primaryimage"},"thumbnailUrl":"http:\/\/www.mexconnect.com\/mex_\/travel\/jking\/images\/sntaelena3.jpg","articleSection":["Testemunhos"],"inLanguage":"pt-BR","potentialAction":[{"@type":"CommentAction","name":"Comment","target":["https:\/\/www.oarcanjo.net\/site\/santa-helena\/#respond"]}]},{"@type":"WebPage","@id":"https:\/\/www.oarcanjo.net\/site\/santa-helena\/","url":"https:\/\/www.oarcanjo.net\/site\/santa-helena\/","name":"Santa Helena - O Arcanjo no ar","isPartOf":{"@id":"https:\/\/www.oarcanjo.net\/site\/#website"},"primaryImageOfPage":{"@id":"https:\/\/www.oarcanjo.net\/site\/santa-helena\/#primaryimage"},"image":{"@id":"https:\/\/www.oarcanjo.net\/site\/santa-helena\/#primaryimage"},"thumbnailUrl":"http:\/\/www.mexconnect.com\/mex_\/travel\/jking\/images\/sntaelena3.jpg","datePublished":"2018-08-18T03:42:04+00:00","dateModified":"2018-06-25T11:14:03+00:00","breadcrumb":{"@id":"https:\/\/www.oarcanjo.net\/site\/santa-helena\/#breadcrumb"},"inLanguage":"pt-BR","potentialAction":[{"@type":"ReadAction","target":["https:\/\/www.oarcanjo.net\/site\/santa-helena\/"]}]},{"@type":"ImageObject","inLanguage":"pt-BR","@id":"https:\/\/www.oarcanjo.net\/site\/santa-helena\/#primaryimage","url":"http:\/\/www.mexconnect.com\/mex_\/travel\/jking\/images\/sntaelena3.jpg","contentUrl":"http:\/\/www.mexconnect.com\/mex_\/travel\/jking\/images\/sntaelena3.jpg"},{"@type":"BreadcrumbList","@id":"https:\/\/www.oarcanjo.net\/site\/santa-helena\/#breadcrumb","itemListElement":[{"@type":"ListItem","position":1,"name":"In\u00edcio","item":"https:\/\/www.oarcanjo.net\/site\/"},{"@type":"ListItem","position":2,"name":"Santa Helena"}]},{"@type":"WebSite","@id":"https:\/\/www.oarcanjo.net\/site\/#website","url":"https:\/\/www.oarcanjo.net\/site\/","name":"O Arcanjo no ar","description":"Site da Par\u00f3quia S\u00e3o Miguel Arcanjo (Arquidiocese de SP)","publisher":{"@id":"https:\/\/www.oarcanjo.net\/site\/#organization"},"potentialAction":[{"@type":"SearchAction","target":{"@type":"EntryPoint","urlTemplate":"https:\/\/www.oarcanjo.net\/site\/?s={search_term_string}"},"query-input":{"@type":"PropertyValueSpecification","valueRequired":true,"valueName":"search_term_string"}}],"inLanguage":"pt-BR"},{"@type":"Organization","@id":"https:\/\/www.oarcanjo.net\/site\/#organization","name":"Par\u00f3quia S\u00e3o Miguel Arcanjo","url":"https:\/\/www.oarcanjo.net\/site\/","logo":{"@type":"ImageObject","inLanguage":"pt-BR","@id":"https:\/\/www.oarcanjo.net\/site\/#\/schema\/logo\/image\/","url":"https:\/\/www.oarcanjo.net\/site\/wp-content\/uploads\/LogoOArcanjo.png","contentUrl":"https:\/\/www.oarcanjo.net\/site\/wp-content\/uploads\/LogoOArcanjo.png","width":319,"height":99,"caption":"Par\u00f3quia S\u00e3o Miguel Arcanjo"},"image":{"@id":"https:\/\/www.oarcanjo.net\/site\/#\/schema\/logo\/image\/"},"sameAs":["https:\/\/www.facebook.com\/OArcanjoNoAr\/"]},{"@type":"Person","@id":"https:\/\/www.oarcanjo.net\/site\/#\/schema\/person\/5eb9480bedd2f3c97e430ce128c29c6c","name":"danilo"}]}},"publishpress_future_action":{"enabled":false,"date":"2026-05-08 07:28:11","action":"category","newStatus":"draft","terms":[],"taxonomy":"category"},"publishpress_future_workflow_manual_trigger":{"enabledWorkflows":[]},"_links":{"self":[{"href":"https:\/\/www.oarcanjo.net\/site\/wp-json\/wp\/v2\/posts\/10526"}],"collection":[{"href":"https:\/\/www.oarcanjo.net\/site\/wp-json\/wp\/v2\/posts"}],"about":[{"href":"https:\/\/www.oarcanjo.net\/site\/wp-json\/wp\/v2\/types\/post"}],"author":[{"embeddable":true,"href":"https:\/\/www.oarcanjo.net\/site\/wp-json\/wp\/v2\/users\/14"}],"replies":[{"embeddable":true,"href":"https:\/\/www.oarcanjo.net\/site\/wp-json\/wp\/v2\/comments?post=10526"}],"version-history":[{"count":1,"href":"https:\/\/www.oarcanjo.net\/site\/wp-json\/wp\/v2\/posts\/10526\/revisions"}],"predecessor-version":[{"id":88843,"href":"https:\/\/www.oarcanjo.net\/site\/wp-json\/wp\/v2\/posts\/10526\/revisions\/88843"}],"wp:attachment":[{"href":"https:\/\/www.oarcanjo.net\/site\/wp-json\/wp\/v2\/media?parent=10526"}],"wp:term":[{"taxonomy":"category","embeddable":true,"href":"https:\/\/www.oarcanjo.net\/site\/wp-json\/wp\/v2\/categories?post=10526"},{"taxonomy":"post_tag","embeddable":true,"href":"https:\/\/www.oarcanjo.net\/site\/wp-json\/wp\/v2\/tags?post=10526"}],"curies":[{"name":"wp","href":"https:\/\/api.w.org\/{rel}","templated":true}]}}