
{"id":10541,"date":"2010-08-12T12:41:26","date_gmt":"2010-08-12T15:41:26","guid":{"rendered":"http:\/\/www.oarcanjo.net\/site\/?p=10541"},"modified":"2010-08-15T12:43:36","modified_gmt":"2010-08-15T15:43:36","slug":"margarida-alves-o-simbolo-de-uma-categoria-a-impunidade-continua-apos-27-anos-de-seu-assassinato","status":"publish","type":"post","link":"https:\/\/www.oarcanjo.net\/site\/margarida-alves-o-simbolo-de-uma-categoria-a-impunidade-continua-apos-27-anos-de-seu-assassinato\/","title":{"rendered":"Margarida Alves &#8211; o s\u00edmbolo de uma categoria. A impunidade continua ap\u00f3s 27 anos de seu assassinato"},"content":{"rendered":"<p>Maria Dolores de Brito Mota<\/p>\n<p>12 de agosto de 1983 &#8211; Margarida Maria Alves, trabalhadora rural, presidenta do Sindicato de Trabalhadores rurais de Alagoa Grande, munic\u00edpio do Estado da Para\u00edba, foi assassinada por um pistoleiro, a mando dos usineiros da regi\u00e3o do brejo paraibano. O crime foi brutal. Eram aproximadamente 18 horas e Margarida estava em frente a sua casa com o marido e o filho, quando um matador de aluguel deu um tiro de espingarda calibre 12,em sua face, deformando-a. <!--more-->Margarida,  desde 1973 ocupava a presid\u00eancia do STR , e \u00e0 \u00e9poca de sua morte havia movido 73 a\u00e7\u00f5es trabalhistas de trabalhadores rurais das usinas por direitos trabalhistas. Esse foi o motivo do crime.  Margarida foi uma das mulheres pioneiras das lutas pelos direitos dos trabalhadores e trabalhadoras rurais no Brasil. Ap\u00f3s a sua morte tornou-se um s\u00edmbolo pol\u00edtico, representativo das mulheres trabalhadoras rurais, que deram seu nome ao evento mais emblem\u00e1tico que realizam &#8211; a Marcha das Margaridas, uma mobiliza\u00e7\u00e3o nacional que re\u00fane em Bras\u00edlia milhares de mulheres trabalhadoras rurais no dia 12 de agosto.<\/p>\n<p>A Marcha das Margaridas ocorreu pela primeira vez em 2000, e desde ent\u00e3o teve outras edi\u00e7\u00f5es em 2003, 2007, 2008 e 2009, sempre definindo uma pauta de reivindica\u00e7\u00f5es a serem entregues aos representantes dos poderes p\u00fablicos federais.<\/p>\n<p>As mulheres trabalhadoras rurais brasileiras iniciaram a sua organiza\u00e7\u00e3o em movimentos sociais espec\u00edficos, para lutarem pelo seu reconhecimento como categoria social no ano de 1982 e, na medida em que se consolidavam como sujeito pol\u00edtico, ampliando as suas a\u00e7\u00f5es e o seu reconhecimento p\u00fablico, foram se identificando como Margaridas. Como s\u00edmbolo Margarida \u00e9 uma flor, mas \u00e9 tamb\u00e9m luta, pois \u00e9 a l\u00edder sindical que n\u00e3o se rendeu \u00e0s amea\u00e7as dos ricos, e afirmou preferir &#8220;morrer lutando, que morrer de fome&#8221;.<\/p>\n<p>Apresentando-se como Margaridas, as mulheres trabalhadoras rurais constroem uma identidade pr\u00f3pria e uma sensibilidade p\u00fablica utilizando estrategicamente alguns pap\u00e9is e atributos tradicionais das mulheres &#8211; fragilidade, filhos, sensibilidade, que associa a imagem da mulher a uma flor, a Margarida, que tamb\u00e9m \u00e9  uma mulher forte, que deu a vida pela luta.  Transformam o desqualificado e fr\u00e1gil feminino em for\u00e7a e efic\u00e1cia  pol\u00edtica, na luta e nas ruas.<\/p>\n<p>O assassinato de Margarida continua impune. Dos cinco acusados de serem mandantes do crime, ligados ao Grupo V\u00e1rzea, apenas dois foram julgados e absolvidos: Ant\u00f4nio Carlos Coutinho e Jos\u00e9 Buarque de Gusm\u00e3o Neto, conhecido como Zito Buarque. Os outros mandantes: Agnaldo Veloso Borges j\u00e1 faleceu e os irm\u00e3os Amaro e Amauri Jos\u00e9 do Rego est\u00e3o foragidos. O assassinato de Margarida Alves, permanece entre os grandes crimes de repercuss\u00e3o nacional e internacional impunes no pa\u00eds, tendo sido encaminhado para a Comiss\u00e3o Interamericana de Direitos Humanos (CIDH) da Organiza\u00e7\u00e3o dos Estados Americanos (OEA).<\/p>\n<p>Justi\u00e7a para Margarida! Viva Margarida Alves em todas as outras Margaridas de todos os cantos rurais do Brasil.<\/p>\n<div id=\"themify_builder_content-10541\" data-postid=\"10541\" class=\"themify_builder_content themify_builder_content-10541 themify_builder themify_builder_front\">\n\t<\/div>\n<!-- \/themify_builder_content -->","protected":false},"excerpt":{"rendered":"<p>Maria Dolores de Brito Mota 12 de agosto de 1983 &#8211; Margarida Maria Alves, trabalhadora rural, presidenta do Sindicato de Trabalhadores rurais de Alagoa Grande, munic\u00edpio do Estado da Para\u00edba, foi assassinada por um pistoleiro, a mando dos usineiros da regi\u00e3o do brejo paraibano. O crime foi brutal. Eram aproximadamente 18 horas e Margarida estava [&hellip;]<\/p>\n","protected":false},"author":5,"featured_media":0,"comment_status":"open","ping_status":"open","sticky":false,"template":"","format":"standard","meta":{"ngg_post_thumbnail":0,"footnotes":""},"categories":[8],"tags":[1153,1698,307,293],"yoast_head":"<!-- This site is optimized with the Yoast SEO plugin v23.5 - https:\/\/yoast.com\/wordpress\/plugins\/seo\/ -->\n<title>Margarida Alves - o s\u00edmbolo de uma categoria. A impunidade continua ap\u00f3s 27 anos de seu assassinato - O Arcanjo no ar<\/title>\n<meta name=\"robots\" content=\"index, follow, max-snippet:-1, max-image-preview:large, max-video-preview:-1\" \/>\n<link rel=\"canonical\" href=\"https:\/\/www.oarcanjo.net\/site\/margarida-alves-o-simbolo-de-uma-categoria-a-impunidade-continua-apos-27-anos-de-seu-assassinato\/\" \/>\n<meta property=\"og:locale\" content=\"pt_BR\" \/>\n<meta property=\"og:type\" content=\"article\" \/>\n<meta property=\"og:title\" content=\"Margarida Alves - o s\u00edmbolo de uma categoria. A impunidade continua ap\u00f3s 27 anos de seu assassinato - O Arcanjo no ar\" \/>\n<meta property=\"og:description\" content=\"Maria Dolores de Brito Mota 12 de agosto de 1983 &#8211; Margarida Maria Alves, trabalhadora rural, presidenta do Sindicato de Trabalhadores rurais de Alagoa Grande, munic\u00edpio do Estado da Para\u00edba, foi assassinada por um pistoleiro, a mando dos usineiros da regi\u00e3o do brejo paraibano. O crime foi brutal. Eram aproximadamente 18 horas e Margarida estava [&hellip;]\" \/>\n<meta property=\"og:url\" content=\"https:\/\/www.oarcanjo.net\/site\/margarida-alves-o-simbolo-de-uma-categoria-a-impunidade-continua-apos-27-anos-de-seu-assassinato\/\" \/>\n<meta property=\"og:site_name\" content=\"O Arcanjo no ar\" \/>\n<meta property=\"article:publisher\" content=\"https:\/\/www.facebook.com\/OArcanjoNoAr\/\" \/>\n<meta property=\"article:published_time\" content=\"2010-08-12T15:41:26+00:00\" \/>\n<meta property=\"article:modified_time\" content=\"2010-08-15T15:43:36+00:00\" \/>\n<meta property=\"og:image\" content=\"https:\/\/www.oarcanjo.net\/site\/wp-content\/uploads\/logo-o-arcanjo-no-ar-facebook.png\" \/>\n\t<meta property=\"og:image:width\" content=\"300\" \/>\n\t<meta property=\"og:image:height\" content=\"300\" \/>\n\t<meta property=\"og:image:type\" content=\"image\/png\" \/>\n<meta name=\"author\" content=\"editor\" \/>\n<meta name=\"twitter:card\" content=\"summary_large_image\" \/>\n<meta name=\"twitter:label1\" content=\"Escrito por\" \/>\n\t<meta name=\"twitter:data1\" content=\"editor\" \/>\n\t<meta name=\"twitter:label2\" content=\"Est. tempo de leitura\" \/>\n\t<meta name=\"twitter:data2\" content=\"2 minutos\" \/>\n<script type=\"application\/ld+json\" class=\"yoast-schema-graph\">{\"@context\":\"https:\/\/schema.org\",\"@graph\":[{\"@type\":\"Article\",\"@id\":\"https:\/\/www.oarcanjo.net\/site\/margarida-alves-o-simbolo-de-uma-categoria-a-impunidade-continua-apos-27-anos-de-seu-assassinato\/#article\",\"isPartOf\":{\"@id\":\"https:\/\/www.oarcanjo.net\/site\/margarida-alves-o-simbolo-de-uma-categoria-a-impunidade-continua-apos-27-anos-de-seu-assassinato\/\"},\"author\":{\"name\":\"editor\",\"@id\":\"https:\/\/www.oarcanjo.net\/site\/#\/schema\/person\/f7024d007863202483a31326673a0838\"},\"headline\":\"Margarida Alves &#8211; o s\u00edmbolo de uma categoria. A impunidade continua ap\u00f3s 27 anos de seu assassinato\",\"datePublished\":\"2010-08-12T15:41:26+00:00\",\"dateModified\":\"2010-08-15T15:43:36+00:00\",\"mainEntityOfPage\":{\"@id\":\"https:\/\/www.oarcanjo.net\/site\/margarida-alves-o-simbolo-de-uma-categoria-a-impunidade-continua-apos-27-anos-de-seu-assassinato\/\"},\"wordCount\":515,\"commentCount\":4,\"publisher\":{\"@id\":\"https:\/\/www.oarcanjo.net\/site\/#organization\"},\"keywords\":[\"luta pela terra\",\"Margarida Maria Alves\",\"mulher\",\"Reforma agr\u00e1ria\"],\"articleSection\":[\"Not\u00edcias\"],\"inLanguage\":\"pt-BR\",\"potentialAction\":[{\"@type\":\"CommentAction\",\"name\":\"Comment\",\"target\":[\"https:\/\/www.oarcanjo.net\/site\/margarida-alves-o-simbolo-de-uma-categoria-a-impunidade-continua-apos-27-anos-de-seu-assassinato\/#respond\"]}]},{\"@type\":\"WebPage\",\"@id\":\"https:\/\/www.oarcanjo.net\/site\/margarida-alves-o-simbolo-de-uma-categoria-a-impunidade-continua-apos-27-anos-de-seu-assassinato\/\",\"url\":\"https:\/\/www.oarcanjo.net\/site\/margarida-alves-o-simbolo-de-uma-categoria-a-impunidade-continua-apos-27-anos-de-seu-assassinato\/\",\"name\":\"Margarida Alves - o s\u00edmbolo de uma categoria. A impunidade continua ap\u00f3s 27 anos de seu assassinato - O Arcanjo no ar\",\"isPartOf\":{\"@id\":\"https:\/\/www.oarcanjo.net\/site\/#website\"},\"datePublished\":\"2010-08-12T15:41:26+00:00\",\"dateModified\":\"2010-08-15T15:43:36+00:00\",\"breadcrumb\":{\"@id\":\"https:\/\/www.oarcanjo.net\/site\/margarida-alves-o-simbolo-de-uma-categoria-a-impunidade-continua-apos-27-anos-de-seu-assassinato\/#breadcrumb\"},\"inLanguage\":\"pt-BR\",\"potentialAction\":[{\"@type\":\"ReadAction\",\"target\":[\"https:\/\/www.oarcanjo.net\/site\/margarida-alves-o-simbolo-de-uma-categoria-a-impunidade-continua-apos-27-anos-de-seu-assassinato\/\"]}]},{\"@type\":\"BreadcrumbList\",\"@id\":\"https:\/\/www.oarcanjo.net\/site\/margarida-alves-o-simbolo-de-uma-categoria-a-impunidade-continua-apos-27-anos-de-seu-assassinato\/#breadcrumb\",\"itemListElement\":[{\"@type\":\"ListItem\",\"position\":1,\"name\":\"In\u00edcio\",\"item\":\"https:\/\/www.oarcanjo.net\/site\/\"},{\"@type\":\"ListItem\",\"position\":2,\"name\":\"Margarida Alves &#8211; o s\u00edmbolo de uma categoria. A impunidade continua ap\u00f3s 27 anos de seu assassinato\"}]},{\"@type\":\"WebSite\",\"@id\":\"https:\/\/www.oarcanjo.net\/site\/#website\",\"url\":\"https:\/\/www.oarcanjo.net\/site\/\",\"name\":\"O Arcanjo no ar\",\"description\":\"Site da Par\u00f3quia S\u00e3o Miguel Arcanjo (Arquidiocese de SP)\",\"publisher\":{\"@id\":\"https:\/\/www.oarcanjo.net\/site\/#organization\"},\"potentialAction\":[{\"@type\":\"SearchAction\",\"target\":{\"@type\":\"EntryPoint\",\"urlTemplate\":\"https:\/\/www.oarcanjo.net\/site\/?s={search_term_string}\"},\"query-input\":{\"@type\":\"PropertyValueSpecification\",\"valueRequired\":true,\"valueName\":\"search_term_string\"}}],\"inLanguage\":\"pt-BR\"},{\"@type\":\"Organization\",\"@id\":\"https:\/\/www.oarcanjo.net\/site\/#organization\",\"name\":\"Par\u00f3quia S\u00e3o Miguel Arcanjo\",\"url\":\"https:\/\/www.oarcanjo.net\/site\/\",\"logo\":{\"@type\":\"ImageObject\",\"inLanguage\":\"pt-BR\",\"@id\":\"https:\/\/www.oarcanjo.net\/site\/#\/schema\/logo\/image\/\",\"url\":\"https:\/\/www.oarcanjo.net\/site\/wp-content\/uploads\/LogoOArcanjo.png\",\"contentUrl\":\"https:\/\/www.oarcanjo.net\/site\/wp-content\/uploads\/LogoOArcanjo.png\",\"width\":319,\"height\":99,\"caption\":\"Par\u00f3quia S\u00e3o Miguel Arcanjo\"},\"image\":{\"@id\":\"https:\/\/www.oarcanjo.net\/site\/#\/schema\/logo\/image\/\"},\"sameAs\":[\"https:\/\/www.facebook.com\/OArcanjoNoAr\/\"]},{\"@type\":\"Person\",\"@id\":\"https:\/\/www.oarcanjo.net\/site\/#\/schema\/person\/f7024d007863202483a31326673a0838\",\"name\":\"editor\",\"sameAs\":[\"http:\/\/www.oarcanjo.net\"]}]}<\/script>\n<!-- \/ Yoast SEO plugin. -->","yoast_head_json":{"title":"Margarida Alves - o s\u00edmbolo de uma categoria. A impunidade continua ap\u00f3s 27 anos de seu assassinato - O Arcanjo no ar","robots":{"index":"index","follow":"follow","max-snippet":"max-snippet:-1","max-image-preview":"max-image-preview:large","max-video-preview":"max-video-preview:-1"},"canonical":"https:\/\/www.oarcanjo.net\/site\/margarida-alves-o-simbolo-de-uma-categoria-a-impunidade-continua-apos-27-anos-de-seu-assassinato\/","og_locale":"pt_BR","og_type":"article","og_title":"Margarida Alves - o s\u00edmbolo de uma categoria. A impunidade continua ap\u00f3s 27 anos de seu assassinato - O Arcanjo no ar","og_description":"Maria Dolores de Brito Mota 12 de agosto de 1983 &#8211; Margarida Maria Alves, trabalhadora rural, presidenta do Sindicato de Trabalhadores rurais de Alagoa Grande, munic\u00edpio do Estado da Para\u00edba, foi assassinada por um pistoleiro, a mando dos usineiros da regi\u00e3o do brejo paraibano. O crime foi brutal. Eram aproximadamente 18 horas e Margarida estava [&hellip;]","og_url":"https:\/\/www.oarcanjo.net\/site\/margarida-alves-o-simbolo-de-uma-categoria-a-impunidade-continua-apos-27-anos-de-seu-assassinato\/","og_site_name":"O Arcanjo no ar","article_publisher":"https:\/\/www.facebook.com\/OArcanjoNoAr\/","article_published_time":"2010-08-12T15:41:26+00:00","article_modified_time":"2010-08-15T15:43:36+00:00","og_image":[{"width":300,"height":300,"url":"https:\/\/www.oarcanjo.net\/site\/wp-content\/uploads\/logo-o-arcanjo-no-ar-facebook.png","type":"image\/png"}],"author":"editor","twitter_card":"summary_large_image","twitter_misc":{"Escrito por":"editor","Est. tempo de leitura":"2 minutos"},"schema":{"@context":"https:\/\/schema.org","@graph":[{"@type":"Article","@id":"https:\/\/www.oarcanjo.net\/site\/margarida-alves-o-simbolo-de-uma-categoria-a-impunidade-continua-apos-27-anos-de-seu-assassinato\/#article","isPartOf":{"@id":"https:\/\/www.oarcanjo.net\/site\/margarida-alves-o-simbolo-de-uma-categoria-a-impunidade-continua-apos-27-anos-de-seu-assassinato\/"},"author":{"name":"editor","@id":"https:\/\/www.oarcanjo.net\/site\/#\/schema\/person\/f7024d007863202483a31326673a0838"},"headline":"Margarida Alves &#8211; o s\u00edmbolo de uma categoria. A impunidade continua ap\u00f3s 27 anos de seu assassinato","datePublished":"2010-08-12T15:41:26+00:00","dateModified":"2010-08-15T15:43:36+00:00","mainEntityOfPage":{"@id":"https:\/\/www.oarcanjo.net\/site\/margarida-alves-o-simbolo-de-uma-categoria-a-impunidade-continua-apos-27-anos-de-seu-assassinato\/"},"wordCount":515,"commentCount":4,"publisher":{"@id":"https:\/\/www.oarcanjo.net\/site\/#organization"},"keywords":["luta pela terra","Margarida Maria Alves","mulher","Reforma agr\u00e1ria"],"articleSection":["Not\u00edcias"],"inLanguage":"pt-BR","potentialAction":[{"@type":"CommentAction","name":"Comment","target":["https:\/\/www.oarcanjo.net\/site\/margarida-alves-o-simbolo-de-uma-categoria-a-impunidade-continua-apos-27-anos-de-seu-assassinato\/#respond"]}]},{"@type":"WebPage","@id":"https:\/\/www.oarcanjo.net\/site\/margarida-alves-o-simbolo-de-uma-categoria-a-impunidade-continua-apos-27-anos-de-seu-assassinato\/","url":"https:\/\/www.oarcanjo.net\/site\/margarida-alves-o-simbolo-de-uma-categoria-a-impunidade-continua-apos-27-anos-de-seu-assassinato\/","name":"Margarida Alves - o s\u00edmbolo de uma categoria. A impunidade continua ap\u00f3s 27 anos de seu assassinato - O Arcanjo no ar","isPartOf":{"@id":"https:\/\/www.oarcanjo.net\/site\/#website"},"datePublished":"2010-08-12T15:41:26+00:00","dateModified":"2010-08-15T15:43:36+00:00","breadcrumb":{"@id":"https:\/\/www.oarcanjo.net\/site\/margarida-alves-o-simbolo-de-uma-categoria-a-impunidade-continua-apos-27-anos-de-seu-assassinato\/#breadcrumb"},"inLanguage":"pt-BR","potentialAction":[{"@type":"ReadAction","target":["https:\/\/www.oarcanjo.net\/site\/margarida-alves-o-simbolo-de-uma-categoria-a-impunidade-continua-apos-27-anos-de-seu-assassinato\/"]}]},{"@type":"BreadcrumbList","@id":"https:\/\/www.oarcanjo.net\/site\/margarida-alves-o-simbolo-de-uma-categoria-a-impunidade-continua-apos-27-anos-de-seu-assassinato\/#breadcrumb","itemListElement":[{"@type":"ListItem","position":1,"name":"In\u00edcio","item":"https:\/\/www.oarcanjo.net\/site\/"},{"@type":"ListItem","position":2,"name":"Margarida Alves &#8211; o s\u00edmbolo de uma categoria. A impunidade continua ap\u00f3s 27 anos de seu assassinato"}]},{"@type":"WebSite","@id":"https:\/\/www.oarcanjo.net\/site\/#website","url":"https:\/\/www.oarcanjo.net\/site\/","name":"O Arcanjo no ar","description":"Site da Par\u00f3quia S\u00e3o Miguel Arcanjo (Arquidiocese de SP)","publisher":{"@id":"https:\/\/www.oarcanjo.net\/site\/#organization"},"potentialAction":[{"@type":"SearchAction","target":{"@type":"EntryPoint","urlTemplate":"https:\/\/www.oarcanjo.net\/site\/?s={search_term_string}"},"query-input":{"@type":"PropertyValueSpecification","valueRequired":true,"valueName":"search_term_string"}}],"inLanguage":"pt-BR"},{"@type":"Organization","@id":"https:\/\/www.oarcanjo.net\/site\/#organization","name":"Par\u00f3quia S\u00e3o Miguel Arcanjo","url":"https:\/\/www.oarcanjo.net\/site\/","logo":{"@type":"ImageObject","inLanguage":"pt-BR","@id":"https:\/\/www.oarcanjo.net\/site\/#\/schema\/logo\/image\/","url":"https:\/\/www.oarcanjo.net\/site\/wp-content\/uploads\/LogoOArcanjo.png","contentUrl":"https:\/\/www.oarcanjo.net\/site\/wp-content\/uploads\/LogoOArcanjo.png","width":319,"height":99,"caption":"Par\u00f3quia S\u00e3o Miguel Arcanjo"},"image":{"@id":"https:\/\/www.oarcanjo.net\/site\/#\/schema\/logo\/image\/"},"sameAs":["https:\/\/www.facebook.com\/OArcanjoNoAr\/"]},{"@type":"Person","@id":"https:\/\/www.oarcanjo.net\/site\/#\/schema\/person\/f7024d007863202483a31326673a0838","name":"editor","sameAs":["http:\/\/www.oarcanjo.net"]}]}},"publishpress_future_action":{"enabled":false,"date":"2026-05-09 10:23:50","action":"category","newStatus":"draft","terms":[],"taxonomy":"category"},"publishpress_future_workflow_manual_trigger":{"enabledWorkflows":[]},"_links":{"self":[{"href":"https:\/\/www.oarcanjo.net\/site\/wp-json\/wp\/v2\/posts\/10541"}],"collection":[{"href":"https:\/\/www.oarcanjo.net\/site\/wp-json\/wp\/v2\/posts"}],"about":[{"href":"https:\/\/www.oarcanjo.net\/site\/wp-json\/wp\/v2\/types\/post"}],"author":[{"embeddable":true,"href":"https:\/\/www.oarcanjo.net\/site\/wp-json\/wp\/v2\/users\/5"}],"replies":[{"embeddable":true,"href":"https:\/\/www.oarcanjo.net\/site\/wp-json\/wp\/v2\/comments?post=10541"}],"version-history":[{"count":0,"href":"https:\/\/www.oarcanjo.net\/site\/wp-json\/wp\/v2\/posts\/10541\/revisions"}],"wp:attachment":[{"href":"https:\/\/www.oarcanjo.net\/site\/wp-json\/wp\/v2\/media?parent=10541"}],"wp:term":[{"taxonomy":"category","embeddable":true,"href":"https:\/\/www.oarcanjo.net\/site\/wp-json\/wp\/v2\/categories?post=10541"},{"taxonomy":"post_tag","embeddable":true,"href":"https:\/\/www.oarcanjo.net\/site\/wp-json\/wp\/v2\/tags?post=10541"}],"curies":[{"name":"wp","href":"https:\/\/api.w.org\/{rel}","templated":true}]}}