
{"id":1056,"date":"2008-12-18T07:49:47","date_gmt":"2008-12-18T10:49:47","guid":{"rendered":"http:\/\/www.oarcanjo.net\/site\/?p=1056"},"modified":"2008-12-18T08:51:55","modified_gmt":"2008-12-18T11:51:55","slug":"menino-jesus-crucificado","status":"publish","type":"post","link":"https:\/\/www.oarcanjo.net\/site\/menino-jesus-crucificado\/","title":{"rendered":"Menino Jesus Crucificado"},"content":{"rendered":"<p>O menino Jesus Crucificado \u00e9 a imagem que o Vitor nos passa quando o vemos na UTI do Hospital Emilio Ribas. As limita\u00e7\u00f5es de uma vida t\u00e3o misteriosa que nos ensina muito. O Vitor \u00e9 a ternura de Deus e a sua a\u00e7\u00e3o para nos fazer melhores,mais humanos e num mundo marcado pelo resultado nos ensinar a gratuidade do Amor!<\/p>\n<p>O que esperamos do Vitor \u00e9 que esteja bem, que sorria que se sinta amado e protegido e assim saibamos amar e proteger sem esperar retribui\u00e7\u00e3o!<\/p>\n<p>O menino Jesus n\u00e3o pode estar na Cruz mas na mangedoura de madeira que \u00e9 a mesma da Cruz como o mesmo \u00e9 o menino que cresceu.<\/p>\n<p>Na estatura cresceu e no amor, tamb\u00e9m! Senhor de t\u00e3o grande bondade envolva o Vitor no afeto de teu Cora\u00e7\u00e3o para que a mangedoura e a cruz nele t\u00e3o identificadas nos permita Te contemplar e suplicar: fa\u00e7a por ele o que o teu amor desejar!<\/p>\n<div id=\"themify_builder_content-1056\" data-postid=\"1056\" class=\"themify_builder_content themify_builder_content-1056 themify_builder themify_builder_front\">\n\t<\/div>\n<!-- \/themify_builder_content -->","protected":false},"excerpt":{"rendered":"<p>O menino Jesus Crucificado \u00e9 a imagem que o Vitor nos passa quando o vemos na UTI do Hospital Emilio Ribas. As limita\u00e7\u00f5es de uma vida t\u00e3o misteriosa que nos ensina muito. O Vitor \u00e9 a ternura de Deus e a sua a\u00e7\u00e3o para nos fazer melhores,mais humanos e num mundo marcado pelo resultado nos [&hellip;]<\/p>\n","protected":false},"author":4,"featured_media":0,"comment_status":"open","ping_status":"open","sticky":false,"template":"","format":"standard","meta":{"ngg_post_thumbnail":0,"footnotes":""},"categories":[4],"tags":[137],"yoast_head":"<!-- This site is optimized with the Yoast SEO plugin v23.5 - https:\/\/yoast.com\/wordpress\/plugins\/seo\/ -->\n<title>Menino Jesus Crucificado - O Arcanjo no ar<\/title>\n<meta name=\"robots\" content=\"index, follow, max-snippet:-1, max-image-preview:large, max-video-preview:-1\" \/>\n<link rel=\"canonical\" href=\"https:\/\/www.oarcanjo.net\/site\/menino-jesus-crucificado\/\" \/>\n<meta property=\"og:locale\" content=\"pt_BR\" \/>\n<meta property=\"og:type\" content=\"article\" \/>\n<meta property=\"og:title\" content=\"Menino Jesus Crucificado - O Arcanjo no ar\" \/>\n<meta property=\"og:description\" content=\"O menino Jesus Crucificado \u00e9 a imagem que o Vitor nos passa quando o vemos na UTI do Hospital Emilio Ribas. As limita\u00e7\u00f5es de uma vida t\u00e3o misteriosa que nos ensina muito. O Vitor \u00e9 a ternura de Deus e a sua a\u00e7\u00e3o para nos fazer melhores,mais humanos e num mundo marcado pelo resultado nos [&hellip;]\" \/>\n<meta property=\"og:url\" content=\"https:\/\/www.oarcanjo.net\/site\/menino-jesus-crucificado\/\" \/>\n<meta property=\"og:site_name\" content=\"O Arcanjo no ar\" \/>\n<meta property=\"article:publisher\" content=\"https:\/\/www.facebook.com\/OArcanjoNoAr\/\" \/>\n<meta property=\"article:published_time\" content=\"2008-12-18T10:49:47+00:00\" \/>\n<meta property=\"article:modified_time\" content=\"2008-12-18T11:51:55+00:00\" \/>\n<meta property=\"og:image\" content=\"https:\/\/www.oarcanjo.net\/site\/wp-content\/uploads\/logo-o-arcanjo-no-ar-facebook.png\" \/>\n\t<meta property=\"og:image:width\" content=\"300\" \/>\n\t<meta property=\"og:image:height\" content=\"300\" \/>\n\t<meta property=\"og:image:type\" content=\"image\/png\" \/>\n<meta name=\"author\" content=\"julio\" \/>\n<meta name=\"twitter:card\" content=\"summary_large_image\" \/>\n<meta name=\"twitter:label1\" content=\"Escrito por\" \/>\n\t<meta name=\"twitter:data1\" content=\"julio\" \/>\n\t<meta name=\"twitter:label2\" content=\"Est. tempo de leitura\" \/>\n\t<meta name=\"twitter:data2\" content=\"1 minuto\" \/>\n<script type=\"application\/ld+json\" class=\"yoast-schema-graph\">{\"@context\":\"https:\/\/schema.org\",\"@graph\":[{\"@type\":\"Article\",\"@id\":\"https:\/\/www.oarcanjo.net\/site\/menino-jesus-crucificado\/#article\",\"isPartOf\":{\"@id\":\"https:\/\/www.oarcanjo.net\/site\/menino-jesus-crucificado\/\"},\"author\":{\"name\":\"julio\",\"@id\":\"https:\/\/www.oarcanjo.net\/site\/#\/schema\/person\/d78ea01c648c91e29c364b516767079e\"},\"headline\":\"Menino Jesus Crucificado\",\"datePublished\":\"2008-12-18T10:49:47+00:00\",\"dateModified\":\"2008-12-18T11:51:55+00:00\",\"mainEntityOfPage\":{\"@id\":\"https:\/\/www.oarcanjo.net\/site\/menino-jesus-crucificado\/\"},\"wordCount\":167,\"commentCount\":1,\"publisher\":{\"@id\":\"https:\/\/www.oarcanjo.net\/site\/#organization\"},\"keywords\":[\"Casa Vida\"],\"articleSection\":[\"Blog\"],\"inLanguage\":\"pt-BR\",\"potentialAction\":[{\"@type\":\"CommentAction\",\"name\":\"Comment\",\"target\":[\"https:\/\/www.oarcanjo.net\/site\/menino-jesus-crucificado\/#respond\"]}]},{\"@type\":\"WebPage\",\"@id\":\"https:\/\/www.oarcanjo.net\/site\/menino-jesus-crucificado\/\",\"url\":\"https:\/\/www.oarcanjo.net\/site\/menino-jesus-crucificado\/\",\"name\":\"Menino Jesus Crucificado - O Arcanjo no ar\",\"isPartOf\":{\"@id\":\"https:\/\/www.oarcanjo.net\/site\/#website\"},\"datePublished\":\"2008-12-18T10:49:47+00:00\",\"dateModified\":\"2008-12-18T11:51:55+00:00\",\"breadcrumb\":{\"@id\":\"https:\/\/www.oarcanjo.net\/site\/menino-jesus-crucificado\/#breadcrumb\"},\"inLanguage\":\"pt-BR\",\"potentialAction\":[{\"@type\":\"ReadAction\",\"target\":[\"https:\/\/www.oarcanjo.net\/site\/menino-jesus-crucificado\/\"]}]},{\"@type\":\"BreadcrumbList\",\"@id\":\"https:\/\/www.oarcanjo.net\/site\/menino-jesus-crucificado\/#breadcrumb\",\"itemListElement\":[{\"@type\":\"ListItem\",\"position\":1,\"name\":\"In\u00edcio\",\"item\":\"https:\/\/www.oarcanjo.net\/site\/\"},{\"@type\":\"ListItem\",\"position\":2,\"name\":\"Menino Jesus Crucificado\"}]},{\"@type\":\"WebSite\",\"@id\":\"https:\/\/www.oarcanjo.net\/site\/#website\",\"url\":\"https:\/\/www.oarcanjo.net\/site\/\",\"name\":\"O Arcanjo no ar\",\"description\":\"Site da Par\u00f3quia S\u00e3o Miguel Arcanjo (Arquidiocese de SP)\",\"publisher\":{\"@id\":\"https:\/\/www.oarcanjo.net\/site\/#organization\"},\"potentialAction\":[{\"@type\":\"SearchAction\",\"target\":{\"@type\":\"EntryPoint\",\"urlTemplate\":\"https:\/\/www.oarcanjo.net\/site\/?s={search_term_string}\"},\"query-input\":{\"@type\":\"PropertyValueSpecification\",\"valueRequired\":true,\"valueName\":\"search_term_string\"}}],\"inLanguage\":\"pt-BR\"},{\"@type\":\"Organization\",\"@id\":\"https:\/\/www.oarcanjo.net\/site\/#organization\",\"name\":\"Par\u00f3quia S\u00e3o Miguel Arcanjo\",\"url\":\"https:\/\/www.oarcanjo.net\/site\/\",\"logo\":{\"@type\":\"ImageObject\",\"inLanguage\":\"pt-BR\",\"@id\":\"https:\/\/www.oarcanjo.net\/site\/#\/schema\/logo\/image\/\",\"url\":\"https:\/\/www.oarcanjo.net\/site\/wp-content\/uploads\/LogoOArcanjo.png\",\"contentUrl\":\"https:\/\/www.oarcanjo.net\/site\/wp-content\/uploads\/LogoOArcanjo.png\",\"width\":319,\"height\":99,\"caption\":\"Par\u00f3quia S\u00e3o Miguel Arcanjo\"},\"image\":{\"@id\":\"https:\/\/www.oarcanjo.net\/site\/#\/schema\/logo\/image\/\"},\"sameAs\":[\"https:\/\/www.facebook.com\/OArcanjoNoAr\/\"]},{\"@type\":\"Person\",\"@id\":\"https:\/\/www.oarcanjo.net\/site\/#\/schema\/person\/d78ea01c648c91e29c364b516767079e\",\"name\":\"julio\",\"sameAs\":[\"http:\/\/www.oarcanjo.net\"]}]}<\/script>\n<!-- \/ Yoast SEO plugin. -->","yoast_head_json":{"title":"Menino Jesus Crucificado - O Arcanjo no ar","robots":{"index":"index","follow":"follow","max-snippet":"max-snippet:-1","max-image-preview":"max-image-preview:large","max-video-preview":"max-video-preview:-1"},"canonical":"https:\/\/www.oarcanjo.net\/site\/menino-jesus-crucificado\/","og_locale":"pt_BR","og_type":"article","og_title":"Menino Jesus Crucificado - O Arcanjo no ar","og_description":"O menino Jesus Crucificado \u00e9 a imagem que o Vitor nos passa quando o vemos na UTI do Hospital Emilio Ribas. As limita\u00e7\u00f5es de uma vida t\u00e3o misteriosa que nos ensina muito. O Vitor \u00e9 a ternura de Deus e a sua a\u00e7\u00e3o para nos fazer melhores,mais humanos e num mundo marcado pelo resultado nos [&hellip;]","og_url":"https:\/\/www.oarcanjo.net\/site\/menino-jesus-crucificado\/","og_site_name":"O Arcanjo no ar","article_publisher":"https:\/\/www.facebook.com\/OArcanjoNoAr\/","article_published_time":"2008-12-18T10:49:47+00:00","article_modified_time":"2008-12-18T11:51:55+00:00","og_image":[{"width":300,"height":300,"url":"https:\/\/www.oarcanjo.net\/site\/wp-content\/uploads\/logo-o-arcanjo-no-ar-facebook.png","type":"image\/png"}],"author":"julio","twitter_card":"summary_large_image","twitter_misc":{"Escrito por":"julio","Est. tempo de leitura":"1 minuto"},"schema":{"@context":"https:\/\/schema.org","@graph":[{"@type":"Article","@id":"https:\/\/www.oarcanjo.net\/site\/menino-jesus-crucificado\/#article","isPartOf":{"@id":"https:\/\/www.oarcanjo.net\/site\/menino-jesus-crucificado\/"},"author":{"name":"julio","@id":"https:\/\/www.oarcanjo.net\/site\/#\/schema\/person\/d78ea01c648c91e29c364b516767079e"},"headline":"Menino Jesus Crucificado","datePublished":"2008-12-18T10:49:47+00:00","dateModified":"2008-12-18T11:51:55+00:00","mainEntityOfPage":{"@id":"https:\/\/www.oarcanjo.net\/site\/menino-jesus-crucificado\/"},"wordCount":167,"commentCount":1,"publisher":{"@id":"https:\/\/www.oarcanjo.net\/site\/#organization"},"keywords":["Casa Vida"],"articleSection":["Blog"],"inLanguage":"pt-BR","potentialAction":[{"@type":"CommentAction","name":"Comment","target":["https:\/\/www.oarcanjo.net\/site\/menino-jesus-crucificado\/#respond"]}]},{"@type":"WebPage","@id":"https:\/\/www.oarcanjo.net\/site\/menino-jesus-crucificado\/","url":"https:\/\/www.oarcanjo.net\/site\/menino-jesus-crucificado\/","name":"Menino Jesus Crucificado - O Arcanjo no ar","isPartOf":{"@id":"https:\/\/www.oarcanjo.net\/site\/#website"},"datePublished":"2008-12-18T10:49:47+00:00","dateModified":"2008-12-18T11:51:55+00:00","breadcrumb":{"@id":"https:\/\/www.oarcanjo.net\/site\/menino-jesus-crucificado\/#breadcrumb"},"inLanguage":"pt-BR","potentialAction":[{"@type":"ReadAction","target":["https:\/\/www.oarcanjo.net\/site\/menino-jesus-crucificado\/"]}]},{"@type":"BreadcrumbList","@id":"https:\/\/www.oarcanjo.net\/site\/menino-jesus-crucificado\/#breadcrumb","itemListElement":[{"@type":"ListItem","position":1,"name":"In\u00edcio","item":"https:\/\/www.oarcanjo.net\/site\/"},{"@type":"ListItem","position":2,"name":"Menino Jesus Crucificado"}]},{"@type":"WebSite","@id":"https:\/\/www.oarcanjo.net\/site\/#website","url":"https:\/\/www.oarcanjo.net\/site\/","name":"O Arcanjo no ar","description":"Site da Par\u00f3quia S\u00e3o Miguel Arcanjo (Arquidiocese de SP)","publisher":{"@id":"https:\/\/www.oarcanjo.net\/site\/#organization"},"potentialAction":[{"@type":"SearchAction","target":{"@type":"EntryPoint","urlTemplate":"https:\/\/www.oarcanjo.net\/site\/?s={search_term_string}"},"query-input":{"@type":"PropertyValueSpecification","valueRequired":true,"valueName":"search_term_string"}}],"inLanguage":"pt-BR"},{"@type":"Organization","@id":"https:\/\/www.oarcanjo.net\/site\/#organization","name":"Par\u00f3quia S\u00e3o Miguel Arcanjo","url":"https:\/\/www.oarcanjo.net\/site\/","logo":{"@type":"ImageObject","inLanguage":"pt-BR","@id":"https:\/\/www.oarcanjo.net\/site\/#\/schema\/logo\/image\/","url":"https:\/\/www.oarcanjo.net\/site\/wp-content\/uploads\/LogoOArcanjo.png","contentUrl":"https:\/\/www.oarcanjo.net\/site\/wp-content\/uploads\/LogoOArcanjo.png","width":319,"height":99,"caption":"Par\u00f3quia S\u00e3o Miguel Arcanjo"},"image":{"@id":"https:\/\/www.oarcanjo.net\/site\/#\/schema\/logo\/image\/"},"sameAs":["https:\/\/www.facebook.com\/OArcanjoNoAr\/"]},{"@type":"Person","@id":"https:\/\/www.oarcanjo.net\/site\/#\/schema\/person\/d78ea01c648c91e29c364b516767079e","name":"julio","sameAs":["http:\/\/www.oarcanjo.net"]}]}},"publishpress_future_action":{"enabled":false,"date":"2026-05-08 03:40:31","action":"category","newStatus":"draft","terms":[],"taxonomy":"category"},"publishpress_future_workflow_manual_trigger":{"enabledWorkflows":[]},"_links":{"self":[{"href":"https:\/\/www.oarcanjo.net\/site\/wp-json\/wp\/v2\/posts\/1056"}],"collection":[{"href":"https:\/\/www.oarcanjo.net\/site\/wp-json\/wp\/v2\/posts"}],"about":[{"href":"https:\/\/www.oarcanjo.net\/site\/wp-json\/wp\/v2\/types\/post"}],"author":[{"embeddable":true,"href":"https:\/\/www.oarcanjo.net\/site\/wp-json\/wp\/v2\/users\/4"}],"replies":[{"embeddable":true,"href":"https:\/\/www.oarcanjo.net\/site\/wp-json\/wp\/v2\/comments?post=1056"}],"version-history":[{"count":0,"href":"https:\/\/www.oarcanjo.net\/site\/wp-json\/wp\/v2\/posts\/1056\/revisions"}],"wp:attachment":[{"href":"https:\/\/www.oarcanjo.net\/site\/wp-json\/wp\/v2\/media?parent=1056"}],"wp:term":[{"taxonomy":"category","embeddable":true,"href":"https:\/\/www.oarcanjo.net\/site\/wp-json\/wp\/v2\/categories?post=1056"},{"taxonomy":"post_tag","embeddable":true,"href":"https:\/\/www.oarcanjo.net\/site\/wp-json\/wp\/v2\/tags?post=1056"}],"curies":[{"name":"wp","href":"https:\/\/api.w.org\/{rel}","templated":true}]}}